{"id":37983,"date":"2025-03-11T06:00:35","date_gmt":"2025-03-10T21:00:35","guid":{"rendered":"https:\/\/www.panamera-life.com\/?p=37983"},"modified":"2025-03-10T13:31:04","modified_gmt":"2025-03-10T04:31:04","slug":"live-71-2","status":"publish","type":"post","link":"https:\/\/www.panamera-life.com\/de\/entry\/live-71-2\/","title":{"rendered":"\u3010Live-Zusammenfassung\u3011Vol.71: Die Faszination des Porsche Taycan Turbo GT und Vorfreude auf die Porsche Parade"},"content":{"rendered":"<p>Die Zusammenfassung des k\u00fcrzlich ausgestrahlten Live-Radios \u201eWillkommen zu Hause, PORSCHE\u201c.<br \/>\nPerfekt als Begleiter f\u00fcr den Arbeitsweg, die Schule oder eine entspannte Fahrt im Porsche.<br \/>\nWenn Ihnen der Inhalt gef\u00e4llt, <strong>geben Sie bitte eine positive Bewertung und abonnieren Sie unseren Kanal!<\/strong>  <\/p>\n<div class=\"ytube\"><iframe loading=\"lazy\" title=\"YouTube video player\" src=\"https:\/\/www.youtube.com\/embed\/slcP7yLUotE?si=szyooyjjVT2TgULy\" width=\"560\" height=\"315\" frameborder=\"0\" allowfullscreen=\"allowfullscreen\"><\/iframe><\/div>\n<div id=\"ez-toc-container\" class=\"ez-toc-v2_0_74 counter-hierarchy ez-toc-counter ez-toc-grey ez-toc-container-direction\">\n<div class=\"ez-toc-title-container\">\n<p class=\"ez-toc-title\" style=\"cursor:inherit\">\u30b3\u30f3\u30c6\u30f3\u30c4<\/p>\n<span class=\"ez-toc-title-toggle\"><\/span><\/div>\n<nav><ul class='ez-toc-list ez-toc-list-level-1 ' ><li class='ez-toc-page-1 ez-toc-heading-level-3'><a class=\"ez-toc-link ez-toc-heading-1\" href=\"https:\/\/www.panamera-life.com\/de\/entry\/live-71-2\/#Hauptthemen_und_Inhalte\" >Hauptthemen und Inhalte<\/a><ul class='ez-toc-list-level-4' ><li class='ez-toc-heading-level-4'><a class=\"ez-toc-link ez-toc-heading-2\" href=\"https:\/\/www.panamera-life.com\/de\/entry\/live-71-2\/#Ueberblick_zur_Porsche_Parade_2024_06_00\" >\u00dcberblick zur Porsche Parade 2024 [06:00]<\/a><\/li><li class='ez-toc-page-1 ez-toc-heading-level-4'><a class=\"ez-toc-link ez-toc-heading-3\" href=\"https:\/\/www.panamera-life.com\/de\/entry\/live-71-2\/#Porsche_Club_und_Mitgliedschaft_12_00\" >Porsche Club und Mitgliedschaft [12:00]<\/a><\/li><li class='ez-toc-page-1 ez-toc-heading-level-4'><a class=\"ez-toc-link ez-toc-heading-4\" href=\"https:\/\/www.panamera-life.com\/de\/entry\/live-71-2\/#Fahrerlebnis_des_Taycan_Turbo_GT_38_00\" >Fahrerlebnis des Taycan Turbo GT [38:00]<\/a><\/li><li class='ez-toc-page-1 ez-toc-heading-level-4'><a class=\"ez-toc-link ez-toc-heading-5\" href=\"https:\/\/www.panamera-life.com\/de\/entry\/live-71-2\/#Vorfreude_auf_den_718_Spyder_RS_49_00\" >Vorfreude auf den 718 Spyder RS [49:00]<\/a><\/li><li class='ez-toc-page-1 ez-toc-heading-level-4'><a class=\"ez-toc-link ez-toc-heading-6\" href=\"https:\/\/www.panamera-life.com\/de\/entry\/live-71-2\/#Ladeinfrastruktur_fuer_Elektrofahrzeuge_60_00\" >Ladeinfrastruktur f\u00fcr Elektrofahrzeuge [60:00]<\/a><\/li><\/ul><\/li><\/ul><\/nav><\/div>\n\n<h3 class=\"style3a\"><span class=\"ez-toc-section\" id=\"Hauptthemen_und_Inhalte\"><\/span>Hauptthemen und Inhalte<span class=\"ez-toc-section-end\"><\/span><\/h3>\n<h4 class=\"style4b\"><span class=\"ez-toc-section\" id=\"Ueberblick_zur_Porsche_Parade_2024_06_00\"><\/span>\u00dcberblick zur Porsche Parade 2024 [<a href=\"https:\/\/www.youtube.com\/watch?v=slcP7yLUotE&amp;t=360s\" target=\"_blank\" rel=\"noopener\">06:00<\/a>]<span class=\"ez-toc-section-end\"><\/span><\/h4>\n<ul>\n<li>Findet vom 16. bis 18. Mai auf dem Suzuka Circuit statt<\/li>\n<li>Mit rund 420 Fahrzeugen eines der gr\u00f6\u00dften Porsche-Events in Japan<\/li>\n<li>Vielf\u00e4ltiges Programm mit Paradefahrten, Familienfahrten und Rennstrecken-Events<\/li>\n<li>Formelle Veranstaltungen wie Willkommens- und Dinnerpartys<\/li>\n<\/ul>\n<h4 class=\"style4b\"><span class=\"ez-toc-section\" id=\"Porsche_Club_und_Mitgliedschaft_12_00\"><\/span>Porsche Club und Mitgliedschaft [<a href=\"https:\/\/www.youtube.com\/watch?v=slcP7yLUotE&amp;t=720s\" target=\"_blank\" rel=\"noopener\">12:00<\/a>]<span class=\"ez-toc-section-end\"><\/span><\/h4>\n<ul>\n<li>Jahresbeitrag ca. 30.000 Yen, Anmeldung \u00fcber den H\u00e4ndler m\u00f6glich<\/li>\n<li>Viele Besitzer sind keine Mitglieder, aber haben Zugang zu besonderen Events<\/li>\n<li>Bisher vorwiegend Kommunikation per Fax und Post<\/li>\n<li>Veranstaltungen wie Fahrtrainings, Touren und Weihnachtsfeiern<\/li>\n<\/ul>\n<h4 class=\"style4b\"><span class=\"ez-toc-section\" id=\"Fahrerlebnis_des_Taycan_Turbo_GT_38_00\"><\/span>Fahrerlebnis des Taycan Turbo GT [<a href=\"https:\/\/www.youtube.com\/watch?v=slcP7yLUotE&amp;t=2280s\" target=\"_blank\" rel=\"noopener\">38:00<\/a>]<span class=\"ez-toc-section-end\"><\/span><\/h4>\n<ul>\n<li>Feinf\u00fchlige Gasannahme \u00e4hnlich einem Verbrenner<\/li>\n<li>Nat\u00fcrlichere Beschleunigung im Vergleich zu Tesla<\/li>\n<li>Beeindruckender Fahrkomfort und minimale Vibrationen (Kaffee bleibt stabil)<\/li>\n<li>Angenehmer elektrischer Sound und harmonisches Fahrerlebnis<\/li>\n<\/ul>\n<h4 class=\"style4b\"><span class=\"ez-toc-section\" id=\"Vorfreude_auf_den_718_Spyder_RS_49_00\"><\/span>Vorfreude auf den 718 Spyder RS [<a href=\"https:\/\/www.youtube.com\/watch?v=slcP7yLUotE&amp;t=2940s\" target=\"_blank\" rel=\"noopener\">49:00<\/a>]<span class=\"ez-toc-section-end\"><\/span><\/h4>\n<ul>\n<li>Hervorragende Bewertung von Richard Hammond<\/li>\n<li>Mid-Engine-Modell mit GT3-Motor \u2013 hohe Vollendung<\/li>\n<li>Bewertung als besonderes Modell mit Potenzial, den 911 zu \u00fcbertreffen<\/li>\n<li>Geplante Auslieferung in Racing Yellow<\/li>\n<\/ul>\n<h4 class=\"style4b\"><span class=\"ez-toc-section\" id=\"Ladeinfrastruktur_fuer_Elektrofahrzeuge_60_00\"><\/span>Ladeinfrastruktur f\u00fcr Elektrofahrzeuge [<a href=\"https:\/\/www.youtube.com\/watch?v=slcP7yLUotE&amp;t=3600s\" target=\"_blank\" rel=\"noopener\">60:00<\/a>]<span class=\"ez-toc-section-end\"><\/span><\/h4>\n<ul>\n<li>Gro\u00dfkapazit\u00e4ts-Ladeger\u00e4te sind im Alltag meist nicht zwingend erforderlich<\/li>\n<li>Wahl der passenden Ladeeinrichtung entsprechend dem Nutzungsverhalten ist entscheidend<\/li>\n<li>Grundwissen zum Laden von Elektroautos ist wichtig<\/li>\n<li>Detaillierte Erkl\u00e4rungen folgen demn\u00e4chst im Blog<\/li>\n<\/ul>\n","protected":false},"excerpt":{"rendered":"Die Zusammenfassung des k\u00fcrzlich ausgestrahlten Live-Radios \u201eWillkommen zu Hause, PORSCHE\u201c. Perfekt als Begleiter f\u00fcr den Arbeitsweg, die Schule oder eine entspannte Fahrt im Porsche. Wenn Ihnen der Inhalt gef\u00e4llt, geben Sie bitte eine positive Bewertung und abonnieren Sie unseren Kanal! Hauptthemen und Inhalte \u00dcberblick zur Porsche Parade 2024 [06:00] Findet vom 16. bis 18. Mai auf dem Suzuka Circuit statt Mit rund 420 Fahrzeugen eines der gr\u00f6\u00dften Porsche-Events in Japan Vielf\u00e4ltiges Programm mit Paradefahrten, Familienfahrten...","protected":false},"author":0,"featured_media":35586,"comment_status":"open","ping_status":"closed","sticky":false,"template":"","format":"standard","meta":{"footnotes":"","_locale":"de_DE","_original_post":"https:\/\/www.panamera-life.com\/?p=35722"},"categories":[73,353,32,62],"tags":[185,355,395,424],"yoast_head":"<title>\u3010Live-Zusammenfassung\u3011Vol.71: Die Faszination des Porsche Taycan Turbo GT und Vorfreude auf die Porsche Parade - \u30dd\u30eb\u30b7\u30a7\u304c\u308f\u304c\u5bb6\u306b\u3084\u3063\u3066\u304d\u305f - \u30aa\u30fc\u30ca\u30fc\u30ba\u30d6\u30ed\u30b0<\/title>\n<meta name=\"description\" content=\"Live-Zusammenfassung zu Porsche Taycan Turbo GT, 718 Spyder RS und Porsche Parade 2024 \u2013 alles rund um Porsche Besitz, Fahrerlebnis und Elektroauto-Ladeinfrastruktur.\" \/>\n<meta name=\"robots\" content=\"index, follow, max-snippet:-1, max-image-preview:large, max-video-preview:-1\" \/>\n<link rel=\"canonical\" href=\"https:\/\/www.panamera-life.com\/de\/entry\/live-71-2\/\" \/>\n<meta property=\"og:locale\" content=\"de_DE\" \/>\n<meta property=\"og:type\" content=\"article\" \/>\n<meta property=\"og:title\" content=\"\u3010Live-Zusammenfassung\u3011Vol.71: Die Faszination des Porsche Taycan Turbo GT und Vorfreude auf die Porsche Parade - \u30dd\u30eb\u30b7\u30a7\u304c\u308f\u304c\u5bb6\u306b\u3084\u3063\u3066\u304d\u305f - \u30aa\u30fc\u30ca\u30fc\u30ba\u30d6\u30ed\u30b0\" \/>\n<meta property=\"og:description\" content=\"Live-Zusammenfassung zu Porsche Taycan Turbo GT, 718 Spyder RS und Porsche Parade 2024 \u2013 alles rund um Porsche Besitz, Fahrerlebnis und Elektroauto-Ladeinfrastruktur.\" \/>\n<meta property=\"og:url\" content=\"https:\/\/www.panamera-life.com\/de\/entry\/live-71-2\/\" \/>\n<meta property=\"og:site_name\" content=\"\u30dd\u30eb\u30b7\u30a7\u304c\u308f\u304c\u5bb6\u306b\u3084\u3063\u3066\u304d\u305f - \u30aa\u30fc\u30ca\u30fc\u30ba\u30d6\u30ed\u30b0\" \/>\n<meta property=\"article:publisher\" content=\"https:\/\/www.facebook.com\/panameralife\/\" \/>\n<meta property=\"article:published_time\" content=\"2025-03-10T21:00:35+00:00\" \/>\n<meta property=\"article:modified_time\" content=\"2025-03-10T04:31:04+00:00\" \/>\n<meta property=\"og:image\" content=\"https:\/\/www.panamera-life.com\/wp-content\/uploads\/2025\/02\/IMG_3996-1280x960.jpeg\" \/>\n\t<meta property=\"og:image:width\" content=\"1280\" \/>\n\t<meta property=\"og:image:height\" content=\"960\" \/>\n\t<meta property=\"og:image:type\" content=\"image\/jpeg\" \/>\n<meta name=\"twitter:label1\" content=\"Gesch\u00e4tzte Lesezeit\" \/>\n\t<meta name=\"twitter:data1\" content=\"1\u00a0Minute\" \/>","yoast_head_json":{"title":"\u3010Live-Zusammenfassung\u3011Vol.71: Die Faszination des Porsche Taycan Turbo GT und Vorfreude auf die Porsche Parade - \u30dd\u30eb\u30b7\u30a7\u304c\u308f\u304c\u5bb6\u306b\u3084\u3063\u3066\u304d\u305f - \u30aa\u30fc\u30ca\u30fc\u30ba\u30d6\u30ed\u30b0","description":"Live-Zusammenfassung zu Porsche Taycan Turbo GT, 718 Spyder RS und Porsche Parade 2024 \u2013 alles rund um Porsche Besitz, Fahrerlebnis und Elektroauto-Ladeinfrastruktur.","robots":{"index":"index","follow":"follow","max-snippet":"max-snippet:-1","max-image-preview":"max-image-preview:large","max-video-preview":"max-video-preview:-1"},"canonical":"https:\/\/www.panamera-life.com\/de\/entry\/live-71-2\/","og_locale":"de_DE","og_type":"article","og_title":"\u3010Live-Zusammenfassung\u3011Vol.71: Die Faszination des Porsche Taycan Turbo GT und Vorfreude auf die Porsche Parade - \u30dd\u30eb\u30b7\u30a7\u304c\u308f\u304c\u5bb6\u306b\u3084\u3063\u3066\u304d\u305f - \u30aa\u30fc\u30ca\u30fc\u30ba\u30d6\u30ed\u30b0","og_description":"Live-Zusammenfassung zu Porsche Taycan Turbo GT, 718 Spyder RS und Porsche Parade 2024 \u2013 alles rund um Porsche Besitz, Fahrerlebnis und Elektroauto-Ladeinfrastruktur.","og_url":"https:\/\/www.panamera-life.com\/de\/entry\/live-71-2\/","og_site_name":"\u30dd\u30eb\u30b7\u30a7\u304c\u308f\u304c\u5bb6\u306b\u3084\u3063\u3066\u304d\u305f - \u30aa\u30fc\u30ca\u30fc\u30ba\u30d6\u30ed\u30b0","article_publisher":"https:\/\/www.facebook.com\/panameralife\/","article_published_time":"2025-03-10T21:00:35+00:00","article_modified_time":"2025-03-10T04:31:04+00:00","og_image":[{"width":1280,"height":960,"url":"https:\/\/www.panamera-life.com\/wp-content\/uploads\/2025\/02\/IMG_3996-1280x960.jpeg","type":"image\/jpeg"}],"twitter_misc":{"Gesch\u00e4tzte Lesezeit":"1\u00a0Minute"},"schema":{"@context":"https:\/\/schema.org","@graph":[{"@type":"Article","@id":"https:\/\/www.panamera-life.com\/de\/entry\/live-71-2\/#article","isPartOf":{"@id":"https:\/\/www.panamera-life.com\/de\/entry\/live-71-2\/"},"author":{"name":"","@id":""},"headline":"\u3010Live-Zusammenfassung\u3011Vol.71: Die Faszination des Porsche Taycan Turbo GT und Vorfreude auf die Porsche Parade","datePublished":"2025-03-10T21:00:35+00:00","dateModified":"2025-03-10T04:31:04+00:00","mainEntityOfPage":{"@id":"https:\/\/www.panamera-life.com\/de\/entry\/live-71-2\/"},"wordCount":238,"commentCount":0,"publisher":{"@id":"https:\/\/www.panamera-life.com\/#organization"},"image":{"@id":"https:\/\/www.panamera-life.com\/de\/entry\/live-71-2\/#primaryimage"},"thumbnailUrl":"https:\/\/www.panamera-life.com\/wp-content\/uploads\/2025\/02\/IMG_3996.jpeg","keywords":["Porsche Taycan","Livestream","718 Spyder RS","Porsche Parade"],"articleSection":["Blog\u2011Ank\u00fcndigungen","Livestream","Porsche Boxster","Porsche Taycan"],"inLanguage":"de","potentialAction":[{"@type":"CommentAction","name":"Comment","target":["https:\/\/www.panamera-life.com\/de\/entry\/live-71-2\/#respond"]}]},{"@type":"WebPage","@id":"https:\/\/www.panamera-life.com\/de\/entry\/live-71-2\/","url":"https:\/\/www.panamera-life.com\/de\/entry\/live-71-2\/","name":"\u3010Live-Zusammenfassung\u3011Vol.71: Die Faszination des Porsche Taycan Turbo GT und Vorfreude auf die Porsche Parade - \u30dd\u30eb\u30b7\u30a7\u304c\u308f\u304c\u5bb6\u306b\u3084\u3063\u3066\u304d\u305f - \u30aa\u30fc\u30ca\u30fc\u30ba\u30d6\u30ed\u30b0","isPartOf":{"@id":"https:\/\/www.panamera-life.com\/#website"},"primaryImageOfPage":{"@id":"https:\/\/www.panamera-life.com\/de\/entry\/live-71-2\/#primaryimage"},"image":{"@id":"https:\/\/www.panamera-life.com\/de\/entry\/live-71-2\/#primaryimage"},"thumbnailUrl":"https:\/\/www.panamera-life.com\/wp-content\/uploads\/2025\/02\/IMG_3996.jpeg","datePublished":"2025-03-10T21:00:35+00:00","dateModified":"2025-03-10T04:31:04+00:00","description":"Live-Zusammenfassung zu Porsche Taycan Turbo GT, 718 Spyder RS und Porsche Parade 2024 \u2013 alles rund um Porsche Besitz, Fahrerlebnis und Elektroauto-Ladeinfrastruktur.","breadcrumb":{"@id":"https:\/\/www.panamera-life.com\/de\/entry\/live-71-2\/#breadcrumb"},"inLanguage":"de","potentialAction":[{"@type":"ReadAction","target":["https:\/\/www.panamera-life.com\/de\/entry\/live-71-2\/"]}]},{"@type":"ImageObject","inLanguage":"de","@id":"https:\/\/www.panamera-life.com\/de\/entry\/live-71-2\/#primaryimage","url":"https:\/\/www.panamera-life.com\/wp-content\/uploads\/2025\/02\/IMG_3996.jpeg","contentUrl":"https:\/\/www.panamera-life.com\/wp-content\/uploads\/2025\/02\/IMG_3996.jpeg","width":4032,"height":3024,"caption":"\u30bf\u30a4\u30ab\u30f3\u30bf\u30fc\u30dcGT\u30f4\u30a1\u30a4\u30b6\u30c3\u30cf\u30d1\u30c3\u30b1\u30fc\u30b8 | \u8eca, \u30ea\u30a2\u30e9\u30a4\u30c8, \u30a8\u30f3\u30d6\u30ec\u30e0, PORSCHE, Cayenne, E3"},{"@type":"BreadcrumbList","@id":"https:\/\/www.panamera-life.com\/de\/entry\/live-71-2\/#breadcrumb","itemListElement":[{"@type":"ListItem","position":1,"name":"\u30db\u30fc\u30e0","item":"https:\/\/www.panamera-life.com\/"},{"@type":"ListItem","position":2,"name":"\u3010Live-Zusammenfassung\u3011Vol.71: Die Faszination des Porsche Taycan Turbo GT und Vorfreude auf die Porsche Parade"}]},{"@type":"WebSite","@id":"https:\/\/www.panamera-life.com\/#website","url":"https:\/\/www.panamera-life.com\/","name":"\u30dd\u30eb\u30b7\u30a7\u304c\u308f\u304c\u5bb6\u306b\u3084\u3063\u3066\u304d\u305f - \u30aa\u30fc\u30ca\u30fc\u30ba\u30d6\u30ed\u30b0","description":"\u30dd\u30eb\u30b7\u30a7\u306b\u9b45\u4e86\u3055\u308c\u305f\u59bb\u304c\u66f8\u304f\u30dd\u30eb\u30b7\u30a7\u30d6\u30ed\u30b0\u3067\u3059\u3002\u6240\u6709\u3059\u308b\u30dd\u30eb\u30b7\u30a7 911\u30ab\u30ec\u30e9\uff08964\uff09\u3001911GT3\u3001\u30dc\u30af\u30b9\u30bf\u30fc\u3001\u30d1\u30ca\u30e1\u30fc\u30e9\u306e\u30ec\u30d3\u30e5\u30fc\u3084\u7dad\u6301\u8cbb\u3001\u30c4\u30fc\u30ea\u30f3\u30b0\u8a18\u306a\u3069\u3002\u30cb\u30e5\u30fc\u30b9\u8a18\u4e8b\u3067\u306f\u5206\u304b\u3089\u306a\u3044\u751f\u306e\u30dd\u30eb\u30b7\u30a7\u30aa\u30fc\u30ca\u30fc\u306e\u58f0\u3092\u5b9a\u671f\u914d\u4fe1\u3059\u308b\u30d6\u30ed\u30b0\u3067\u3059\u3002","publisher":{"@id":"https:\/\/www.panamera-life.com\/#organization"},"potentialAction":[{"@type":"SearchAction","target":{"@type":"EntryPoint","urlTemplate":"https:\/\/www.panamera-life.com\/?s={search_term_string}"},"query-input":{"@type":"PropertyValueSpecification","valueRequired":true,"valueName":"search_term_string"}}],"inLanguage":"de"},{"@type":"Organization","@id":"https:\/\/www.panamera-life.com\/#organization","name":"\u30dd\u30eb\u30b7\u30a7\u304c\u308f\u304c\u5bb6\u306b\u3084\u3063\u3066\u304d\u305f","url":"https:\/\/www.panamera-life.com\/","logo":{"@type":"ImageObject","inLanguage":"de","@id":"https:\/\/www.panamera-life.com\/#\/schema\/logo\/image\/","url":"https:\/\/www.panamera-life.com\/wp-content\/uploads\/2021\/05\/unnamed.jpg","contentUrl":"https:\/\/www.panamera-life.com\/wp-content\/uploads\/2021\/05\/unnamed.jpg","width":512,"height":512,"caption":"\u30dd\u30eb\u30b7\u30a7\u304c\u308f\u304c\u5bb6\u306b\u3084\u3063\u3066\u304d\u305f"},"image":{"@id":"https:\/\/www.panamera-life.com\/#\/schema\/logo\/image\/"},"sameAs":["https:\/\/www.facebook.com\/panameralife\/","https:\/\/x.com\/Mina_Panamera","https:\/\/www.instagram.com\/mina_porsche\/","https:\/\/www.youtube.com\/channel\/UCoyAW0ifcnk05Iryf7-bkhg"]}]}},"_links":{"self":[{"href":"https:\/\/www.panamera-life.com\/wp-json\/wp\/v2\/posts\/37983"}],"collection":[{"href":"https:\/\/www.panamera-life.com\/wp-json\/wp\/v2\/posts"}],"about":[{"href":"https:\/\/www.panamera-life.com\/wp-json\/wp\/v2\/types\/post"}],"replies":[{"embeddable":true,"href":"https:\/\/www.panamera-life.com\/wp-json\/wp\/v2\/comments?post=37983"}],"version-history":[{"count":0,"href":"https:\/\/www.panamera-life.com\/wp-json\/wp\/v2\/posts\/37983\/revisions"}],"wp:featuredmedia":[{"embeddable":true,"href":"https:\/\/www.panamera-life.com\/wp-json\/wp\/v2\/media\/35586"}],"wp:attachment":[{"href":"https:\/\/www.panamera-life.com\/wp-json\/wp\/v2\/media?parent=37983"}],"wp:term":[{"taxonomy":"category","embeddable":true,"href":"https:\/\/www.panamera-life.com\/wp-json\/wp\/v2\/categories?post=37983"},{"taxonomy":"post_tag","embeddable":true,"href":"https:\/\/www.panamera-life.com\/wp-json\/wp\/v2\/tags?post=37983"}],"curies":[{"name":"wp","href":"https:\/\/api.w.org\/{rel}","templated":true}]}}