{"id":38134,"date":"2024-11-12T06:00:12","date_gmt":"2024-11-11T21:00:12","guid":{"rendered":"https:\/\/www.panamera-life.com\/?p=38134"},"modified":"2024-11-11T20:20:54","modified_gmt":"2024-11-11T11:20:54","slug":"porsche-future","status":"publish","type":"post","link":"https:\/\/www.panamera-life.com\/de\/entry\/porsche-future\/","title":{"rendered":"R\u00fcckl\u00e4ufige Porsche-Weltverk\u00e4ufe \u2013 Bringt der neue Macan Gl\u00fcck oder Ungl\u00fcck?"},"content":{"rendered":"<div id=\"ez-toc-container\" class=\"ez-toc-v2_0_74 counter-hierarchy ez-toc-counter ez-toc-grey ez-toc-container-direction\">\n<div class=\"ez-toc-title-container\">\n<p class=\"ez-toc-title\" style=\"cursor:inherit\">\u30b3\u30f3\u30c6\u30f3\u30c4<\/p>\n<span class=\"ez-toc-title-toggle\"><\/span><\/div>\n<nav><ul class='ez-toc-list ez-toc-list-level-1 ' ><li class='ez-toc-page-1 ez-toc-heading-level-3'><a class=\"ez-toc-link ez-toc-heading-1\" href=\"https:\/\/www.panamera-life.com\/de\/entry\/porsche-future\/#Wachstum_und_Wandel_im_Porsche-Verkauf\" >Wachstum und Wandel im Porsche-Verkauf<\/a><\/li><li class='ez-toc-page-1 ez-toc-heading-level-3'><a class=\"ez-toc-link ez-toc-heading-2\" href=\"https:\/\/www.panamera-life.com\/de\/entry\/porsche-future\/#Anzeichen_fuer_Absatzrueckgang\" >Anzeichen f\u00fcr Absatzr\u00fcckgang<\/a><\/li><li class='ez-toc-page-1 ez-toc-heading-level-3'><a class=\"ez-toc-link ez-toc-heading-3\" href=\"https:\/\/www.panamera-life.com\/de\/entry\/porsche-future\/#Herausforderungen_fuer_den_neuen_Macan\" >Herausforderungen f\u00fcr den neuen Macan<\/a><\/li><li class='ez-toc-page-1 ez-toc-heading-level-3'><a class=\"ez-toc-link ez-toc-heading-4\" href=\"https:\/\/www.panamera-life.com\/de\/entry\/porsche-future\/#Porsches_Zukunft_und_Auswirkungen_auf_die_Branche\" >Porsches Zukunft und Auswirkungen auf die Branche<\/a><\/li><\/ul><\/nav><\/div>\n\n<h3 class=\"style3a\"><span class=\"ez-toc-section\" id=\"Wachstum_und_Wandel_im_Porsche-Verkauf\"><\/span>Wachstum und Wandel im Porsche-Verkauf<span class=\"ez-toc-section-end\"><\/span><\/h3>\n<p>Porsche hat sich \u00fcber viele Jahre als Sportwagenhersteller einen herausragenden Ruf erarbeitet.<\/p>\n<p>In j\u00fcngerer Zeit erzielte die Marke <strong>gro\u00dfen Erfolg durch die Erweiterung in SUV- und Luxuslimousinen-Segmente<\/strong>. Innerhalb der letzten 15 Jahre hat Porsche neue Segmente erschlossen und Technologien eingef\u00fchrt, die fr\u00fcher undenkbar schienen. Dank Qualit\u00e4t, Leistung und effektivem Marketing hat sich der weltweite Absatz von Porsche zwischen 2009 und 2023 fast verdreifacht.<\/p>\n<p>Dieser bemerkenswerte Erfolg erm\u00f6glichte Porsche auch einen selbstbewussten Einstieg in den Bereich der Elektrofahrzeuge. Der Porsche Taycan z\u00e4hlt heute zu den meistverkauften Luxus-Elektroautos und zeigt eindrucksvoll, dass Elektromobilit\u00e4t das Image einer Sportwagenmarke keineswegs beeintr\u00e4chtigen muss.<\/p>\n<h3 class=\"style3a\"><span class=\"ez-toc-section\" id=\"Anzeichen_fuer_Absatzrueckgang\"><\/span>Anzeichen f\u00fcr Absatzr\u00fcckgang<span class=\"ez-toc-section-end\"><\/span><\/h3>\n<p>Allerdings zeichnen sich zuletzt erste Schattenseiten im Porsche-Verkauf ab.<\/p>\n<p>Nach einem Rekordjahr 2023 mit 320.200 verkauften Fahrzeugen sank der weltweite Absatz von Januar bis September 2024 auf 226.000 Einheiten \u2013 ein R\u00fcckgang von rund 7 % gegen\u00fcber dem Vorjahreszeitraum. Laut Porsche ist <strong>der Hauptgrund f\u00fcr diesen R\u00fcckgang die nachlassende Nachfrage in China, die um 29 % eingebrochen ist.<\/strong><\/p>\n<p>Betrachtet man die einzelnen Modelle, so gibt es zwei klare Problemfelder, die Porsche zu schaffen machen.<\/p>\n<p>Erstens zeigt der Porsche Taycan in M\u00e4rkten wie Europa und den USA eine deutliche Nachfrageschw\u00e4che. Zudem steht der Taycan in China, dem weltweit gr\u00f6\u00dften Elektrofahrzeugmarkt, unter starkem Wettbewerbsdruck. Hinzu kommt, dass der Taycan seit seiner Premiere auf der IAA 2019 bereits f\u00fcnf Jahre auf dem Markt ist, was den Alterungsprozess des Modells als Herausforderung mit sich bringt.<\/p>\n<h3 class=\"style3a\"><span class=\"ez-toc-section\" id=\"Herausforderungen_fuer_den_neuen_Macan\"><\/span>Herausforderungen f\u00fcr den neuen Macan<span class=\"ez-toc-section-end\"><\/span><\/h3>\n<p>Ein noch besorgniserregenderer Trend betrifft den Macan.<\/p>\n<p>Die zweite Generation des Macan wird ausschlie\u00dflich als Elektrofahrzeug angeboten und <strong>strebt an, als Porsches Bestseller das Verkaufsniveau der Vorg\u00e4ngergeneration mit Verbrennungsmotor zu \u00fcbertreffen<\/strong>. Porsche hat in einigen wichtigen M\u00e4rkten den Verkauf des ersten Macan eingestellt, um sich voll auf das neue Modell zu konzentrieren. In Deutschland, Frankreich, den Niederlanden, Spanien und \u00d6sterreich ist der Macan mit Verbrennungsmotor auf der Porsche-Webseite nicht mehr verf\u00fcgbar.<\/p>\n<p>Der Preis des neuen Macan liegt im Durchschnitt 22 % \u00fcber dem des Vorg\u00e4ngers. Diese Preiserh\u00f6hung ist haupts\u00e4chlich auf den Wechsel vom Verbrennungsmotor zum Elektroantrieb zur\u00fcckzuf\u00fchren. Zus\u00e4tzlich versch\u00e4rfen in Europa wachsende Unsicherheiten und negative Einstellungen gegen\u00fcber Elektrofahrzeugen die Situation. Au\u00dferdem ist der neue Macan noch nicht in allen M\u00e4rkten eingef\u00fchrt, und die \u00dcbergangsphase beim Modellwechsel wirkt sich ebenfalls auf die Verkaufszahlen aus.<\/p>\n<h3 class=\"style3a\"><span class=\"ez-toc-section\" id=\"Porsches_Zukunft_und_Auswirkungen_auf_die_Branche\"><\/span>Porsches Zukunft und Auswirkungen auf die Branche<span class=\"ez-toc-section-end\"><\/span><\/h3>\n<p>Diese Zahlen verdeutlichen, dass das Wachstum von Porsche vor allem durch die nachlassende Nachfrage bei Elektrofahrzeugen ins Stocken ger\u00e4t. K\u00f6nnte dieser negative Trend auch andere etablierte Luxusmarken treffen, die ihre Elektrofahrzeugpalette ausbauen?<\/p>\n<p>Das Beispiel Porsche macht die Herausforderungen deutlich, denen sich Luxusautomobilhersteller in der \u00dcbergangsphase zur Elektromobilit\u00e4t stellen m\u00fcssen. Ver\u00e4nderungen in der Nachfrage, Preisgestaltung, Modellzyklen und marktspezifische Strategien beeinflussen die Verkaufsentwicklung ma\u00dfgeblich. Es bleibt spannend zu beobachten, wie Porsche diese Herausforderungen meistert und den Absatz wieder ankurbelt.<\/p>\n<p>In einem zunehmend ges\u00e4ttigten und wettbewerbsintensiven Elektrofahrzeugmarkt <strong>k\u00f6nnten die Probleme von Luxusmarken wie Porsche ein wichtiger Indikator f\u00fcr die Zukunft der Elektrifizierung in der gesamten Automobilindustrie sein.<\/strong><\/p>\n<p>Wie nehmen Porsche-Fans und Branchenexperten diese Situation wahr, und welche Prognosen stellen sie f\u00fcr die weitere Entwicklung auf? Die n\u00e4chste strategische Entscheidung von Porsche wird mit Sicherheit im Fokus der Branche stehen.<\/p>\n<p><img loading=\"lazy\" decoding=\"async\" class=\"alignnone size-large wp-image-34330\" src=\"https:\/\/www.panamera-life.com\/wp-content\/uploads\/2024\/11\/img_31-1280x720.jpg\" alt=\"\" width=\"1280\" height=\"720\" \/><\/p>\n<p>Pers\u00f6nlich <strong>bin ich sehr optimistisch, was Porsches Elektrifizierung angeht.<\/strong> Fr\u00fcher stand ich der Elektromobilit\u00e4t von Porsche skeptisch gegen\u00fcber, doch nachdem ich einen Taycan besitze und seine herausragende Leistung und Alltagstauglichkeit selbst erlebt habe, hat sich meine Meinung komplett gewandelt.<\/p>\n<p>Ich glaube, dass sich die Zukunft von Supersportwagen und Luxusautos in einer Zweiteilung zwischen Elektro- und Verbrennungsmotoren entwickeln wird. Die Fans traditioneller Motoren werden weiterhin ihre Leidenschaft pflegen, w\u00e4hrend die Elektromobilit\u00e4t mit ihrer beeindruckenden Performance eine eigene Fangemeinde aufbauen wird.<\/p>\n","protected":false},"excerpt":{"rendered":"\u30dd\u30eb\u30b7\u30a7\u306e\u8ca9\u58f2\u6e1b\u5c11\u306e\u80cc\u666f\u306b\u3042\u308b\u96fb\u6c17\u81ea\u52d5\u8eca\u9700\u8981\u306e\u5909\u5316\u3068\u65b0\u578b\u30de\u30ab\u30f3\u306e\u8ab2\u984c\u3092\u63a2\u308b\u3002\u9ad8\u7d1a\u8eca\u30d6\u30e9\u30f3\u30c9\u306e\u96fb\u52d5\u5316\u6226\u7565\u3068\u5e02\u5834\u52d5\u5411\u306b\u4e0e\u3048\u308b\u5f71\u97ff\u3092\u8003\u5bdf\u3002","protected":false},"author":0,"featured_media":34470,"comment_status":"open","ping_status":"closed","sticky":false,"template":"","format":"standard","meta":{"footnotes":"","_locale":"de_DE","_original_post":"https:\/\/www.panamera-life.com\/?p=34457"},"categories":[24],"tags":[187,235],"yoast_head":"<title>R\u00fcckl\u00e4ufige Porsche-Weltverk\u00e4ufe \u2013 Bringt der neue Macan Gl\u00fcck oder Ungl\u00fcck? - \u30dd\u30eb\u30b7\u30a7\u304c\u308f\u304c\u5bb6\u306b\u3084\u3063\u3066\u304d\u305f - \u30aa\u30fc\u30ca\u30fc\u30ba\u30d6\u30ed\u30b0<\/title>\n<meta name=\"description\" content=\"Porsche-Verk\u00e4ufe sinken 2024 \u2013 Wie wirkt sich der neue Macan auf das Porsche Fahrerlebnis und den Porsche Besitz aus? Jetzt mehr erfahren!\" \/>\n<meta name=\"robots\" content=\"index, follow, max-snippet:-1, max-image-preview:large, max-video-preview:-1\" \/>\n<link rel=\"canonical\" href=\"https:\/\/www.panamera-life.com\/de\/entry\/porsche-future\/\" \/>\n<meta property=\"og:locale\" content=\"de_DE\" \/>\n<meta property=\"og:type\" content=\"article\" \/>\n<meta property=\"og:title\" content=\"R\u00fcckl\u00e4ufige Porsche-Weltverk\u00e4ufe \u2013 Bringt der neue Macan Gl\u00fcck oder Ungl\u00fcck? - \u30dd\u30eb\u30b7\u30a7\u304c\u308f\u304c\u5bb6\u306b\u3084\u3063\u3066\u304d\u305f - \u30aa\u30fc\u30ca\u30fc\u30ba\u30d6\u30ed\u30b0\" \/>\n<meta property=\"og:description\" content=\"Porsche-Verk\u00e4ufe sinken 2024 \u2013 Wie wirkt sich der neue Macan auf das Porsche Fahrerlebnis und den Porsche Besitz aus? Jetzt mehr erfahren!\" \/>\n<meta property=\"og:url\" content=\"https:\/\/www.panamera-life.com\/de\/entry\/porsche-future\/\" \/>\n<meta property=\"og:site_name\" content=\"\u30dd\u30eb\u30b7\u30a7\u304c\u308f\u304c\u5bb6\u306b\u3084\u3063\u3066\u304d\u305f - \u30aa\u30fc\u30ca\u30fc\u30ba\u30d6\u30ed\u30b0\" \/>\n<meta property=\"article:publisher\" content=\"https:\/\/www.facebook.com\/panameralife\/\" \/>\n<meta property=\"article:published_time\" content=\"2024-11-11T21:00:12+00:00\" \/>\n<meta property=\"article:modified_time\" content=\"2024-11-11T11:20:54+00:00\" \/>\n<meta property=\"og:image\" content=\"https:\/\/www.panamera-life.com\/wp-content\/uploads\/2024\/11\/268539_1920x1281.jpg\" \/>\n\t<meta property=\"og:image:width\" content=\"1920\" \/>\n\t<meta property=\"og:image:height\" content=\"1080\" \/>\n\t<meta property=\"og:image:type\" content=\"image\/jpeg\" \/>\n<meta name=\"twitter:label1\" content=\"Gesch\u00e4tzte Lesezeit\" \/>\n\t<meta name=\"twitter:data1\" content=\"3\u00a0Minuten\" \/>","yoast_head_json":{"title":"R\u00fcckl\u00e4ufige Porsche-Weltverk\u00e4ufe \u2013 Bringt der neue Macan Gl\u00fcck oder Ungl\u00fcck? - \u30dd\u30eb\u30b7\u30a7\u304c\u308f\u304c\u5bb6\u306b\u3084\u3063\u3066\u304d\u305f - \u30aa\u30fc\u30ca\u30fc\u30ba\u30d6\u30ed\u30b0","description":"Porsche-Verk\u00e4ufe sinken 2024 \u2013 Wie wirkt sich der neue Macan auf das Porsche Fahrerlebnis und den Porsche Besitz aus? Jetzt mehr erfahren!","robots":{"index":"index","follow":"follow","max-snippet":"max-snippet:-1","max-image-preview":"max-image-preview:large","max-video-preview":"max-video-preview:-1"},"canonical":"https:\/\/www.panamera-life.com\/de\/entry\/porsche-future\/","og_locale":"de_DE","og_type":"article","og_title":"R\u00fcckl\u00e4ufige Porsche-Weltverk\u00e4ufe \u2013 Bringt der neue Macan Gl\u00fcck oder Ungl\u00fcck? - \u30dd\u30eb\u30b7\u30a7\u304c\u308f\u304c\u5bb6\u306b\u3084\u3063\u3066\u304d\u305f - \u30aa\u30fc\u30ca\u30fc\u30ba\u30d6\u30ed\u30b0","og_description":"Porsche-Verk\u00e4ufe sinken 2024 \u2013 Wie wirkt sich der neue Macan auf das Porsche Fahrerlebnis und den Porsche Besitz aus? Jetzt mehr erfahren!","og_url":"https:\/\/www.panamera-life.com\/de\/entry\/porsche-future\/","og_site_name":"\u30dd\u30eb\u30b7\u30a7\u304c\u308f\u304c\u5bb6\u306b\u3084\u3063\u3066\u304d\u305f - \u30aa\u30fc\u30ca\u30fc\u30ba\u30d6\u30ed\u30b0","article_publisher":"https:\/\/www.facebook.com\/panameralife\/","article_published_time":"2024-11-11T21:00:12+00:00","article_modified_time":"2024-11-11T11:20:54+00:00","og_image":[{"width":1920,"height":1080,"url":"https:\/\/www.panamera-life.com\/wp-content\/uploads\/2024\/11\/268539_1920x1281.jpg","type":"image\/jpeg"}],"twitter_misc":{"Gesch\u00e4tzte Lesezeit":"3\u00a0Minuten"},"schema":{"@context":"https:\/\/schema.org","@graph":[{"@type":"Article","@id":"https:\/\/www.panamera-life.com\/de\/entry\/porsche-future\/#article","isPartOf":{"@id":"https:\/\/www.panamera-life.com\/de\/entry\/porsche-future\/"},"author":{"name":"","@id":""},"headline":"R\u00fcckl\u00e4ufige Porsche-Weltverk\u00e4ufe \u2013 Bringt der neue Macan Gl\u00fcck oder Ungl\u00fcck?","datePublished":"2024-11-11T21:00:12+00:00","dateModified":"2024-11-11T11:20:54+00:00","mainEntityOfPage":{"@id":"https:\/\/www.panamera-life.com\/de\/entry\/porsche-future\/"},"wordCount":649,"commentCount":0,"publisher":{"@id":"https:\/\/www.panamera-life.com\/#organization"},"image":{"@id":"https:\/\/www.panamera-life.com\/de\/entry\/porsche-future\/#primaryimage"},"thumbnailUrl":"https:\/\/www.panamera-life.com\/wp-content\/uploads\/2024\/11\/268539_1920x1281.jpg","keywords":["Porsche Macan","Porsche-News"],"articleSection":["Porsche\u2011News"],"inLanguage":"de","potentialAction":[{"@type":"CommentAction","name":"Comment","target":["https:\/\/www.panamera-life.com\/de\/entry\/porsche-future\/#respond"]}]},{"@type":"WebPage","@id":"https:\/\/www.panamera-life.com\/de\/entry\/porsche-future\/","url":"https:\/\/www.panamera-life.com\/de\/entry\/porsche-future\/","name":"R\u00fcckl\u00e4ufige Porsche-Weltverk\u00e4ufe \u2013 Bringt der neue Macan Gl\u00fcck oder Ungl\u00fcck? - \u30dd\u30eb\u30b7\u30a7\u304c\u308f\u304c\u5bb6\u306b\u3084\u3063\u3066\u304d\u305f - \u30aa\u30fc\u30ca\u30fc\u30ba\u30d6\u30ed\u30b0","isPartOf":{"@id":"https:\/\/www.panamera-life.com\/#website"},"primaryImageOfPage":{"@id":"https:\/\/www.panamera-life.com\/de\/entry\/porsche-future\/#primaryimage"},"image":{"@id":"https:\/\/www.panamera-life.com\/de\/entry\/porsche-future\/#primaryimage"},"thumbnailUrl":"https:\/\/www.panamera-life.com\/wp-content\/uploads\/2024\/11\/268539_1920x1281.jpg","datePublished":"2024-11-11T21:00:12+00:00","dateModified":"2024-11-11T11:20:54+00:00","description":"Porsche-Verk\u00e4ufe sinken 2024 \u2013 Wie wirkt sich der neue Macan auf das Porsche Fahrerlebnis und den Porsche Besitz aus? Jetzt mehr erfahren!","breadcrumb":{"@id":"https:\/\/www.panamera-life.com\/de\/entry\/porsche-future\/#breadcrumb"},"inLanguage":"de","potentialAction":[{"@type":"ReadAction","target":["https:\/\/www.panamera-life.com\/de\/entry\/porsche-future\/"]}]},{"@type":"ImageObject","inLanguage":"de","@id":"https:\/\/www.panamera-life.com\/de\/entry\/porsche-future\/#primaryimage","url":"https:\/\/www.panamera-life.com\/wp-content\/uploads\/2024\/11\/268539_1920x1281.jpg","contentUrl":"https:\/\/www.panamera-life.com\/wp-content\/uploads\/2024\/11\/268539_1920x1281.jpg","width":1920,"height":1080,"caption":"\u30de\u30ab\u30f3EV | \u8eca, \u9053\u8def, \u30d3\u30eb, \u9ad8\u901f\u9053\u8def, \u8d70\u884c\u4e2d, \u90fd\u5e02\u90e8, PORSCHE, Macan"},{"@type":"BreadcrumbList","@id":"https:\/\/www.panamera-life.com\/de\/entry\/porsche-future\/#breadcrumb","itemListElement":[{"@type":"ListItem","position":1,"name":"\u30db\u30fc\u30e0","item":"https:\/\/www.panamera-life.com\/"},{"@type":"ListItem","position":2,"name":"R\u00fcckl\u00e4ufige Porsche-Weltverk\u00e4ufe \u2013 Bringt der neue Macan Gl\u00fcck oder Ungl\u00fcck?"}]},{"@type":"WebSite","@id":"https:\/\/www.panamera-life.com\/#website","url":"https:\/\/www.panamera-life.com\/","name":"\u30dd\u30eb\u30b7\u30a7\u304c\u308f\u304c\u5bb6\u306b\u3084\u3063\u3066\u304d\u305f - \u30aa\u30fc\u30ca\u30fc\u30ba\u30d6\u30ed\u30b0","description":"\u30dd\u30eb\u30b7\u30a7\u306b\u9b45\u4e86\u3055\u308c\u305f\u59bb\u304c\u66f8\u304f\u30dd\u30eb\u30b7\u30a7\u30d6\u30ed\u30b0\u3067\u3059\u3002\u6240\u6709\u3059\u308b\u30dd\u30eb\u30b7\u30a7 911\u30ab\u30ec\u30e9\uff08964\uff09\u3001911GT3\u3001\u30dc\u30af\u30b9\u30bf\u30fc\u3001\u30d1\u30ca\u30e1\u30fc\u30e9\u306e\u30ec\u30d3\u30e5\u30fc\u3084\u7dad\u6301\u8cbb\u3001\u30c4\u30fc\u30ea\u30f3\u30b0\u8a18\u306a\u3069\u3002\u30cb\u30e5\u30fc\u30b9\u8a18\u4e8b\u3067\u306f\u5206\u304b\u3089\u306a\u3044\u751f\u306e\u30dd\u30eb\u30b7\u30a7\u30aa\u30fc\u30ca\u30fc\u306e\u58f0\u3092\u5b9a\u671f\u914d\u4fe1\u3059\u308b\u30d6\u30ed\u30b0\u3067\u3059\u3002","publisher":{"@id":"https:\/\/www.panamera-life.com\/#organization"},"potentialAction":[{"@type":"SearchAction","target":{"@type":"EntryPoint","urlTemplate":"https:\/\/www.panamera-life.com\/?s={search_term_string}"},"query-input":{"@type":"PropertyValueSpecification","valueRequired":true,"valueName":"search_term_string"}}],"inLanguage":"de"},{"@type":"Organization","@id":"https:\/\/www.panamera-life.com\/#organization","name":"\u30dd\u30eb\u30b7\u30a7\u304c\u308f\u304c\u5bb6\u306b\u3084\u3063\u3066\u304d\u305f","url":"https:\/\/www.panamera-life.com\/","logo":{"@type":"ImageObject","inLanguage":"de","@id":"https:\/\/www.panamera-life.com\/#\/schema\/logo\/image\/","url":"https:\/\/www.panamera-life.com\/wp-content\/uploads\/2021\/05\/unnamed.jpg","contentUrl":"https:\/\/www.panamera-life.com\/wp-content\/uploads\/2021\/05\/unnamed.jpg","width":512,"height":512,"caption":"\u30dd\u30eb\u30b7\u30a7\u304c\u308f\u304c\u5bb6\u306b\u3084\u3063\u3066\u304d\u305f"},"image":{"@id":"https:\/\/www.panamera-life.com\/#\/schema\/logo\/image\/"},"sameAs":["https:\/\/www.facebook.com\/panameralife\/","https:\/\/x.com\/Mina_Panamera","https:\/\/www.instagram.com\/mina_porsche\/","https:\/\/www.youtube.com\/channel\/UCoyAW0ifcnk05Iryf7-bkhg"]}]}},"_links":{"self":[{"href":"https:\/\/www.panamera-life.com\/wp-json\/wp\/v2\/posts\/38134"}],"collection":[{"href":"https:\/\/www.panamera-life.com\/wp-json\/wp\/v2\/posts"}],"about":[{"href":"https:\/\/www.panamera-life.com\/wp-json\/wp\/v2\/types\/post"}],"replies":[{"embeddable":true,"href":"https:\/\/www.panamera-life.com\/wp-json\/wp\/v2\/comments?post=38134"}],"version-history":[{"count":0,"href":"https:\/\/www.panamera-life.com\/wp-json\/wp\/v2\/posts\/38134\/revisions"}],"wp:featuredmedia":[{"embeddable":true,"href":"https:\/\/www.panamera-life.com\/wp-json\/wp\/v2\/media\/34470"}],"wp:attachment":[{"href":"https:\/\/www.panamera-life.com\/wp-json\/wp\/v2\/media?parent=38134"}],"wp:term":[{"taxonomy":"category","embeddable":true,"href":"https:\/\/www.panamera-life.com\/wp-json\/wp\/v2\/categories?post=38134"},{"taxonomy":"post_tag","embeddable":true,"href":"https:\/\/www.panamera-life.com\/wp-json\/wp\/v2\/tags?post=38134"}],"curies":[{"name":"wp","href":"https:\/\/api.w.org\/{rel}","templated":true}]}}