{"id":38164,"date":"2024-10-26T19:30:04","date_gmt":"2024-10-26T10:30:04","guid":{"rendered":"https:\/\/www.panamera-life.com\/?p=38164"},"modified":"2024-10-26T19:04:38","modified_gmt":"2024-10-26T10:04:38","slug":"porsche-ev-strategy","status":"publish","type":"post","link":"https:\/\/www.panamera-life.com\/de\/entry\/porsche-ev-strategy\/","title":{"rendered":"Porsche passt EV-Strategie deutlich an \u2013 Flexible Reaktion auf steigende Nachfrage nach Verbrenner-Modellen"},"content":{"rendered":"<div id=\"ez-toc-container\" class=\"ez-toc-v2_0_74 counter-hierarchy ez-toc-counter ez-toc-grey ez-toc-container-direction\">\n<div class=\"ez-toc-title-container\">\n<p class=\"ez-toc-title\" style=\"cursor:inherit\">\u30b3\u30f3\u30c6\u30f3\u30c4<\/p>\n<span class=\"ez-toc-title-toggle\"><\/span><\/div>\n<nav><ul class='ez-toc-list ez-toc-list-level-1 ' ><li class='ez-toc-page-1 ez-toc-heading-level-3'><a class=\"ez-toc-link ez-toc-heading-1\" href=\"https:\/\/www.panamera-life.com\/de\/entry\/porsche-ev-strategy\/#Porsche_kuendigt_Ueberarbeitung_der_EV-Strategie_an\" >Porsche k\u00fcndigt \u00dcberarbeitung der EV-Strategie an<\/a><\/li><li class='ez-toc-page-1 ez-toc-heading-level-3'><a class=\"ez-toc-link ez-toc-heading-2\" href=\"https:\/\/www.panamera-life.com\/de\/entry\/porsche-ev-strategy\/#Moeglichkeit_von_Verbrennungsmotoren_in_EV-Modellen\" >M\u00f6glichkeit von Verbrennungsmotoren in EV-Modellen<\/a><\/li><li class='ez-toc-page-1 ez-toc-heading-level-3'><a class=\"ez-toc-link ez-toc-heading-3\" href=\"https:\/\/www.panamera-life.com\/de\/entry\/porsche-ev-strategy\/#Marktentwicklung_und_Porsche-Ergebnisse\" >Marktentwicklung und Porsche-Ergebnisse<\/a><\/li><li class='ez-toc-page-1 ez-toc-heading-level-3'><a class=\"ez-toc-link ez-toc-heading-4\" href=\"https:\/\/www.panamera-life.com\/de\/entry\/porsche-ev-strategy\/#Ausblick\" >Ausblick<\/a><\/li><\/ul><\/nav><\/div>\n\n<h3 class=\"style3a\"><span class=\"ez-toc-section\" id=\"Porsche_kuendigt_Ueberarbeitung_der_EV-Strategie_an\"><\/span>Porsche k\u00fcndigt \u00dcberarbeitung der EV-Strategie an<span class=\"ez-toc-section-end\"><\/span><\/h3>\n<p>Porsche hat eine umfassende \u00dcberarbeitung seiner Elektrofahrzeug(EV)-Strategie bekanntgegeben. Diese Entscheidung folgt auf die schleppenden Verkaufszahlen des Taycan und die anhaltend starke Nachfrage nach Modellen mit Verbrennungsmotor. Dass Porsche, bisher ein Vorreiter der Elektromobilit\u00e4t, nun eine solche Kurs\u00e4nderung vollzieht, spiegelt deutlich die Kundenpr\u00e4ferenzen und die Verbundenheit mit klassischen Antrieben wider.<\/p>\n<p>Porsches CFO Lutz Meschke erkl\u00e4rt: \u201e<strong>Es ist ein klarer Trend, dass viele Kunden im Premium- und Luxussegment weiterhin auf Fahrzeuge mit Verbrennungsmotor setzen<\/strong>.\u201c Um auf diese Entwicklung zu reagieren, verfolgt Porsche folgende Strategie:<\/p>\n<ol>\n<li>\u00dcberarbeitung und Auffrischung bestehender Verbrenner-Modelle wie Panamera und Cayenne<\/li>\n<li>Fortsetzung der Einf\u00fchrung von Plug-in-Hybrid-Modellen<\/li>\n<li>Flexibilisierung der Produktionslinien \u2013 Herstellung von Verbrennern, Plug-in-Hybriden und EVs auf derselben Linie<\/li>\n<li>Erh\u00f6hung der Flexibilit\u00e4t in Forschung und Entwicklung \u2013 Entwicklung von Verbrenner-Varianten auf Basis von EV-Modellen<\/li>\n<\/ol>\n<h3 class=\"style3a\"><span class=\"ez-toc-section\" id=\"Moeglichkeit_von_Verbrennungsmotoren_in_EV-Modellen\"><\/span>M\u00f6glichkeit von Verbrennungsmotoren in EV-Modellen<span class=\"ez-toc-section-end\"><\/span><\/h3>\n<p>Porsche erw\u00e4gt, <strong>in urspr\u00fcnglich rein elektrisch entwickelte Modellreihen Verbrennungsmotor- und Hybridoptionen zu integrieren<\/strong>.<\/p>\n<p>Dies bringt jedoch erhebliche technische Herausforderungen mit sich.<\/p>\n<p>Beispielsweise werden die n\u00e4chste Generation des 718 Boxster und Cayman vollst\u00e4ndig elektrisch entwickelt und soll bald vorgestellt werden. Um diese Modelle mit Verbrennungsmotoren auszustatten, w\u00e4ren umfangreiche Neuentwicklungen n\u00f6tig. Selbst bei Realisierung k\u00f6nnte die Markteinf\u00fchrung mehrere Jahre dauern.<\/p>\n<p>Auch der f\u00fcr 2028 geplante Flaggschiff-SUV \u201eK1\u201c war urspr\u00fcnglich als reines EV konzipiert. Aufgrund seiner Gr\u00f6\u00dfe und des Entwicklungszeitplans wird jedoch eine Anpassung auf Hybridantrieb als wahrscheinlicher angesehen.<\/p>\n<h3 class=\"style3a\"><span class=\"ez-toc-section\" id=\"Marktentwicklung_und_Porsche-Ergebnisse\"><\/span>Marktentwicklung und Porsche-Ergebnisse<span class=\"ez-toc-section-end\"><\/span><\/h3>\n<p>Porsche hatte urspr\u00fcnglich geplant, bis 2030 rund 80 % der Produktion auf EVs umzustellen. Die restlichen 20 % sollten vom 911er besetzt werden, der mit dem ersten Hybridmodell ausgestattet wird, w\u00e4hrend eine vollst\u00e4ndige Elektrifizierung erst Mitte der 2030er Jahre angestrebt wurde.<\/p>\n<p>Der Taycan startete mit guten Verkaufszahlen, erlitt jedoch 2024 einen starken R\u00fcckgang, insbesondere auf dem chinesischen Markt. Im Gegensatz dazu bleibt der Absatz der 718-Reihe mit Verbrennungsmotor stabil und erfreulich.<\/p>\n<p>Infolgedessen sank der operative Gewinn von Porsche von Januar bis September 2024 um 26,7 % auf 5,5 Milliarden Euro (ca. 5,95 Milliarden US-Dollar) im Vergleich zum Vorjahr.<\/p>\n<p><img loading=\"lazy\" decoding=\"async\" class=\"alignnone size-large wp-image-12169\" src=\"https:\/\/www.panamera-life.com\/wp-content\/uploads\/2019\/06\/625648_718_spyder_2019_porsche_ag-800x451.jpg\" alt=\"\" width=\"800\" height=\"451\" \/><\/p>\n<h3 class=\"style3a\"><span class=\"ez-toc-section\" id=\"Ausblick\"><\/span>Ausblick<span class=\"ez-toc-section-end\"><\/span><\/h3>\n<p>Die j\u00fcngste Strategieanpassung von Porsche ist als vorsichtige Reaktion auf die Marktentwicklung im Zuge der schnellen EV-Umstellung zu verstehen. Ziel ist es, ein ausgewogenes Portfolio zu schaffen, das flexibel auf Kundenw\u00fcnsche eingeht und gleichzeitig Umweltauflagen erf\u00fcllt.<\/p>\n<p>Es ist zu erwarten, dass die Koexistenz von Verbrenner- und EV-Modellen l\u00e4nger andauert. Zudem k\u00f6nnten Fortschritte bei Hybridtechnologien und die praktische Nutzung von synthetischen Kraftstoffen die Antriebsstrategie von Porsche ma\u00dfgeblich beeinflussen.<\/p>\n<p>F\u00fcr Porsche-Besitzer und Interessenten ist dies eine positive Nachricht: Ob Sie das klassische Porsche Fahrerlebnis mit dem charakteristischen Motorensound bevorzugen oder die neueste EV-Technologie erleben m\u00f6chten \u2013 die Auswahl an Modellen wird vielf\u00e4ltiger bleiben und den individuellen Bed\u00fcrfnissen gerecht werden.<\/p>\n","protected":false},"excerpt":{"rendered":"\u30dd\u30eb\u30b7\u30a7\u304cEV\u6226\u7565\u3092\u898b\u76f4\u3057\u3001\u5185\u71c3\u6a5f\u95a2\u30e2\u30c7\u30eb\u306e\u9700\u8981\u5897\u52a0\u306b\u5bfe\u5fdc\u3002\u30bf\u30a4\u30ab\u30f3\u8ca9\u58f2\u4e0d\u632f\u3092\u53d7\u3051\u3001EV\u306e\u307f\u3067\u958b\u767a\u3055\u308c\u305f\u30e2\u30c7\u30eb\u306b\u3082\u5185\u71c3\u6a5f\u95a2\u642d\u8f09\u3092\u691c\u8a0e\u3002\u5e02\u5834\u52d5\u5411\u3068\u6280\u8853\u7684\u8ab2\u984c\u3001\u4eca\u5f8c\u306e\u5c55\u671b\u3092\u89e3\u8aac\u3002","protected":false},"author":0,"featured_media":33899,"comment_status":"open","ping_status":"closed","sticky":false,"template":"","format":"standard","meta":{"footnotes":"","_locale":"de_DE","_original_post":"https:\/\/www.panamera-life.com\/?p=34212"},"categories":[24],"tags":[235],"yoast_head":"<title>Porsche passt EV-Strategie deutlich an \u2013 Flexible Reaktion auf steigende Nachfrage nach Verbrenner-Modellen - \u30dd\u30eb\u30b7\u30a7\u304c\u308f\u304c\u5bb6\u306b\u3084\u3063\u3066\u304d\u305f - \u30aa\u30fc\u30ca\u30fc\u30ba\u30d6\u30ed\u30b0<\/title>\n<meta name=\"description\" content=\"Porsche passt seine EV-Strategie an: Flexible Produktion und neue Verbrenner-Modelle bieten Porsche Besitzern mehr Auswahl und ein einzigartiges Fahrerlebnis.\" \/>\n<meta name=\"robots\" content=\"index, follow, max-snippet:-1, max-image-preview:large, max-video-preview:-1\" \/>\n<link rel=\"canonical\" href=\"https:\/\/www.panamera-life.com\/de\/entry\/porsche-ev-strategy\/\" \/>\n<meta property=\"og:locale\" content=\"de_DE\" \/>\n<meta property=\"og:type\" content=\"article\" \/>\n<meta property=\"og:title\" content=\"Porsche passt EV-Strategie deutlich an \u2013 Flexible Reaktion auf steigende Nachfrage nach Verbrenner-Modellen - \u30dd\u30eb\u30b7\u30a7\u304c\u308f\u304c\u5bb6\u306b\u3084\u3063\u3066\u304d\u305f - \u30aa\u30fc\u30ca\u30fc\u30ba\u30d6\u30ed\u30b0\" \/>\n<meta property=\"og:description\" content=\"Porsche passt seine EV-Strategie an: Flexible Produktion und neue Verbrenner-Modelle bieten Porsche Besitzern mehr Auswahl und ein einzigartiges Fahrerlebnis.\" \/>\n<meta property=\"og:url\" content=\"https:\/\/www.panamera-life.com\/de\/entry\/porsche-ev-strategy\/\" \/>\n<meta property=\"og:site_name\" content=\"\u30dd\u30eb\u30b7\u30a7\u304c\u308f\u304c\u5bb6\u306b\u3084\u3063\u3066\u304d\u305f - \u30aa\u30fc\u30ca\u30fc\u30ba\u30d6\u30ed\u30b0\" \/>\n<meta property=\"article:publisher\" content=\"https:\/\/www.facebook.com\/panameralife\/\" \/>\n<meta property=\"article:published_time\" content=\"2024-10-26T10:30:04+00:00\" \/>\n<meta property=\"article:modified_time\" content=\"2024-10-26T10:04:38+00:00\" \/>\n<meta property=\"og:image\" content=\"https:\/\/www.panamera-life.com\/wp-content\/uploads\/2024\/09\/IMG_2156.jpeg\" \/>\n\t<meta property=\"og:image:width\" content=\"4032\" \/>\n\t<meta property=\"og:image:height\" content=\"3024\" \/>\n\t<meta property=\"og:image:type\" content=\"image\/jpeg\" \/>\n<meta name=\"twitter:label1\" content=\"Gesch\u00e4tzte Lesezeit\" \/>\n\t<meta name=\"twitter:data1\" content=\"2\u00a0Minuten\" \/>","yoast_head_json":{"title":"Porsche passt EV-Strategie deutlich an \u2013 Flexible Reaktion auf steigende Nachfrage nach Verbrenner-Modellen - \u30dd\u30eb\u30b7\u30a7\u304c\u308f\u304c\u5bb6\u306b\u3084\u3063\u3066\u304d\u305f - \u30aa\u30fc\u30ca\u30fc\u30ba\u30d6\u30ed\u30b0","description":"Porsche passt seine EV-Strategie an: Flexible Produktion und neue Verbrenner-Modelle bieten Porsche Besitzern mehr Auswahl und ein einzigartiges Fahrerlebnis.","robots":{"index":"index","follow":"follow","max-snippet":"max-snippet:-1","max-image-preview":"max-image-preview:large","max-video-preview":"max-video-preview:-1"},"canonical":"https:\/\/www.panamera-life.com\/de\/entry\/porsche-ev-strategy\/","og_locale":"de_DE","og_type":"article","og_title":"Porsche passt EV-Strategie deutlich an \u2013 Flexible Reaktion auf steigende Nachfrage nach Verbrenner-Modellen - \u30dd\u30eb\u30b7\u30a7\u304c\u308f\u304c\u5bb6\u306b\u3084\u3063\u3066\u304d\u305f - \u30aa\u30fc\u30ca\u30fc\u30ba\u30d6\u30ed\u30b0","og_description":"Porsche passt seine EV-Strategie an: Flexible Produktion und neue Verbrenner-Modelle bieten Porsche Besitzern mehr Auswahl und ein einzigartiges Fahrerlebnis.","og_url":"https:\/\/www.panamera-life.com\/de\/entry\/porsche-ev-strategy\/","og_site_name":"\u30dd\u30eb\u30b7\u30a7\u304c\u308f\u304c\u5bb6\u306b\u3084\u3063\u3066\u304d\u305f - \u30aa\u30fc\u30ca\u30fc\u30ba\u30d6\u30ed\u30b0","article_publisher":"https:\/\/www.facebook.com\/panameralife\/","article_published_time":"2024-10-26T10:30:04+00:00","article_modified_time":"2024-10-26T10:04:38+00:00","og_image":[{"width":4032,"height":3024,"url":"https:\/\/www.panamera-life.com\/wp-content\/uploads\/2024\/09\/IMG_2156.jpeg","type":"image\/jpeg"}],"twitter_misc":{"Gesch\u00e4tzte Lesezeit":"2\u00a0Minuten"},"schema":{"@context":"https:\/\/schema.org","@graph":[{"@type":"Article","@id":"https:\/\/www.panamera-life.com\/de\/entry\/porsche-ev-strategy\/#article","isPartOf":{"@id":"https:\/\/www.panamera-life.com\/de\/entry\/porsche-ev-strategy\/"},"author":{"name":"","@id":""},"headline":"Porsche passt EV-Strategie deutlich an \u2013 Flexible Reaktion auf steigende Nachfrage nach Verbrenner-Modellen","datePublished":"2024-10-26T10:30:04+00:00","dateModified":"2024-10-26T10:04:38+00:00","mainEntityOfPage":{"@id":"https:\/\/www.panamera-life.com\/de\/entry\/porsche-ev-strategy\/"},"wordCount":463,"commentCount":0,"publisher":{"@id":"https:\/\/www.panamera-life.com\/#organization"},"image":{"@id":"https:\/\/www.panamera-life.com\/de\/entry\/porsche-ev-strategy\/#primaryimage"},"thumbnailUrl":"https:\/\/www.panamera-life.com\/wp-content\/uploads\/2024\/09\/IMG_2156.jpeg","keywords":["Porsche-News"],"articleSection":["Porsche\u2011News"],"inLanguage":"de","potentialAction":[{"@type":"CommentAction","name":"Comment","target":["https:\/\/www.panamera-life.com\/de\/entry\/porsche-ev-strategy\/#respond"]}]},{"@type":"WebPage","@id":"https:\/\/www.panamera-life.com\/de\/entry\/porsche-ev-strategy\/","url":"https:\/\/www.panamera-life.com\/de\/entry\/porsche-ev-strategy\/","name":"Porsche passt EV-Strategie deutlich an \u2013 Flexible Reaktion auf steigende Nachfrage nach Verbrenner-Modellen - \u30dd\u30eb\u30b7\u30a7\u304c\u308f\u304c\u5bb6\u306b\u3084\u3063\u3066\u304d\u305f - \u30aa\u30fc\u30ca\u30fc\u30ba\u30d6\u30ed\u30b0","isPartOf":{"@id":"https:\/\/www.panamera-life.com\/#website"},"primaryImageOfPage":{"@id":"https:\/\/www.panamera-life.com\/de\/entry\/porsche-ev-strategy\/#primaryimage"},"image":{"@id":"https:\/\/www.panamera-life.com\/de\/entry\/porsche-ev-strategy\/#primaryimage"},"thumbnailUrl":"https:\/\/www.panamera-life.com\/wp-content\/uploads\/2024\/09\/IMG_2156.jpeg","datePublished":"2024-10-26T10:30:04+00:00","dateModified":"2024-10-26T10:04:38+00:00","description":"Porsche passt seine EV-Strategie an: Flexible Produktion und neue Verbrenner-Modelle bieten Porsche Besitzern mehr Auswahl und ein einzigartiges Fahrerlebnis.","breadcrumb":{"@id":"https:\/\/www.panamera-life.com\/de\/entry\/porsche-ev-strategy\/#breadcrumb"},"inLanguage":"de","potentialAction":[{"@type":"ReadAction","target":["https:\/\/www.panamera-life.com\/de\/entry\/porsche-ev-strategy\/"]}]},{"@type":"ImageObject","inLanguage":"de","@id":"https:\/\/www.panamera-life.com\/de\/entry\/porsche-ev-strategy\/#primaryimage","url":"https:\/\/www.panamera-life.com\/wp-content\/uploads\/2024\/09\/IMG_2156.jpeg","contentUrl":"https:\/\/www.panamera-life.com\/wp-content\/uploads\/2024\/09\/IMG_2156.jpeg","width":4032,"height":3024,"caption":"\u8eca, \u5185\u88c5, \u30b9\u30c6\u30a2\u30ea\u30f3\u30b0, \u30a4\u30f3\u30d5\u30a9\u30c6\u30a4\u30f3\u30e1\u30f3\u30c8\u30b7\u30b9\u30c6\u30e0, \u30e1\u30fc\u30bf\u30fc\u30d1\u30cd\u30eb, \u505c\u8eca\u4e2d, PORSCHE, Taycan"},{"@type":"BreadcrumbList","@id":"https:\/\/www.panamera-life.com\/de\/entry\/porsche-ev-strategy\/#breadcrumb","itemListElement":[{"@type":"ListItem","position":1,"name":"\u30db\u30fc\u30e0","item":"https:\/\/www.panamera-life.com\/"},{"@type":"ListItem","position":2,"name":"Porsche passt EV-Strategie deutlich an \u2013 Flexible Reaktion auf steigende Nachfrage nach Verbrenner-Modellen"}]},{"@type":"WebSite","@id":"https:\/\/www.panamera-life.com\/#website","url":"https:\/\/www.panamera-life.com\/","name":"\u30dd\u30eb\u30b7\u30a7\u304c\u308f\u304c\u5bb6\u306b\u3084\u3063\u3066\u304d\u305f - \u30aa\u30fc\u30ca\u30fc\u30ba\u30d6\u30ed\u30b0","description":"\u30dd\u30eb\u30b7\u30a7\u306b\u9b45\u4e86\u3055\u308c\u305f\u59bb\u304c\u66f8\u304f\u30dd\u30eb\u30b7\u30a7\u30d6\u30ed\u30b0\u3067\u3059\u3002\u6240\u6709\u3059\u308b\u30dd\u30eb\u30b7\u30a7 911\u30ab\u30ec\u30e9\uff08964\uff09\u3001911GT3\u3001\u30dc\u30af\u30b9\u30bf\u30fc\u3001\u30d1\u30ca\u30e1\u30fc\u30e9\u306e\u30ec\u30d3\u30e5\u30fc\u3084\u7dad\u6301\u8cbb\u3001\u30c4\u30fc\u30ea\u30f3\u30b0\u8a18\u306a\u3069\u3002\u30cb\u30e5\u30fc\u30b9\u8a18\u4e8b\u3067\u306f\u5206\u304b\u3089\u306a\u3044\u751f\u306e\u30dd\u30eb\u30b7\u30a7\u30aa\u30fc\u30ca\u30fc\u306e\u58f0\u3092\u5b9a\u671f\u914d\u4fe1\u3059\u308b\u30d6\u30ed\u30b0\u3067\u3059\u3002","publisher":{"@id":"https:\/\/www.panamera-life.com\/#organization"},"potentialAction":[{"@type":"SearchAction","target":{"@type":"EntryPoint","urlTemplate":"https:\/\/www.panamera-life.com\/?s={search_term_string}"},"query-input":{"@type":"PropertyValueSpecification","valueRequired":true,"valueName":"search_term_string"}}],"inLanguage":"de"},{"@type":"Organization","@id":"https:\/\/www.panamera-life.com\/#organization","name":"\u30dd\u30eb\u30b7\u30a7\u304c\u308f\u304c\u5bb6\u306b\u3084\u3063\u3066\u304d\u305f","url":"https:\/\/www.panamera-life.com\/","logo":{"@type":"ImageObject","inLanguage":"de","@id":"https:\/\/www.panamera-life.com\/#\/schema\/logo\/image\/","url":"https:\/\/www.panamera-life.com\/wp-content\/uploads\/2021\/05\/unnamed.jpg","contentUrl":"https:\/\/www.panamera-life.com\/wp-content\/uploads\/2021\/05\/unnamed.jpg","width":512,"height":512,"caption":"\u30dd\u30eb\u30b7\u30a7\u304c\u308f\u304c\u5bb6\u306b\u3084\u3063\u3066\u304d\u305f"},"image":{"@id":"https:\/\/www.panamera-life.com\/#\/schema\/logo\/image\/"},"sameAs":["https:\/\/www.facebook.com\/panameralife\/","https:\/\/x.com\/Mina_Panamera","https:\/\/www.instagram.com\/mina_porsche\/","https:\/\/www.youtube.com\/channel\/UCoyAW0ifcnk05Iryf7-bkhg"]}]}},"_links":{"self":[{"href":"https:\/\/www.panamera-life.com\/wp-json\/wp\/v2\/posts\/38164"}],"collection":[{"href":"https:\/\/www.panamera-life.com\/wp-json\/wp\/v2\/posts"}],"about":[{"href":"https:\/\/www.panamera-life.com\/wp-json\/wp\/v2\/types\/post"}],"replies":[{"embeddable":true,"href":"https:\/\/www.panamera-life.com\/wp-json\/wp\/v2\/comments?post=38164"}],"version-history":[{"count":0,"href":"https:\/\/www.panamera-life.com\/wp-json\/wp\/v2\/posts\/38164\/revisions"}],"wp:featuredmedia":[{"embeddable":true,"href":"https:\/\/www.panamera-life.com\/wp-json\/wp\/v2\/media\/33899"}],"wp:attachment":[{"href":"https:\/\/www.panamera-life.com\/wp-json\/wp\/v2\/media?parent=38164"}],"wp:term":[{"taxonomy":"category","embeddable":true,"href":"https:\/\/www.panamera-life.com\/wp-json\/wp\/v2\/categories?post=38164"},{"taxonomy":"post_tag","embeddable":true,"href":"https:\/\/www.panamera-life.com\/wp-json\/wp\/v2\/tags?post=38164"}],"curies":[{"name":"wp","href":"https:\/\/api.w.org\/{rel}","templated":true}]}}