{"id":38253,"date":"2024-09-06T06:00:05","date_gmt":"2024-09-05T21:00:05","guid":{"rendered":"https:\/\/www.panamera-life.com\/?p=38253"},"modified":"2024-09-05T21:51:05","modified_gmt":"2024-09-05T12:51:05","slug":"%e3%83%9d%e3%83%ab%e3%82%b7%e3%82%a7%e3%81%8b%e3%82%89%e6%96%b0%e3%81%9f%e3%81%aa%e3%82%ad%e3%83%a3%e3%83%b3%e3%83%97%e7%94%a8%e3%83%86%e3%83%b3%e3%83%88%e3%81%8c%e7%99%ba%e5%a3%b2-%e3%82%b9","status":"publish","type":"post","link":"https:\/\/www.panamera-life.com\/de\/entry\/%e3%83%9d%e3%83%ab%e3%82%b7%e3%82%a7%e3%81%8b%e3%82%89%e6%96%b0%e3%81%9f%e3%81%aa%e3%82%ad%e3%83%a3%e3%83%b3%e3%83%97%e7%94%a8%e3%83%86%e3%83%b3%e3%83%88%e3%81%8c%e7%99%ba%e5%a3%b2-%e3%82%b9\/","title":{"rendered":"Revolution\u00e4res Porsche Campingzelt: Sportwagen trifft Outdoor-Abenteuer"},"content":{"rendered":"<div id=\"ez-toc-container\" class=\"ez-toc-v2_0_74 counter-hierarchy ez-toc-counter ez-toc-grey ez-toc-container-direction\">\n<div class=\"ez-toc-title-container\">\n<p class=\"ez-toc-title\" style=\"cursor:inherit\">\u30b3\u30f3\u30c6\u30f3\u30c4<\/p>\n<span class=\"ez-toc-title-toggle\"><\/span><\/div>\n<nav><ul class='ez-toc-list ez-toc-list-level-1 ' ><li class='ez-toc-page-1 ez-toc-heading-level-3'><a class=\"ez-toc-link ez-toc-heading-1\" href=\"https:\/\/www.panamera-life.com\/de\/entry\/%e3%83%9d%e3%83%ab%e3%82%b7%e3%82%a7%e3%81%8b%e3%82%89%e6%96%b0%e3%81%9f%e3%81%aa%e3%82%ad%e3%83%a3%e3%83%b3%e3%83%97%e7%94%a8%e3%83%86%e3%83%b3%e3%83%88%e3%81%8c%e7%99%ba%e5%a3%b2-%e3%82%b9\/#Porsche_praesentiert_innovatives_Campingzelt\" >Porsche pr\u00e4sentiert innovatives Campingzelt<\/a><\/li><li class='ez-toc-page-1 ez-toc-heading-level-3'><a class=\"ez-toc-link ez-toc-heading-2\" href=\"https:\/\/www.panamera-life.com\/de\/entry\/%e3%83%9d%e3%83%ab%e3%82%b7%e3%82%a7%e3%81%8b%e3%82%89%e6%96%b0%e3%81%9f%e3%81%aa%e3%82%ad%e3%83%a3%e3%83%b3%e3%83%97%e7%94%a8%e3%83%86%e3%83%b3%e3%83%88%e3%81%8c%e7%99%ba%e5%a3%b2-%e3%82%b9\/#Merkmale_und_Funktionen_des_Zeltes\" >Merkmale und Funktionen des Zeltes<\/a><\/li><li class='ez-toc-page-1 ez-toc-heading-level-3'><a class=\"ez-toc-link ez-toc-heading-3\" href=\"https:\/\/www.panamera-life.com\/de\/entry\/%e3%83%9d%e3%83%ab%e3%82%b7%e3%82%a7%e3%81%8b%e3%82%89%e6%96%b0%e3%81%9f%e3%81%aa%e3%82%ad%e3%83%a3%e3%83%b3%e3%83%97%e7%94%a8%e3%83%86%e3%83%b3%e3%83%88%e3%81%8c%e7%99%ba%e5%a3%b2-%e3%82%b9\/#Entwicklung_in_Zusammenarbeit_mit_Spezialisten\" >Entwicklung in Zusammenarbeit mit Spezialisten<\/a><\/li><li class='ez-toc-page-1 ez-toc-heading-level-3'><a class=\"ez-toc-link ez-toc-heading-4\" href=\"https:\/\/www.panamera-life.com\/de\/entry\/%e3%83%9d%e3%83%ab%e3%82%b7%e3%82%a7%e3%81%8b%e3%82%89%e6%96%b0%e3%81%9f%e3%81%aa%e3%82%ad%e3%83%a3%e3%83%b3%e3%83%97%e7%94%a8%e3%83%86%e3%83%b3%e3%83%88%e3%81%8c%e7%99%ba%e5%a3%b2-%e3%82%b9\/#Neue_Moeglichkeiten_fuer_Porsche_Besitzer\" >Neue M\u00f6glichkeiten f\u00fcr Porsche Besitzer<\/a><\/li><\/ul><\/nav><\/div>\n\n<h3 class=\"style3a\"><span class=\"ez-toc-section\" id=\"Porsche_praesentiert_innovatives_Campingzelt\"><\/span>Porsche pr\u00e4sentiert innovatives Campingzelt<span class=\"ez-toc-section-end\"><\/span><\/h3>\n<p>Porsche hat mit dem neuen Campingzelt <strong>\u201ePorsche Canopy Tent\u201c<\/strong> eine bahnbrechende L\u00f6sung vorgestellt, die das Outdoor-Erlebnis mit einem Luxus-Sportwagen komplett neu definiert. Dieses aufblasbare Zelt l\u00e4sst sich an Porsche-Viert\u00fcrern befestigen und schafft so einen komfortablen, nahtlos integrierten Schlaf- und Wohnraum direkt am Fahrzeug.<\/p>\n<p>Das Zelt ist kompatibel mit den Porsche-Viert\u00fcrern Macan, Cayenne, Panamera und Taycan. Es wird am Heckklappent\u00fcr montiert und verbindet so den Innenraum des Fahrzeugs mit dem Au\u00dfenbereich zu einer gro\u00dfz\u00fcgigen Wohn- und Campingfl\u00e4che. Bis zu sechs Personen finden darin Platz. Dank der Airframe-Konstruktion l\u00e4sst sich das Zelt mit einer Handpumpe und einem zentralen Ventil schnell und einfach aufbauen.<\/p>\n<h3 class=\"style3a\"><span class=\"ez-toc-section\" id=\"Merkmale_und_Funktionen_des_Zeltes\"><\/span>Merkmale und Funktionen des Zeltes<span class=\"ez-toc-section-end\"><\/span><\/h3>\n<p>Die wichtigsten Eigenschaften des Porsche Canopy Tent im \u00dcberblick:<\/p>\n<p>&#8211; Bodenfl\u00e4che beim Aufbau: 2,3 m x 2,3 m quadratisch<br \/>\n&#8211; \u00dcberdachung als Sonnenschutz und Regenschutz<br \/>\n&#8211; Befestigung am Fahrzeug mit elastischen B\u00e4ndern und Saugn\u00e4pfen<br \/>\n&#8211; Zus\u00e4tzliche Fixierung am Boden mit Zeltheringen m\u00f6glich<br \/>\n&#8211; Abnehmbarer Bodenmatte inklusive<br \/>\n&#8211; Eine faltbare Seitenwand mit Fenster als Wind- und Sonnenschutz im Lieferumfang enthalten  <\/p>\n<p><img loading=\"lazy\" decoding=\"async\" class=\"alignnone size-large wp-image-33480\" src=\"https:\/\/www.panamera-life.com\/wp-content\/uploads\/2024\/09\/TE24J5BOD0006_low-1280x720.jpg\" alt=\"\" width=\"1280\" height=\"720\" \/><\/p>\n<p>Porsche betont, dass das Zelt auch bei montiertem Zustand das Be- und Entladen des Fahrzeugs erm\u00f6glicht \u2013 ein gro\u00dfer Vorteil bei schlechtem Wetter. Optional k\u00f6nnen die \u00fcbrigen drei Seitenw\u00e4nde erg\u00e4nzt werden, um einen vollst\u00e4ndig geschlossenen Raum zu schaffen. Au\u00dferdem sind separate Schlaf- und Stauraumzelte sowie Tunnelverbindungen zwischen mehreren Zelten erh\u00e4ltlich.<\/p>\n<h3 class=\"style3a\"><span class=\"ez-toc-section\" id=\"Entwicklung_in_Zusammenarbeit_mit_Spezialisten\"><\/span>Entwicklung in Zusammenarbeit mit Spezialisten<span class=\"ez-toc-section-end\"><\/span><\/h3>\n<p>Das Canopy Tent entstand in Partnerschaft mit dem Outdoor-Spezialisten Dometic. Dometic bietet mit dem \u201eDometic Hub\u201c ein vergleichbares Zelt mit \u00e4hnlicher Fl\u00e4che und Funktionalit\u00e4t an, das etwa 675 Euro kostet.<\/p>\n<p>Das Porsche-eigene Canopy Tent startet preislich bei rund 1.510 Euro f\u00fcr das Basismodell und reicht bis zu etwa 1.965 Euro f\u00fcr das Komplettpaket. Diese Preisgestaltung reflektiert den Premiumanspruch der Marke Porsche.<\/p>\n<h3 class=\"style3a\"><span class=\"ez-toc-section\" id=\"Neue_Moeglichkeiten_fuer_Porsche_Besitzer\"><\/span>Neue M\u00f6glichkeiten f\u00fcr Porsche Besitzer<span class=\"ez-toc-section-end\"><\/span><\/h3>\n<p>Mit dem Porsche Canopy Tent er\u00f6ffnet sich f\u00fcr Porsche Besitzer eine ganz neue Art, das Fahrerlebnis mit Outdoor-Abenteuern zu verbinden. Das Campen mit einem Luxus-Sportwagen wird so zu einem einzigartigen Erlebnis, das die Faszination f\u00fcr das Fahrzeug und die Natur perfekt vereint.<\/p>\n<p>Nat\u00fcrlich gibt es Einschr\u00e4nkungen: Das Zelt ist nur f\u00fcr Viert\u00fcrer verf\u00fcgbar und der Preis ist eher im oberen Segment angesiedelt. Dennoch zeigt dieses Produkt, wie Porsche Besitz und Outdoor-Lifestyle innovativ zusammengebracht werden k\u00f6nnen \u2013 ein spannender Impuls f\u00fcr die Automobilbranche.<\/p>\n<p><img loading=\"lazy\" decoding=\"async\" class=\"alignnone size-large wp-image-33482\" src=\"https:\/\/www.panamera-life.com\/wp-content\/uploads\/2024\/09\/TE24J5BOD0003_low-1280x720.jpg\" alt=\"\u30dd\u30eb\u30b7\u30a7\u306e\u30c6\u30f3\u30c8\" width=\"1280\" height=\"720\" \/><\/p>\n<p>Der Verkauf des Porsche Canopy Tent hat diesen Monat begonnen, <strong>ein offizieller Verkaufsstart in Japan ist zum Zeitpunkt der Texterstellung noch nicht bekannt<\/strong>. Wie gut sich dieses neue Lifestyle-Produkt bei Porsche Fahrern und Outdoor-Fans durchsetzen wird, bleibt spannend. Pers\u00f6nlich finde ich die Idee, mit einem Porsche campen zu gehen, \u00e4u\u00dferst reizvoll und m\u00f6chte es unbedingt einmal ausprobieren.<\/p>\n","protected":false},"excerpt":{"rendered":"\u30dd\u30eb\u30b7\u30a7\u304c\u65b0\u767a\u58f2\u3057\u305f\u30ad\u30e3\u30f3\u30d4\u30f3\u30b0\u30c6\u30f3\u30c8\u306e\u9b45\u529b\u3092\u7d39\u4ecb\u30024\u30c9\u30a2\u30e2\u30c7\u30eb\u306b\u5bfe\u5fdc\u3057\u3001\u6700\u59276\u4eba\u53ce\u5bb9\u53ef\u80fd\u306a\u5feb\u9069\u306a\u5bbf\u6cca\u7a7a\u9593\u3092\u63d0\u4f9b\u3002\u9ad8\u7d1a\u30b9\u30dd\u30fc\u30c4\u30ab\u30fc\u3067\u306e\u30a2\u30a6\u30c8\u30c9\u30a2\u4f53\u9a13\u304c\u5909\u308f\u308b\u53ef\u80fd\u6027\u3092\u63a2\u308b\u3002","protected":false},"author":0,"featured_media":33481,"comment_status":"open","ping_status":"closed","sticky":false,"template":"","format":"standard","meta":{"footnotes":"","_locale":"de_DE","_original_post":"https:\/\/www.panamera-life.com\/?p=33289"},"categories":[24],"tags":[235],"yoast_head":"<title>Revolution\u00e4res Porsche Campingzelt: Sportwagen trifft Outdoor-Abenteuer - \u30dd\u30eb\u30b7\u30a7\u304c\u308f\u304c\u5bb6\u306b\u3084\u3063\u3066\u304d\u305f - \u30aa\u30fc\u30ca\u30fc\u30ba\u30d6\u30ed\u30b0<\/title>\n<meta name=\"description\" content=\"Entdecken Sie das neue Porsche Canopy Tent \u2013 innovatives Campingzelt f\u00fcr Porsche Viert\u00fcrer. Perfekt f\u00fcr Porsche Besitz und das ultimative Porsche Fahrerlebnis im Outdoor-Abenteuer.\" \/>\n<meta name=\"robots\" content=\"index, follow, max-snippet:-1, max-image-preview:large, max-video-preview:-1\" \/>\n<link rel=\"canonical\" href=\"https:\/\/www.panamera-life.com\/de\/entry\/\u30dd\u30eb\u30b7\u30a7\u304b\u3089\u65b0\u305f\u306a\u30ad\u30e3\u30f3\u30d7\u7528\u30c6\u30f3\u30c8\u304c\u767a\u58f2-\u30b9\/\" \/>\n<meta property=\"og:locale\" content=\"de_DE\" \/>\n<meta property=\"og:type\" content=\"article\" \/>\n<meta property=\"og:title\" content=\"Revolution\u00e4res Porsche Campingzelt: Sportwagen trifft Outdoor-Abenteuer - \u30dd\u30eb\u30b7\u30a7\u304c\u308f\u304c\u5bb6\u306b\u3084\u3063\u3066\u304d\u305f - \u30aa\u30fc\u30ca\u30fc\u30ba\u30d6\u30ed\u30b0\" \/>\n<meta property=\"og:description\" content=\"Entdecken Sie das neue Porsche Canopy Tent \u2013 innovatives Campingzelt f\u00fcr Porsche Viert\u00fcrer. Perfekt f\u00fcr Porsche Besitz und das ultimative Porsche Fahrerlebnis im Outdoor-Abenteuer.\" \/>\n<meta property=\"og:url\" content=\"https:\/\/www.panamera-life.com\/de\/entry\/\u30dd\u30eb\u30b7\u30a7\u304b\u3089\u65b0\u305f\u306a\u30ad\u30e3\u30f3\u30d7\u7528\u30c6\u30f3\u30c8\u304c\u767a\u58f2-\u30b9\/\" \/>\n<meta property=\"og:site_name\" content=\"\u30dd\u30eb\u30b7\u30a7\u304c\u308f\u304c\u5bb6\u306b\u3084\u3063\u3066\u304d\u305f - \u30aa\u30fc\u30ca\u30fc\u30ba\u30d6\u30ed\u30b0\" \/>\n<meta property=\"article:publisher\" content=\"https:\/\/www.facebook.com\/panameralife\/\" \/>\n<meta property=\"article:published_time\" content=\"2024-09-05T21:00:05+00:00\" \/>\n<meta property=\"article:modified_time\" content=\"2024-09-05T12:51:05+00:00\" \/>\n<meta property=\"og:image\" content=\"https:\/\/www.panamera-life.com\/wp-content\/uploads\/2024\/09\/TE24J5BOX0002_low.jpg\" \/>\n\t<meta property=\"og:image:width\" content=\"1920\" \/>\n\t<meta property=\"og:image:height\" content=\"1080\" \/>\n\t<meta property=\"og:image:type\" content=\"image\/jpeg\" \/>\n<meta name=\"twitter:label1\" content=\"Gesch\u00e4tzte Lesezeit\" \/>\n\t<meta name=\"twitter:data1\" content=\"2\u00a0Minuten\" \/>","yoast_head_json":{"title":"Revolution\u00e4res Porsche Campingzelt: Sportwagen trifft Outdoor-Abenteuer - \u30dd\u30eb\u30b7\u30a7\u304c\u308f\u304c\u5bb6\u306b\u3084\u3063\u3066\u304d\u305f - \u30aa\u30fc\u30ca\u30fc\u30ba\u30d6\u30ed\u30b0","description":"Entdecken Sie das neue Porsche Canopy Tent \u2013 innovatives Campingzelt f\u00fcr Porsche Viert\u00fcrer. Perfekt f\u00fcr Porsche Besitz und das ultimative Porsche Fahrerlebnis im Outdoor-Abenteuer.","robots":{"index":"index","follow":"follow","max-snippet":"max-snippet:-1","max-image-preview":"max-image-preview:large","max-video-preview":"max-video-preview:-1"},"canonical":"https:\/\/www.panamera-life.com\/de\/entry\/\u30dd\u30eb\u30b7\u30a7\u304b\u3089\u65b0\u305f\u306a\u30ad\u30e3\u30f3\u30d7\u7528\u30c6\u30f3\u30c8\u304c\u767a\u58f2-\u30b9\/","og_locale":"de_DE","og_type":"article","og_title":"Revolution\u00e4res Porsche Campingzelt: Sportwagen trifft Outdoor-Abenteuer - \u30dd\u30eb\u30b7\u30a7\u304c\u308f\u304c\u5bb6\u306b\u3084\u3063\u3066\u304d\u305f - \u30aa\u30fc\u30ca\u30fc\u30ba\u30d6\u30ed\u30b0","og_description":"Entdecken Sie das neue Porsche Canopy Tent \u2013 innovatives Campingzelt f\u00fcr Porsche Viert\u00fcrer. Perfekt f\u00fcr Porsche Besitz und das ultimative Porsche Fahrerlebnis im Outdoor-Abenteuer.","og_url":"https:\/\/www.panamera-life.com\/de\/entry\/\u30dd\u30eb\u30b7\u30a7\u304b\u3089\u65b0\u305f\u306a\u30ad\u30e3\u30f3\u30d7\u7528\u30c6\u30f3\u30c8\u304c\u767a\u58f2-\u30b9\/","og_site_name":"\u30dd\u30eb\u30b7\u30a7\u304c\u308f\u304c\u5bb6\u306b\u3084\u3063\u3066\u304d\u305f - \u30aa\u30fc\u30ca\u30fc\u30ba\u30d6\u30ed\u30b0","article_publisher":"https:\/\/www.facebook.com\/panameralife\/","article_published_time":"2024-09-05T21:00:05+00:00","article_modified_time":"2024-09-05T12:51:05+00:00","og_image":[{"width":1920,"height":1080,"url":"https:\/\/www.panamera-life.com\/wp-content\/uploads\/2024\/09\/TE24J5BOX0002_low.jpg","type":"image\/jpeg"}],"twitter_misc":{"Gesch\u00e4tzte Lesezeit":"2\u00a0Minuten"},"schema":{"@context":"https:\/\/schema.org","@graph":[{"@type":"Article","@id":"https:\/\/www.panamera-life.com\/de\/entry\/%e3%83%9d%e3%83%ab%e3%82%b7%e3%82%a7%e3%81%8b%e3%82%89%e6%96%b0%e3%81%9f%e3%81%aa%e3%82%ad%e3%83%a3%e3%83%b3%e3%83%97%e7%94%a8%e3%83%86%e3%83%b3%e3%83%88%e3%81%8c%e7%99%ba%e5%a3%b2-%e3%82%b9\/#article","isPartOf":{"@id":"https:\/\/www.panamera-life.com\/de\/entry\/%e3%83%9d%e3%83%ab%e3%82%b7%e3%82%a7%e3%81%8b%e3%82%89%e6%96%b0%e3%81%9f%e3%81%aa%e3%82%ad%e3%83%a3%e3%83%b3%e3%83%97%e7%94%a8%e3%83%86%e3%83%b3%e3%83%88%e3%81%8c%e7%99%ba%e5%a3%b2-%e3%82%b9\/"},"author":{"name":"","@id":""},"headline":"Revolution\u00e4res Porsche Campingzelt: Sportwagen trifft Outdoor-Abenteuer","datePublished":"2024-09-05T21:00:05+00:00","dateModified":"2024-09-05T12:51:05+00:00","mainEntityOfPage":{"@id":"https:\/\/www.panamera-life.com\/de\/entry\/%e3%83%9d%e3%83%ab%e3%82%b7%e3%82%a7%e3%81%8b%e3%82%89%e6%96%b0%e3%81%9f%e3%81%aa%e3%82%ad%e3%83%a3%e3%83%b3%e3%83%97%e7%94%a8%e3%83%86%e3%83%b3%e3%83%88%e3%81%8c%e7%99%ba%e5%a3%b2-%e3%82%b9\/"},"wordCount":473,"commentCount":0,"publisher":{"@id":"https:\/\/www.panamera-life.com\/#organization"},"image":{"@id":"https:\/\/www.panamera-life.com\/de\/entry\/%e3%83%9d%e3%83%ab%e3%82%b7%e3%82%a7%e3%81%8b%e3%82%89%e6%96%b0%e3%81%9f%e3%81%aa%e3%82%ad%e3%83%a3%e3%83%b3%e3%83%97%e7%94%a8%e3%83%86%e3%83%b3%e3%83%88%e3%81%8c%e7%99%ba%e5%a3%b2-%e3%82%b9\/#primaryimage"},"thumbnailUrl":"https:\/\/www.panamera-life.com\/wp-content\/uploads\/2024\/09\/TE24J5BOX0002_low.jpg","keywords":["Porsche-News"],"articleSection":["Porsche\u2011News"],"inLanguage":"de","potentialAction":[{"@type":"CommentAction","name":"Comment","target":["https:\/\/www.panamera-life.com\/de\/entry\/%e3%83%9d%e3%83%ab%e3%82%b7%e3%82%a7%e3%81%8b%e3%82%89%e6%96%b0%e3%81%9f%e3%81%aa%e3%82%ad%e3%83%a3%e3%83%b3%e3%83%97%e7%94%a8%e3%83%86%e3%83%b3%e3%83%88%e3%81%8c%e7%99%ba%e5%a3%b2-%e3%82%b9\/#respond"]}]},{"@type":"WebPage","@id":"https:\/\/www.panamera-life.com\/de\/entry\/%e3%83%9d%e3%83%ab%e3%82%b7%e3%82%a7%e3%81%8b%e3%82%89%e6%96%b0%e3%81%9f%e3%81%aa%e3%82%ad%e3%83%a3%e3%83%b3%e3%83%97%e7%94%a8%e3%83%86%e3%83%b3%e3%83%88%e3%81%8c%e7%99%ba%e5%a3%b2-%e3%82%b9\/","url":"https:\/\/www.panamera-life.com\/de\/entry\/%e3%83%9d%e3%83%ab%e3%82%b7%e3%82%a7%e3%81%8b%e3%82%89%e6%96%b0%e3%81%9f%e3%81%aa%e3%82%ad%e3%83%a3%e3%83%b3%e3%83%97%e7%94%a8%e3%83%86%e3%83%b3%e3%83%88%e3%81%8c%e7%99%ba%e5%a3%b2-%e3%82%b9\/","name":"Revolution\u00e4res Porsche Campingzelt: Sportwagen trifft Outdoor-Abenteuer - \u30dd\u30eb\u30b7\u30a7\u304c\u308f\u304c\u5bb6\u306b\u3084\u3063\u3066\u304d\u305f - \u30aa\u30fc\u30ca\u30fc\u30ba\u30d6\u30ed\u30b0","isPartOf":{"@id":"https:\/\/www.panamera-life.com\/#website"},"primaryImageOfPage":{"@id":"https:\/\/www.panamera-life.com\/de\/entry\/%e3%83%9d%e3%83%ab%e3%82%b7%e3%82%a7%e3%81%8b%e3%82%89%e6%96%b0%e3%81%9f%e3%81%aa%e3%82%ad%e3%83%a3%e3%83%b3%e3%83%97%e7%94%a8%e3%83%86%e3%83%b3%e3%83%88%e3%81%8c%e7%99%ba%e5%a3%b2-%e3%82%b9\/#primaryimage"},"image":{"@id":"https:\/\/www.panamera-life.com\/de\/entry\/%e3%83%9d%e3%83%ab%e3%82%b7%e3%82%a7%e3%81%8b%e3%82%89%e6%96%b0%e3%81%9f%e3%81%aa%e3%82%ad%e3%83%a3%e3%83%b3%e3%83%97%e7%94%a8%e3%83%86%e3%83%b3%e3%83%88%e3%81%8c%e7%99%ba%e5%a3%b2-%e3%82%b9\/#primaryimage"},"thumbnailUrl":"https:\/\/www.panamera-life.com\/wp-content\/uploads\/2024\/09\/TE24J5BOX0002_low.jpg","datePublished":"2024-09-05T21:00:05+00:00","dateModified":"2024-09-05T12:51:05+00:00","description":"Entdecken Sie das neue Porsche Canopy Tent \u2013 innovatives Campingzelt f\u00fcr Porsche Viert\u00fcrer. Perfekt f\u00fcr Porsche Besitz und das ultimative Porsche Fahrerlebnis im Outdoor-Abenteuer.","breadcrumb":{"@id":"https:\/\/www.panamera-life.com\/de\/entry\/%e3%83%9d%e3%83%ab%e3%82%b7%e3%82%a7%e3%81%8b%e3%82%89%e6%96%b0%e3%81%9f%e3%81%aa%e3%82%ad%e3%83%a3%e3%83%b3%e3%83%97%e7%94%a8%e3%83%86%e3%83%b3%e3%83%88%e3%81%8c%e7%99%ba%e5%a3%b2-%e3%82%b9\/#breadcrumb"},"inLanguage":"de","potentialAction":[{"@type":"ReadAction","target":["https:\/\/www.panamera-life.com\/de\/entry\/%e3%83%9d%e3%83%ab%e3%82%b7%e3%82%a7%e3%81%8b%e3%82%89%e6%96%b0%e3%81%9f%e3%81%aa%e3%82%ad%e3%83%a3%e3%83%b3%e3%83%97%e7%94%a8%e3%83%86%e3%83%b3%e3%83%88%e3%81%8c%e7%99%ba%e5%a3%b2-%e3%82%b9\/"]}]},{"@type":"ImageObject","inLanguage":"de","@id":"https:\/\/www.panamera-life.com\/de\/entry\/%e3%83%9d%e3%83%ab%e3%82%b7%e3%82%a7%e3%81%8b%e3%82%89%e6%96%b0%e3%81%9f%e3%81%aa%e3%82%ad%e3%83%a3%e3%83%b3%e3%83%97%e7%94%a8%e3%83%86%e3%83%b3%e3%83%88%e3%81%8c%e7%99%ba%e5%a3%b2-%e3%82%b9\/#primaryimage","url":"https:\/\/www.panamera-life.com\/wp-content\/uploads\/2024\/09\/TE24J5BOX0002_low.jpg","contentUrl":"https:\/\/www.panamera-life.com\/wp-content\/uploads\/2024\/09\/TE24J5BOX0002_low.jpg","width":1920,"height":1080,"caption":"\u30dd\u30eb\u30b7\u30a7\u306e\u30c6\u30f3\u30c8 | \u8eca, \u4eba, \u72ac, \u30c6\u30f3\u30c8, \u81ea\u8ee2\u8eca, \u6d77, \u5d16, \u7a7a, \u6d77\u5cb8\u6cbf\u3044, \u30ad\u30e3\u30f3\u30d7, \u30a2\u30a6\u30c8\u30c9\u30a2, PORSCHE, CAYENNE"},{"@type":"BreadcrumbList","@id":"https:\/\/www.panamera-life.com\/de\/entry\/%e3%83%9d%e3%83%ab%e3%82%b7%e3%82%a7%e3%81%8b%e3%82%89%e6%96%b0%e3%81%9f%e3%81%aa%e3%82%ad%e3%83%a3%e3%83%b3%e3%83%97%e7%94%a8%e3%83%86%e3%83%b3%e3%83%88%e3%81%8c%e7%99%ba%e5%a3%b2-%e3%82%b9\/#breadcrumb","itemListElement":[{"@type":"ListItem","position":1,"name":"\u30db\u30fc\u30e0","item":"https:\/\/www.panamera-life.com\/"},{"@type":"ListItem","position":2,"name":"Revolution\u00e4res Porsche Campingzelt: Sportwagen trifft Outdoor-Abenteuer"}]},{"@type":"WebSite","@id":"https:\/\/www.panamera-life.com\/#website","url":"https:\/\/www.panamera-life.com\/","name":"\u30dd\u30eb\u30b7\u30a7\u304c\u308f\u304c\u5bb6\u306b\u3084\u3063\u3066\u304d\u305f - \u30aa\u30fc\u30ca\u30fc\u30ba\u30d6\u30ed\u30b0","description":"\u30dd\u30eb\u30b7\u30a7\u306b\u9b45\u4e86\u3055\u308c\u305f\u59bb\u304c\u66f8\u304f\u30dd\u30eb\u30b7\u30a7\u30d6\u30ed\u30b0\u3067\u3059\u3002\u6240\u6709\u3059\u308b\u30dd\u30eb\u30b7\u30a7 911\u30ab\u30ec\u30e9\uff08964\uff09\u3001911GT3\u3001\u30dc\u30af\u30b9\u30bf\u30fc\u3001\u30d1\u30ca\u30e1\u30fc\u30e9\u306e\u30ec\u30d3\u30e5\u30fc\u3084\u7dad\u6301\u8cbb\u3001\u30c4\u30fc\u30ea\u30f3\u30b0\u8a18\u306a\u3069\u3002\u30cb\u30e5\u30fc\u30b9\u8a18\u4e8b\u3067\u306f\u5206\u304b\u3089\u306a\u3044\u751f\u306e\u30dd\u30eb\u30b7\u30a7\u30aa\u30fc\u30ca\u30fc\u306e\u58f0\u3092\u5b9a\u671f\u914d\u4fe1\u3059\u308b\u30d6\u30ed\u30b0\u3067\u3059\u3002","publisher":{"@id":"https:\/\/www.panamera-life.com\/#organization"},"potentialAction":[{"@type":"SearchAction","target":{"@type":"EntryPoint","urlTemplate":"https:\/\/www.panamera-life.com\/?s={search_term_string}"},"query-input":{"@type":"PropertyValueSpecification","valueRequired":true,"valueName":"search_term_string"}}],"inLanguage":"de"},{"@type":"Organization","@id":"https:\/\/www.panamera-life.com\/#organization","name":"\u30dd\u30eb\u30b7\u30a7\u304c\u308f\u304c\u5bb6\u306b\u3084\u3063\u3066\u304d\u305f","url":"https:\/\/www.panamera-life.com\/","logo":{"@type":"ImageObject","inLanguage":"de","@id":"https:\/\/www.panamera-life.com\/#\/schema\/logo\/image\/","url":"https:\/\/www.panamera-life.com\/wp-content\/uploads\/2021\/05\/unnamed.jpg","contentUrl":"https:\/\/www.panamera-life.com\/wp-content\/uploads\/2021\/05\/unnamed.jpg","width":512,"height":512,"caption":"\u30dd\u30eb\u30b7\u30a7\u304c\u308f\u304c\u5bb6\u306b\u3084\u3063\u3066\u304d\u305f"},"image":{"@id":"https:\/\/www.panamera-life.com\/#\/schema\/logo\/image\/"},"sameAs":["https:\/\/www.facebook.com\/panameralife\/","https:\/\/x.com\/Mina_Panamera","https:\/\/www.instagram.com\/mina_porsche\/","https:\/\/www.youtube.com\/channel\/UCoyAW0ifcnk05Iryf7-bkhg"]}]}},"_links":{"self":[{"href":"https:\/\/www.panamera-life.com\/wp-json\/wp\/v2\/posts\/38253"}],"collection":[{"href":"https:\/\/www.panamera-life.com\/wp-json\/wp\/v2\/posts"}],"about":[{"href":"https:\/\/www.panamera-life.com\/wp-json\/wp\/v2\/types\/post"}],"replies":[{"embeddable":true,"href":"https:\/\/www.panamera-life.com\/wp-json\/wp\/v2\/comments?post=38253"}],"version-history":[{"count":0,"href":"https:\/\/www.panamera-life.com\/wp-json\/wp\/v2\/posts\/38253\/revisions"}],"wp:featuredmedia":[{"embeddable":true,"href":"https:\/\/www.panamera-life.com\/wp-json\/wp\/v2\/media\/33481"}],"wp:attachment":[{"href":"https:\/\/www.panamera-life.com\/wp-json\/wp\/v2\/media?parent=38253"}],"wp:term":[{"taxonomy":"category","embeddable":true,"href":"https:\/\/www.panamera-life.com\/wp-json\/wp\/v2\/categories?post=38253"},{"taxonomy":"post_tag","embeddable":true,"href":"https:\/\/www.panamera-life.com\/wp-json\/wp\/v2\/tags?post=38253"}],"curies":[{"name":"wp","href":"https:\/\/api.w.org\/{rel}","templated":true}]}}