{"id":38381,"date":"2024-03-16T06:00:54","date_gmt":"2024-03-15T21:00:54","guid":{"rendered":"https:\/\/www.panamera-life.com\/?p=38381"},"modified":"2024-03-15T19:11:17","modified_gmt":"2024-03-15T10:11:17","slug":"vol26","status":"publish","type":"post","link":"https:\/\/www.panamera-life.com\/de\/entry\/vol26\/","title":{"rendered":"\u3010Live-Zusammenfassung\u3011Vol.26: Porsche 981 oder 718 \u2013 Welche Wahl passt? Fakten zu EVs und die Faszination Taycan"},"content":{"rendered":"<p>Wie jeden Samstag um 21:00 Uhr senden wir live unseren Blog-Radiosender <strong>Willkommen zu Hause, PORSCHE<\/strong>, der erfreulicherweise immer mehr Porsche-Fans erreicht.<\/p>\n<p>Wir streamen gleichzeitig auf <a href=\"https:\/\/www.youtube.com\/@mina-porsche\" target=\"_blank\" rel=\"noopener\">YouTube<\/a> und <a href=\"https:\/\/twitter.com\/Mina_Panamera\" target=\"_blank\" rel=\"noopener\">Twitter Spaces<\/a>. Mittlerweile sind wir bei der 26. Ausgabe angekommen. Wenn man die Zeit auf <a href=\"https:\/\/www.clubhouse.com\/\" target=\"_blank\" rel=\"noopener\">Clubhouse<\/a> mitrechnet, d\u00fcrften es insgesamt mehrere hundert Sendungen sein.<\/p>\n<p>Ab sofort fasse ich die Inhalte der YouTube-Sendungen in Artikeln zusammen. Da die Sendung etwa eine Stunde dauert, wird es so leichter, gezielt die Themen zu finden, die Sie interessieren. Schauen Sie gerne auf YouTube vorbei, wenn Sie mehr erfahren m\u00f6chten.<\/p>\n<div class=\"ytube\"><iframe loading=\"lazy\" title=\"YouTube video player\" src=\"https:\/\/www.youtube.com\/embed\/y66UsRyxj5I?si=E0uQ2olNtEzJnMO6\" width=\"560\" height=\"315\" frameborder=\"0\" allowfullscreen=\"allowfullscreen\"><\/iframe><\/div>\n<div id=\"ez-toc-container\" class=\"ez-toc-v2_0_74 counter-hierarchy ez-toc-counter ez-toc-grey ez-toc-container-direction\">\n<div class=\"ez-toc-title-container\">\n<p class=\"ez-toc-title\" style=\"cursor:inherit\">\u30b3\u30f3\u30c6\u30f3\u30c4<\/p>\n<span class=\"ez-toc-title-toggle\"><\/span><\/div>\n<nav><ul class='ez-toc-list ez-toc-list-level-1 ' ><li class='ez-toc-page-1 ez-toc-heading-level-3'><a class=\"ez-toc-link ez-toc-heading-1\" href=\"https:\/\/www.panamera-life.com\/de\/entry\/vol26\/#Hauptthemen_und_Inhalte\" >Hauptthemen und Inhalte<\/a><ul class='ez-toc-list-level-4' ><li class='ez-toc-heading-level-4'><a class=\"ez-toc-link ez-toc-heading-2\" href=\"https:\/\/www.panamera-life.com\/de\/entry\/vol26\/#1_Unterschiede_zwischen_Porsche_981_und_718_00_32\" >1. Unterschiede zwischen Porsche 981 und 718 [00:32]<\/a><\/li><li class='ez-toc-page-1 ez-toc-heading-level-4'><a class=\"ez-toc-link ez-toc-heading-3\" href=\"https:\/\/www.panamera-life.com\/de\/entry\/vol26\/#2_Missverstaendnisse_rund_um_EV-Ladung_und_Reichweite_38_14\" >2. Missverst\u00e4ndnisse rund um EV-Ladung und Reichweite [38:14]<\/a><\/li><li class='ez-toc-page-1 ez-toc-heading-level-4'><a class=\"ez-toc-link ez-toc-heading-4\" href=\"https:\/\/www.panamera-life.com\/de\/entry\/vol26\/#3_Eindruecke_als_Taycan-Besitzer_45_06\" >3. Eindr\u00fccke als Taycan-Besitzer [45:06]<\/a><\/li><li class='ez-toc-page-1 ez-toc-heading-level-4'><a class=\"ez-toc-link ez-toc-heading-5\" href=\"https:\/\/www.panamera-life.com\/de\/entry\/vol26\/#4_Der_Wandel_zur_Elektromobilitaet_und_Bedenken_51_02\" >4. Der Wandel zur Elektromobilit\u00e4t und Bedenken [51:02]<\/a><\/li><li class='ez-toc-page-1 ez-toc-heading-level-4'><a class=\"ez-toc-link ez-toc-heading-6\" href=\"https:\/\/www.panamera-life.com\/de\/entry\/vol26\/#5_Mangelnde_Beratung_zum_Taycan_im_Verkauf_51_02\" >5. Mangelnde Beratung zum Taycan im Verkauf [51:02]<\/a><\/li><li class='ez-toc-page-1 ez-toc-heading-level-4'><a class=\"ez-toc-link ez-toc-heading-7\" href=\"https:\/\/www.panamera-life.com\/de\/entry\/vol26\/#6_Geplante_Probefahrt_mit_Tesla_66_02\" >6. Geplante Probefahrt mit Tesla [66:02]<\/a><\/li><\/ul><\/li><\/ul><\/nav><\/div>\n\n<h3 class=\"style3a\"><span class=\"ez-toc-section\" id=\"Hauptthemen_und_Inhalte\"><\/span>Hauptthemen und Inhalte<span class=\"ez-toc-section-end\"><\/span><\/h3>\n<h4 class=\"style4b\"><span class=\"ez-toc-section\" id=\"1_Unterschiede_zwischen_Porsche_981_und_718_00_32\"><\/span>1. Unterschiede zwischen Porsche 981 und 718 [<a href=\"https:\/\/www.youtube.com\/watch?v=y66UsRyxj5I&amp;t=32s\" target=\"_blank\" rel=\"noopener\">00:32<\/a>]<span class=\"ez-toc-section-end\"><\/span><\/h4>\n<p>&#8211; Der 981 besitzt einen Saugmotor (NA), der 718 einen Turbomotor. Die Fahrleistung des 718 ist h\u00f6her, doch der 981 wirkt lebendiger und vermittelt ein st\u00e4rkeres Gef\u00fchl von Verbundenheit und Charakter.<br \/>\n&#8211; Der 981 f\u00fchlt sich \u201elebendig\u201c an, der 718 eher wie eine Maschine. Die Wahl h\u00e4ngt vom pers\u00f6nlichen Geschmack ab.<\/p>\n<h4 class=\"style4b\"><span class=\"ez-toc-section\" id=\"2_Missverstaendnisse_rund_um_EV-Ladung_und_Reichweite_38_14\"><\/span>2. Missverst\u00e4ndnisse rund um EV-Ladung und Reichweite [<a href=\"https:\/\/www.youtube.com\/watch?v=y66UsRyxj5I&amp;t=2294s\" target=\"_blank\" rel=\"noopener\">38:14<\/a>]<span class=\"ez-toc-section-end\"><\/span><\/h4>\n<p>&#8211; Die Batterie altert nicht so schnell wie bei einem Smartphone, dank ausgekl\u00fcgelter Ladeelektronik.<br \/>\n&#8211; Im Alltag besteht keine Sorge vor leerer Batterie; nur bei l\u00e4ngeren Fahrten dauert das Laden etwas l\u00e4nger.<\/p>\n<h4 class=\"style4b\"><span class=\"ez-toc-section\" id=\"3_Eindruecke_als_Taycan-Besitzer_45_06\"><\/span>3. Eindr\u00fccke als Taycan-Besitzer [<a href=\"https:\/\/www.youtube.com\/watch?v=y66UsRyxj5I&amp;t=2706s\" target=\"_blank\" rel=\"noopener\">45:06<\/a>]<span class=\"ez-toc-section-end\"><\/span><\/h4>\n<p>&#8211; In einem Monat wurden 1400 km zur\u00fcckgelegt, aufgeladen wurde haupts\u00e4chlich an einer normalen 100V-Haushaltssteckdose.<br \/>\n&#8211; Schnellladen ist nicht zwingend notwendig.<br \/>\n&#8211; F\u00fcr Fahrten mit Kindern empfiehlt sich eine Sitzschoner-Abdeckung. [<a href=\"https:\/\/www.youtube.com\/watch?v=y66UsRyxj5I&amp;t=3488s\" target=\"_blank\" rel=\"noopener\">58:08<\/a>]<\/p>\n<h4 class=\"style4b\"><span class=\"ez-toc-section\" id=\"4_Der_Wandel_zur_Elektromobilitaet_und_Bedenken_51_02\"><\/span>4. Der Wandel zur Elektromobilit\u00e4t und Bedenken [<a href=\"https:\/\/www.youtube.com\/watch?v=y66UsRyxj5I&amp;t=3062s\" target=\"_blank\" rel=\"noopener\">51:02<\/a>]<span class=\"ez-toc-section-end\"><\/span><\/h4>\n<p>&#8211; Umweltauflagen treiben die Hersteller zur EV-Umstellung, doch es gibt auch vorsichtige Stimmen.<br \/>\n&#8211; Anders als bei Verbrennungsmotoren k\u00f6nnte die Versorgung mit Ersatzbatterien in Zukunft eingeschr\u00e4nkt sein.<\/p>\n<h4 class=\"style4b\"><span class=\"ez-toc-section\" id=\"5_Mangelnde_Beratung_zum_Taycan_im_Verkauf_51_02\"><\/span>5. Mangelnde Beratung zum Taycan im Verkauf [<a href=\"https:\/\/www.youtube.com\/watch?v=y66UsRyxj5I&amp;t=3062s\" target=\"_blank\" rel=\"noopener\">51:02<\/a>]<span class=\"ez-toc-section-end\"><\/span><\/h4>\n<p>&#8211; Die Vorz\u00fcge des Taycan sollten st\u00e4rker hervorgehoben werden.<br \/>\n&#8211; Vorschlag: Schulungen f\u00fcr Verk\u00e4ufer, damit sie fundiert \u00fcber den Taycan informieren k\u00f6nnen.<\/p>\n<h4 class=\"style4b\"><span class=\"ez-toc-section\" id=\"6_Geplante_Probefahrt_mit_Tesla_66_02\"><\/span>6. Geplante Probefahrt mit Tesla [<a href=\"https:\/\/www.youtube.com\/watch?v=y66UsRyxj5I&amp;t=3962s\" target=\"_blank\" rel=\"noopener\">66:02<\/a>]<span class=\"ez-toc-section-end\"><\/span><\/h4>\n<p>&#8211; Bald steht eine Probefahrt mit dem Tesla Model 3 an.<br \/>\n&#8211; Ziel ist es, die Unterschiede zum Taycan direkt zu erleben.<\/p>\n","protected":false},"excerpt":{"rendered":"Wie jeden Samstag um 21:00 Uhr senden wir live unseren Blog-Radiosender Willkommen zu Hause, PORSCHE, der erfreulicherweise immer mehr Porsche-Fans erreicht. Wir streamen gleichzeitig auf YouTube und Twitter Spaces. Mittlerweile sind wir bei der 26. Ausgabe angekommen. Wenn man die Zeit auf Clubhouse mitrechnet, d\u00fcrften es insgesamt mehrere hundert Sendungen sein. Ab sofort fasse ich die Inhalte der YouTube-Sendungen in Artikeln zusammen. Da die Sendung etwa eine Stunde dauert, wird es so leichter, gezielt die...","protected":false},"author":0,"featured_media":31728,"comment_status":"open","ping_status":"closed","sticky":false,"template":"","format":"standard","meta":{"footnotes":"","_locale":"de_DE","_original_post":"https:\/\/www.panamera-life.com\/?p=32528"},"categories":[353],"tags":[218,219],"yoast_head":"<title>\u3010Live-Zusammenfassung\u3011Vol.26: Porsche 981 oder 718 \u2013 Welche Wahl passt? Fakten zu EVs und die Faszination Taycan - \u30dd\u30eb\u30b7\u30a7\u304c\u308f\u304c\u5bb6\u306b\u3084\u3063\u3066\u304d\u305f - \u30aa\u30fc\u30ca\u30fc\u30ba\u30d6\u30ed\u30b0<\/title>\n<meta name=\"description\" content=\"Porsche 981 oder 718? Wir vergleichen Fahrspa\u00df, Technik und EV-Mythen. Erleben Sie authentische Taycan-Erfahrungen und treffen Sie Ihre Porsche-Kaufentscheidung!\" \/>\n<meta name=\"robots\" content=\"index, follow, max-snippet:-1, max-image-preview:large, max-video-preview:-1\" \/>\n<link rel=\"canonical\" href=\"https:\/\/www.panamera-life.com\/de\/entry\/vol26\/\" \/>\n<meta property=\"og:locale\" content=\"de_DE\" \/>\n<meta property=\"og:type\" content=\"article\" \/>\n<meta property=\"og:title\" content=\"\u3010Live-Zusammenfassung\u3011Vol.26: Porsche 981 oder 718 \u2013 Welche Wahl passt? Fakten zu EVs und die Faszination Taycan - \u30dd\u30eb\u30b7\u30a7\u304c\u308f\u304c\u5bb6\u306b\u3084\u3063\u3066\u304d\u305f - \u30aa\u30fc\u30ca\u30fc\u30ba\u30d6\u30ed\u30b0\" \/>\n<meta property=\"og:description\" content=\"Porsche 981 oder 718? Wir vergleichen Fahrspa\u00df, Technik und EV-Mythen. Erleben Sie authentische Taycan-Erfahrungen und treffen Sie Ihre Porsche-Kaufentscheidung!\" \/>\n<meta property=\"og:url\" content=\"https:\/\/www.panamera-life.com\/de\/entry\/vol26\/\" \/>\n<meta property=\"og:site_name\" content=\"\u30dd\u30eb\u30b7\u30a7\u304c\u308f\u304c\u5bb6\u306b\u3084\u3063\u3066\u304d\u305f - \u30aa\u30fc\u30ca\u30fc\u30ba\u30d6\u30ed\u30b0\" \/>\n<meta property=\"article:publisher\" content=\"https:\/\/www.facebook.com\/panameralife\/\" \/>\n<meta property=\"article:published_time\" content=\"2024-03-15T21:00:54+00:00\" \/>\n<meta property=\"article:modified_time\" content=\"2024-03-15T10:11:17+00:00\" \/>\n<meta property=\"og:image\" content=\"https:\/\/www.panamera-life.com\/wp-content\/uploads\/2023\/08\/IMG_7281.jpeg\" \/>\n\t<meta property=\"og:image:width\" content=\"640\" \/>\n\t<meta property=\"og:image:height\" content=\"360\" \/>\n\t<meta property=\"og:image:type\" content=\"image\/jpeg\" \/>\n<meta name=\"twitter:label1\" content=\"Gesch\u00e4tzte Lesezeit\" \/>\n\t<meta name=\"twitter:data1\" content=\"2\u00a0Minuten\" \/>","yoast_head_json":{"title":"\u3010Live-Zusammenfassung\u3011Vol.26: Porsche 981 oder 718 \u2013 Welche Wahl passt? Fakten zu EVs und die Faszination Taycan - \u30dd\u30eb\u30b7\u30a7\u304c\u308f\u304c\u5bb6\u306b\u3084\u3063\u3066\u304d\u305f - \u30aa\u30fc\u30ca\u30fc\u30ba\u30d6\u30ed\u30b0","description":"Porsche 981 oder 718? Wir vergleichen Fahrspa\u00df, Technik und EV-Mythen. Erleben Sie authentische Taycan-Erfahrungen und treffen Sie Ihre Porsche-Kaufentscheidung!","robots":{"index":"index","follow":"follow","max-snippet":"max-snippet:-1","max-image-preview":"max-image-preview:large","max-video-preview":"max-video-preview:-1"},"canonical":"https:\/\/www.panamera-life.com\/de\/entry\/vol26\/","og_locale":"de_DE","og_type":"article","og_title":"\u3010Live-Zusammenfassung\u3011Vol.26: Porsche 981 oder 718 \u2013 Welche Wahl passt? Fakten zu EVs und die Faszination Taycan - \u30dd\u30eb\u30b7\u30a7\u304c\u308f\u304c\u5bb6\u306b\u3084\u3063\u3066\u304d\u305f - \u30aa\u30fc\u30ca\u30fc\u30ba\u30d6\u30ed\u30b0","og_description":"Porsche 981 oder 718? Wir vergleichen Fahrspa\u00df, Technik und EV-Mythen. Erleben Sie authentische Taycan-Erfahrungen und treffen Sie Ihre Porsche-Kaufentscheidung!","og_url":"https:\/\/www.panamera-life.com\/de\/entry\/vol26\/","og_site_name":"\u30dd\u30eb\u30b7\u30a7\u304c\u308f\u304c\u5bb6\u306b\u3084\u3063\u3066\u304d\u305f - \u30aa\u30fc\u30ca\u30fc\u30ba\u30d6\u30ed\u30b0","article_publisher":"https:\/\/www.facebook.com\/panameralife\/","article_published_time":"2024-03-15T21:00:54+00:00","article_modified_time":"2024-03-15T10:11:17+00:00","og_image":[{"width":640,"height":360,"url":"https:\/\/www.panamera-life.com\/wp-content\/uploads\/2023\/08\/IMG_7281.jpeg","type":"image\/jpeg"}],"twitter_misc":{"Gesch\u00e4tzte Lesezeit":"2\u00a0Minuten"},"schema":{"@context":"https:\/\/schema.org","@graph":[{"@type":"Article","@id":"https:\/\/www.panamera-life.com\/de\/entry\/vol26\/#article","isPartOf":{"@id":"https:\/\/www.panamera-life.com\/de\/entry\/vol26\/"},"author":{"name":"","@id":""},"headline":"\u3010Live-Zusammenfassung\u3011Vol.26: Porsche 981 oder 718 \u2013 Welche Wahl passt? Fakten zu EVs und die Faszination Taycan","datePublished":"2024-03-15T21:00:54+00:00","dateModified":"2024-03-15T10:11:17+00:00","mainEntityOfPage":{"@id":"https:\/\/www.panamera-life.com\/de\/entry\/vol26\/"},"wordCount":337,"commentCount":0,"publisher":{"@id":"https:\/\/www.panamera-life.com\/#organization"},"image":{"@id":"https:\/\/www.panamera-life.com\/de\/entry\/vol26\/#primaryimage"},"thumbnailUrl":"https:\/\/www.panamera-life.com\/wp-content\/uploads\/2023\/08\/IMG_7281.jpeg","keywords":["981","718"],"articleSection":["Livestream"],"inLanguage":"de","potentialAction":[{"@type":"CommentAction","name":"Comment","target":["https:\/\/www.panamera-life.com\/de\/entry\/vol26\/#respond"]}]},{"@type":"WebPage","@id":"https:\/\/www.panamera-life.com\/de\/entry\/vol26\/","url":"https:\/\/www.panamera-life.com\/de\/entry\/vol26\/","name":"\u3010Live-Zusammenfassung\u3011Vol.26: Porsche 981 oder 718 \u2013 Welche Wahl passt? Fakten zu EVs und die Faszination Taycan - \u30dd\u30eb\u30b7\u30a7\u304c\u308f\u304c\u5bb6\u306b\u3084\u3063\u3066\u304d\u305f - \u30aa\u30fc\u30ca\u30fc\u30ba\u30d6\u30ed\u30b0","isPartOf":{"@id":"https:\/\/www.panamera-life.com\/#website"},"primaryImageOfPage":{"@id":"https:\/\/www.panamera-life.com\/de\/entry\/vol26\/#primaryimage"},"image":{"@id":"https:\/\/www.panamera-life.com\/de\/entry\/vol26\/#primaryimage"},"thumbnailUrl":"https:\/\/www.panamera-life.com\/wp-content\/uploads\/2023\/08\/IMG_7281.jpeg","datePublished":"2024-03-15T21:00:54+00:00","dateModified":"2024-03-15T10:11:17+00:00","description":"Porsche 981 oder 718? Wir vergleichen Fahrspa\u00df, Technik und EV-Mythen. Erleben Sie authentische Taycan-Erfahrungen und treffen Sie Ihre Porsche-Kaufentscheidung!","breadcrumb":{"@id":"https:\/\/www.panamera-life.com\/de\/entry\/vol26\/#breadcrumb"},"inLanguage":"de","potentialAction":[{"@type":"ReadAction","target":["https:\/\/www.panamera-life.com\/de\/entry\/vol26\/"]}]},{"@type":"ImageObject","inLanguage":"de","@id":"https:\/\/www.panamera-life.com\/de\/entry\/vol26\/#primaryimage","url":"https:\/\/www.panamera-life.com\/wp-content\/uploads\/2023\/08\/IMG_7281.jpeg","contentUrl":"https:\/\/www.panamera-life.com\/wp-content\/uploads\/2023\/08\/IMG_7281.jpeg","width":640,"height":360,"caption":"\u30dd\u30eb\u30b7\u30a7\u304c\u308f\u304c\u5bb6\u306b\u3084\u3063\u3066\u304d\u305f | \u30de\u30a4\u30af, \u30b9\u30de\u30fc\u30c8\u30d5\u30a9\u30f3, \u4eba, \u30e9\u30b8\u30aa\u756a\u7d44, \u30dd\u30c3\u30c9\u30ad\u30e3\u30b9\u30c8, \u30e9\u30a4\u30d6\u914d\u4fe1, PORSCHE"},{"@type":"BreadcrumbList","@id":"https:\/\/www.panamera-life.com\/de\/entry\/vol26\/#breadcrumb","itemListElement":[{"@type":"ListItem","position":1,"name":"\u30db\u30fc\u30e0","item":"https:\/\/www.panamera-life.com\/"},{"@type":"ListItem","position":2,"name":"\u3010Live-Zusammenfassung\u3011Vol.26: Porsche 981 oder 718 \u2013 Welche Wahl passt? Fakten zu EVs und die Faszination Taycan"}]},{"@type":"WebSite","@id":"https:\/\/www.panamera-life.com\/#website","url":"https:\/\/www.panamera-life.com\/","name":"\u30dd\u30eb\u30b7\u30a7\u304c\u308f\u304c\u5bb6\u306b\u3084\u3063\u3066\u304d\u305f - \u30aa\u30fc\u30ca\u30fc\u30ba\u30d6\u30ed\u30b0","description":"\u30dd\u30eb\u30b7\u30a7\u306b\u9b45\u4e86\u3055\u308c\u305f\u59bb\u304c\u66f8\u304f\u30dd\u30eb\u30b7\u30a7\u30d6\u30ed\u30b0\u3067\u3059\u3002\u6240\u6709\u3059\u308b\u30dd\u30eb\u30b7\u30a7 911\u30ab\u30ec\u30e9\uff08964\uff09\u3001911GT3\u3001\u30dc\u30af\u30b9\u30bf\u30fc\u3001\u30d1\u30ca\u30e1\u30fc\u30e9\u306e\u30ec\u30d3\u30e5\u30fc\u3084\u7dad\u6301\u8cbb\u3001\u30c4\u30fc\u30ea\u30f3\u30b0\u8a18\u306a\u3069\u3002\u30cb\u30e5\u30fc\u30b9\u8a18\u4e8b\u3067\u306f\u5206\u304b\u3089\u306a\u3044\u751f\u306e\u30dd\u30eb\u30b7\u30a7\u30aa\u30fc\u30ca\u30fc\u306e\u58f0\u3092\u5b9a\u671f\u914d\u4fe1\u3059\u308b\u30d6\u30ed\u30b0\u3067\u3059\u3002","publisher":{"@id":"https:\/\/www.panamera-life.com\/#organization"},"potentialAction":[{"@type":"SearchAction","target":{"@type":"EntryPoint","urlTemplate":"https:\/\/www.panamera-life.com\/?s={search_term_string}"},"query-input":{"@type":"PropertyValueSpecification","valueRequired":true,"valueName":"search_term_string"}}],"inLanguage":"de"},{"@type":"Organization","@id":"https:\/\/www.panamera-life.com\/#organization","name":"\u30dd\u30eb\u30b7\u30a7\u304c\u308f\u304c\u5bb6\u306b\u3084\u3063\u3066\u304d\u305f","url":"https:\/\/www.panamera-life.com\/","logo":{"@type":"ImageObject","inLanguage":"de","@id":"https:\/\/www.panamera-life.com\/#\/schema\/logo\/image\/","url":"https:\/\/www.panamera-life.com\/wp-content\/uploads\/2021\/05\/unnamed.jpg","contentUrl":"https:\/\/www.panamera-life.com\/wp-content\/uploads\/2021\/05\/unnamed.jpg","width":512,"height":512,"caption":"\u30dd\u30eb\u30b7\u30a7\u304c\u308f\u304c\u5bb6\u306b\u3084\u3063\u3066\u304d\u305f"},"image":{"@id":"https:\/\/www.panamera-life.com\/#\/schema\/logo\/image\/"},"sameAs":["https:\/\/www.facebook.com\/panameralife\/","https:\/\/x.com\/Mina_Panamera","https:\/\/www.instagram.com\/mina_porsche\/","https:\/\/www.youtube.com\/channel\/UCoyAW0ifcnk05Iryf7-bkhg"]}]}},"_links":{"self":[{"href":"https:\/\/www.panamera-life.com\/wp-json\/wp\/v2\/posts\/38381"}],"collection":[{"href":"https:\/\/www.panamera-life.com\/wp-json\/wp\/v2\/posts"}],"about":[{"href":"https:\/\/www.panamera-life.com\/wp-json\/wp\/v2\/types\/post"}],"replies":[{"embeddable":true,"href":"https:\/\/www.panamera-life.com\/wp-json\/wp\/v2\/comments?post=38381"}],"version-history":[{"count":0,"href":"https:\/\/www.panamera-life.com\/wp-json\/wp\/v2\/posts\/38381\/revisions"}],"wp:featuredmedia":[{"embeddable":true,"href":"https:\/\/www.panamera-life.com\/wp-json\/wp\/v2\/media\/31728"}],"wp:attachment":[{"href":"https:\/\/www.panamera-life.com\/wp-json\/wp\/v2\/media?parent=38381"}],"wp:term":[{"taxonomy":"category","embeddable":true,"href":"https:\/\/www.panamera-life.com\/wp-json\/wp\/v2\/categories?post=38381"},{"taxonomy":"post_tag","embeddable":true,"href":"https:\/\/www.panamera-life.com\/wp-json\/wp\/v2\/tags?post=38381"}],"curies":[{"name":"wp","href":"https:\/\/api.w.org\/{rel}","templated":true}]}}