{"id":38393,"date":"2024-01-29T06:03:16","date_gmt":"2024-01-28T21:03:16","guid":{"rendered":"https:\/\/www.panamera-life.com\/?p=38393"},"modified":"2024-01-29T08:13:16","modified_gmt":"2024-01-28T23:13:16","slug":"carrerat_taycan","status":"publish","type":"post","link":"https:\/\/www.panamera-life.com\/de\/entry\/carrerat_taycan\/","title":{"rendered":"Nach 8.000 km den Carrera T verkauft: Die Geschichte und mein n\u00e4chstes Traumauto"},"content":{"rendered":"<p>Letztes Jahr gegen Ende Dezember habe ich mich entschieden, meinen Porsche 911 Carrera T zu verkaufen.<\/p>\n<p><img loading=\"lazy\" decoding=\"async\" class=\"alignnone size-large wp-image-31918\" src=\"https:\/\/www.panamera-life.com\/wp-content\/uploads\/2023\/10\/IMG_3109-1280x960.jpeg\" alt=\"Porsche 911 Carrera T\" width=\"1280\" height=\"960\" \/><\/p>\n<p>Der Kilometerstand lag bei 8.000 km.<\/p>\n<p>Es war mein erster Porsche, den ich mit meinem eigenen Geld gekauft habe. Ich habe viel Wert auf die Ausstattung gelegt und das Fahrerlebnis war einfach gro\u00dfartig.<\/p>\n<p>Bis ich mich entschied, ihn abzugeben, habe ich lange \u00fcberlegt. Heute m\u00f6chte ich die Gr\u00fcnde daf\u00fcr und mein neues Traumauto mit euch teilen.<br \/>\n<div id=\"ez-toc-container\" class=\"ez-toc-v2_0_74 counter-hierarchy ez-toc-counter ez-toc-grey ez-toc-container-direction\">\n<div class=\"ez-toc-title-container\">\n<p class=\"ez-toc-title\" style=\"cursor:inherit\">\u30b3\u30f3\u30c6\u30f3\u30c4<\/p>\n<span class=\"ez-toc-title-toggle\"><\/span><\/div>\n<nav><ul class='ez-toc-list ez-toc-list-level-1 ' ><li class='ez-toc-page-1 ez-toc-heading-level-3'><a class=\"ez-toc-link ez-toc-heading-1\" href=\"https:\/\/www.panamera-life.com\/de\/entry\/carrerat_taycan\/#Verkauf_des_Carrera_T\" >Verkauf des Carrera T<\/a><\/li><li class='ez-toc-page-1 ez-toc-heading-level-3'><a class=\"ez-toc-link ez-toc-heading-2\" href=\"https:\/\/www.panamera-life.com\/de\/entry\/carrerat_taycan\/#Der_Taycan_4S_Cross_Turismo\" >Der Taycan 4S Cross Turismo<\/a><\/li><\/ul><\/nav><\/div>\n  <\/p>\n<h3 class=\"style3a\"><span class=\"ez-toc-section\" id=\"Verkauf_des_Carrera_T\"><\/span>Verkauf des Carrera T<span class=\"ez-toc-section-end\"><\/span><\/h3>\n<p>Der Carrera T war in puncto Fahrspa\u00df wirklich ein Spitzenfahrzeug \u2013 ein gro\u00dfartiges Auto.<br \/>\nAllerdings passte er nicht optimal zu meinen aktuellen Bed\u00fcrfnissen.<\/p>\n<p>Nach 8.000 km und einigen Anpassungen kam ich zu folgendem Fazit:<\/p>\n<p><strong>Ich fahre t\u00e4glich mit meinen drei Kindern, bringe sie zum Kindergarten, zu Arztterminen und zum Einkaufen.<\/strong><\/p>\n<p>Im Alltag, der sich meist im Umkreis von 5 Kilometern um unser Zuhause abspielt, gab es viele Herausforderungen: Parkplatzprobleme, die \u00dcbelkeit meiner Kinder w\u00e4hrend der Fahrt und das Risiko, mit dem Unterboden aufzusetzen.<\/p>\n<p>Nat\u00fcrlich ist es keineswegs unm\u00f6glich, den Carrera T im Alltag zu nutzen. Dass ein Sportwagen so alltagstauglich ist, finde ich wirklich beeindruckend.<\/p>\n<p>Dennoch ist es f\u00fcr mich als Vater von drei Kindern kaum machbar, den Carrera T als Hauptfahrzeug zu nutzen. Seit letztem Winter fahre ich daher immer \u00f6fter den GLB (wobei der Carrera T keinesfalls schlecht ist).<\/p>\n<p><img loading=\"lazy\" decoding=\"async\" class=\"alignnone size-large wp-image-31917\" src=\"https:\/\/www.panamera-life.com\/wp-content\/uploads\/2023\/10\/IMG_3110-1280x960.jpeg\" alt=\"Porsche Carrera T\" width=\"1280\" height=\"960\" \/><\/p>\n<p>Auf der Autobahn macht das Fahren mit dem Carrera T aber nach wie vor riesigen Spa\u00df, und allein mit dem Wagen unterwegs zu sein, ist f\u00fcr mich pure Entspannung.<\/p>\n<p>\u201e<strong>Ich m\u00f6chte den Carrera T eigentlich f\u00fcr immer behalten. Wenn ich ihn abgebe, werde ich es sicher bereuen. Aber im Alltag ist er einfach nicht ideal\u2026<\/strong>\u201c \u2013 so ging es mir oft.<\/p>\n<p>Allerdings habe ich den Carrera T nicht aus finanzieller \u00dcberfluss gekauft, sondern mit voller \u00dcberzeugung (ich habe zum Beispiel Geld aus meinen Investments gel\u00f6st, um die Anzahlung zu leisten\u2026 lach).<\/p>\n<p>Die monatliche Kreditrate von \u00fcber 2.000 Euro f\u00fcr ein Auto, das ich im Alltag kaum nutze, erschien mir zunehmend unrealistisch.<\/p>\n<p><strong>\u201eVielleicht sollte ich ihn wirklich verkaufen. Aber ich werde es bereuen, weil er so viel Freude macht.\u201c<\/strong><\/p>\n<p>Nach langem Hin und Her und dem Rat von Freunden, \u201eje fr\u00fcher, desto besser\u201c, habe ich mich schlie\u00dflich Ende des Jahres zum Verkauf des Carrera T entschlossen.  <\/p>\n<h3 class=\"style3a\"><span class=\"ez-toc-section\" id=\"Der_Taycan_4S_Cross_Turismo\"><\/span>Der Taycan 4S Cross Turismo<span class=\"ez-toc-section-end\"><\/span><\/h3>\n<p>Trotzdem wollte ich unbedingt weiterhin einen Porsche besitzen. Das ist mir sehr wichtig.<\/p>\n<p>Ich wei\u00df, das klingt vielleicht verr\u00fcckt, aber <strong>Porsche ist f\u00fcr mich mittlerweile nicht nur ein Auto, sondern ein Motivationsfaktor f\u00fcr meine Arbeit und ein Gl\u00fccksbringer.<\/strong><\/p>\n<p>Seit ich den Carrera T bestellt habe, bin ich motivierter, arbeite h\u00e4rter und mein Einkommen ist gestiegen (auch wenn noch Luft nach oben ist).<\/p>\n<p>Ich habe das Gef\u00fchl, dass sich auch mein berufliches Gl\u00fcck verbessert hat \u2013 und um diesen Flow zu halten, m\u00f6chte ich unbedingt einen Porsche behalten.<\/p>\n<p>Doch welches Modell passt am besten zu meinem aktuellen Lebensstil und ist zugleich alltagstauglich?<\/p>\n<p>Mein Mann und Freunde rieten mir oft: \u201e<strong>Der Taycan w\u00e4re doch ideal f\u00fcr dich.<\/strong>\u201c<\/p>\n<p class=\"well2\">\u201eF\u00fcr deine Nutzung ist der Taycan perfekt. Er f\u00e4hrt sich fantastisch, bietet viel Platz f\u00fcr die Kinder, und da du keine langen Strecken f\u00e4hrst, musst du dir wegen der Ladezeiten keine Sorgen machen.\u201c<\/p>\n<p>Der Taycan klingt gut, aber <strong>eigentlich mag ich den Panamera doch viel lieber.<\/strong><\/p>\n<p>Mein Einstieg in die Porsche-Welt war der Panamera, und egal welche Autos ich fahre, der Wunsch \u201eIch m\u00f6chte nochmal einen Panamera fahren\u201c begleitet mich immer.<\/p>\n<p>Also entschied ich mich:  <\/p>\n<p class=\"well2\">Mit einem Panamera Hybrid kann ich im Stadtverkehr rein elektrisch fahren, was sehr praktisch ist. Die Gr\u00f6\u00dfe ist zwar eine Herausforderung, aber ich muss nicht mehr so oft aufsetzen, die Kinder sitzen bequem, und f\u00fcr enge Parkpl\u00e4tze wie beim Arzt nutze ich den GLB. Also wird es ein Panamera!<\/p>\n<p>Mein H\u00e4ndler, Herr H., suchte f\u00fcr mich einen gebrauchten Panamera Hybrid und fand einen sehr gepflegten, sch\u00f6nen Panamera 4 e-Hybrid.<\/p>\n<p>Gemeinsam mit meinem Mann fuhren wir zum H\u00e4ndler, doch dort passierte das Unerwartete:<\/p>\n<p>Vor dem Laden stand ein eisgrauer Taycan 4S Cross Turismo, der mich auf Anhieb verzauberte und mein Herz im Sturm eroberte.<\/p>\n<p><img loading=\"lazy\" decoding=\"async\" class=\"alignnone size-large wp-image-32346\" src=\"https:\/\/www.panamera-life.com\/wp-content\/uploads\/2024\/01\/Snapseed-1280x960.jpeg\" alt=\"Taycan 4S Cross Turismo\" width=\"1280\" height=\"960\" \/><\/p>\n<p><img loading=\"lazy\" decoding=\"async\" class=\"alignnone size-large wp-image-32351\" src=\"https:\/\/www.panamera-life.com\/wp-content\/uploads\/2024\/01\/IMG_9930-1280x960.jpeg\" alt=\"Taycan 4S Cross Turismo\" width=\"1280\" height=\"960\" \/><\/p>\n<p>Auch als wir uns den Panamera im Hintergrund anschauten, konnte ich den Taycan vor dem Laden nicht vergessen.<\/p>\n<p>Nach reiflicher \u00dcberlegung entschied ich mich schlie\u00dflich f\u00fcr den Taycan.<\/p>\n<p>Eine echte \u00dcberraschung!<\/p>\n<p>Dadurch kann ich die monatliche Kreditrate deutlich senken (auch wenn der Wiederverkaufswert vermutlich nicht so gut sein wird) und gleichzeitig f\u00e4hrt die ganze Familie komfortabel mit.<\/p>\n<p>Meine Kinder waren begeistert, als sie auf der R\u00fcckbank des Taycan sa\u00dfen: \u201e<strong>Das beste Auto, in dem wir je gefahren sind! Die Sitze sind super bequem und tief, das f\u00fchlt sich richtig gut an!<\/strong>\u201c<\/p>\n<p>Seit dem Verkauf des Carrera T ist nun etwa ein Monat vergangen. Ich wollte erst schreiben, wenn ich eine neue Perspektive gefunden habe \u2013 deshalb jetzt.<\/p>\n<p>In Zukunft werde ich auch \u00fcber l\u00e4ngere Fahrten und die Ladeinfrastruktur des Taycan berichten.<\/p>\n<p>Zur Auslieferung, Ausstattung und ersten Eindr\u00fccken plane ich weitere Artikel.<\/p>\n","protected":false},"excerpt":{"rendered":"Letztes Jahr gegen Ende Dezember habe ich mich entschieden, meinen Porsche 911 Carrera T zu verkaufen. Der Kilometerstand lag bei 8.000 km. Es war mein erster Porsche, den ich mit meinem eigenen Geld gekauft habe. Ich habe viel Wert auf die Ausstattung gelegt und das Fahrerlebnis war einfach gro\u00dfartig. Bis ich mich entschied, ihn abzugeben, habe ich lange \u00fcberlegt. Heute m\u00f6chte ich die Gr\u00fcnde daf\u00fcr und mein neues Traumauto mit euch teilen. Verkauf des Carrera...","protected":false},"author":0,"featured_media":32350,"comment_status":"open","ping_status":"closed","sticky":false,"template":"","format":"standard","meta":{"footnotes":"","_locale":"de_DE","_original_post":"https:\/\/www.panamera-life.com\/?p=32337"},"categories":[62,2],"tags":[183,185],"yoast_head":"<title>Nach 8.000 km den Carrera T verkauft: Die Geschichte und mein n\u00e4chstes Traumauto - \u30dd\u30eb\u30b7\u30a7\u304c\u308f\u304c\u5bb6\u306b\u3084\u3063\u3066\u304d\u305f - \u30aa\u30fc\u30ca\u30fc\u30ba\u30d6\u30ed\u30b0<\/title>\n<meta name=\"description\" content=\"Nach 8.000 km den Porsche 911 Carrera T verkauft \u2013 hier erz\u00e4hle ich von meinen Erfahrungen, dem Verkauf und meinem neuen Porsche Taycan 4S Cross Turismo.\" \/>\n<meta name=\"robots\" content=\"index, follow, max-snippet:-1, max-image-preview:large, max-video-preview:-1\" \/>\n<link rel=\"canonical\" href=\"https:\/\/www.panamera-life.com\/de\/entry\/carrerat_taycan\/\" \/>\n<meta property=\"og:locale\" content=\"de_DE\" \/>\n<meta property=\"og:type\" content=\"article\" \/>\n<meta property=\"og:title\" content=\"Nach 8.000 km den Carrera T verkauft: Die Geschichte und mein n\u00e4chstes Traumauto - \u30dd\u30eb\u30b7\u30a7\u304c\u308f\u304c\u5bb6\u306b\u3084\u3063\u3066\u304d\u305f - \u30aa\u30fc\u30ca\u30fc\u30ba\u30d6\u30ed\u30b0\" \/>\n<meta property=\"og:description\" content=\"Nach 8.000 km den Porsche 911 Carrera T verkauft \u2013 hier erz\u00e4hle ich von meinen Erfahrungen, dem Verkauf und meinem neuen Porsche Taycan 4S Cross Turismo.\" \/>\n<meta property=\"og:url\" content=\"https:\/\/www.panamera-life.com\/de\/entry\/carrerat_taycan\/\" \/>\n<meta property=\"og:site_name\" content=\"\u30dd\u30eb\u30b7\u30a7\u304c\u308f\u304c\u5bb6\u306b\u3084\u3063\u3066\u304d\u305f - \u30aa\u30fc\u30ca\u30fc\u30ba\u30d6\u30ed\u30b0\" \/>\n<meta property=\"article:publisher\" content=\"https:\/\/www.facebook.com\/panameralife\/\" \/>\n<meta property=\"article:published_time\" content=\"2024-01-28T21:03:16+00:00\" \/>\n<meta property=\"article:modified_time\" content=\"2024-01-28T23:13:16+00:00\" \/>\n<meta property=\"og:image\" content=\"https:\/\/www.panamera-life.com\/wp-content\/uploads\/2024\/01\/IMG_4080.jpeg\" \/>\n\t<meta property=\"og:image:width\" content=\"2048\" \/>\n\t<meta property=\"og:image:height\" content=\"1536\" \/>\n\t<meta property=\"og:image:type\" content=\"image\/jpeg\" \/>\n<meta name=\"twitter:label1\" content=\"Gesch\u00e4tzte Lesezeit\" \/>\n\t<meta name=\"twitter:data1\" content=\"7\u00a0Minuten\" \/>","yoast_head_json":{"title":"Nach 8.000 km den Carrera T verkauft: Die Geschichte und mein n\u00e4chstes Traumauto - \u30dd\u30eb\u30b7\u30a7\u304c\u308f\u304c\u5bb6\u306b\u3084\u3063\u3066\u304d\u305f - \u30aa\u30fc\u30ca\u30fc\u30ba\u30d6\u30ed\u30b0","description":"Nach 8.000 km den Porsche 911 Carrera T verkauft \u2013 hier erz\u00e4hle ich von meinen Erfahrungen, dem Verkauf und meinem neuen Porsche Taycan 4S Cross Turismo.","robots":{"index":"index","follow":"follow","max-snippet":"max-snippet:-1","max-image-preview":"max-image-preview:large","max-video-preview":"max-video-preview:-1"},"canonical":"https:\/\/www.panamera-life.com\/de\/entry\/carrerat_taycan\/","og_locale":"de_DE","og_type":"article","og_title":"Nach 8.000 km den Carrera T verkauft: Die Geschichte und mein n\u00e4chstes Traumauto - \u30dd\u30eb\u30b7\u30a7\u304c\u308f\u304c\u5bb6\u306b\u3084\u3063\u3066\u304d\u305f - \u30aa\u30fc\u30ca\u30fc\u30ba\u30d6\u30ed\u30b0","og_description":"Nach 8.000 km den Porsche 911 Carrera T verkauft \u2013 hier erz\u00e4hle ich von meinen Erfahrungen, dem Verkauf und meinem neuen Porsche Taycan 4S Cross Turismo.","og_url":"https:\/\/www.panamera-life.com\/de\/entry\/carrerat_taycan\/","og_site_name":"\u30dd\u30eb\u30b7\u30a7\u304c\u308f\u304c\u5bb6\u306b\u3084\u3063\u3066\u304d\u305f - \u30aa\u30fc\u30ca\u30fc\u30ba\u30d6\u30ed\u30b0","article_publisher":"https:\/\/www.facebook.com\/panameralife\/","article_published_time":"2024-01-28T21:03:16+00:00","article_modified_time":"2024-01-28T23:13:16+00:00","og_image":[{"width":2048,"height":1536,"url":"https:\/\/www.panamera-life.com\/wp-content\/uploads\/2024\/01\/IMG_4080.jpeg","type":"image\/jpeg"}],"twitter_misc":{"Gesch\u00e4tzte Lesezeit":"7\u00a0Minuten"},"schema":{"@context":"https:\/\/schema.org","@graph":[{"@type":"Article","@id":"https:\/\/www.panamera-life.com\/de\/entry\/carrerat_taycan\/#article","isPartOf":{"@id":"https:\/\/www.panamera-life.com\/de\/entry\/carrerat_taycan\/"},"author":{"name":"","@id":""},"headline":"Nach 8.000 km den Carrera T verkauft: Die Geschichte und mein n\u00e4chstes Traumauto","datePublished":"2024-01-28T21:03:16+00:00","dateModified":"2024-01-28T23:13:16+00:00","mainEntityOfPage":{"@id":"https:\/\/www.panamera-life.com\/de\/entry\/carrerat_taycan\/"},"wordCount":863,"commentCount":0,"publisher":{"@id":"https:\/\/www.panamera-life.com\/#organization"},"image":{"@id":"https:\/\/www.panamera-life.com\/de\/entry\/carrerat_taycan\/#primaryimage"},"thumbnailUrl":"https:\/\/www.panamera-life.com\/wp-content\/uploads\/2024\/01\/IMG_4080.jpeg","keywords":["Porsche 911","Porsche Taycan"],"articleSection":["Porsche Taycan","Unser Auto\u2011Leben"],"inLanguage":"de","potentialAction":[{"@type":"CommentAction","name":"Comment","target":["https:\/\/www.panamera-life.com\/de\/entry\/carrerat_taycan\/#respond"]}]},{"@type":"WebPage","@id":"https:\/\/www.panamera-life.com\/de\/entry\/carrerat_taycan\/","url":"https:\/\/www.panamera-life.com\/de\/entry\/carrerat_taycan\/","name":"Nach 8.000 km den Carrera T verkauft: Die Geschichte und mein n\u00e4chstes Traumauto - \u30dd\u30eb\u30b7\u30a7\u304c\u308f\u304c\u5bb6\u306b\u3084\u3063\u3066\u304d\u305f - \u30aa\u30fc\u30ca\u30fc\u30ba\u30d6\u30ed\u30b0","isPartOf":{"@id":"https:\/\/www.panamera-life.com\/#website"},"primaryImageOfPage":{"@id":"https:\/\/www.panamera-life.com\/de\/entry\/carrerat_taycan\/#primaryimage"},"image":{"@id":"https:\/\/www.panamera-life.com\/de\/entry\/carrerat_taycan\/#primaryimage"},"thumbnailUrl":"https:\/\/www.panamera-life.com\/wp-content\/uploads\/2024\/01\/IMG_4080.jpeg","datePublished":"2024-01-28T21:03:16+00:00","dateModified":"2024-01-28T23:13:16+00:00","description":"Nach 8.000 km den Porsche 911 Carrera T verkauft \u2013 hier erz\u00e4hle ich von meinen Erfahrungen, dem Verkauf und meinem neuen Porsche Taycan 4S Cross Turismo.","breadcrumb":{"@id":"https:\/\/www.panamera-life.com\/de\/entry\/carrerat_taycan\/#breadcrumb"},"inLanguage":"de","potentialAction":[{"@type":"ReadAction","target":["https:\/\/www.panamera-life.com\/de\/entry\/carrerat_taycan\/"]}]},{"@type":"ImageObject","inLanguage":"de","@id":"https:\/\/www.panamera-life.com\/de\/entry\/carrerat_taycan\/#primaryimage","url":"https:\/\/www.panamera-life.com\/wp-content\/uploads\/2024\/01\/IMG_4080.jpeg","contentUrl":"https:\/\/www.panamera-life.com\/wp-content\/uploads\/2024\/01\/IMG_4080.jpeg","width":2048,"height":1536,"caption":"\u30bf\u30a4\u30ab\u30f34S\u30af\u30ed\u30b9\u30c4\u30fc\u30ea\u30b9\u30e2 | \u8eca, \u5145\u96fb\u5668, \u30c7\u30a3\u30b9\u30d7\u30ec\u30a4, \u30b7\u30e7\u30fc\u30eb\u30fc\u30e0, \u5c55\u793a\u4f1a, PORSCHE, Taycan"},{"@type":"BreadcrumbList","@id":"https:\/\/www.panamera-life.com\/de\/entry\/carrerat_taycan\/#breadcrumb","itemListElement":[{"@type":"ListItem","position":1,"name":"\u30db\u30fc\u30e0","item":"https:\/\/www.panamera-life.com\/"},{"@type":"ListItem","position":2,"name":"Nach 8.000 km den Carrera T verkauft: Die Geschichte und mein n\u00e4chstes Traumauto"}]},{"@type":"WebSite","@id":"https:\/\/www.panamera-life.com\/#website","url":"https:\/\/www.panamera-life.com\/","name":"\u30dd\u30eb\u30b7\u30a7\u304c\u308f\u304c\u5bb6\u306b\u3084\u3063\u3066\u304d\u305f - \u30aa\u30fc\u30ca\u30fc\u30ba\u30d6\u30ed\u30b0","description":"\u30dd\u30eb\u30b7\u30a7\u306b\u9b45\u4e86\u3055\u308c\u305f\u59bb\u304c\u66f8\u304f\u30dd\u30eb\u30b7\u30a7\u30d6\u30ed\u30b0\u3067\u3059\u3002\u6240\u6709\u3059\u308b\u30dd\u30eb\u30b7\u30a7 911\u30ab\u30ec\u30e9\uff08964\uff09\u3001911GT3\u3001\u30dc\u30af\u30b9\u30bf\u30fc\u3001\u30d1\u30ca\u30e1\u30fc\u30e9\u306e\u30ec\u30d3\u30e5\u30fc\u3084\u7dad\u6301\u8cbb\u3001\u30c4\u30fc\u30ea\u30f3\u30b0\u8a18\u306a\u3069\u3002\u30cb\u30e5\u30fc\u30b9\u8a18\u4e8b\u3067\u306f\u5206\u304b\u3089\u306a\u3044\u751f\u306e\u30dd\u30eb\u30b7\u30a7\u30aa\u30fc\u30ca\u30fc\u306e\u58f0\u3092\u5b9a\u671f\u914d\u4fe1\u3059\u308b\u30d6\u30ed\u30b0\u3067\u3059\u3002","publisher":{"@id":"https:\/\/www.panamera-life.com\/#organization"},"potentialAction":[{"@type":"SearchAction","target":{"@type":"EntryPoint","urlTemplate":"https:\/\/www.panamera-life.com\/?s={search_term_string}"},"query-input":{"@type":"PropertyValueSpecification","valueRequired":true,"valueName":"search_term_string"}}],"inLanguage":"de"},{"@type":"Organization","@id":"https:\/\/www.panamera-life.com\/#organization","name":"\u30dd\u30eb\u30b7\u30a7\u304c\u308f\u304c\u5bb6\u306b\u3084\u3063\u3066\u304d\u305f","url":"https:\/\/www.panamera-life.com\/","logo":{"@type":"ImageObject","inLanguage":"de","@id":"https:\/\/www.panamera-life.com\/#\/schema\/logo\/image\/","url":"https:\/\/www.panamera-life.com\/wp-content\/uploads\/2021\/05\/unnamed.jpg","contentUrl":"https:\/\/www.panamera-life.com\/wp-content\/uploads\/2021\/05\/unnamed.jpg","width":512,"height":512,"caption":"\u30dd\u30eb\u30b7\u30a7\u304c\u308f\u304c\u5bb6\u306b\u3084\u3063\u3066\u304d\u305f"},"image":{"@id":"https:\/\/www.panamera-life.com\/#\/schema\/logo\/image\/"},"sameAs":["https:\/\/www.facebook.com\/panameralife\/","https:\/\/x.com\/Mina_Panamera","https:\/\/www.instagram.com\/mina_porsche\/","https:\/\/www.youtube.com\/channel\/UCoyAW0ifcnk05Iryf7-bkhg"]}]}},"_links":{"self":[{"href":"https:\/\/www.panamera-life.com\/wp-json\/wp\/v2\/posts\/38393"}],"collection":[{"href":"https:\/\/www.panamera-life.com\/wp-json\/wp\/v2\/posts"}],"about":[{"href":"https:\/\/www.panamera-life.com\/wp-json\/wp\/v2\/types\/post"}],"replies":[{"embeddable":true,"href":"https:\/\/www.panamera-life.com\/wp-json\/wp\/v2\/comments?post=38393"}],"version-history":[{"count":0,"href":"https:\/\/www.panamera-life.com\/wp-json\/wp\/v2\/posts\/38393\/revisions"}],"wp:featuredmedia":[{"embeddable":true,"href":"https:\/\/www.panamera-life.com\/wp-json\/wp\/v2\/media\/32350"}],"wp:attachment":[{"href":"https:\/\/www.panamera-life.com\/wp-json\/wp\/v2\/media?parent=38393"}],"wp:term":[{"taxonomy":"category","embeddable":true,"href":"https:\/\/www.panamera-life.com\/wp-json\/wp\/v2\/categories?post=38393"},{"taxonomy":"post_tag","embeddable":true,"href":"https:\/\/www.panamera-life.com\/wp-json\/wp\/v2\/tags?post=38393"}],"curies":[{"name":"wp","href":"https:\/\/api.w.org\/{rel}","templated":true}]}}