{"id":38394,"date":"2024-01-24T06:00:46","date_gmt":"2024-01-23T21:00:46","guid":{"rendered":"https:\/\/www.panamera-life.com\/?p=38394"},"modified":"2024-01-23T21:04:59","modified_gmt":"2024-01-23T12:04:59","slug":"2024_carlife","status":"publish","type":"post","link":"https:\/\/www.panamera-life.com\/de\/entry\/2024_carlife\/","title":{"rendered":"Wie sich unsere Fahrzeugwahl ver\u00e4nderte: Fahrspa\u00df, Komfort oder Kompaktheit?"},"content":{"rendered":"<p><div id=\"ez-toc-container\" class=\"ez-toc-v2_0_74 counter-hierarchy ez-toc-counter ez-toc-grey ez-toc-container-direction\">\n<div class=\"ez-toc-title-container\">\n<p class=\"ez-toc-title\" style=\"cursor:inherit\">\u30b3\u30f3\u30c6\u30f3\u30c4<\/p>\n<span class=\"ez-toc-title-toggle\"><\/span><\/div>\n<nav><ul class='ez-toc-list ez-toc-list-level-1 ' ><li class='ez-toc-page-1 ez-toc-heading-level-3'><a class=\"ez-toc-link ez-toc-heading-1\" href=\"https:\/\/www.panamera-life.com\/de\/entry\/2024_carlife\/#Unsere_optimale_Fahrzeugwahl_im_Laufe_der_letzten_10_Jahre\" >Unsere optimale Fahrzeugwahl im Laufe der letzten 10 Jahre<\/a><\/li><li class='ez-toc-page-1 ez-toc-heading-level-3'><a class=\"ez-toc-link ez-toc-heading-2\" href=\"https:\/\/www.panamera-life.com\/de\/entry\/2024_carlife\/#Veraenderungen_in_meiner_Einstellung_zum_Auto\" >Ver\u00e4nderungen in meiner Einstellung zum Auto<\/a><\/li><li class='ez-toc-page-1 ez-toc-heading-level-3'><a class=\"ez-toc-link ez-toc-heading-3\" href=\"https:\/\/www.panamera-life.com\/de\/entry\/2024_carlife\/#Ein_auf_uns_zugeschnittenes_Auto-Leben\" >Ein auf uns zugeschnittenes Auto-Leben<\/a><\/li><\/ul><\/nav><\/div>\n<br \/>\nMit der Geburt und dem Aufwachsen unserer Kinder hat sich unser Auto-Leben stetig gewandelt.<\/p>\n<p>Bevor wir Kinder hatten, fuhren wir den Sportwagen meines Mannes aus seiner Singlezeit. Doch mit der Geburt und dem Wachstum der Kinder \u00e4nderten sich auch unsere Kriterien bei der Fahrzeugwahl immer weiter.<\/p>\n<p>Zudem beeinflussten Ver\u00e4nderungen in meiner Einstellung und Wertsch\u00e4tzung gegen\u00fcber Autos ma\u00dfgeblich unsere sp\u00e4tere Auswahl.<\/p>\n<p><strong>Die sich j\u00e4hrlich \u00e4ndernde Familiensituation und meine ver\u00e4nderten Werte f\u00fchrten zu einer passenden Fahrzeugwahl.<\/strong> Ehrlich gesagt wei\u00df ich nicht, was die perfekte oder optimale L\u00f6sung ist, aber in diesem Blog m\u00f6chte ich unsere Familien-Autoerfahrungen und die Entwicklung unserer Fahrzeugwahl teilen.<\/p>\n<h3 class=\"style3a\"><span class=\"ez-toc-section\" id=\"Unsere_optimale_Fahrzeugwahl_im_Laufe_der_letzten_10_Jahre\"><\/span>Unsere optimale Fahrzeugwahl im Laufe der letzten 10 Jahre<span class=\"ez-toc-section-end\"><\/span><\/h3>\n<p>Die grobe Entwicklung unserer Fahrzeugwahl in den letzten zehn Jahren l\u00e4sst sich wie folgt zusammenfassen:<\/p>\n<p>\u2460 Fokus auf \u201eFahrspa\u00df\u201c<br \/>\n\u2461 Fokus auf \u201e5-Sitzer mit gutem Komfort f\u00fcr Mitfahrer\u201c<br \/>\n\u2462 Fokus auf \u201eVielseitigkeit und Kompaktheit f\u00fcr alle Wege\u201c<br \/>\n\u2463 Fokus auf \u201eFahrspa\u00df und Komfort\u201c<br \/>\n\u2464 Kein Anspruch mehr, Fahrspa\u00df, Komfort und Kompaktheit in einem Fahrzeug zu vereinen \u2192 aktueller Stand<\/p>\n<p>Vor der Geburt unserer Kinder war ein zweit\u00fcriger Sportwagen mit Fahrspa\u00df v\u00f6llig ausreichend. Nach der Geburt \u2013 besonders da wir in einer Gegend wohnen, die weit vom Bahnhof entfernt ist und nur wenige Busverbindungen bietet \u2013 wurde ein viersitziges Auto notwendig.<\/p>\n<p>Mit der wachsenden Familie kamen weitere Anforderungen hinzu: <strong>\u201eviel Stauraum\u201c, \u201e5-Sitzer\u201c und \u201eKompaktheit\u201c<\/strong> wurden wichtige Kriterien bei der Fahrzeugwahl.<\/p>\n<p>In den ersten Jahren mussten wir fast w\u00f6chentlich zu verschiedenen Arztterminen \u2013 Hautarzt, Kinderarzt, HNO, Zahnarzt \u2013 und die Parkpl\u00e4tze dort sind meist eng.<\/p>\n<p>Auch das Bringen und Abholen vom Kindergarten, Eink\u00e4ufe im Supermarkt und generell \u201e<strong>mobil mit Kindern \u00fcberall hinzukommen<\/strong>\u201c waren entscheidend. Dennoch durfte der \u201e<strong>Fahrspa\u00df und die Zuverl\u00e4ssigkeit des Autos<\/strong>\u201c nicht fehlen. Damals fuhren wir unter anderem Volkswagen Golf, BMW 3er und Nissan NOTE e-POWER NISMO.<\/p>\n<p><img loading=\"lazy\" decoding=\"async\" class=\"alignnone size-full wp-image-32332\" src=\"https:\/\/www.panamera-life.com\/wp-content\/uploads\/2024\/01\/6FD5C2C5-E8A0-421E-B487-C6CFBE853DD0-1280x853-1.jpeg\" alt=\"Nissan NOTE\" width=\"1280\" height=\"853\" \/><\/p>\n<p>Mit zunehmendem Alter der Kinder wurden auch <strong>\u201eder Platz und Komfort auf der R\u00fcckbank\u201c<\/strong> sowie \u201eguter Fahrkomfort\u201c wichtiger (denn Kinder m\u00f6gen nun mal gr\u00f6\u00dfere Autos).<\/p>\n<p>F\u00fcr uns als Fahrer blieb aber der Anspruch an ein \u201e<strong>fahrfreudiges Auto<\/strong>\u201c bestehen. So fuhren wir eine Zeit lang den Cayenne e-Hybrid, der uns beim Probefahren sofort begeisterte.<\/p>\n<p>Der Cayenne bot viel Platz f\u00fcr f\u00fcnf Personen, auch der Beifahrersitz war gro\u00dfz\u00fcgig bemessen und sehr komfortabel. Zwei Koffer fanden problemlos Platz, die Federung war angenehm, die Beschleunigung des Hybridsystems f\u00fchlte sich kraftvoll an, ohne das Gewicht des Elektromotors zu sp\u00fcren \u2013 kurzum, ein rundum gelungenes Fahrerlebnis, doch\u2026<\/p>\n<p><img loading=\"lazy\" decoding=\"async\" class=\"alignnone size-full wp-image-32333\" src=\"https:\/\/www.panamera-life.com\/wp-content\/uploads\/2024\/01\/D4277E7F-D357-4A30-B14B-871335B8033C-1280x853-1.jpeg\" alt=\"Cayenne\" width=\"1280\" height=\"853\" \/><\/p>\n<p>\u2026die gro\u00dfe Fahrzeugbreite erschwerte weiterhin das Parken.<\/p>\n<p>Schlie\u00dflich kamen wir zu dem Schluss, dass man nicht alle Anspr\u00fcche \u2013 Fahrspa\u00df, Komfort und Kompaktheit \u2013 in einem einzigen Auto vereinen muss. Den Fahrspa\u00df genie\u00dfen wir mit dem Boxster oder 911 meines Mannes.<\/p>\n<p>Unsere Kriterien f\u00fcr das Familienauto lauteten daher: \u201emindestens 5 Sitze\u201c, \u201eangemessener Platz auf der R\u00fcckbank\u201c, \u201eausreichend Stauraum\u201c, \u201eschmale und kompakte Fahrzeugbreite\u201c sowie \u201egutes Fahrverhalten\u201c. So landeten wir beim Mercedes-Benz GLB.<\/p>\n<p><img loading=\"lazy\" decoding=\"async\" class=\"alignnone size-full wp-image-32334\" src=\"https:\/\/www.panamera-life.com\/wp-content\/uploads\/2024\/01\/BC739284-5165-46C5-964A-B3335579CF30-1280x853-1.jpeg\" alt=\"Mercedes-Benz GLB\" width=\"1280\" height=\"853\" \/><\/p>\n<p>Der GLB bietet bei Bedarf sogar sieben Sitzpl\u00e4tze, viel Stauraum, ist mit unter 1850 mm Fahrzeugbreite kompakt und f\u00e4hrt sich solide.<\/p>\n<p><strong>Familienfahrzeug ist der GLB, Fahrspa\u00df gibt es im 911 oder Boxster.<\/strong><\/p>\n<p>Das ist die aktuelle optimale L\u00f6sung f\u00fcr unsere Familie.<\/p>\n<h3 class=\"style3a\"><span class=\"ez-toc-section\" id=\"Veraenderungen_in_meiner_Einstellung_zum_Auto\"><\/span>Ver\u00e4nderungen in meiner Einstellung zum Auto<span class=\"ez-toc-section-end\"><\/span><\/h3>\n<p>Wie eingangs erw\u00e4hnt, hat sich neben dem Wachstum der Familie auch meine Einstellung zum Auto in den letzten zehn Jahren stark gewandelt.<\/p>\n<p>Als ich meinen Mann heiratete, hatte ich <strong>\u00fcberhaupt kein Interesse an Autos, war seit \u00fcber zehn Jahren Fahranf\u00e4ngerin ohne Praxis und h\u00e4tte mir niemals vorstellen k\u00f6nnen, jemals selbst Auto zu fahren oder zu besitzen<\/strong>.<\/p>\n<p>Egal wie oft mein Mann sagte: \u201e<strong>Wenn Kinder kommen, wirst du \u00f6fter fahren m\u00fcssen, also \u00fcbe besser jetzt schon!<\/strong>\u201c, ich antwortete stets: \u201eIch habe Angst, ich kann das nicht.\u201c und weigerte mich beharrlich.<\/p>\n<p>Autos unterschied ich kaum: Prius und Kleinwagen konnte ich auseinanderhalten, aber sonst sahen f\u00fcr mich alle gleich aus. (Damals verstand ich nicht einmal den Unterschied zwischen Mercedes-Benz C-Klasse und S-Klasse, haha.)<\/p>\n<p>Doch heute, zehn Jahre sp\u00e4ter, denke ich: \u201e<strong>Ein Auto ist nicht nur ein Fortbewegungsmittel, sondern bereichert mein Leben und motiviert mich, im Job mein Bestes zu geben.<\/strong>\u201c<\/p>\n<p><img loading=\"lazy\" decoding=\"async\" class=\"alignnone size-full wp-image-32335\" src=\"https:\/\/www.panamera-life.com\/wp-content\/uploads\/2024\/01\/IMG_2026-1280x854-1.jpeg\" alt=\"Porsche 911 Carrera T\" width=\"1280\" height=\"854\" \/><\/p>\n<p>Nat\u00fcrlich ist die monatliche Finanzierung eine Herausforderung, aber sie motiviert mich auch, im Beruf engagiert zu bleiben. Wenn ich nach einem anstrengenden Arbeitstag an mein Auto denke, das mich sicher nach Hause bringt, hebt das meine Stimmung und macht mich gl\u00fccklich.<\/p>\n<p>In diesem Sinne m\u00f6chte ich \u201e<strong>mir auch mal etwas g\u00f6nnen und ein Auto besitzen, das mich begeistert und meine Lebensfreude steigert.<\/strong>\u201c<\/p>\n<p>Dass ich mich von einer v\u00f6llig uninteressierten Person zu einer begeisterten Autofahrerin entwickelt habe, h\u00e4tte ich nie gedacht \u2013 das Leben h\u00e4lt eben \u00dcberraschungen bereit.<\/p>\n<h3 class=\"style3a\"><span class=\"ez-toc-section\" id=\"Ein_auf_uns_zugeschnittenes_Auto-Leben\"><\/span>Ein auf uns zugeschnittenes Auto-Leben<span class=\"ez-toc-section-end\"><\/span><\/h3>\n<p>Das Auto-Leben und die Fahrzeugwahl ver\u00e4ndern sich mit dem Wachstum der Familie und spiegeln unsere Werte und unseren Lebensstil wider.<\/p>\n<p>Mit dem \u00c4lterwerden der Kinder gewinnen nicht nur Fahrspa\u00df, sondern auch Komfort und Alltagstauglichkeit an Bedeutung. Gleichzeitig wird das Auto mehr als nur ein Fortbewegungsmittel: Es schafft Familienerinnerungen, unterst\u00fctzt den Alltag und ist ein wichtiger Partner auf dem Weg zu unseren Tr\u00e4umen und Zielen.<\/p>\n<p>Ich freue mich darauf, auch k\u00fcnftig die Ver\u00e4nderungen zu genie\u00dfen und ein Auto-Leben zu f\u00fchren, das perfekt zu uns passt.<\/p>\n","protected":false},"excerpt":{"rendered":"Mit der Geburt und dem Aufwachsen unserer Kinder hat sich unser Auto-Leben stetig gewandelt. Bevor wir Kinder hatten, fuhren wir den Sportwagen meines Mannes aus seiner Singlezeit. Doch mit der Geburt und dem Wachstum der Kinder \u00e4nderten sich auch unsere Kriterien bei der Fahrzeugwahl immer weiter. Zudem beeinflussten Ver\u00e4nderungen in meiner Einstellung und Wertsch\u00e4tzung gegen\u00fcber Autos ma\u00dfgeblich unsere sp\u00e4tere Auswahl. Die sich j\u00e4hrlich \u00e4ndernde Familiensituation und meine ver\u00e4nderten Werte f\u00fchrten zu einer passenden Fahrzeugwahl. Ehrlich...","protected":false},"author":0,"featured_media":32333,"comment_status":"open","ping_status":"closed","sticky":false,"template":"","format":"standard","meta":{"footnotes":"","_locale":"de_DE","_original_post":"https:\/\/www.panamera-life.com\/?p=32290"},"categories":[2],"tags":[183],"yoast_head":"<title>Wie sich unsere Fahrzeugwahl ver\u00e4nderte: Fahrspa\u00df, Komfort oder Kompaktheit? - \u30dd\u30eb\u30b7\u30a7\u304c\u308f\u304c\u5bb6\u306b\u3084\u3063\u3066\u304d\u305f - \u30aa\u30fc\u30ca\u30fc\u30ba\u30d6\u30ed\u30b0<\/title>\n<meta name=\"description\" content=\"Wie sich unsere Fahrzeugwahl mit Familie und Lebensstil \u00e4nderte \u2013 Fahrspa\u00df, Komfort und Kompaktheit f\u00fcr ein perfektes Porsche Fahrerlebnis.\" \/>\n<meta name=\"robots\" content=\"index, follow, max-snippet:-1, max-image-preview:large, max-video-preview:-1\" \/>\n<link rel=\"canonical\" href=\"https:\/\/www.panamera-life.com\/de\/entry\/2024_carlife\/\" \/>\n<meta property=\"og:locale\" content=\"de_DE\" \/>\n<meta property=\"og:type\" content=\"article\" \/>\n<meta property=\"og:title\" content=\"Wie sich unsere Fahrzeugwahl ver\u00e4nderte: Fahrspa\u00df, Komfort oder Kompaktheit? - \u30dd\u30eb\u30b7\u30a7\u304c\u308f\u304c\u5bb6\u306b\u3084\u3063\u3066\u304d\u305f - \u30aa\u30fc\u30ca\u30fc\u30ba\u30d6\u30ed\u30b0\" \/>\n<meta property=\"og:description\" content=\"Wie sich unsere Fahrzeugwahl mit Familie und Lebensstil \u00e4nderte \u2013 Fahrspa\u00df, Komfort und Kompaktheit f\u00fcr ein perfektes Porsche Fahrerlebnis.\" \/>\n<meta property=\"og:url\" content=\"https:\/\/www.panamera-life.com\/de\/entry\/2024_carlife\/\" \/>\n<meta property=\"og:site_name\" content=\"\u30dd\u30eb\u30b7\u30a7\u304c\u308f\u304c\u5bb6\u306b\u3084\u3063\u3066\u304d\u305f - \u30aa\u30fc\u30ca\u30fc\u30ba\u30d6\u30ed\u30b0\" \/>\n<meta property=\"article:publisher\" content=\"https:\/\/www.facebook.com\/panameralife\/\" \/>\n<meta property=\"article:published_time\" content=\"2024-01-23T21:00:46+00:00\" \/>\n<meta property=\"article:modified_time\" content=\"2024-01-23T12:04:59+00:00\" \/>\n<meta property=\"og:image\" content=\"https:\/\/www.panamera-life.com\/wp-content\/uploads\/2024\/01\/D4277E7F-D357-4A30-B14B-871335B8033C-1280x853-1.jpeg\" \/>\n\t<meta property=\"og:image:width\" content=\"1280\" \/>\n\t<meta property=\"og:image:height\" content=\"853\" \/>\n\t<meta property=\"og:image:type\" content=\"image\/jpeg\" \/>\n<meta name=\"twitter:label1\" content=\"Gesch\u00e4tzte Lesezeit\" \/>\n\t<meta name=\"twitter:data1\" content=\"7\u00a0Minuten\" \/>","yoast_head_json":{"title":"Wie sich unsere Fahrzeugwahl ver\u00e4nderte: Fahrspa\u00df, Komfort oder Kompaktheit? - \u30dd\u30eb\u30b7\u30a7\u304c\u308f\u304c\u5bb6\u306b\u3084\u3063\u3066\u304d\u305f - \u30aa\u30fc\u30ca\u30fc\u30ba\u30d6\u30ed\u30b0","description":"Wie sich unsere Fahrzeugwahl mit Familie und Lebensstil \u00e4nderte \u2013 Fahrspa\u00df, Komfort und Kompaktheit f\u00fcr ein perfektes Porsche Fahrerlebnis.","robots":{"index":"index","follow":"follow","max-snippet":"max-snippet:-1","max-image-preview":"max-image-preview:large","max-video-preview":"max-video-preview:-1"},"canonical":"https:\/\/www.panamera-life.com\/de\/entry\/2024_carlife\/","og_locale":"de_DE","og_type":"article","og_title":"Wie sich unsere Fahrzeugwahl ver\u00e4nderte: Fahrspa\u00df, Komfort oder Kompaktheit? - \u30dd\u30eb\u30b7\u30a7\u304c\u308f\u304c\u5bb6\u306b\u3084\u3063\u3066\u304d\u305f - \u30aa\u30fc\u30ca\u30fc\u30ba\u30d6\u30ed\u30b0","og_description":"Wie sich unsere Fahrzeugwahl mit Familie und Lebensstil \u00e4nderte \u2013 Fahrspa\u00df, Komfort und Kompaktheit f\u00fcr ein perfektes Porsche Fahrerlebnis.","og_url":"https:\/\/www.panamera-life.com\/de\/entry\/2024_carlife\/","og_site_name":"\u30dd\u30eb\u30b7\u30a7\u304c\u308f\u304c\u5bb6\u306b\u3084\u3063\u3066\u304d\u305f - \u30aa\u30fc\u30ca\u30fc\u30ba\u30d6\u30ed\u30b0","article_publisher":"https:\/\/www.facebook.com\/panameralife\/","article_published_time":"2024-01-23T21:00:46+00:00","article_modified_time":"2024-01-23T12:04:59+00:00","og_image":[{"width":1280,"height":853,"url":"https:\/\/www.panamera-life.com\/wp-content\/uploads\/2024\/01\/D4277E7F-D357-4A30-B14B-871335B8033C-1280x853-1.jpeg","type":"image\/jpeg"}],"twitter_misc":{"Gesch\u00e4tzte Lesezeit":"7\u00a0Minuten"},"schema":{"@context":"https:\/\/schema.org","@graph":[{"@type":"Article","@id":"https:\/\/www.panamera-life.com\/de\/entry\/2024_carlife\/#article","isPartOf":{"@id":"https:\/\/www.panamera-life.com\/de\/entry\/2024_carlife\/"},"author":{"name":"","@id":""},"headline":"Wie sich unsere Fahrzeugwahl ver\u00e4nderte: Fahrspa\u00df, Komfort oder Kompaktheit?","datePublished":"2024-01-23T21:00:46+00:00","dateModified":"2024-01-23T12:04:59+00:00","mainEntityOfPage":{"@id":"https:\/\/www.panamera-life.com\/de\/entry\/2024_carlife\/"},"wordCount":891,"commentCount":0,"publisher":{"@id":"https:\/\/www.panamera-life.com\/#organization"},"image":{"@id":"https:\/\/www.panamera-life.com\/de\/entry\/2024_carlife\/#primaryimage"},"thumbnailUrl":"https:\/\/www.panamera-life.com\/wp-content\/uploads\/2024\/01\/D4277E7F-D357-4A30-B14B-871335B8033C-1280x853-1.jpeg","keywords":["Porsche 911"],"articleSection":["Unser Auto\u2011Leben"],"inLanguage":"de","potentialAction":[{"@type":"CommentAction","name":"Comment","target":["https:\/\/www.panamera-life.com\/de\/entry\/2024_carlife\/#respond"]}]},{"@type":"WebPage","@id":"https:\/\/www.panamera-life.com\/de\/entry\/2024_carlife\/","url":"https:\/\/www.panamera-life.com\/de\/entry\/2024_carlife\/","name":"Wie sich unsere Fahrzeugwahl ver\u00e4nderte: Fahrspa\u00df, Komfort oder Kompaktheit? - \u30dd\u30eb\u30b7\u30a7\u304c\u308f\u304c\u5bb6\u306b\u3084\u3063\u3066\u304d\u305f - \u30aa\u30fc\u30ca\u30fc\u30ba\u30d6\u30ed\u30b0","isPartOf":{"@id":"https:\/\/www.panamera-life.com\/#website"},"primaryImageOfPage":{"@id":"https:\/\/www.panamera-life.com\/de\/entry\/2024_carlife\/#primaryimage"},"image":{"@id":"https:\/\/www.panamera-life.com\/de\/entry\/2024_carlife\/#primaryimage"},"thumbnailUrl":"https:\/\/www.panamera-life.com\/wp-content\/uploads\/2024\/01\/D4277E7F-D357-4A30-B14B-871335B8033C-1280x853-1.jpeg","datePublished":"2024-01-23T21:00:46+00:00","dateModified":"2024-01-23T12:04:59+00:00","description":"Wie sich unsere Fahrzeugwahl mit Familie und Lebensstil \u00e4nderte \u2013 Fahrspa\u00df, Komfort und Kompaktheit f\u00fcr ein perfektes Porsche Fahrerlebnis.","breadcrumb":{"@id":"https:\/\/www.panamera-life.com\/de\/entry\/2024_carlife\/#breadcrumb"},"inLanguage":"de","potentialAction":[{"@type":"ReadAction","target":["https:\/\/www.panamera-life.com\/de\/entry\/2024_carlife\/"]}]},{"@type":"ImageObject","inLanguage":"de","@id":"https:\/\/www.panamera-life.com\/de\/entry\/2024_carlife\/#primaryimage","url":"https:\/\/www.panamera-life.com\/wp-content\/uploads\/2024\/01\/D4277E7F-D357-4A30-B14B-871335B8033C-1280x853-1.jpeg","contentUrl":"https:\/\/www.panamera-life.com\/wp-content\/uploads\/2024\/01\/D4277E7F-D357-4A30-B14B-871335B8033C-1280x853-1.jpeg","width":1280,"height":853,"caption":"\u30ab\u30a4\u30a8\u30f3 | \u8eca, \u6728, \u9053\u8def, \u5c4b\u5916, \u81ea\u7136\u306e\u4e2d, PORSCHE, Cayenne"},{"@type":"BreadcrumbList","@id":"https:\/\/www.panamera-life.com\/de\/entry\/2024_carlife\/#breadcrumb","itemListElement":[{"@type":"ListItem","position":1,"name":"\u30db\u30fc\u30e0","item":"https:\/\/www.panamera-life.com\/"},{"@type":"ListItem","position":2,"name":"Wie sich unsere Fahrzeugwahl ver\u00e4nderte: Fahrspa\u00df, Komfort oder Kompaktheit?"}]},{"@type":"WebSite","@id":"https:\/\/www.panamera-life.com\/#website","url":"https:\/\/www.panamera-life.com\/","name":"\u30dd\u30eb\u30b7\u30a7\u304c\u308f\u304c\u5bb6\u306b\u3084\u3063\u3066\u304d\u305f - \u30aa\u30fc\u30ca\u30fc\u30ba\u30d6\u30ed\u30b0","description":"\u30dd\u30eb\u30b7\u30a7\u306b\u9b45\u4e86\u3055\u308c\u305f\u59bb\u304c\u66f8\u304f\u30dd\u30eb\u30b7\u30a7\u30d6\u30ed\u30b0\u3067\u3059\u3002\u6240\u6709\u3059\u308b\u30dd\u30eb\u30b7\u30a7 911\u30ab\u30ec\u30e9\uff08964\uff09\u3001911GT3\u3001\u30dc\u30af\u30b9\u30bf\u30fc\u3001\u30d1\u30ca\u30e1\u30fc\u30e9\u306e\u30ec\u30d3\u30e5\u30fc\u3084\u7dad\u6301\u8cbb\u3001\u30c4\u30fc\u30ea\u30f3\u30b0\u8a18\u306a\u3069\u3002\u30cb\u30e5\u30fc\u30b9\u8a18\u4e8b\u3067\u306f\u5206\u304b\u3089\u306a\u3044\u751f\u306e\u30dd\u30eb\u30b7\u30a7\u30aa\u30fc\u30ca\u30fc\u306e\u58f0\u3092\u5b9a\u671f\u914d\u4fe1\u3059\u308b\u30d6\u30ed\u30b0\u3067\u3059\u3002","publisher":{"@id":"https:\/\/www.panamera-life.com\/#organization"},"potentialAction":[{"@type":"SearchAction","target":{"@type":"EntryPoint","urlTemplate":"https:\/\/www.panamera-life.com\/?s={search_term_string}"},"query-input":{"@type":"PropertyValueSpecification","valueRequired":true,"valueName":"search_term_string"}}],"inLanguage":"de"},{"@type":"Organization","@id":"https:\/\/www.panamera-life.com\/#organization","name":"\u30dd\u30eb\u30b7\u30a7\u304c\u308f\u304c\u5bb6\u306b\u3084\u3063\u3066\u304d\u305f","url":"https:\/\/www.panamera-life.com\/","logo":{"@type":"ImageObject","inLanguage":"de","@id":"https:\/\/www.panamera-life.com\/#\/schema\/logo\/image\/","url":"https:\/\/www.panamera-life.com\/wp-content\/uploads\/2021\/05\/unnamed.jpg","contentUrl":"https:\/\/www.panamera-life.com\/wp-content\/uploads\/2021\/05\/unnamed.jpg","width":512,"height":512,"caption":"\u30dd\u30eb\u30b7\u30a7\u304c\u308f\u304c\u5bb6\u306b\u3084\u3063\u3066\u304d\u305f"},"image":{"@id":"https:\/\/www.panamera-life.com\/#\/schema\/logo\/image\/"},"sameAs":["https:\/\/www.facebook.com\/panameralife\/","https:\/\/x.com\/Mina_Panamera","https:\/\/www.instagram.com\/mina_porsche\/","https:\/\/www.youtube.com\/channel\/UCoyAW0ifcnk05Iryf7-bkhg"]}]}},"_links":{"self":[{"href":"https:\/\/www.panamera-life.com\/wp-json\/wp\/v2\/posts\/38394"}],"collection":[{"href":"https:\/\/www.panamera-life.com\/wp-json\/wp\/v2\/posts"}],"about":[{"href":"https:\/\/www.panamera-life.com\/wp-json\/wp\/v2\/types\/post"}],"replies":[{"embeddable":true,"href":"https:\/\/www.panamera-life.com\/wp-json\/wp\/v2\/comments?post=38394"}],"version-history":[{"count":0,"href":"https:\/\/www.panamera-life.com\/wp-json\/wp\/v2\/posts\/38394\/revisions"}],"wp:featuredmedia":[{"embeddable":true,"href":"https:\/\/www.panamera-life.com\/wp-json\/wp\/v2\/media\/32333"}],"wp:attachment":[{"href":"https:\/\/www.panamera-life.com\/wp-json\/wp\/v2\/media?parent=38394"}],"wp:term":[{"taxonomy":"category","embeddable":true,"href":"https:\/\/www.panamera-life.com\/wp-json\/wp\/v2\/categories?post=38394"},{"taxonomy":"post_tag","embeddable":true,"href":"https:\/\/www.panamera-life.com\/wp-json\/wp\/v2\/tags?post=38394"}],"curies":[{"name":"wp","href":"https:\/\/api.w.org\/{rel}","templated":true}]}}