{"id":38420,"date":"2018-07-22T09:55:00","date_gmt":"2018-07-22T00:55:00","guid":{"rendered":"https:\/\/www.panamera-life.com\/?p=38420"},"modified":"2019-09-21T14:40:11","modified_gmt":"2019-09-21T05:40:11","slug":"new-cayenne-debuitfair","status":"publish","type":"post","link":"https:\/\/www.panamera-life.com\/de\/entry\/new-cayenne-debuitfair\/","title":{"rendered":"Besuch auf der Porsche New Cayenne Deb\u00fctmesse \u2013 Eindr\u00fccke und Bilder vom neuen Modell"},"content":{"rendered":"<h3 class=\"style3a\">Besuch auf der New Cayenne Deb\u00fctmesse<\/h3>\n<p>Am 21. und 22. Juli fand im Porsche Zentrum die \u201eThe New Cayenne Deb\u00fctmesse\u201c statt, zu der wir per Einladungsschreiben eingeladen wurden. Also beschlossen wir, gestern gleich vorbeizuschauen. Wir \u00fcberlegten noch, wann der beste Zeitpunkt f\u00fcr einen Besuch w\u00e4re, doch als mein Mann mittags den H\u00e4ndler H-san anrief, sagte dieser: <strong>\u201eEs ist gerade extrem voll&#8230;!\u201c<\/strong> Offenbar war tags\u00fcber kaum ein Parkplatz zu finden.<\/p>\n<p>Da wir beide keine gro\u00dfen Menschenmengen, Warteschlangen oder hektische Situationen m\u00f6gen und zudem die Kinder mitgenommen hatten, wollten wir lieber warten, bis es etwas ruhiger wird. \u201eGegen 17 Uhr wird es bestimmt leerer\u201c, dachten wir uns und fuhren am sp\u00e4ten Nachmittag zum H\u00e4ndler.<\/p>\n<h3 class=\"style3a\">Der neue Cayenne S als Ausstellungsfahrzeug!<\/h3>\n<p>Als wir im Porsche Zentrum ankamen, waren trotz der sp\u00e4ten Stunde noch viele Besucher da. So ein gut besuchtes Porsche Zentrum habe ich selten gesehen, das war schon beeindruckend. Drinnen entdeckten wir in der Mitte den Ausstellungswagen des <strong>neuen Cayenne S<\/strong> in schwarzer Lackierung. Von vorne betrachtet sind die Unterschiede zum aktuellen Modell kaum zu erkennen.<\/p>\n<p><img loading=\"lazy\" decoding=\"async\" class=\"alignnone wp-image-3793 size-large\" src=\"https:\/\/www.panamera-life.com\/wp-content\/uploads\/2018\/07\/IMG_7051-800x600.jpg\" alt=\"\" width=\"800\" height=\"600\" \/><\/p>\n<p>Von der Seite f\u00e4llt vor allem das <strong>neue Design im Bereich der R\u00fcckleuchten<\/strong> auf. In vielen Autoportalen wird erw\u00e4hnt, dass das Heckdesign stark an den neuen Panamera erinnert \u2013 und tats\u00e4chlich wirkt der Lichtbereich fast wie beim Panamera. Oder besser gesagt: <strong>Von der Seite sieht der Cayenne aus wie ein h\u00f6hergelegter Panamera Sport Turismo.<\/strong><\/p>\n<p><img loading=\"lazy\" decoding=\"async\" class=\"alignnone wp-image-3794 size-large\" src=\"https:\/\/www.panamera-life.com\/wp-content\/uploads\/2018\/07\/IMG_7032-800x600.jpg\" alt=\"\" width=\"800\" height=\"600\" \/><\/p>\n<p>Das Heck zeigt die charakteristische durchgehende Leuchte, die seit dem neuen Panamera zum Design geh\u00f6rt. Im Vergleich zum Vorg\u00e4ngermodell wirkt der neue Cayenne <strong>sportlicher und dynamischer<\/strong>. Insgesamt wirkt die Form etwas kantiger \u2013 vielleicht liegt das am schwarzen Lack. In Wei\u00df oder Rot d\u00fcrfte der Eindruck anders sein.<\/p>\n<p><img loading=\"lazy\" decoding=\"async\" class=\"alignnone wp-image-3798 size-large\" src=\"https:\/\/www.panamera-life.com\/wp-content\/uploads\/2018\/07\/IMG_7031-800x600.jpg\" alt=\"\" width=\"800\" height=\"600\" \/><\/p>\n<p>Wir stiegen ein: Die T\u00fcren schlie\u00dfen angenehm, weder zu schwer noch zu leicht, und sitzen satt im Rahmen. Irgendwie wirken die T\u00fcren des Panamera etwas schwerer \u2013 vielleicht wegen der optionalen Soft-Close-Funktion. Der Fahrerplatz sieht so aus:<\/p>\n<p><img loading=\"lazy\" decoding=\"async\" class=\"alignnone wp-image-3799 size-large\" src=\"https:\/\/www.panamera-life.com\/wp-content\/uploads\/2018\/07\/IMG_7035-800x600.jpg\" alt=\"\" width=\"800\" height=\"600\" \/><\/p>\n<p>Sportlich und stylisch. Seit dem neuen Panamera (der ja schon seit 2017 auf dem Markt ist) sind die Touchscreens gr\u00f6\u00dfer geworden, und auch die Mittelkonsole wirkt moderner. Auf dem Foto ist der Motor aus, daher sind die Displays schwarz, aber beim Start leuchten die Symbole rot auf.<\/p>\n<p>Mir fiel ein Griff an beiden Seiten der Mittelkonsole auf. Mein Mann erkl\u00e4rte: <strong>\u201eDer ist daf\u00fcr da, dass man sich bei Offroad-Fahrten oder starken Fahrzeugbewegungen festhalten kann.\u201c<\/strong><\/p>\n<p><span style=\"font-size: 14pt;\">Ah, das wusste ich nicht \u2013 eine praktische und durchdachte L\u00f6sung!<\/span><span style=\"font-size: 8pt;\"> (Oder ist das bei SUVs Standard?)<\/span> Die Cupholder und das Ablagefach sind so gestaltet:<\/p>\n<p><img loading=\"lazy\" decoding=\"async\" class=\"alignnone wp-image-3800 size-large\" src=\"https:\/\/www.panamera-life.com\/wp-content\/uploads\/2018\/07\/IMG_7037-800x600.jpg\" alt=\"\" width=\"800\" height=\"600\" \/><\/p>\n<p>Die beiden Cupholder sind quer angeordnet, was die Nutzung f\u00fcr Fahrer und Beifahrer erleichtert. <span style=\"font-size: 8pt;\">(Beim Panamera sind sie l\u00e4ngs angeordnet.)<\/span> Das Ablagefach ist tief und bietet viel Stauraum. Die Sitze sehen so aus:<\/p>\n<p><img loading=\"lazy\" decoding=\"async\" class=\"alignnone wp-image-3801 size-large\" src=\"https:\/\/www.panamera-life.com\/wp-content\/uploads\/2018\/07\/IMG_7042-600x800.jpg\" alt=\"\" width=\"600\" height=\"800\" \/><\/p>\n<p>Der Sitzkomfort ist sehr angenehm und verspricht eine entspannte Fahrt. Pers\u00f6nlich finde ich, dass <strong>zu sportliche Sitze schnell erm\u00fcden lassen, w\u00e4hrend luxuri\u00f6se Sitze nicht die richtige Fahrmotivation bieten.<\/strong> Die Sitze im Cayenne sind f\u00fcr mich genau richtig. Nun zum Fond:<\/p>\n<p><img loading=\"lazy\" decoding=\"async\" class=\"alignnone wp-image-3802 size-large\" src=\"https:\/\/www.panamera-life.com\/wp-content\/uploads\/2018\/07\/IMG_7048-800x600.jpg\" alt=\"\" width=\"800\" height=\"600\" \/><\/p>\n<p>Von hinten betrachtet ist die Sicht nach vorne sehr offen. Ich bin knapp 1,60 m gro\u00df <span style=\"font-size: 8pt;\">(zumindest sch\u00e4tze ich das, habe es lange nicht gemessen)<\/span> und fand den Fond sehr ger\u00e4umig. <strong>Auch auf l\u00e4ngeren Fahrten d\u00fcrfte man hier bequem sitzen.<\/strong> Aber gibt es \u00fcberhaupt SUVs, in denen 1,60 m gro\u00dfe Personen im Fond nicht bequem sitzen k\u00f6nnen? Die R\u00fcckenlehne ist weder zu aufrecht noch zu weit zur\u00fcckgelehnt \u2013 genau richtig.<\/p>\n<p>Beim Einsteigen fiel mir auf, dass <strong>die erh\u00f6hte Sitzposition das Fahren deutlich erleichtert.<\/strong> Mit einer Breite von 1983 mm ist der Cayenne zwar breiter als der Panamera, aber das Handling d\u00fcrfte trotzdem einfacher sein. W\u00e4hrend ich so \u00fcber die Preise nachdachte, sah ich auf der Preisliste:<\/p>\n<p><img loading=\"lazy\" decoding=\"async\" class=\"alignnone wp-image-3803 size-large\" src=\"https:\/\/www.panamera-life.com\/wp-content\/uploads\/2018\/07\/IMG_7050-800x600.jpg\" alt=\"\" width=\"800\" height=\"600\" \/><\/p>\n<p><span style=\"font-size: 18pt;\">Ab 20.058.375 Yen (ca. 160.000 Euro) (\uff1b\uff9f\u0414\uff9f)!!<\/span><\/p>\n<p class=\"well2\">Basispreis: 12.880.000 Yen (inkl. MwSt.) + Optionen 5.234.000 Yen (inkl. MwSt.) + Zulassungskosten 484.770 Yen = Gesamt 18.598.770 Yen (inkl. MwSt.)<\/p>\n<p>Bei Finanzierung wird der Gesamtbetrag auf etwa 20 Millionen Yen angegeben.<\/p>\n<p><span style=\"font-size: 14pt;\">Wow, das ist teuer!<\/span><\/p>\n<p>Als ich meinem Mann sagte: \u201eDer Cayenne ist ja richtig teuer (\uff1b\uff9f\u0414\uff9f)\u201c, antwortete er:<\/p>\n<p class=\"well2\">\u201eJa, bei uns sind viele Optionen drin, deshalb der hohe Preis. Wenn man auf Hierarchie achtet, kann man nat\u00fcrlich auch S oder Turbo w\u00e4hlen. Aber rein von der Fahrzeugleistung her ist der normale Cayenne schon sehr schnell und f\u00fcr Japan v\u00f6llig ausreichend. Ich w\u00fcrde den normalen nehmen.\u201c<\/p>\n<p>Tats\u00e4chlich hatten wir fr\u00fcher einen Panamera, weder Turbo noch S, sondern die \u201ePanamera Edition\u201c, und <strong>selbst der normale Panamera bot mehr als genug Leistung.<\/strong> Hier ist die Konfiguration, die mein Mann bevorzugen w\u00fcrde:<\/p>\n<p class=\"well2\"><strong><a href=\"https:\/\/www.panamera-life.com\/entry\/2018\/04\/20\/\" target=\"_blank\" rel=\"noopener\">\u2192\u3010Referenzartikel\u3011So sollte man den neuen Cayenne konfigurieren \u2013 Konfigurator-Angebot \u00fcber 12 Millionen Yen<\/a><\/strong><\/p>\n<p>Zum Abschied bekamen wir als Werbegeschenk eine praktische Storage Carry Box. Die Porsche-Giveaways sind immer hochwertig <span style=\"font-size: 8pt;\">(fr\u00fcher gab es z.B. Kaffeetassen oder Tragetaschen)<\/span> und eignen sich gut, um Autozubeh\u00f6r zu transportieren. Vielen Dank!<\/p>\n<p><img loading=\"lazy\" decoding=\"async\" class=\"alignnone wp-image-3804 size-large\" src=\"https:\/\/www.panamera-life.com\/wp-content\/uploads\/2018\/07\/IMG_7068-800x600.jpg\" alt=\"\" width=\"800\" height=\"600\" \/><\/p>\n<p>Au\u00dferdem gibt es im Porsche Zentrum seit Kurzem einen kleinen Kinderspielbereich, was sehr praktisch war, da wir die Kinder kurz dort spielen lassen konnten. Als Premium-H\u00e4ndler ist es wohl wichtig, dass der Spielbereich dezent bleibt \u2013 genau richtig so.<\/p>\n<p><img loading=\"lazy\" decoding=\"async\" class=\"alignnone wp-image-3805 size-large\" src=\"https:\/\/www.panamera-life.com\/wp-content\/uploads\/2018\/07\/IMG_7065-800x600.jpg\" alt=\"\" width=\"800\" height=\"600\" \/><\/p>\n<p>Da es zum neuen Cayenne bisher noch wenige Testberichte gibt und weitere Informationen erst nach und nach ver\u00f6ffentlicht werden, empfehle ich allen Interessierten, sich unseren fr\u00fcheren Artikel anzusehen, in dem wir Innenraum, Optionen, Ausstattung und erste Fahreindr\u00fccke zusammengefasst haben:<\/p>\n<p class=\"well2\"><strong><a href=\"https:\/\/www.panamera-life.com\/entry\/about-the-new-porsche-cayenne\/\" target=\"_blank\" rel=\"noopener\">\u2192\u3010Referenzartikel\u3011\uff1aNeuer Cayenne ab 21. Juli in Japan \u2013 Testberichte und Videos im \u00dcberblick<\/a><\/strong><\/p>\n","protected":false},"excerpt":{"rendered":"Besuch auf der New Cayenne Deb\u00fctmesse Am 21. und 22. Juli fand im Porsche Zentrum die \u201eThe New Cayenne Deb\u00fctmesse\u201c statt, zu der wir per Einladungsschreiben eingeladen wurden. Also beschlossen wir, gestern gleich vorbeizuschauen. Wir \u00fcberlegten noch, wann der beste Zeitpunkt f\u00fcr einen Besuch w\u00e4re, doch als mein Mann mittags den H\u00e4ndler H-san anrief, sagte dieser: \u201eEs ist gerade extrem voll&#8230;!\u201c Offenbar war tags\u00fcber kaum ein Parkplatz zu finden. Da wir beide keine gro\u00dfen Menschenmengen,...","protected":false},"author":0,"featured_media":3793,"comment_status":"open","ping_status":"open","sticky":false,"template":"","format":"standard","meta":{"footnotes":"","_locale":"de_DE","_original_post":"https:\/\/www.panamera-life.com\/?p=3792"},"categories":[43],"tags":[189],"yoast_head":"<title>Besuch auf der Porsche New Cayenne Deb\u00fctmesse \u2013 Eindr\u00fccke und Bilder vom neuen Modell - \u30dd\u30eb\u30b7\u30a7\u304c\u308f\u304c\u5bb6\u306b\u3084\u3063\u3066\u304d\u305f - \u30aa\u30fc\u30ca\u30fc\u30ba\u30d6\u30ed\u30b0<\/title>\n<meta name=\"description\" content=\"Erleben Sie das Porsche Fahrerlebnis mit dem neuen Cayenne: Eindr\u00fccke, Ausstattung und Tipps zum Porsche kaufen f\u00fcr zuk\u00fcnftige Porsche Besitzer.\" \/>\n<meta name=\"robots\" content=\"index, follow, max-snippet:-1, max-image-preview:large, max-video-preview:-1\" \/>\n<link rel=\"canonical\" href=\"https:\/\/www.panamera-life.com\/de\/entry\/new-cayenne-debuitfair\/\" \/>\n<meta property=\"og:locale\" content=\"de_DE\" \/>\n<meta property=\"og:type\" content=\"article\" \/>\n<meta property=\"og:title\" content=\"Besuch auf der Porsche New Cayenne Deb\u00fctmesse \u2013 Eindr\u00fccke und Bilder vom neuen Modell - \u30dd\u30eb\u30b7\u30a7\u304c\u308f\u304c\u5bb6\u306b\u3084\u3063\u3066\u304d\u305f - \u30aa\u30fc\u30ca\u30fc\u30ba\u30d6\u30ed\u30b0\" \/>\n<meta property=\"og:description\" content=\"Erleben Sie das Porsche Fahrerlebnis mit dem neuen Cayenne: Eindr\u00fccke, Ausstattung und Tipps zum Porsche kaufen f\u00fcr zuk\u00fcnftige Porsche Besitzer.\" \/>\n<meta property=\"og:url\" content=\"https:\/\/www.panamera-life.com\/de\/entry\/new-cayenne-debuitfair\/\" \/>\n<meta property=\"og:site_name\" content=\"\u30dd\u30eb\u30b7\u30a7\u304c\u308f\u304c\u5bb6\u306b\u3084\u3063\u3066\u304d\u305f - \u30aa\u30fc\u30ca\u30fc\u30ba\u30d6\u30ed\u30b0\" \/>\n<meta property=\"article:publisher\" content=\"https:\/\/www.facebook.com\/panameralife\/\" \/>\n<meta property=\"article:published_time\" content=\"2018-07-22T00:55:00+00:00\" \/>\n<meta property=\"article:modified_time\" content=\"2019-09-21T05:40:11+00:00\" \/>\n<meta property=\"og:image\" content=\"https:\/\/www.panamera-life.com\/wp-content\/uploads\/2018\/07\/IMG_7051.jpg\" \/>\n\t<meta property=\"og:image:width\" content=\"1200\" \/>\n\t<meta property=\"og:image:height\" content=\"900\" \/>\n\t<meta property=\"og:image:type\" content=\"image\/jpeg\" \/>\n<meta name=\"twitter:label1\" content=\"Gesch\u00e4tzte Lesezeit\" \/>\n\t<meta name=\"twitter:data1\" content=\"5\u00a0Minuten\" \/>","yoast_head_json":{"title":"Besuch auf der Porsche New Cayenne Deb\u00fctmesse \u2013 Eindr\u00fccke und Bilder vom neuen Modell - \u30dd\u30eb\u30b7\u30a7\u304c\u308f\u304c\u5bb6\u306b\u3084\u3063\u3066\u304d\u305f - \u30aa\u30fc\u30ca\u30fc\u30ba\u30d6\u30ed\u30b0","description":"Erleben Sie das Porsche Fahrerlebnis mit dem neuen Cayenne: Eindr\u00fccke, Ausstattung und Tipps zum Porsche kaufen f\u00fcr zuk\u00fcnftige Porsche Besitzer.","robots":{"index":"index","follow":"follow","max-snippet":"max-snippet:-1","max-image-preview":"max-image-preview:large","max-video-preview":"max-video-preview:-1"},"canonical":"https:\/\/www.panamera-life.com\/de\/entry\/new-cayenne-debuitfair\/","og_locale":"de_DE","og_type":"article","og_title":"Besuch auf der Porsche New Cayenne Deb\u00fctmesse \u2013 Eindr\u00fccke und Bilder vom neuen Modell - \u30dd\u30eb\u30b7\u30a7\u304c\u308f\u304c\u5bb6\u306b\u3084\u3063\u3066\u304d\u305f - \u30aa\u30fc\u30ca\u30fc\u30ba\u30d6\u30ed\u30b0","og_description":"Erleben Sie das Porsche Fahrerlebnis mit dem neuen Cayenne: Eindr\u00fccke, Ausstattung und Tipps zum Porsche kaufen f\u00fcr zuk\u00fcnftige Porsche Besitzer.","og_url":"https:\/\/www.panamera-life.com\/de\/entry\/new-cayenne-debuitfair\/","og_site_name":"\u30dd\u30eb\u30b7\u30a7\u304c\u308f\u304c\u5bb6\u306b\u3084\u3063\u3066\u304d\u305f - \u30aa\u30fc\u30ca\u30fc\u30ba\u30d6\u30ed\u30b0","article_publisher":"https:\/\/www.facebook.com\/panameralife\/","article_published_time":"2018-07-22T00:55:00+00:00","article_modified_time":"2019-09-21T05:40:11+00:00","og_image":[{"width":1200,"height":900,"url":"https:\/\/www.panamera-life.com\/wp-content\/uploads\/2018\/07\/IMG_7051.jpg","type":"image\/jpeg"}],"twitter_misc":{"Gesch\u00e4tzte Lesezeit":"5\u00a0Minuten"},"schema":{"@context":"https:\/\/schema.org","@graph":[{"@type":"Article","@id":"https:\/\/www.panamera-life.com\/de\/entry\/new-cayenne-debuitfair\/#article","isPartOf":{"@id":"https:\/\/www.panamera-life.com\/de\/entry\/new-cayenne-debuitfair\/"},"author":{"name":"","@id":""},"headline":"Besuch auf der Porsche New Cayenne Deb\u00fctmesse \u2013 Eindr\u00fccke und Bilder vom neuen Modell","datePublished":"2018-07-22T00:55:00+00:00","dateModified":"2019-09-21T05:40:11+00:00","mainEntityOfPage":{"@id":"https:\/\/www.panamera-life.com\/de\/entry\/new-cayenne-debuitfair\/"},"wordCount":930,"commentCount":0,"publisher":{"@id":"https:\/\/www.panamera-life.com\/#organization"},"image":{"@id":"https:\/\/www.panamera-life.com\/de\/entry\/new-cayenne-debuitfair\/#primaryimage"},"thumbnailUrl":"https:\/\/www.panamera-life.com\/wp-content\/uploads\/2018\/07\/IMG_7051.jpg","keywords":["Porsche Cayenne"],"articleSection":["Porsche Cayenne"],"inLanguage":"de","potentialAction":[{"@type":"CommentAction","name":"Comment","target":["https:\/\/www.panamera-life.com\/de\/entry\/new-cayenne-debuitfair\/#respond"]}]},{"@type":"WebPage","@id":"https:\/\/www.panamera-life.com\/de\/entry\/new-cayenne-debuitfair\/","url":"https:\/\/www.panamera-life.com\/de\/entry\/new-cayenne-debuitfair\/","name":"Besuch auf der Porsche New Cayenne Deb\u00fctmesse \u2013 Eindr\u00fccke und Bilder vom neuen Modell - \u30dd\u30eb\u30b7\u30a7\u304c\u308f\u304c\u5bb6\u306b\u3084\u3063\u3066\u304d\u305f - \u30aa\u30fc\u30ca\u30fc\u30ba\u30d6\u30ed\u30b0","isPartOf":{"@id":"https:\/\/www.panamera-life.com\/#website"},"primaryImageOfPage":{"@id":"https:\/\/www.panamera-life.com\/de\/entry\/new-cayenne-debuitfair\/#primaryimage"},"image":{"@id":"https:\/\/www.panamera-life.com\/de\/entry\/new-cayenne-debuitfair\/#primaryimage"},"thumbnailUrl":"https:\/\/www.panamera-life.com\/wp-content\/uploads\/2018\/07\/IMG_7051.jpg","datePublished":"2018-07-22T00:55:00+00:00","dateModified":"2019-09-21T05:40:11+00:00","description":"Erleben Sie das Porsche Fahrerlebnis mit dem neuen Cayenne: Eindr\u00fccke, Ausstattung und Tipps zum Porsche kaufen f\u00fcr zuk\u00fcnftige Porsche Besitzer.","breadcrumb":{"@id":"https:\/\/www.panamera-life.com\/de\/entry\/new-cayenne-debuitfair\/#breadcrumb"},"inLanguage":"de","potentialAction":[{"@type":"ReadAction","target":["https:\/\/www.panamera-life.com\/de\/entry\/new-cayenne-debuitfair\/"]}]},{"@type":"ImageObject","inLanguage":"de","@id":"https:\/\/www.panamera-life.com\/de\/entry\/new-cayenne-debuitfair\/#primaryimage","url":"https:\/\/www.panamera-life.com\/wp-content\/uploads\/2018\/07\/IMG_7051.jpg","contentUrl":"https:\/\/www.panamera-life.com\/wp-content\/uploads\/2018\/07\/IMG_7051.jpg","width":1200,"height":900,"caption":"\u30dd\u30eb\u30b7\u30a7\u65b0\u578b\u30ab\u30a4\u30a8\u30f3"},{"@type":"BreadcrumbList","@id":"https:\/\/www.panamera-life.com\/de\/entry\/new-cayenne-debuitfair\/#breadcrumb","itemListElement":[{"@type":"ListItem","position":1,"name":"\u30db\u30fc\u30e0","item":"https:\/\/www.panamera-life.com\/"},{"@type":"ListItem","position":2,"name":"Besuch auf der Porsche New Cayenne Deb\u00fctmesse \u2013 Eindr\u00fccke und Bilder vom neuen Modell"}]},{"@type":"WebSite","@id":"https:\/\/www.panamera-life.com\/#website","url":"https:\/\/www.panamera-life.com\/","name":"\u30dd\u30eb\u30b7\u30a7\u304c\u308f\u304c\u5bb6\u306b\u3084\u3063\u3066\u304d\u305f - \u30aa\u30fc\u30ca\u30fc\u30ba\u30d6\u30ed\u30b0","description":"\u30dd\u30eb\u30b7\u30a7\u306b\u9b45\u4e86\u3055\u308c\u305f\u59bb\u304c\u66f8\u304f\u30dd\u30eb\u30b7\u30a7\u30d6\u30ed\u30b0\u3067\u3059\u3002\u6240\u6709\u3059\u308b\u30dd\u30eb\u30b7\u30a7 911\u30ab\u30ec\u30e9\uff08964\uff09\u3001911GT3\u3001\u30dc\u30af\u30b9\u30bf\u30fc\u3001\u30d1\u30ca\u30e1\u30fc\u30e9\u306e\u30ec\u30d3\u30e5\u30fc\u3084\u7dad\u6301\u8cbb\u3001\u30c4\u30fc\u30ea\u30f3\u30b0\u8a18\u306a\u3069\u3002\u30cb\u30e5\u30fc\u30b9\u8a18\u4e8b\u3067\u306f\u5206\u304b\u3089\u306a\u3044\u751f\u306e\u30dd\u30eb\u30b7\u30a7\u30aa\u30fc\u30ca\u30fc\u306e\u58f0\u3092\u5b9a\u671f\u914d\u4fe1\u3059\u308b\u30d6\u30ed\u30b0\u3067\u3059\u3002","publisher":{"@id":"https:\/\/www.panamera-life.com\/#organization"},"potentialAction":[{"@type":"SearchAction","target":{"@type":"EntryPoint","urlTemplate":"https:\/\/www.panamera-life.com\/?s={search_term_string}"},"query-input":{"@type":"PropertyValueSpecification","valueRequired":true,"valueName":"search_term_string"}}],"inLanguage":"de"},{"@type":"Organization","@id":"https:\/\/www.panamera-life.com\/#organization","name":"\u30dd\u30eb\u30b7\u30a7\u304c\u308f\u304c\u5bb6\u306b\u3084\u3063\u3066\u304d\u305f","url":"https:\/\/www.panamera-life.com\/","logo":{"@type":"ImageObject","inLanguage":"de","@id":"https:\/\/www.panamera-life.com\/#\/schema\/logo\/image\/","url":"https:\/\/www.panamera-life.com\/wp-content\/uploads\/2021\/05\/unnamed.jpg","contentUrl":"https:\/\/www.panamera-life.com\/wp-content\/uploads\/2021\/05\/unnamed.jpg","width":512,"height":512,"caption":"\u30dd\u30eb\u30b7\u30a7\u304c\u308f\u304c\u5bb6\u306b\u3084\u3063\u3066\u304d\u305f"},"image":{"@id":"https:\/\/www.panamera-life.com\/#\/schema\/logo\/image\/"},"sameAs":["https:\/\/www.facebook.com\/panameralife\/","https:\/\/x.com\/Mina_Panamera","https:\/\/www.instagram.com\/mina_porsche\/","https:\/\/www.youtube.com\/channel\/UCoyAW0ifcnk05Iryf7-bkhg"]}]}},"_links":{"self":[{"href":"https:\/\/www.panamera-life.com\/wp-json\/wp\/v2\/posts\/38420"}],"collection":[{"href":"https:\/\/www.panamera-life.com\/wp-json\/wp\/v2\/posts"}],"about":[{"href":"https:\/\/www.panamera-life.com\/wp-json\/wp\/v2\/types\/post"}],"replies":[{"embeddable":true,"href":"https:\/\/www.panamera-life.com\/wp-json\/wp\/v2\/comments?post=38420"}],"version-history":[{"count":0,"href":"https:\/\/www.panamera-life.com\/wp-json\/wp\/v2\/posts\/38420\/revisions"}],"wp:featuredmedia":[{"embeddable":true,"href":"https:\/\/www.panamera-life.com\/wp-json\/wp\/v2\/media\/3793"}],"wp:attachment":[{"href":"https:\/\/www.panamera-life.com\/wp-json\/wp\/v2\/media?parent=38420"}],"wp:term":[{"taxonomy":"category","embeddable":true,"href":"https:\/\/www.panamera-life.com\/wp-json\/wp\/v2\/categories?post=38420"},{"taxonomy":"post_tag","embeddable":true,"href":"https:\/\/www.panamera-life.com\/wp-json\/wp\/v2\/tags?post=38420"}],"curies":[{"name":"wp","href":"https:\/\/api.w.org\/{rel}","templated":true}]}}