{"id":38434,"date":"2023-10-08T09:29:30","date_gmt":"2023-10-08T00:29:30","guid":{"rendered":"https:\/\/www.panamera-life.com\/?p=38434"},"modified":"2023-10-08T09:31:49","modified_gmt":"2023-10-08T00:31:49","slug":"porsche_now","status":"publish","type":"post","link":"https:\/\/www.panamera-life.com\/de\/entry\/porsche_now\/","title":{"rendered":"Porsche kaufen: Warum der richtige Zeitpunkt genau dann ist, wenn Sie es sich w\u00fcnschen \u2013 Meine Erfahrung mit dem 911"},"content":{"rendered":"<div id=\"ez-toc-container\" class=\"ez-toc-v2_0_74 counter-hierarchy ez-toc-counter ez-toc-grey ez-toc-container-direction\">\n<div class=\"ez-toc-title-container\">\n<p class=\"ez-toc-title\" style=\"cursor:inherit\">\u30b3\u30f3\u30c6\u30f3\u30c4<\/p>\n<span class=\"ez-toc-title-toggle\"><\/span><\/div>\n<nav><ul class='ez-toc-list ez-toc-list-level-1 ' ><li class='ez-toc-page-1 ez-toc-heading-level-3'><a class=\"ez-toc-link ez-toc-heading-1\" href=\"https:\/\/www.panamera-life.com\/de\/entry\/porsche_now\/#Gluecklich_mit_meinem_Carrera_T\" >Gl\u00fccklich mit meinem Carrera T.<\/a><\/li><li class='ez-toc-page-1 ez-toc-heading-level-3'><a class=\"ez-toc-link ez-toc-heading-2\" href=\"https:\/\/www.panamera-life.com\/de\/entry\/porsche_now\/#Wie_ich_zum_Carrera_T_kam\" >Wie ich zum Carrera T kam<\/a><\/li><\/ul><\/nav><\/div>\n\n<h3 class=\"style3a\"><span class=\"ez-toc-section\" id=\"Gluecklich_mit_meinem_Carrera_T\"><\/span>Gl\u00fccklich mit meinem Carrera T.<span class=\"ez-toc-section-end\"><\/span><\/h3>\n<p>Ende Mai wurde mein erster Porsche, der 911 Carrera T, ausgeliefert.<\/p>\n<p>Vier Monate sind vergangen, und die Laufleistung n\u00e4hert sich bereits 4500 km.<\/p>\n<p>Ob Eink\u00e4ufe im Supermarkt, das Bringen und Abholen der Kinder, Arztbesuche bei Zahnarzt oder Hautarzt, die Arbeit \u2013 ich nutze ihn in allen Lebenslagen und habe das Gef\u00fchl, dass er langsam zum echten Begleiter wird (auch wenn ich ihm gerne noch bessere Stra\u00dfen bieten w\u00fcrde).<\/p>\n<p>Und jetzt denke ich noch einmal ganz bewusst:<\/p>\n<p><strong>\u201eDer beste Zeitpunkt, einen Porsche zu kaufen, ist genau dann, wenn man ihn sich w\u00fcnscht.\u201c<\/strong><\/p>\n<p><strong>\u201eIch m\u00f6chte ihn, aber habe nicht genug Geld. Kann ich die Unterhaltskosten wirklich stemmen?\u201c<\/strong><br \/><strong>\u201eIch will ihn, aber vielleicht ist es noch zu fr\u00fch f\u00fcr mich.\u201c<\/strong><\/p>\n<p>Bis man sich zum Kauf entschlie\u00dft, kreisen viele Gedanken im Kopf. F\u00fcr mich war es aber die richtige Entscheidung, damals \u201eJa\u201c zu sagen.<\/p>\n<p>Denn wenn man denkt: \u201eIch warte noch ein paar Jahre&#8230;\u201c, kann es passieren, dass das Wunschmodell irgendwann nicht mehr verf\u00fcgbar ist.<\/p>\n<p>Das Modell, das man wirklich will, ist <strong>nicht jederzeit und unbegrenzt verf\u00fcgbar<\/strong>.<\/p>\n<p>Au\u00dferdem sind Sportwagen wie Porsche keine zwingend notwendigen Fahrzeuge f\u00fcr den Alltag (manche m\u00f6gen das hart finden, aber im Vergleich ist ein Van einfach praktischer und vielseitiger). Deshalb braucht es beim Kauf auch eine gewisse Entschlossenheit.<\/p>\n<p>Je mehr man dar\u00fcber nachdenkt, desto eher kommt man vielleicht zu dem Schluss: <strong>\u201eBrauche ich das wirklich?\u201c<\/strong> \u2013 aber ich bin \u00fcberzeugt, dass der richtige Moment genau dann ist, wenn man das Verlangen sp\u00fcrt.<\/p>\n<p><img loading=\"lazy\" decoding=\"async\" class=\"alignnone size-large wp-image-31918\" src=\"https:\/\/www.panamera-life.com\/wp-content\/uploads\/2023\/10\/IMG_3109-1280x960.jpeg\" alt=\"Porsche 911 Carrera T\" width=\"1280\" height=\"960\" \/><\/p>\n<h3 class=\"style3a\"><span class=\"ez-toc-section\" id=\"Wie_ich_zum_Carrera_T_kam\"><\/span>Wie ich zum Carrera T kam<span class=\"ez-toc-section-end\"><\/span><\/h3>\n<p>Bis zum Sommer letzten Jahres dachte ich noch: <strong>\u201eEinen Porsche zu kaufen, das ist noch Zukunftsmusik.\u201c<\/strong><\/p>\n<p>\u201eIch will einen 911, aber ich m\u00f6chte auch erst eine Anzahlung sparen und vielleicht in drei Jahren ein Facelift-Modell des 992 kaufen.\u201c So ungef\u00e4hr war meine vage Vorstellung, bis mich ein erfahrener Porsche-Besitzer mit einem Satz zum Umdenken brachte:<\/p>\n<p class=\"well2\">\u201eWenn Sie in drei Jahren kaufen wollen, k\u00f6nnte es sein, dass Sie dann schon keinen mehr bekommen. Schon jetzt stehen viele auf der Warteliste f\u00fcr den 992 Vorfacelift. Und wann das Facelift kommt, wei\u00df niemand \u2013 damals gab es nicht mal eine Aussicht darauf.<br \/>Wenn Sie wirklich den 992 Facelift wollen, sollten Sie jetzt schon beim H\u00e4ndler Ihr Interesse bekunden.\u201c<\/p>\n<p>Diese Worte trafen mich tief \u2013 ich war ziemlich leicht zu \u00fcberzeugen \u2013 und am n\u00e4chsten Tag kontaktierte ich meinen H\u00e4ndler, Herrn H, mit der Bitte: <strong>\u201eBitte informieren Sie mich sofort, wenn das Facelift-Modell verf\u00fcgbar ist.\u201c<\/strong><\/p>\n<p>Damals hatte ich nat\u00fcrlich noch nicht genug Geld f\u00fcr die Anzahlung und dachte, es sei unm\u00f6glich, mir einen Porsche leisten zu k\u00f6nnen. Trotzdem wagte ich es, mein Interesse zu zeigen.<\/p>\n<p>Einige Monate sp\u00e4ter kam die Nachricht vom H\u00e4ndler:<\/p>\n<p>\u201eWir wissen noch nicht, wann das Facelift kommt, aber die Reservierung f\u00fcr den 992 Vorfacelift Carrera T ist jetzt offen. M\u00f6chten Sie sich vorerst daf\u00fcr anmelden? Allerdings k\u00f6nnen wir nicht garantieren, dass Sie einen Platz bekommen.\u201c<\/p>\n<p>Ich sprach sofort mit meinem Mann, der sagte:<\/p>\n<p class=\"well3\">\u201eSolche Chancen muss man schnell ergreifen. Wenn du zu lange z\u00f6gerst, ist der Platz weg. \u00dcberleg gut und gib dann schnell Bescheid.\u201c<\/p>\n<p>Allerdings war ich unsicher, weil der Konfigurator f\u00fcr den Carrera T kaum Optionen bot \u2013 keine Auswahl bei den Felgen, keine Porsche Ceramic Composite Brake (PCCB), die es beim 991 Carrera T noch gab.<\/p>\n<p>\u201eSoll ich wirklich gerade jetzt den Vorfacelift kaufen und nicht auf das Facelift warten?\u201c \u2013 diese Zweifel qu\u00e4lten mich.<\/p>\n<p>Doch mein Mann beruhigte mich:<\/p>\n<p class=\"well3\">\u201eDu f\u00e4hrst den Wagen ja nicht dein Leben lang. Wenn er dir nicht gef\u00e4llt, kannst du ihn nach ein paar Jahren wieder verkaufen. Der Carrera T ist selten, der Wertverfall also nicht so stark.\u201c<\/p>\n<p>\u201eStimmt, wenn es mir gef\u00e4llt, umso besser. Wenn nicht, lerne ich daraus und steige auf ein anderes Modell um. Ohne Mut passiert gar nichts!\u201c Also reservierte ich \u2013 und hatte Gl\u00fcck, dass ich einen Produktionsplatz bekam.<\/p>\n<p>Ich bin zwar eher vorsichtig, und selbst kurz vor der Auslieferung zweifelte ich noch: <strong>\u201eHabe ich richtig entschieden? Schaffe ich die Raten?\u201c<\/strong> \u2013 so sehr, dass Herr H mich scherzhaft fragte: \u201eSind Sie sicher, dass Sie das Auto \u00fcberhaupt wollen?\u201c<\/p>\n<p>Doch am Tag der \u00dcbergabe war all meine Unsicherheit wie weggeblasen.<\/p>\n<p><strong>\u201eWow, das ist ja unglaublich cool! Einfach unfassbar sch\u00f6n!\u201c<\/strong><\/p>\n<p><img loading=\"lazy\" decoding=\"async\" class=\"alignnone size-large wp-image-31916\" src=\"https:\/\/www.panamera-life.com\/wp-content\/uploads\/2023\/10\/IMG_3050-1280x960.jpeg\" alt=\"\" width=\"1280\" height=\"960\" \/><\/p>\n<p>Am Anfang f\u00fchlte sich das Fahren noch etwas ungewohnt an, doch nach 300, 500 Kilometern reagierte der Motor immer besser, der Klang wurde lauter, das Auto f\u00fchlte sich vertrauter an\u2026<\/p>\n<p><strong>Heute bin ich mir absolut sicher: Der Kauf war die richtige Entscheidung. Das ist die Magie von Porsche.<\/strong> (lacht)<\/p>\n<p>Zwar sind die monatlichen Raten eine Herausforderung (<a href=\"https:\/\/www.panamera-life.com\/entry\/carrerat_soon\/\" target=\"_blank\" rel=\"noopener\">mehr dazu in diesem Artikel<\/a>), aber es klappt irgendwie. Ich bin motivierter, mehr zu verdienen, arbeite engagierter \u2013 auch wenn ich deshalb kaum zum Bloggen komme \u2013 und sehe gute Chancen, dass mein Einkommen steigt.<\/p>\n<p>Mein Fazit: Der beste Zeitpunkt, einen Porsche zu kaufen, ist genau dann, wenn man ihn wirklich will.<\/p>\n<p>Das ist meine bescheidene Erfahrung, die ich heute gerne teile.<\/p>\n","protected":false},"excerpt":{"rendered":"Gl\u00fccklich mit meinem Carrera T. Ende Mai wurde mein erster Porsche, der 911 Carrera T, ausgeliefert. Vier Monate sind vergangen, und die Laufleistung n\u00e4hert sich bereits 4500 km. Ob Eink\u00e4ufe im Supermarkt, das Bringen und Abholen der Kinder, Arztbesuche bei Zahnarzt oder Hautarzt, die Arbeit \u2013 ich nutze ihn in allen Lebenslagen und habe das Gef\u00fchl, dass er langsam zum echten Begleiter wird (auch wenn ich ihm gerne noch bessere Stra\u00dfen bieten w\u00fcrde). Und jetzt...","protected":false},"author":0,"featured_media":31917,"comment_status":"open","ping_status":"closed","sticky":false,"template":"","format":"standard","meta":{"footnotes":"","_locale":"de_DE","_original_post":"https:\/\/www.panamera-life.com\/?p=31906"},"categories":[268],"tags":[183,217],"yoast_head":"<title>Porsche kaufen: Warum der richtige Zeitpunkt genau dann ist, wenn Sie es sich w\u00fcnschen \u2013 Meine Erfahrung mit dem 911 - \u30dd\u30eb\u30b7\u30a7\u304c\u308f\u304c\u5bb6\u306b\u3084\u3063\u3066\u304d\u305f - \u30aa\u30fc\u30ca\u30fc\u30ba\u30d6\u30ed\u30b0<\/title>\n<meta name=\"description\" content=\"Der beste Zeitpunkt f\u00fcr den Porsche Kauf ist, wenn Sie ihn wirklich wollen. Meine Erfahrung mit dem 911 Carrera T zeigt, warum Porsche Besitz Freude macht.\" \/>\n<meta name=\"robots\" content=\"index, follow, max-snippet:-1, max-image-preview:large, max-video-preview:-1\" \/>\n<link rel=\"canonical\" href=\"https:\/\/www.panamera-life.com\/de\/entry\/porsche_now\/\" \/>\n<meta property=\"og:locale\" content=\"de_DE\" \/>\n<meta property=\"og:type\" content=\"article\" \/>\n<meta property=\"og:title\" content=\"Porsche kaufen: Warum der richtige Zeitpunkt genau dann ist, wenn Sie es sich w\u00fcnschen \u2013 Meine Erfahrung mit dem 911 - \u30dd\u30eb\u30b7\u30a7\u304c\u308f\u304c\u5bb6\u306b\u3084\u3063\u3066\u304d\u305f - \u30aa\u30fc\u30ca\u30fc\u30ba\u30d6\u30ed\u30b0\" \/>\n<meta property=\"og:description\" content=\"Der beste Zeitpunkt f\u00fcr den Porsche Kauf ist, wenn Sie ihn wirklich wollen. Meine Erfahrung mit dem 911 Carrera T zeigt, warum Porsche Besitz Freude macht.\" \/>\n<meta property=\"og:url\" content=\"https:\/\/www.panamera-life.com\/de\/entry\/porsche_now\/\" \/>\n<meta property=\"og:site_name\" content=\"\u30dd\u30eb\u30b7\u30a7\u304c\u308f\u304c\u5bb6\u306b\u3084\u3063\u3066\u304d\u305f - \u30aa\u30fc\u30ca\u30fc\u30ba\u30d6\u30ed\u30b0\" \/>\n<meta property=\"article:publisher\" content=\"https:\/\/www.facebook.com\/panameralife\/\" \/>\n<meta property=\"article:published_time\" content=\"2023-10-08T00:29:30+00:00\" \/>\n<meta property=\"article:modified_time\" content=\"2023-10-08T00:31:49+00:00\" \/>\n<meta property=\"og:image\" content=\"https:\/\/www.panamera-life.com\/wp-content\/uploads\/2023\/10\/IMG_3110-1280x960.jpeg\" \/>\n\t<meta property=\"og:image:width\" content=\"1280\" \/>\n\t<meta property=\"og:image:height\" content=\"960\" \/>\n\t<meta property=\"og:image:type\" content=\"image\/jpeg\" \/>\n<meta name=\"twitter:label1\" content=\"Gesch\u00e4tzte Lesezeit\" \/>\n\t<meta name=\"twitter:data1\" content=\"6\u00a0Minuten\" \/>","yoast_head_json":{"title":"Porsche kaufen: Warum der richtige Zeitpunkt genau dann ist, wenn Sie es sich w\u00fcnschen \u2013 Meine Erfahrung mit dem 911 - \u30dd\u30eb\u30b7\u30a7\u304c\u308f\u304c\u5bb6\u306b\u3084\u3063\u3066\u304d\u305f - \u30aa\u30fc\u30ca\u30fc\u30ba\u30d6\u30ed\u30b0","description":"Der beste Zeitpunkt f\u00fcr den Porsche Kauf ist, wenn Sie ihn wirklich wollen. Meine Erfahrung mit dem 911 Carrera T zeigt, warum Porsche Besitz Freude macht.","robots":{"index":"index","follow":"follow","max-snippet":"max-snippet:-1","max-image-preview":"max-image-preview:large","max-video-preview":"max-video-preview:-1"},"canonical":"https:\/\/www.panamera-life.com\/de\/entry\/porsche_now\/","og_locale":"de_DE","og_type":"article","og_title":"Porsche kaufen: Warum der richtige Zeitpunkt genau dann ist, wenn Sie es sich w\u00fcnschen \u2013 Meine Erfahrung mit dem 911 - \u30dd\u30eb\u30b7\u30a7\u304c\u308f\u304c\u5bb6\u306b\u3084\u3063\u3066\u304d\u305f - \u30aa\u30fc\u30ca\u30fc\u30ba\u30d6\u30ed\u30b0","og_description":"Der beste Zeitpunkt f\u00fcr den Porsche Kauf ist, wenn Sie ihn wirklich wollen. Meine Erfahrung mit dem 911 Carrera T zeigt, warum Porsche Besitz Freude macht.","og_url":"https:\/\/www.panamera-life.com\/de\/entry\/porsche_now\/","og_site_name":"\u30dd\u30eb\u30b7\u30a7\u304c\u308f\u304c\u5bb6\u306b\u3084\u3063\u3066\u304d\u305f - \u30aa\u30fc\u30ca\u30fc\u30ba\u30d6\u30ed\u30b0","article_publisher":"https:\/\/www.facebook.com\/panameralife\/","article_published_time":"2023-10-08T00:29:30+00:00","article_modified_time":"2023-10-08T00:31:49+00:00","og_image":[{"width":1280,"height":960,"url":"https:\/\/www.panamera-life.com\/wp-content\/uploads\/2023\/10\/IMG_3110-1280x960.jpeg","type":"image\/jpeg"}],"twitter_misc":{"Gesch\u00e4tzte Lesezeit":"6\u00a0Minuten"},"schema":{"@context":"https:\/\/schema.org","@graph":[{"@type":"Article","@id":"https:\/\/www.panamera-life.com\/de\/entry\/porsche_now\/#article","isPartOf":{"@id":"https:\/\/www.panamera-life.com\/de\/entry\/porsche_now\/"},"author":{"name":"","@id":""},"headline":"Porsche kaufen: Warum der richtige Zeitpunkt genau dann ist, wenn Sie es sich w\u00fcnschen \u2013 Meine Erfahrung mit dem 911","datePublished":"2023-10-08T00:29:30+00:00","dateModified":"2023-10-08T00:31:49+00:00","mainEntityOfPage":{"@id":"https:\/\/www.panamera-life.com\/de\/entry\/porsche_now\/"},"wordCount":861,"commentCount":0,"publisher":{"@id":"https:\/\/www.panamera-life.com\/#organization"},"image":{"@id":"https:\/\/www.panamera-life.com\/de\/entry\/porsche_now\/#primaryimage"},"thumbnailUrl":"https:\/\/www.panamera-life.com\/wp-content\/uploads\/2023\/10\/IMG_3110.jpeg","keywords":["Porsche 911","992"],"articleSection":["Porsche\u2011Kaufberatung"],"inLanguage":"de","potentialAction":[{"@type":"CommentAction","name":"Comment","target":["https:\/\/www.panamera-life.com\/de\/entry\/porsche_now\/#respond"]}]},{"@type":"WebPage","@id":"https:\/\/www.panamera-life.com\/de\/entry\/porsche_now\/","url":"https:\/\/www.panamera-life.com\/de\/entry\/porsche_now\/","name":"Porsche kaufen: Warum der richtige Zeitpunkt genau dann ist, wenn Sie es sich w\u00fcnschen \u2013 Meine Erfahrung mit dem 911 - \u30dd\u30eb\u30b7\u30a7\u304c\u308f\u304c\u5bb6\u306b\u3084\u3063\u3066\u304d\u305f - \u30aa\u30fc\u30ca\u30fc\u30ba\u30d6\u30ed\u30b0","isPartOf":{"@id":"https:\/\/www.panamera-life.com\/#website"},"primaryImageOfPage":{"@id":"https:\/\/www.panamera-life.com\/de\/entry\/porsche_now\/#primaryimage"},"image":{"@id":"https:\/\/www.panamera-life.com\/de\/entry\/porsche_now\/#primaryimage"},"thumbnailUrl":"https:\/\/www.panamera-life.com\/wp-content\/uploads\/2023\/10\/IMG_3110.jpeg","datePublished":"2023-10-08T00:29:30+00:00","dateModified":"2023-10-08T00:31:49+00:00","description":"Der beste Zeitpunkt f\u00fcr den Porsche Kauf ist, wenn Sie ihn wirklich wollen. Meine Erfahrung mit dem 911 Carrera T zeigt, warum Porsche Besitz Freude macht.","breadcrumb":{"@id":"https:\/\/www.panamera-life.com\/de\/entry\/porsche_now\/#breadcrumb"},"inLanguage":"de","potentialAction":[{"@type":"ReadAction","target":["https:\/\/www.panamera-life.com\/de\/entry\/porsche_now\/"]}]},{"@type":"ImageObject","inLanguage":"de","@id":"https:\/\/www.panamera-life.com\/de\/entry\/porsche_now\/#primaryimage","url":"https:\/\/www.panamera-life.com\/wp-content\/uploads\/2023\/10\/IMG_3110.jpeg","contentUrl":"https:\/\/www.panamera-life.com\/wp-content\/uploads\/2023\/10\/IMG_3110.jpeg","width":4032,"height":3024,"caption":"\u30dd\u30eb\u30b7\u30a7\u3000\u30ab\u30ec\u30e9T | \u8eca, \u9053\u8def, \u6728, \u5c4b\u5916, \u9053\u8def\u8107, PORSCHE, 911, 992"},{"@type":"BreadcrumbList","@id":"https:\/\/www.panamera-life.com\/de\/entry\/porsche_now\/#breadcrumb","itemListElement":[{"@type":"ListItem","position":1,"name":"\u30db\u30fc\u30e0","item":"https:\/\/www.panamera-life.com\/"},{"@type":"ListItem","position":2,"name":"Porsche kaufen: Warum der richtige Zeitpunkt genau dann ist, wenn Sie es sich w\u00fcnschen \u2013 Meine Erfahrung mit dem 911"}]},{"@type":"WebSite","@id":"https:\/\/www.panamera-life.com\/#website","url":"https:\/\/www.panamera-life.com\/","name":"\u30dd\u30eb\u30b7\u30a7\u304c\u308f\u304c\u5bb6\u306b\u3084\u3063\u3066\u304d\u305f - \u30aa\u30fc\u30ca\u30fc\u30ba\u30d6\u30ed\u30b0","description":"\u30dd\u30eb\u30b7\u30a7\u306b\u9b45\u4e86\u3055\u308c\u305f\u59bb\u304c\u66f8\u304f\u30dd\u30eb\u30b7\u30a7\u30d6\u30ed\u30b0\u3067\u3059\u3002\u6240\u6709\u3059\u308b\u30dd\u30eb\u30b7\u30a7 911\u30ab\u30ec\u30e9\uff08964\uff09\u3001911GT3\u3001\u30dc\u30af\u30b9\u30bf\u30fc\u3001\u30d1\u30ca\u30e1\u30fc\u30e9\u306e\u30ec\u30d3\u30e5\u30fc\u3084\u7dad\u6301\u8cbb\u3001\u30c4\u30fc\u30ea\u30f3\u30b0\u8a18\u306a\u3069\u3002\u30cb\u30e5\u30fc\u30b9\u8a18\u4e8b\u3067\u306f\u5206\u304b\u3089\u306a\u3044\u751f\u306e\u30dd\u30eb\u30b7\u30a7\u30aa\u30fc\u30ca\u30fc\u306e\u58f0\u3092\u5b9a\u671f\u914d\u4fe1\u3059\u308b\u30d6\u30ed\u30b0\u3067\u3059\u3002","publisher":{"@id":"https:\/\/www.panamera-life.com\/#organization"},"potentialAction":[{"@type":"SearchAction","target":{"@type":"EntryPoint","urlTemplate":"https:\/\/www.panamera-life.com\/?s={search_term_string}"},"query-input":{"@type":"PropertyValueSpecification","valueRequired":true,"valueName":"search_term_string"}}],"inLanguage":"de"},{"@type":"Organization","@id":"https:\/\/www.panamera-life.com\/#organization","name":"\u30dd\u30eb\u30b7\u30a7\u304c\u308f\u304c\u5bb6\u306b\u3084\u3063\u3066\u304d\u305f","url":"https:\/\/www.panamera-life.com\/","logo":{"@type":"ImageObject","inLanguage":"de","@id":"https:\/\/www.panamera-life.com\/#\/schema\/logo\/image\/","url":"https:\/\/www.panamera-life.com\/wp-content\/uploads\/2021\/05\/unnamed.jpg","contentUrl":"https:\/\/www.panamera-life.com\/wp-content\/uploads\/2021\/05\/unnamed.jpg","width":512,"height":512,"caption":"\u30dd\u30eb\u30b7\u30a7\u304c\u308f\u304c\u5bb6\u306b\u3084\u3063\u3066\u304d\u305f"},"image":{"@id":"https:\/\/www.panamera-life.com\/#\/schema\/logo\/image\/"},"sameAs":["https:\/\/www.facebook.com\/panameralife\/","https:\/\/x.com\/Mina_Panamera","https:\/\/www.instagram.com\/mina_porsche\/","https:\/\/www.youtube.com\/channel\/UCoyAW0ifcnk05Iryf7-bkhg"]}]}},"_links":{"self":[{"href":"https:\/\/www.panamera-life.com\/wp-json\/wp\/v2\/posts\/38434"}],"collection":[{"href":"https:\/\/www.panamera-life.com\/wp-json\/wp\/v2\/posts"}],"about":[{"href":"https:\/\/www.panamera-life.com\/wp-json\/wp\/v2\/types\/post"}],"replies":[{"embeddable":true,"href":"https:\/\/www.panamera-life.com\/wp-json\/wp\/v2\/comments?post=38434"}],"version-history":[{"count":0,"href":"https:\/\/www.panamera-life.com\/wp-json\/wp\/v2\/posts\/38434\/revisions"}],"wp:featuredmedia":[{"embeddable":true,"href":"https:\/\/www.panamera-life.com\/wp-json\/wp\/v2\/media\/31917"}],"wp:attachment":[{"href":"https:\/\/www.panamera-life.com\/wp-json\/wp\/v2\/media?parent=38434"}],"wp:term":[{"taxonomy":"category","embeddable":true,"href":"https:\/\/www.panamera-life.com\/wp-json\/wp\/v2\/categories?post=38434"},{"taxonomy":"post_tag","embeddable":true,"href":"https:\/\/www.panamera-life.com\/wp-json\/wp\/v2\/tags?post=38434"}],"curies":[{"name":"wp","href":"https:\/\/api.w.org\/{rel}","templated":true}]}}