{"id":38440,"date":"2018-08-01T06:05:42","date_gmt":"2018-07-31T21:05:42","guid":{"rendered":"https:\/\/www.panamera-life.com\/?p=38440"},"modified":"2019-09-21T14:39:49","modified_gmt":"2019-09-21T05:39:49","slug":"weissach-package","status":"publish","type":"post","link":"https:\/\/www.panamera-life.com\/de\/entry\/weissach-package\/","title":{"rendered":"Was ist das rund 300.000 Euro teure \u201eWeissach-Paket\u201c, das 90 % der Porsche 911 GT2 RS-K\u00e4ufer w\u00e4hlen?"},"content":{"rendered":"<h3 class=\"style3a\">Das oft gesehene Weissach-Paket<\/h3>\n<p>Ich habe mir angew\u00f6hnt, \u00fcber Google Alerts regelm\u00e4\u00dfig Porsche-bezogene Webnews zu erhalten <span style=\"font-size: 8pt;\">(meist \u00fcberfliege ich nur die Titel und lese nur, was mich wirklich interessiert)<\/span>. Im Mai stie\u00df ich auf einen Artikel bei autoblog, einem Automobil-Informationsportal.<\/p>\n<p class=\"well2\"><strong><a href=\"https:\/\/jp.autoblog.com\/2018\/04\/30\/porsche-911-weissach-package\/\" target=\"_blank\" rel=\"noopener\">\u2192 Porsche GT-Entwicklungsleiter schlie\u00dft nicht aus, das \u201eWeissach-Paket\u201c auch bei anderen Modellen au\u00dfer RS einzuf\u00fchren<\/a><\/strong><\/p>\n<p><img loading=\"lazy\" decoding=\"async\" class=\"alignnone wp-image-3923 size-full\" src=\"https:\/\/www.panamera-life.com\/wp-content\/uploads\/2018\/07\/01-2019-porsche-911-gt3-rs-weissach-ny-1.jpg\" alt=\"\" width=\"630\" height=\"378\" \/><\/p>\n<p>Da ist es also: das Weissach-Paket. Immer wieder liest man davon. <strong>Ein Paket, das bei den GT2- und GT3-Modellen als Option rund 300.000 Euro kostet und trotzdem von vielen gew\u00e4hlt wird<\/strong>. Was genau steckt dahinter? Das habe ich f\u00fcr diesen Beitrag etwas genauer recherchiert.<\/p>\n<h3 class=\"style3a\">Was ist das Weissach-Institut?<\/h3>\n<p>Der Name \u201eWeissach\u201c im Weissach-Paket stammt vom <strong>Herzst\u00fcck der Porsche-Forschung und -Entwicklung, dem Weissach-Institut<\/strong>. Weissach ist eine Stadt im S\u00fcdosten Deutschlands, etwa 40 Autominuten von Stuttgart entfernt. Die Beziehung zwischen Porsche-Zentrale und Weissach-Institut ist vergleichbar mit der zwischen Honda Motor Co. und dem Honda Forschungsinstitut in Japan. <span style=\"font-size: 8pt;\">(Auf der Karte ist Weissach rot markiert)<\/span><br \/>\n<img loading=\"lazy\" decoding=\"async\" class=\"alignnone wp-image-3917 size-full\" src=\"https:\/\/www.panamera-life.com\/wp-content\/uploads\/2018\/07\/\u30b9\u30af\u30ea\u30fc\u30f3\u30b7\u30e7\u30c3\u30c8\uff082018-07-26-9.31.38\uff09.jpg\" alt=\"\" width=\"636\" height=\"457\" \/><\/p>\n<p>Das Weissach-Institut wurde 1971 gegr\u00fcndet. Dort werden <strong>technische Entwicklung, Tests sowie Konstruktion, Entwicklung und Fertigung von Rennfahrzeugen f\u00fcr Porsche durchgef\u00fchrt<\/strong>. Neben neuen Porsche-Modellen \u00fcbernimmt das Institut auch Entwicklungsauftr\u00e4ge anderer Hersteller und agiert somit als eigenst\u00e4ndige Forschungseinrichtung mit industriellem Fokus.<\/p>\n<p>Das Gel\u00e4nde des Weissach-Instituts umfasst 465.000 m\u00b2. <strong>Zum Vergleich: Ein Tokyo Dome misst 46.755 m\u00b2 \u2013 das entspricht fast der Fl\u00e4che von zehn Tokyo Domes<\/strong>. Auf dem Gel\u00e4nde gibt es drei Teststrecken: eine 2,531 km lange Hochgeschwindigkeitsstrecke, eine 2,879 km lange kurvige Strecke sowie eine Offroad-Strecke f\u00fcr SUV- und Rallye-Entwicklungen. Fast alle Serien-Porsche werden hier getestet.<\/p>\n<p>Oft sieht man in Automobilmedien \u201ewertvolle Schnappsch\u00fcsse von Testfahrzeugen\u201c \u2013 Fotos von neuen Modellen vor der offiziellen Vorstellung. <strong>Die Sicherheitsvorkehrungen im Weissach-Institut sind jedoch extrem streng<\/strong>, wie ein Bericht auf einer Webseite beschreibt:<\/p>\n<blockquote><p>Man betritt den Haupteingang und geht zum Forschungszentrum. Dort steht ein Schild mit einem durchgestrichenen Kamera-Symbol \u2013 eine klare Warnung, keine Fotos von Entwicklungsfahrzeugen zu machen. Ich dachte, f\u00fcr ein Erinnerungsfoto sei das wohl erlaubt, holte meine Spiegelreflexkamera heraus und stellte den Selbstausl\u00f6ser ein. Gerade als ich das Geb\u00e4ude im Hintergrund fotografieren wollte, rief ein Sicherheitsmann laut auf Deutsch: \u201e\u25cb\u00d7\u25b3Hey\u25a1\u2606\u25cb\u00d7Komm\u25b3\u25a1\u2606Du\u25cb\u00d7\u25b3\u25a1Mach keinen Unsinn\u2606\u25cb\u00d7\u25b3\u25a1\u2606!\u201c Ich entschuldigte mich hastig und floh. <a href=\"http:\/\/www.911days.com\/poruseki\/contribution\/shiritori\/post_182\/\" target=\"_blank\" rel=\"noopener\"><span style=\"font-size: 8pt;\">*Quelle: 911Days Porsche Zeitung \u201eWeissach\u201c<\/span><\/a><\/p><\/blockquote>\n<p>Ganz sch\u00f6n streng \u2013 selbst f\u00fcr ein Erinnerungsfoto im Weissach-Institut braucht man wohl eine Genehmigung.<\/p>\n<h3 class=\"style3a\">Erweiterung des Weissach-Instituts<\/h3>\n<p>Seit der Gr\u00fcndung 1971 wurde das Weissach-Institut 2011 erweitert: Ein hochmodernes Studio und ein Elektronik-Integrationszentrum wurden gebaut. <strong>Die Investitionssumme betrug unglaubliche 150 Millionen Euro!<\/strong> Diese Investition dient nicht nur der <strong>Weiterentwicklung von Elektro- und Hybridtechnologien f\u00fcr Porsches Zukunft<\/strong>, sondern zeigt auch das Engagement f\u00fcr die Industrieregion Baden-W\u00fcrttemberg.<\/p>\n<p>Dank Porsche hatte Weissach 2011 die h\u00f6chste Pro-Kopf-Steuereinnahme in Deutschland <span style=\"font-size: 8pt;\">(ob das heute noch so ist, ist unklar)<\/span>. Das deutet darauf hin, dass Porsche damals bereits die Entwicklung des vollelektrischen Taycan (Mission E) vorbereitete, der 2019 mit Spannung erwartet wurde.<br \/>\n<span style=\"font-size: 8pt;\"><a style=\"line-height: 2;\" href=\"https:\/\/www.as-web.jp\/past\/%E3%83%9D%E3%83%AB%E3%82%B7%E3%82%A7%E3%80%81%E3%83%90%E3%82%A4%E3%82%B6%E3%83%83%E3%83%8F%E7%A0%94%E7%A9%B6%E9%96%8B%E7%99%BA%E3%82%BB%E3%83%B3%E3%82%BF%E3%83%BC%E3%82%92%E6%8B%A1%E5%BC%B5\" target=\"_blank\" rel=\"noopener\">*Quelle: Porsche erweitert Weissach Forschungs- und Entwicklungszentrum<\/a><\/span><\/p>\n<table>\n<tbody>\n<tr>\n<td><strong><a href=\"https:\/\/www.panamera-life.com\/entry\/weissach-package\/2\/\">\u2192 N\u00e4chste Seite: Was ist das Weissach-Paket? Preis und Besonderheiten<\/a><\/strong><\/td>\n<\/tr>\n<\/tbody>\n<\/table>\n<p><!--nextpage--><\/p>\n<h3 class=\"style3a\">Was ist das Weissach-Paket?<\/h3>\n<p>Nach dieser ausf\u00fchrlichen Einf\u00fchrung zum <strong>\u201eHerzst\u00fcck von Porsche mit neuester Technik und Know-how\u201c<\/strong> habe ich mich dem Weissach-Paket gewidmet. Kurz gesagt steht es f\u00fcr <strong>\u201eextreme Leichtbauweise und ein Fahrerlebnis, das dem Motorsport so nah wie m\u00f6glich kommt\u201c<\/strong>.<\/p>\n<p>Das Paket ist also nicht f\u00fcr den Alltag oder kurvige Landstra\u00dfen gedacht, sondern f\u00fcr den <span style=\"font-size: 8pt;\">ernsthaften Einsatz auf der Rennstrecke<\/span>. Kein Wunder, dass es nur f\u00fcr GT2 RS und GT3 RS verf\u00fcgbar ist.<\/p>\n<p>Das Weissach-Paket wurde erstmals im 918 Spyder eingef\u00fchrt. Beim aktuellen 911 GT3 RS gelingt es, das Fahrzeuggewicht um fast 18 kg zu reduzieren. F\u00fcr Laien klingt das vielleicht wenig, doch der normale GT3 RS ist schon so leicht gebaut, dass selbst die Embleme nur Aufkleber sind und die T\u00fcrgriffe aus Schn\u00fcren bestehen. Daher ist die zus\u00e4tzliche Gewichtsersparnis bei gleichzeitig gesteigerter Performance eine beachtliche Leistung.<\/p>\n<h3 class=\"style3a\">\u00c4u\u00dfere Unterschiede<\/h3>\n<p>Optisch f\u00e4llt das Weissach-Paket deutlich ins Auge: <strong>Motorhaube und Dach bestehen aus kohlenstofffaserverst\u00e4rktem Kunststoff mit sichtbarer Carbonstruktur, und der gro\u00dfe Heckfl\u00fcgel tr\u00e4gt das \u201ePORSCHE\u201c-Logo<\/strong>.<\/p>\n<p>Trotz der konsequenten Gewichtsreduzierung gibt es eine Ausnahme: <strong>die Kopfst\u00fctzen tragen stolz das Weissach-Paket-Logo<\/strong>. Diese Kennzeichnung ist ein Ausdruck des Stolzes der Besitzer. K\u00fcrzlich war ein solches Fahrzeug auch auf dem Goodwood Festival ausgestellt.<\/p>\n<p><img loading=\"lazy\" decoding=\"async\" class=\"alignnone wp-image-3924 size-full\" src=\"https:\/\/www.panamera-life.com\/wp-content\/uploads\/2018\/07\/\u30b9\u30af\u30ea\u30fc\u30f3\u30b7\u30e7\u30c3\u30c8\uff082018-07-26-11.03.32\uff09.jpg\" alt=\"\" width=\"632\" height=\"630\" \/><span style=\"font-size: 8pt;\"><br \/>\n<a href=\"https:\/\/twitter.com\/PlfFans\" target=\"_blank\" rel=\"noopener\">https:\/\/twitter.com\/PlfFans<\/a><\/span><br \/>\nDer Listenpreis des Porsche 911 GT2 RS inklusive Mehrwertsteuer liegt in Japan bei 36,56 Millionen Yen. Trotz des hohen Preises von 2,657 bis 3,241 Millionen Yen f\u00fcr das Weissach-Paket liegt die Ausstattungsrate bei \u00fcber 90 %.<\/p>\n<h3 class=\"style3a\">Wie sieht die Zukunft des Weissach-Pakets aus?<\/h3>\n<p>Im eingangs erw\u00e4hnten autoblog-Artikel hei\u00dft es, dass <strong>Andreas Preuninger, Entwicklungsleiter der Porsche GT-Abteilung, eine Ausweitung des Leichtbaupakets auf Modelle au\u00dferhalb der RS-Reihe nicht ausschlie\u00dft<\/strong>. Allerdings stellt die Teilebeschaffung eine Herausforderung dar, <span style=\"font-size: 8pt;\">da die Nachfrage nach dem Weissach-Paket die Erwartungen \u00fcbertroffen hat und eine weitere Ausweitung die Versorgung erschweren k\u00f6nnte<\/span>. Wie sich das entwickelt, bleibt abzuwarten.<\/p>\n<p>Faszinierend, wie tiefgr\u00fcndig die Welt rund ums Auto ist und wie viele wohlhabende Porsche-Fans es gibt. Die Marketingkraft von Porsche, die diese Herzen gewinnt und h\u00e4lt, ist beeindruckend. Ich w\u00fcrde gerne einmal bei Porsche in Deutschland arbeiten, um das Herzst\u00fcck hautnah zu erleben <span style=\"font-size: 8pt;\">(auch wenn ich weder Deutsch noch Englisch wirklich spreche, haha)<\/span>.<\/p>\n","protected":false},"excerpt":{"rendered":"Das oft gesehene Weissach-Paket Ich habe mir angew\u00f6hnt, \u00fcber Google Alerts regelm\u00e4\u00dfig Porsche-bezogene Webnews zu erhalten (meist \u00fcberfliege ich nur die Titel und lese nur, was mich wirklich interessiert). Im Mai stie\u00df ich auf einen Artikel bei autoblog, einem Automobil-Informationsportal. \u2192 Porsche GT-Entwicklungsleiter schlie\u00dft nicht aus, das \u201eWeissach-Paket\u201c auch bei anderen Modellen au\u00dfer RS einzuf\u00fchren Da ist es also: das Weissach-Paket. Immer wieder liest man davon. Ein Paket, das bei den GT2- und GT3-Modellen als...","protected":false},"author":0,"featured_media":3924,"comment_status":"open","ping_status":"open","sticky":false,"template":"","format":"standard","meta":{"footnotes":"","_locale":"de_DE","_original_post":"https:\/\/www.panamera-life.com\/?p=3916"},"categories":[59,24],"tags":[],"yoast_head":"<title>Was ist das rund 300.000 Euro teure \u201eWeissach-Paket\u201c, das 90 % der Porsche 911 GT2 RS-K\u00e4ufer w\u00e4hlen? - \u30dd\u30eb\u30b7\u30a7\u304c\u308f\u304c\u5bb6\u306b\u3084\u3063\u3066\u304d\u305f - \u30aa\u30fc\u30ca\u30fc\u30ba\u30d6\u30ed\u30b0<\/title>\n<meta name=\"description\" content=\"Das Weissach-Paket: Leichtbau und Motorsport-Feeling f\u00fcr Porsche 911 GT2 RS. Erfahren Sie, warum 90 % der K\u00e4ufer diese 300.000 Euro Option w\u00e4hlen.\" \/>\n<meta name=\"robots\" content=\"index, follow, max-snippet:-1, max-image-preview:large, max-video-preview:-1\" \/>\n<link rel=\"canonical\" href=\"https:\/\/www.panamera-life.com\/de\/entry\/weissach-package\/\" \/>\n<link rel=\"next\" href=\"https:\/\/www.panamera-life.com\/de\/entry\/weissach-package\/2\/\" \/>\n<meta property=\"og:locale\" content=\"de_DE\" \/>\n<meta property=\"og:type\" content=\"article\" \/>\n<meta property=\"og:title\" content=\"Was ist das rund 300.000 Euro teure \u201eWeissach-Paket\u201c, das 90 % der Porsche 911 GT2 RS-K\u00e4ufer w\u00e4hlen? - \u30dd\u30eb\u30b7\u30a7\u304c\u308f\u304c\u5bb6\u306b\u3084\u3063\u3066\u304d\u305f - \u30aa\u30fc\u30ca\u30fc\u30ba\u30d6\u30ed\u30b0\" \/>\n<meta property=\"og:description\" content=\"Das Weissach-Paket: Leichtbau und Motorsport-Feeling f\u00fcr Porsche 911 GT2 RS. Erfahren Sie, warum 90 % der K\u00e4ufer diese 300.000 Euro Option w\u00e4hlen.\" \/>\n<meta property=\"og:url\" content=\"https:\/\/www.panamera-life.com\/de\/entry\/weissach-package\/\" \/>\n<meta property=\"og:site_name\" content=\"\u30dd\u30eb\u30b7\u30a7\u304c\u308f\u304c\u5bb6\u306b\u3084\u3063\u3066\u304d\u305f - \u30aa\u30fc\u30ca\u30fc\u30ba\u30d6\u30ed\u30b0\" \/>\n<meta property=\"article:publisher\" content=\"https:\/\/www.facebook.com\/panameralife\/\" \/>\n<meta property=\"article:published_time\" content=\"2018-07-31T21:05:42+00:00\" \/>\n<meta property=\"article:modified_time\" content=\"2019-09-21T05:39:49+00:00\" \/>\n<meta property=\"og:image\" content=\"https:\/\/www.panamera-life.com\/wp-content\/uploads\/2018\/07\/\u30b9\u30af\u30ea\u30fc\u30f3\u30b7\u30e7\u30c3\u30c8\uff082018-07-26-11.03.32\uff09.jpg\" \/>\n\t<meta property=\"og:image:width\" content=\"632\" \/>\n\t<meta property=\"og:image:height\" content=\"630\" \/>\n\t<meta property=\"og:image:type\" content=\"image\/jpeg\" \/>\n<meta name=\"twitter:label1\" content=\"Gesch\u00e4tzte Lesezeit\" \/>\n\t<meta name=\"twitter:data1\" content=\"4\u00a0Minuten\" \/>","yoast_head_json":{"title":"Was ist das rund 300.000 Euro teure \u201eWeissach-Paket\u201c, das 90 % der Porsche 911 GT2 RS-K\u00e4ufer w\u00e4hlen? - \u30dd\u30eb\u30b7\u30a7\u304c\u308f\u304c\u5bb6\u306b\u3084\u3063\u3066\u304d\u305f - \u30aa\u30fc\u30ca\u30fc\u30ba\u30d6\u30ed\u30b0","description":"Das Weissach-Paket: Leichtbau und Motorsport-Feeling f\u00fcr Porsche 911 GT2 RS. Erfahren Sie, warum 90 % der K\u00e4ufer diese 300.000 Euro Option w\u00e4hlen.","robots":{"index":"index","follow":"follow","max-snippet":"max-snippet:-1","max-image-preview":"max-image-preview:large","max-video-preview":"max-video-preview:-1"},"canonical":"https:\/\/www.panamera-life.com\/de\/entry\/weissach-package\/","next":"https:\/\/www.panamera-life.com\/de\/entry\/weissach-package\/2\/","og_locale":"de_DE","og_type":"article","og_title":"Was ist das rund 300.000 Euro teure \u201eWeissach-Paket\u201c, das 90 % der Porsche 911 GT2 RS-K\u00e4ufer w\u00e4hlen? - \u30dd\u30eb\u30b7\u30a7\u304c\u308f\u304c\u5bb6\u306b\u3084\u3063\u3066\u304d\u305f - \u30aa\u30fc\u30ca\u30fc\u30ba\u30d6\u30ed\u30b0","og_description":"Das Weissach-Paket: Leichtbau und Motorsport-Feeling f\u00fcr Porsche 911 GT2 RS. Erfahren Sie, warum 90 % der K\u00e4ufer diese 300.000 Euro Option w\u00e4hlen.","og_url":"https:\/\/www.panamera-life.com\/de\/entry\/weissach-package\/","og_site_name":"\u30dd\u30eb\u30b7\u30a7\u304c\u308f\u304c\u5bb6\u306b\u3084\u3063\u3066\u304d\u305f - \u30aa\u30fc\u30ca\u30fc\u30ba\u30d6\u30ed\u30b0","article_publisher":"https:\/\/www.facebook.com\/panameralife\/","article_published_time":"2018-07-31T21:05:42+00:00","article_modified_time":"2019-09-21T05:39:49+00:00","og_image":[{"width":632,"height":630,"url":"https:\/\/www.panamera-life.com\/wp-content\/uploads\/2018\/07\/\u30b9\u30af\u30ea\u30fc\u30f3\u30b7\u30e7\u30c3\u30c8\uff082018-07-26-11.03.32\uff09.jpg","type":"image\/jpeg"}],"twitter_misc":{"Gesch\u00e4tzte Lesezeit":"4\u00a0Minuten"},"schema":{"@context":"https:\/\/schema.org","@graph":[{"@type":"Article","@id":"https:\/\/www.panamera-life.com\/de\/entry\/weissach-package\/#article","isPartOf":{"@id":"https:\/\/www.panamera-life.com\/de\/entry\/weissach-package\/"},"author":{"name":"","@id":""},"headline":"Was ist das rund 300.000 Euro teure \u201eWeissach-Paket\u201c, das 90 % der Porsche 911 GT2 RS-K\u00e4ufer w\u00e4hlen?","datePublished":"2018-07-31T21:05:42+00:00","dateModified":"2019-09-21T05:39:49+00:00","mainEntityOfPage":{"@id":"https:\/\/www.panamera-life.com\/de\/entry\/weissach-package\/"},"wordCount":890,"commentCount":0,"publisher":{"@id":"https:\/\/www.panamera-life.com\/#organization"},"image":{"@id":"https:\/\/www.panamera-life.com\/de\/entry\/weissach-package\/#primaryimage"},"thumbnailUrl":"https:\/\/www.panamera-life.com\/wp-content\/uploads\/2018\/07\/\u30b9\u30af\u30ea\u30fc\u30f3\u30b7\u30e7\u30c3\u30c8\uff082018-07-26-11.03.32\uff09.jpg","articleSection":["Wissenswertes \u00fcber Porsche","Porsche\u2011News"],"inLanguage":"de","potentialAction":[{"@type":"CommentAction","name":"Comment","target":["https:\/\/www.panamera-life.com\/de\/entry\/weissach-package\/#respond"]}]},{"@type":"WebPage","@id":"https:\/\/www.panamera-life.com\/de\/entry\/weissach-package\/","url":"https:\/\/www.panamera-life.com\/de\/entry\/weissach-package\/","name":"Was ist das rund 300.000 Euro teure \u201eWeissach-Paket\u201c, das 90 % der Porsche 911 GT2 RS-K\u00e4ufer w\u00e4hlen? - \u30dd\u30eb\u30b7\u30a7\u304c\u308f\u304c\u5bb6\u306b\u3084\u3063\u3066\u304d\u305f - \u30aa\u30fc\u30ca\u30fc\u30ba\u30d6\u30ed\u30b0","isPartOf":{"@id":"https:\/\/www.panamera-life.com\/#website"},"primaryImageOfPage":{"@id":"https:\/\/www.panamera-life.com\/de\/entry\/weissach-package\/#primaryimage"},"image":{"@id":"https:\/\/www.panamera-life.com\/de\/entry\/weissach-package\/#primaryimage"},"thumbnailUrl":"https:\/\/www.panamera-life.com\/wp-content\/uploads\/2018\/07\/\u30b9\u30af\u30ea\u30fc\u30f3\u30b7\u30e7\u30c3\u30c8\uff082018-07-26-11.03.32\uff09.jpg","datePublished":"2018-07-31T21:05:42+00:00","dateModified":"2019-09-21T05:39:49+00:00","description":"Das Weissach-Paket: Leichtbau und Motorsport-Feeling f\u00fcr Porsche 911 GT2 RS. Erfahren Sie, warum 90 % der K\u00e4ufer diese 300.000 Euro Option w\u00e4hlen.","inLanguage":"de","potentialAction":[{"@type":"ReadAction","target":["https:\/\/www.panamera-life.com\/de\/entry\/weissach-package\/"]}]},{"@type":"ImageObject","inLanguage":"de","@id":"https:\/\/www.panamera-life.com\/de\/entry\/weissach-package\/#primaryimage","url":"https:\/\/www.panamera-life.com\/wp-content\/uploads\/2018\/07\/\u30b9\u30af\u30ea\u30fc\u30f3\u30b7\u30e7\u30c3\u30c8\uff082018-07-26-11.03.32\uff09.jpg","contentUrl":"https:\/\/www.panamera-life.com\/wp-content\/uploads\/2018\/07\/\u30b9\u30af\u30ea\u30fc\u30f3\u30b7\u30e7\u30c3\u30c8\uff082018-07-26-11.03.32\uff09.jpg","width":632,"height":630,"caption":"\u30dd\u30eb\u30b7\u30a7GT\uff13RS"},{"@type":"WebSite","@id":"https:\/\/www.panamera-life.com\/#website","url":"https:\/\/www.panamera-life.com\/","name":"\u30dd\u30eb\u30b7\u30a7\u304c\u308f\u304c\u5bb6\u306b\u3084\u3063\u3066\u304d\u305f - \u30aa\u30fc\u30ca\u30fc\u30ba\u30d6\u30ed\u30b0","description":"\u30dd\u30eb\u30b7\u30a7\u306b\u9b45\u4e86\u3055\u308c\u305f\u59bb\u304c\u66f8\u304f\u30dd\u30eb\u30b7\u30a7\u30d6\u30ed\u30b0\u3067\u3059\u3002\u6240\u6709\u3059\u308b\u30dd\u30eb\u30b7\u30a7 911\u30ab\u30ec\u30e9\uff08964\uff09\u3001911GT3\u3001\u30dc\u30af\u30b9\u30bf\u30fc\u3001\u30d1\u30ca\u30e1\u30fc\u30e9\u306e\u30ec\u30d3\u30e5\u30fc\u3084\u7dad\u6301\u8cbb\u3001\u30c4\u30fc\u30ea\u30f3\u30b0\u8a18\u306a\u3069\u3002\u30cb\u30e5\u30fc\u30b9\u8a18\u4e8b\u3067\u306f\u5206\u304b\u3089\u306a\u3044\u751f\u306e\u30dd\u30eb\u30b7\u30a7\u30aa\u30fc\u30ca\u30fc\u306e\u58f0\u3092\u5b9a\u671f\u914d\u4fe1\u3059\u308b\u30d6\u30ed\u30b0\u3067\u3059\u3002","publisher":{"@id":"https:\/\/www.panamera-life.com\/#organization"},"potentialAction":[{"@type":"SearchAction","target":{"@type":"EntryPoint","urlTemplate":"https:\/\/www.panamera-life.com\/?s={search_term_string}"},"query-input":{"@type":"PropertyValueSpecification","valueRequired":true,"valueName":"search_term_string"}}],"inLanguage":"de"},{"@type":"Organization","@id":"https:\/\/www.panamera-life.com\/#organization","name":"\u30dd\u30eb\u30b7\u30a7\u304c\u308f\u304c\u5bb6\u306b\u3084\u3063\u3066\u304d\u305f","url":"https:\/\/www.panamera-life.com\/","logo":{"@type":"ImageObject","inLanguage":"de","@id":"https:\/\/www.panamera-life.com\/#\/schema\/logo\/image\/","url":"https:\/\/www.panamera-life.com\/wp-content\/uploads\/2021\/05\/unnamed.jpg","contentUrl":"https:\/\/www.panamera-life.com\/wp-content\/uploads\/2021\/05\/unnamed.jpg","width":512,"height":512,"caption":"\u30dd\u30eb\u30b7\u30a7\u304c\u308f\u304c\u5bb6\u306b\u3084\u3063\u3066\u304d\u305f"},"image":{"@id":"https:\/\/www.panamera-life.com\/#\/schema\/logo\/image\/"},"sameAs":["https:\/\/www.facebook.com\/panameralife\/","https:\/\/x.com\/Mina_Panamera","https:\/\/www.instagram.com\/mina_porsche\/","https:\/\/www.youtube.com\/channel\/UCoyAW0ifcnk05Iryf7-bkhg"]}]}},"_links":{"self":[{"href":"https:\/\/www.panamera-life.com\/wp-json\/wp\/v2\/posts\/38440"}],"collection":[{"href":"https:\/\/www.panamera-life.com\/wp-json\/wp\/v2\/posts"}],"about":[{"href":"https:\/\/www.panamera-life.com\/wp-json\/wp\/v2\/types\/post"}],"replies":[{"embeddable":true,"href":"https:\/\/www.panamera-life.com\/wp-json\/wp\/v2\/comments?post=38440"}],"version-history":[{"count":0,"href":"https:\/\/www.panamera-life.com\/wp-json\/wp\/v2\/posts\/38440\/revisions"}],"wp:featuredmedia":[{"embeddable":true,"href":"https:\/\/www.panamera-life.com\/wp-json\/wp\/v2\/media\/3924"}],"wp:attachment":[{"href":"https:\/\/www.panamera-life.com\/wp-json\/wp\/v2\/media?parent=38440"}],"wp:term":[{"taxonomy":"category","embeddable":true,"href":"https:\/\/www.panamera-life.com\/wp-json\/wp\/v2\/categories?post=38440"},{"taxonomy":"post_tag","embeddable":true,"href":"https:\/\/www.panamera-life.com\/wp-json\/wp\/v2\/tags?post=38440"}],"curies":[{"name":"wp","href":"https:\/\/api.w.org\/{rel}","templated":true}]}}