{"id":38478,"date":"2018-08-19T06:00:49","date_gmt":"2018-08-18T21:00:49","guid":{"rendered":"https:\/\/www.panamera-life.com\/?p=38478"},"modified":"2022-12-30T11:28:53","modified_gmt":"2022-12-30T02:28:53","slug":"vw-polo","status":"publish","type":"post","link":"https:\/\/www.panamera-life.com\/de\/entry\/vw-polo\/","title":{"rendered":"Ein Tag im Volkswagen POLO: Eindr\u00fccke und Fahrgef\u00fchl"},"content":{"rendered":"<h3 class=\"style3a\">Der Vorg\u00e4nger-POLO als Ersatzwagen<\/h3>\n<p>Vor Kurzem, als ich meinen Volkswagen Golf 7 zur einj\u00e4hrigen Inspektion beim H\u00e4ndler hatte, konnte ich einen f\u00fcnften Generation 6R POLO <span style=\"font-size: 8pt;\">(1,4-Liter-Reihen-Vierzylinder-Motor)<\/span> als Ersatzwagen bekommen und bin damit zum nahegelegenen Supermarkt und zur\u00fcck gefahren. In diesem Beitrag m\u00f6chte ich meine Eindr\u00fccke zum Fahrkomfort und den Fahreigenschaften des POLO teilen. <span style=\"font-size: 8pt;\">(Hier geht\u2019s zum Artikel \u00fcber die Golf-Jahresinspektion\u2193\u2193)<\/span><\/p>\n<p class=\"well2\"><strong><a href=\"https:\/\/www.panamera-life.com\/entry\/be-golf-meintenance\/\" target=\"_blank\" rel=\"noopener\">\u2192\u3010Referenzartikel\u3011Wie hoch sind die Unterhaltskosten des VW Golf 7? \u2013 Gesamtkosten der Jahresinspektion ca. 300 Euro<\/a><\/strong><\/p>\n<p>Dieses POLO-Modell wurde bei Markteinf\u00fchrung f\u00fcr seine \u201esicherheitsrelevanten Features, die fortschrittlichen Motorvarianten und mehr\u201c hoch gelobt und gewann <strong>2010 den European Car of the Year sowie gleichzeitig den World Car of the Year, Japan Import Car of the Year und den RJC Car of the Year<\/strong>.<\/p>\n<p>Die Karosserie misst <strong>\u201eL\u00e4nge 3.995 mm \u00d7 Breite 1.685 mm \u00d7 H\u00f6he 1.475 mm\u201c<\/strong>. Zum Vergleich: Der Golf 7 ist mit \u201eL\u00e4nge 4.265 mm \u00d7 Breite 1.800 mm \u00d7 H\u00f6he 1.460 mm\u201c deutlich gr\u00f6\u00dfer. Im Vergleich zum Panamera, der \u00fcber 5 Meter lang und fast 2 Meter breit ist, wirkt der POLO noch kompakter \u2013 das wird einem erst richtig bewusst. <\/p>\n<p>Der POLO ist weltweit ein \u00e4u\u00dferst beliebtes Modell: Seit dem Deb\u00fct der ersten Generation 1975 wurden \u00fcber 14 Millionen Fahrzeuge verkauft. Beeindruckend! <strong>Der damalige Einstiegspreis lag bei rund 20.000 Euro.<\/strong><\/p>\n<h3 class=\"style3a\">Innenraum und Ausstattung des POLO<\/h3>\n<p>Nun zu meinen Eindr\u00fccken, Punkt f\u00fcr Punkt.<\/p>\n<h4 class=\"style4b\">\u2460 Schlichtes Interieur<\/h4>\n<p>Das geliehene POLO war ein Modell vor dem Facelift, weshalb das <strong>Interieur etwas altmodisch wirkte<\/strong>. Vielleicht auch, weil ich den Innenraum des aktuellen Golf 7 gewohnt bin. Zudem handelte es sich nicht um eine h\u00f6herwertige Ausstattungslinie, sodass das Cockpit sehr einfach gehalten war \u2013 nur die n\u00f6tigsten Schalter und Kn\u00f6pfe waren vorhanden.<\/p>\n<p><img loading=\"lazy\" decoding=\"async\" class=\"alignnone wp-image-4348 size-large\" src=\"https:\/\/www.panamera-life.com\/wp-content\/uploads\/2018\/08\/IMG_7580-800x600.jpg\" alt=\"\" width=\"800\" height=\"600\" \/><\/p>\n<h4 class=\"style4b\">\u2461 Handbet\u00e4tigte Feststellbremse<\/h4>\n<p>Was mir auffiel: Die <strong>Feststellbremse ist nicht elektrisch, sondern manuell als Handbremse ausgef\u00fchrt<\/strong>. Allerdings soll auch der neue POLO noch mit Handbremse ausgestattet sein, was wohl ein charakteristisches Merkmal des Modells ist. Nach Gew\u00f6hnung an elektrische Feststellbremsen war das eine interessante Erfahrung.<\/p>\n<h4 class=\"style4b\">\u2462 Keine Auto-Hold-Funktion<\/h4>\n<p>Da das Fahrzeug \u00e4lteren Baujahrs ist, fehlt nat\u00fcrlich die Auto-Hold-Funktion. Beim Warten an der Ampel musste ich die Bremse dauerhaft treten. Zwar ist es \u00fcblich, beim Stillstand die Bremse zu halten, aber <strong>mein Golf 7 verf\u00fcgt \u00fcber Auto-Hold, sodass ich den Fu\u00df vom Bremspedal nehmen kann, ohne dass das Fahrzeug rollt<\/strong>.<\/p>\n<p>Das macht das Fahren im Stadtverkehr deutlich entspannter. Allerdings war das vor ein paar Jahren noch ganz normal \u2013 an die neue Technik gew\u00f6hnt man sich schnell.<\/p>\n<h4 class=\"style4b\">\u2463 T\u00fcren mit solidem Gewicht<\/h4>\n<p>Im Vergleich zu gleichgro\u00dfen japanischen Fahrzeugen wirken die T\u00fcren des POLO deutlich stabiler und schwerer. Oft sind bei japanischen Autos die vorderen T\u00fcren robust, w\u00e4hrend die hinteren eher d\u00fcnn und leicht wirken. <strong>Der POLO hingegen zeigt auch bei den hinteren T\u00fcren keine Schw\u00e4chen<\/strong>, was mein Mann besonders lobte: \u201eViele japanische Hersteller sparen hinten, aber der POLO macht hier keine Kompromisse.\u201c<\/p>\n<h4 class=\"style4b\">\u2464 Solide Verarbeitung und Wertigkeit<\/h4>\n<p>\u201eSolide\u201c klingt vage, aber das Fahrzeug hat ein angenehmes Gewicht, die Spaltma\u00dfe sind eng, und es vermittelt <strong>ein sicheres Gef\u00fchl durch hochwertige Verarbeitung<\/strong>. Obwohl ich keine Autobahnfahrt gemacht habe, denke ich, dass die Stabilit\u00e4t auch bei h\u00f6heren Geschwindigkeiten \u00fcberzeugen w\u00fcrde.<\/p>\n<p><img loading=\"lazy\" decoding=\"async\" class=\"alignnone wp-image-4351 size-large\" src=\"https:\/\/www.panamera-life.com\/wp-content\/uploads\/2018\/08\/IMG_7581-800x600.jpg\" alt=\"\" width=\"800\" height=\"600\" \/><\/p>\n<h4 class=\"style4b\">\u2465 Etwas schw\u00e4cheres Drehmoment im unteren Bereich<\/h4>\n<p>Im Vergleich zum Golf 7 fehlt dem POLO etwas Drehmoment im unteren Drehzahlbereich, sodass <strong>man beim Anfahren etwas mehr Gas geben muss, um z\u00fcgig zu beschleunigen<\/strong>. Man zieht den Motor eher bis 3.000 bis 4.000 U\/min hoch. \u201eKein Mangel an Leistung\u201c, aber im Vergleich zum Golf 7 fiel mir das etwas auf. Mein Mann meinte jedoch: <strong>\u201eGerade diese Leistungskurve macht das Fahren spannend, weil man den Motor hochdrehen kann.\u201c<\/strong><\/p>\n<h4 class=\"style4b\">\u2466 Kein ungewohntes Fahrgef\u00fchl<\/h4>\n<p>Obwohl das Drehmoment etwas geringer ist, f\u00fchlt sich das Fahrverhalten keineswegs unangenehm an. Das Handling ist pr\u00e4zise, die Bremsen sprechen gut an, und insgesamt gibt es keine Einschr\u00e4nkungen. F\u00fcr den Alltag bietet der POLO mehr als ausreichende Fahrleistungen.<\/p>\n<h3 class=\"style3a\">Fazit zum POLO<\/h3>\n<p>Ich bin einige Male zum Supermarkt gefahren, dessen Parkpl\u00e4tze eher eng sind. Dank der guten Wendigkeit ist der POLO <strong>ein sehr praktisches Fahrzeug f\u00fcr den t\u00e4glichen Gebrauch<\/strong>. Auch die R\u00fcckbank bietet ausreichend Platz, sodass l\u00e4ngere Fahrten f\u00fcr die Passagiere komfortabel bleiben. Der Preis von rund 20.000 Euro ist daf\u00fcr wirklich beeindruckend.<\/p>\n<p>Allerdings, da ich an den Fahrkomfort und die Performance des Golf 7 gew\u00f6hnt bin, wurde mir auch bewusst, wie viel mehr Fahrspa\u00df und Komfort man f\u00fcr nur etwa 10.000 Euro Aufpreis bekommt \u2013 <strong>das macht den Golf 7 besonders attraktiv.<\/strong><\/p>\n<h3 class=\"style3a\">Die Meinung meines Mannes<\/h3>\n<p>Was sagt mein Mann dazu? Zwar habe ich nicht ausf\u00fchrlich mit ihm gesprochen, aber er postete k\u00fcrzlich in den sozialen Medien Folgendes:<\/p>\n<p class=\"well2\">Ich habe als Ersatzwagen den Vorg\u00e4nger-POLO bekommen. Klein, aber beeindruckend. Im Vergleich zum gleichgro\u00dfen japanischen \u25efitz meiner Mutter ist das wie Tag und Nacht, Auto gegen Fahrrad. Fahrgef\u00fchl, Motor-Drehmoment, Steifigkeit, Stra\u00dfenlage, Bremskontrolle, pr\u00e4zises Handling \u2013 alles top. Was f\u00fcr ein gro\u00dfartiges Auto&#8230; Ich w\u00fcnsche mir, dass japanische Hersteller da noch mehr Gas geben.<\/p>\n<p>Das kann ich nur best\u00e4tigen \u2013 im Vergleich zu japanischen Fahrzeugen derselben Klasse ist der Unterschied wirklich enorm.<\/p>\n<p>Das waren meine Eindr\u00fccke zum POLO.<\/p>\n","protected":false},"excerpt":{"rendered":"Der Vorg\u00e4nger-POLO als Ersatzwagen Vor Kurzem, als ich meinen Volkswagen Golf 7 zur einj\u00e4hrigen Inspektion beim H\u00e4ndler hatte, konnte ich einen f\u00fcnften Generation 6R POLO (1,4-Liter-Reihen-Vierzylinder-Motor) als Ersatzwagen bekommen und bin damit zum nahegelegenen Supermarkt und zur\u00fcck gefahren. In diesem Beitrag m\u00f6chte ich meine Eindr\u00fccke zum Fahrkomfort und den Fahreigenschaften des POLO teilen. (Hier geht\u2019s zum Artikel \u00fcber die Golf-Jahresinspektion\u2193\u2193) \u2192\u3010Referenzartikel\u3011Wie hoch sind die Unterhaltskosten des VW Golf 7? \u2013 Gesamtkosten der Jahresinspektion ca. 300...","protected":false},"author":0,"featured_media":4343,"comment_status":"open","ping_status":"open","sticky":false,"template":"","format":"standard","meta":{"footnotes":"","_locale":"de_DE","_original_post":"https:\/\/www.panamera-life.com\/?p=4341"},"categories":[42],"tags":[],"yoast_head":"<title>Ein Tag im Volkswagen POLO: Eindr\u00fccke und Fahrgef\u00fchl - \u30dd\u30eb\u30b7\u30a7\u304c\u308f\u304c\u5bb6\u306b\u3084\u3063\u3066\u304d\u305f - \u30aa\u30fc\u30ca\u30fc\u30ba\u30d6\u30ed\u30b0<\/title>\n<meta name=\"description\" content=\"Ein Tag im VW POLO: Erfahren Sie alles \u00fcber Fahrkomfort, Ausstattung und das Porsche Fahrerlebnis beim Porsche kaufen und Porsche Besitz.\" \/>\n<meta name=\"robots\" content=\"index, follow, max-snippet:-1, max-image-preview:large, max-video-preview:-1\" \/>\n<link rel=\"canonical\" href=\"https:\/\/www.panamera-life.com\/de\/entry\/vw-polo\/\" \/>\n<meta property=\"og:locale\" content=\"de_DE\" \/>\n<meta property=\"og:type\" content=\"article\" \/>\n<meta property=\"og:title\" content=\"Ein Tag im Volkswagen POLO: Eindr\u00fccke und Fahrgef\u00fchl - \u30dd\u30eb\u30b7\u30a7\u304c\u308f\u304c\u5bb6\u306b\u3084\u3063\u3066\u304d\u305f - \u30aa\u30fc\u30ca\u30fc\u30ba\u30d6\u30ed\u30b0\" \/>\n<meta property=\"og:description\" content=\"Ein Tag im VW POLO: Erfahren Sie alles \u00fcber Fahrkomfort, Ausstattung und das Porsche Fahrerlebnis beim Porsche kaufen und Porsche Besitz.\" \/>\n<meta property=\"og:url\" content=\"https:\/\/www.panamera-life.com\/de\/entry\/vw-polo\/\" \/>\n<meta property=\"og:site_name\" content=\"\u30dd\u30eb\u30b7\u30a7\u304c\u308f\u304c\u5bb6\u306b\u3084\u3063\u3066\u304d\u305f - \u30aa\u30fc\u30ca\u30fc\u30ba\u30d6\u30ed\u30b0\" \/>\n<meta property=\"article:publisher\" content=\"https:\/\/www.facebook.com\/panameralife\/\" \/>\n<meta property=\"article:published_time\" content=\"2018-08-18T21:00:49+00:00\" \/>\n<meta property=\"article:modified_time\" content=\"2022-12-30T02:28:53+00:00\" \/>\n<meta property=\"og:image\" content=\"https:\/\/www.panamera-life.com\/wp-content\/uploads\/2018\/08\/IMG_7579.jpg\" \/>\n\t<meta property=\"og:image:width\" content=\"1200\" \/>\n\t<meta property=\"og:image:height\" content=\"900\" \/>\n\t<meta property=\"og:image:type\" content=\"image\/jpeg\" \/>\n<meta name=\"twitter:label1\" content=\"Gesch\u00e4tzte Lesezeit\" \/>\n\t<meta name=\"twitter:data1\" content=\"4\u00a0Minuten\" \/>","yoast_head_json":{"title":"Ein Tag im Volkswagen POLO: Eindr\u00fccke und Fahrgef\u00fchl - \u30dd\u30eb\u30b7\u30a7\u304c\u308f\u304c\u5bb6\u306b\u3084\u3063\u3066\u304d\u305f - \u30aa\u30fc\u30ca\u30fc\u30ba\u30d6\u30ed\u30b0","description":"Ein Tag im VW POLO: Erfahren Sie alles \u00fcber Fahrkomfort, Ausstattung und das Porsche Fahrerlebnis beim Porsche kaufen und Porsche Besitz.","robots":{"index":"index","follow":"follow","max-snippet":"max-snippet:-1","max-image-preview":"max-image-preview:large","max-video-preview":"max-video-preview:-1"},"canonical":"https:\/\/www.panamera-life.com\/de\/entry\/vw-polo\/","og_locale":"de_DE","og_type":"article","og_title":"Ein Tag im Volkswagen POLO: Eindr\u00fccke und Fahrgef\u00fchl - \u30dd\u30eb\u30b7\u30a7\u304c\u308f\u304c\u5bb6\u306b\u3084\u3063\u3066\u304d\u305f - \u30aa\u30fc\u30ca\u30fc\u30ba\u30d6\u30ed\u30b0","og_description":"Ein Tag im VW POLO: Erfahren Sie alles \u00fcber Fahrkomfort, Ausstattung und das Porsche Fahrerlebnis beim Porsche kaufen und Porsche Besitz.","og_url":"https:\/\/www.panamera-life.com\/de\/entry\/vw-polo\/","og_site_name":"\u30dd\u30eb\u30b7\u30a7\u304c\u308f\u304c\u5bb6\u306b\u3084\u3063\u3066\u304d\u305f - \u30aa\u30fc\u30ca\u30fc\u30ba\u30d6\u30ed\u30b0","article_publisher":"https:\/\/www.facebook.com\/panameralife\/","article_published_time":"2018-08-18T21:00:49+00:00","article_modified_time":"2022-12-30T02:28:53+00:00","og_image":[{"width":1200,"height":900,"url":"https:\/\/www.panamera-life.com\/wp-content\/uploads\/2018\/08\/IMG_7579.jpg","type":"image\/jpeg"}],"twitter_misc":{"Gesch\u00e4tzte Lesezeit":"4\u00a0Minuten"},"schema":{"@context":"https:\/\/schema.org","@graph":[{"@type":"Article","@id":"https:\/\/www.panamera-life.com\/de\/entry\/vw-polo\/#article","isPartOf":{"@id":"https:\/\/www.panamera-life.com\/de\/entry\/vw-polo\/"},"author":{"name":"","@id":""},"headline":"Ein Tag im Volkswagen POLO: Eindr\u00fccke und Fahrgef\u00fchl","datePublished":"2018-08-18T21:00:49+00:00","dateModified":"2022-12-30T02:28:53+00:00","mainEntityOfPage":{"@id":"https:\/\/www.panamera-life.com\/de\/entry\/vw-polo\/"},"wordCount":868,"commentCount":0,"publisher":{"@id":"https:\/\/www.panamera-life.com\/#organization"},"image":{"@id":"https:\/\/www.panamera-life.com\/de\/entry\/vw-polo\/#primaryimage"},"thumbnailUrl":"https:\/\/www.panamera-life.com\/wp-content\/uploads\/2018\/08\/IMG_7579.jpg","articleSection":["Volkswagen"],"inLanguage":"de","potentialAction":[{"@type":"CommentAction","name":"Comment","target":["https:\/\/www.panamera-life.com\/de\/entry\/vw-polo\/#respond"]}]},{"@type":"WebPage","@id":"https:\/\/www.panamera-life.com\/de\/entry\/vw-polo\/","url":"https:\/\/www.panamera-life.com\/de\/entry\/vw-polo\/","name":"Ein Tag im Volkswagen POLO: Eindr\u00fccke und Fahrgef\u00fchl - \u30dd\u30eb\u30b7\u30a7\u304c\u308f\u304c\u5bb6\u306b\u3084\u3063\u3066\u304d\u305f - \u30aa\u30fc\u30ca\u30fc\u30ba\u30d6\u30ed\u30b0","isPartOf":{"@id":"https:\/\/www.panamera-life.com\/#website"},"primaryImageOfPage":{"@id":"https:\/\/www.panamera-life.com\/de\/entry\/vw-polo\/#primaryimage"},"image":{"@id":"https:\/\/www.panamera-life.com\/de\/entry\/vw-polo\/#primaryimage"},"thumbnailUrl":"https:\/\/www.panamera-life.com\/wp-content\/uploads\/2018\/08\/IMG_7579.jpg","datePublished":"2018-08-18T21:00:49+00:00","dateModified":"2022-12-30T02:28:53+00:00","description":"Ein Tag im VW POLO: Erfahren Sie alles \u00fcber Fahrkomfort, Ausstattung und das Porsche Fahrerlebnis beim Porsche kaufen und Porsche Besitz.","breadcrumb":{"@id":"https:\/\/www.panamera-life.com\/de\/entry\/vw-polo\/#breadcrumb"},"inLanguage":"de","potentialAction":[{"@type":"ReadAction","target":["https:\/\/www.panamera-life.com\/de\/entry\/vw-polo\/"]}]},{"@type":"ImageObject","inLanguage":"de","@id":"https:\/\/www.panamera-life.com\/de\/entry\/vw-polo\/#primaryimage","url":"https:\/\/www.panamera-life.com\/wp-content\/uploads\/2018\/08\/IMG_7579.jpg","contentUrl":"https:\/\/www.panamera-life.com\/wp-content\/uploads\/2018\/08\/IMG_7579.jpg","width":1200,"height":900,"caption":"\u8eca, \u99d0\u8eca\u5834, VOLKSWAGEN, POLO, 6R"},{"@type":"BreadcrumbList","@id":"https:\/\/www.panamera-life.com\/de\/entry\/vw-polo\/#breadcrumb","itemListElement":[{"@type":"ListItem","position":1,"name":"\u30db\u30fc\u30e0","item":"https:\/\/www.panamera-life.com\/"},{"@type":"ListItem","position":2,"name":"Ein Tag im Volkswagen POLO: Eindr\u00fccke und Fahrgef\u00fchl"}]},{"@type":"WebSite","@id":"https:\/\/www.panamera-life.com\/#website","url":"https:\/\/www.panamera-life.com\/","name":"\u30dd\u30eb\u30b7\u30a7\u304c\u308f\u304c\u5bb6\u306b\u3084\u3063\u3066\u304d\u305f - \u30aa\u30fc\u30ca\u30fc\u30ba\u30d6\u30ed\u30b0","description":"\u30dd\u30eb\u30b7\u30a7\u306b\u9b45\u4e86\u3055\u308c\u305f\u59bb\u304c\u66f8\u304f\u30dd\u30eb\u30b7\u30a7\u30d6\u30ed\u30b0\u3067\u3059\u3002\u6240\u6709\u3059\u308b\u30dd\u30eb\u30b7\u30a7 911\u30ab\u30ec\u30e9\uff08964\uff09\u3001911GT3\u3001\u30dc\u30af\u30b9\u30bf\u30fc\u3001\u30d1\u30ca\u30e1\u30fc\u30e9\u306e\u30ec\u30d3\u30e5\u30fc\u3084\u7dad\u6301\u8cbb\u3001\u30c4\u30fc\u30ea\u30f3\u30b0\u8a18\u306a\u3069\u3002\u30cb\u30e5\u30fc\u30b9\u8a18\u4e8b\u3067\u306f\u5206\u304b\u3089\u306a\u3044\u751f\u306e\u30dd\u30eb\u30b7\u30a7\u30aa\u30fc\u30ca\u30fc\u306e\u58f0\u3092\u5b9a\u671f\u914d\u4fe1\u3059\u308b\u30d6\u30ed\u30b0\u3067\u3059\u3002","publisher":{"@id":"https:\/\/www.panamera-life.com\/#organization"},"potentialAction":[{"@type":"SearchAction","target":{"@type":"EntryPoint","urlTemplate":"https:\/\/www.panamera-life.com\/?s={search_term_string}"},"query-input":{"@type":"PropertyValueSpecification","valueRequired":true,"valueName":"search_term_string"}}],"inLanguage":"de"},{"@type":"Organization","@id":"https:\/\/www.panamera-life.com\/#organization","name":"\u30dd\u30eb\u30b7\u30a7\u304c\u308f\u304c\u5bb6\u306b\u3084\u3063\u3066\u304d\u305f","url":"https:\/\/www.panamera-life.com\/","logo":{"@type":"ImageObject","inLanguage":"de","@id":"https:\/\/www.panamera-life.com\/#\/schema\/logo\/image\/","url":"https:\/\/www.panamera-life.com\/wp-content\/uploads\/2021\/05\/unnamed.jpg","contentUrl":"https:\/\/www.panamera-life.com\/wp-content\/uploads\/2021\/05\/unnamed.jpg","width":512,"height":512,"caption":"\u30dd\u30eb\u30b7\u30a7\u304c\u308f\u304c\u5bb6\u306b\u3084\u3063\u3066\u304d\u305f"},"image":{"@id":"https:\/\/www.panamera-life.com\/#\/schema\/logo\/image\/"},"sameAs":["https:\/\/www.facebook.com\/panameralife\/","https:\/\/x.com\/Mina_Panamera","https:\/\/www.instagram.com\/mina_porsche\/","https:\/\/www.youtube.com\/channel\/UCoyAW0ifcnk05Iryf7-bkhg"]}]}},"_links":{"self":[{"href":"https:\/\/www.panamera-life.com\/wp-json\/wp\/v2\/posts\/38478"}],"collection":[{"href":"https:\/\/www.panamera-life.com\/wp-json\/wp\/v2\/posts"}],"about":[{"href":"https:\/\/www.panamera-life.com\/wp-json\/wp\/v2\/types\/post"}],"replies":[{"embeddable":true,"href":"https:\/\/www.panamera-life.com\/wp-json\/wp\/v2\/comments?post=38478"}],"version-history":[{"count":0,"href":"https:\/\/www.panamera-life.com\/wp-json\/wp\/v2\/posts\/38478\/revisions"}],"wp:featuredmedia":[{"embeddable":true,"href":"https:\/\/www.panamera-life.com\/wp-json\/wp\/v2\/media\/4343"}],"wp:attachment":[{"href":"https:\/\/www.panamera-life.com\/wp-json\/wp\/v2\/media?parent=38478"}],"wp:term":[{"taxonomy":"category","embeddable":true,"href":"https:\/\/www.panamera-life.com\/wp-json\/wp\/v2\/categories?post=38478"},{"taxonomy":"post_tag","embeddable":true,"href":"https:\/\/www.panamera-life.com\/wp-json\/wp\/v2\/tags?post=38478"}],"curies":[{"name":"wp","href":"https:\/\/api.w.org\/{rel}","templated":true}]}}