{"id":38541,"date":"2023-01-22T06:00:53","date_gmt":"2023-01-21T21:00:53","guid":{"rendered":"https:\/\/www.panamera-life.com\/?p=38541"},"modified":"2023-01-24T22:39:37","modified_gmt":"2023-01-24T13:39:37","slug":"sl43","status":"publish","type":"post","link":"https:\/\/www.panamera-life.com\/de\/entry\/sl43\/","title":{"rendered":"Testfahrt mit dem neuen Mercedes-AMG SL43: Warum hei\u00dft er \u201eSL\u201c?"},"content":{"rendered":"<p>Vor Kurzem hat mein Bruder den neuen Mercedes-AMG SL43 (Modell R232) gekauft.<\/p>\n<p>Wenn man an den SL denkt, ist das f\u00fcr mich pers\u00f6nlich eines meiner Lieblingsmodelle \u2013 eines der drei Autos (911, SL, M3), die ich mir in meiner Jugend unbedingt einmal w\u00fcnschen wollte. Tats\u00e4chlich bin ich schon <a href=\"https:\/\/www.panamera-life.com\/entry\/2018\/02\/08\/\" target=\"_blank\" rel=\"noopener\">R129 SL500 gefahren<\/a> und habe auch den kleinen Bruder, den R171 SLK350, besessen.<\/p>\n<p>Der SL ist wirklich ein ganz besonderes Modell f\u00fcr mich, mit viel Herzblut verbunden.<\/p>\n<p><img loading=\"lazy\" decoding=\"async\" class=\"alignnone size-large wp-image-30598\" src=\"https:\/\/www.panamera-life.com\/wp-content\/uploads\/2023\/01\/342C5CA9-7718-43A0-8846-12326AD9C6ED-1280x960.jpeg\" alt=\"Mercedes-AMG SL43\" width=\"1280\" height=\"960\" \/><\/p>\n<p>Als ich die Nachricht \u00fcber die Vorstellung des neuen SL sah, war ich sehr zwiegespalten. <strong>Das Design bricht radikal mit dem bisherigen SL, es gibt nur AMG-Modelle, und der SL43 hat einen Vierzylinder-Turbomotor.<\/strong><\/p>\n<p>Das machte mich ehrlich gesagt erst einmal unsicher.<\/p>\n<p>Bei der Probefahrt wollte ich herausfinden, ob meine Bedenken als ehemaliger SL-Besitzer berechtigt sind oder ob ich mir unn\u00f6tige Sorgen mache. Also setzte ich mich ans Steuer.<\/p>\n<div id=\"ez-toc-container\" class=\"ez-toc-v2_0_74 counter-hierarchy ez-toc-counter ez-toc-grey ez-toc-container-direction\">\n<div class=\"ez-toc-title-container\">\n<p class=\"ez-toc-title\" style=\"cursor:inherit\">\u30b3\u30f3\u30c6\u30f3\u30c4<\/p>\n<span class=\"ez-toc-title-toggle\"><\/span><\/div>\n<nav><ul class='ez-toc-list ez-toc-list-level-1 ' ><li class='ez-toc-page-1 ez-toc-heading-level-3'><a class=\"ez-toc-link ez-toc-heading-1\" href=\"https:\/\/www.panamera-life.com\/de\/entry\/sl43\/#Mercedes-AMG_SL43\" >Mercedes-AMG SL43<\/a><ul class='ez-toc-list-level-4' ><li class='ez-toc-heading-level-4'><a class=\"ez-toc-link ez-toc-heading-2\" href=\"https:\/\/www.panamera-life.com\/de\/entry\/sl43\/#Exterieur_Interieur\" >Exterieur &#038; Interieur<\/a><\/li><li class='ez-toc-page-1 ez-toc-heading-level-4'><a class=\"ez-toc-link ez-toc-heading-3\" href=\"https:\/\/www.panamera-life.com\/de\/entry\/sl43\/#Motor_Handling\" >Motor &#038; Handling<\/a><\/li><li class='ez-toc-page-1 ez-toc-heading-level-4'><a class=\"ez-toc-link ez-toc-heading-4\" href=\"https:\/\/www.panamera-life.com\/de\/entry\/sl43\/#Gefuehl_auf_der_Autobahn\" >Gef\u00fchl auf der Autobahn<\/a><\/li><li class='ez-toc-page-1 ez-toc-heading-level-4'><a class=\"ez-toc-link ez-toc-heading-5\" href=\"https:\/\/www.panamera-life.com\/de\/entry\/sl43\/#Fazit\" >Fazit<\/a><\/li><\/ul><\/li><\/ul><\/nav><\/div>\n\n<h3 class=\"style3a\"><span class=\"ez-toc-section\" id=\"Mercedes-AMG_SL43\"><\/span>Mercedes-AMG SL43<span class=\"ez-toc-section-end\"><\/span><\/h3>\n<h4 class=\"style4b\"><span class=\"ez-toc-section\" id=\"Exterieur_Interieur\"><\/span>Exterieur &#038; Interieur<span class=\"ez-toc-section-end\"><\/span><\/h4>\n<p><strong>In Wirklichkeit sieht er viel besser aus als auf Fotos.<\/strong> Die matte Lackierung in AMG Monza Grau Magno ist wundersch\u00f6n und passt perfekt zum neuen Karosseriedesign. Dennoch w\u00fcrde ich das Design nicht unbedingt als typisch SL bezeichnen. <strong>Auf den ersten Blick k\u00f6nnte man ihn leicht mit dem AMG GT Roadster verwechseln.<\/strong> Das Design wirkt noch aggressiver und kantiger als bei fr\u00fcheren SL-Modellen.<\/p>\n<p>Das Dach ist <strong>kein Vario-Dach mehr, sondern ein Softtop, und der Innenraum bietet nun vier Sitze.<\/strong><\/p>\n<p><img loading=\"lazy\" decoding=\"async\" class=\"alignnone size-large wp-image-30587\" src=\"https:\/\/www.panamera-life.com\/wp-content\/uploads\/2023\/01\/5D591102-A21A-4914-AACB-BD59A3E8E74E-1280x960.jpeg\" alt=\"Mercedes-AMG SL43\" width=\"1280\" height=\"960\" \/><\/p>\n<p><img loading=\"lazy\" decoding=\"async\" class=\"alignnone size-large wp-image-30592\" src=\"https:\/\/www.panamera-life.com\/wp-content\/uploads\/2023\/01\/9A1EE56C-A4BB-4C77-8802-7323767C7479-1280x960.jpeg\" alt=\"Mercedes-AMG SL43\" width=\"1280\" height=\"960\" \/><\/p>\n<p>N\u00e4hert man sich dem Auto, fahren die T\u00fcrgriffe automatisch aus und begr\u00fc\u00dfen den Fahrer. Die T\u00fcren sind f\u00fcr heutige Verh\u00e4ltnisse ungew\u00f6hnlich schwer. Im Innenraum dominiert der riesige Touchscreen in der Mittelkonsole, wie man ihn auch aus der neuen C- und S-Klasse kennt.<\/p>\n<p>Der Fahrerbereich ist leicht gew\u00f6lbt und umschlie\u00dft den Fahrer, <strong>was im Vergleich zu fr\u00fcheren SL-Modellen etwas beengend wirkt.<\/strong><\/p>\n<p>Die Sitze sind bequem, folgen aber nicht mehr dem traditionellen luxuri\u00f6sen SL-Stil, sondern sind sportlich gestaltet und etwas flacher gepolstert. Die Mercedes-typischen elektrischen Sitzverstellungen an der T\u00fcr sind nun ber\u00fchrungsempfindlich und erfordern etwas Eingew\u00f6hnung.<\/p>\n<p><img loading=\"lazy\" decoding=\"async\" class=\"alignnone size-large wp-image-30595\" src=\"https:\/\/www.panamera-life.com\/wp-content\/uploads\/2023\/01\/7CA0C0D3-FCE6-4BFC-90C3-B5DE0E9D5799-1280x960.jpeg\" alt=\"Mercedes-AMG SL43 Interieur\" width=\"1280\" height=\"960\" \/><\/p>\n<p><img loading=\"lazy\" decoding=\"async\" class=\"alignnone size-large wp-image-30589\" src=\"https:\/\/www.panamera-life.com\/wp-content\/uploads\/2023\/01\/DB786474-2EF6-42C9-A3FF-CBE2BE39F7B9-1280x960.jpeg\" alt=\"Mercedes-AMG SL43 Sitz\" width=\"1280\" height=\"960\" \/><\/p>\n<p><strong>Die R\u00fccksitze sind klar als Kindersitze zu verstehen<\/strong> \u2013 vergleichbar mit denen im Porsche 911, also nur f\u00fcr den Notfall geeignet.<\/p>\n<p>Obwohl es nun vier Sitze gibt, kann man die R\u00fcckenlehnen nicht vollst\u00e4ndig zur\u00fcckklappen, um sich auszuruhen. Mein Bruder vermutet, dass hier noch die Steuerungseinheit aus der Zweisitzer-\u00c4ra verwendet wird, da sich die Sitzfl\u00e4che automatisch nach vorne bewegt, wenn man die Lehne zu weit neigt.<\/p>\n<p>Das ist \u00e4rgerlich, denn so kann man die R\u00fccksitze nicht komplett umklappen und entspannen.<\/p>\n<p>Fast alle Funktionen und Einstellungen im Innenraum werden \u00fcber den gro\u00dfen Touchscreen in der Mittelkonsole gesteuert. Nach einer Eingew\u00f6hnungszeit funktionieren Klimaanlage, Audio und Navigation gut, aber gerade die Bedienung des Verdecks \u00fcber den Touchscreen ist eine Katastrophe.<\/p>\n<p>W\u00e4hrend der Fahrt muss man den Schalter auf dem Bildschirm gedr\u00fcckt halten, um das Dach zu \u00f6ffnen oder zu schlie\u00dfen. Die Touch-Reaktion ist oft schlecht, und durch die Vibrationen kann der Finger abrutschen. <strong>Das f\u00fchrt dazu, dass das Verdeck oft irgendwo h\u00e4ngen bleibt \u2013 was gef\u00e4hrlich und nervenaufreibend ist.<\/strong><\/p>\n<p>Diese Bedienung widerspricht der Mercedes-Philosophie, den Fahrer nicht w\u00e4hrend der Fahrt zu verwirren, und sollte dringend verbessert werden.<\/p>\n<div id=\"attachment_30580\" style=\"width: 1290px\" class=\"wp-caption alignnone\"><img loading=\"lazy\" decoding=\"async\" aria-describedby=\"caption-attachment-30580\" class=\"size-large wp-image-30580\" src=\"https:\/\/www.panamera-life.com\/wp-content\/uploads\/2023\/01\/20230119222556-1-1280x1028.jpg\" alt=\"Bedienung des Verdecks im SL43\" width=\"1280\" height=\"1028\" \/><p id=\"caption-attachment-30580\" class=\"wp-caption-text\">Diese Bedienung ist sehr unpraktisch, besonders w\u00e4hrend der Fahrt schwer zu halten.<\/p><\/div>\n<h4 class=\"style4b\"><span class=\"ez-toc-section\" id=\"Motor_Handling\"><\/span>Motor &#038; Handling<span class=\"ez-toc-section-end\"><\/span><\/h4>\n<p>Der Motor erwacht mit einem \u00fcberraschend kraftvollen Startger\u00e4usch f\u00fcr ein modernes Fahrzeug mit strengen L\u00e4rmvorschriften.<\/p>\n<p><strong>Im D-Modus loszufahren f\u00fchlt sich \u201ehart\u201c an.<\/strong> Das entfuhr mir spontan.<\/p>\n<p><img loading=\"lazy\" decoding=\"async\" class=\"alignnone size-large wp-image-30611\" src=\"https:\/\/www.panamera-life.com\/wp-content\/uploads\/2023\/01\/B4134262-6782-45B1-A7D2-CEB771BA4217-1280x960.jpeg\" alt=\"Mercedes SL\" width=\"1280\" height=\"960\" \/><\/p>\n<p>Man darf den SL nicht mit den alten Modellen vergleichen \u2013 die Federung ist deutlich straffer. Zwar tr\u00e4gt das 21-Zoll-R\u00e4der-Upgrade vom H\u00e4ndler dazu bei, aber auch ohne diese ist das Fahrwerk eher hart. Es gibt keine unangenehmen St\u00f6\u00dfe wie bei getunten Autos, doch auf unebenen Stra\u00dfen schaukelt die Karosserie sp\u00fcrbar. F\u00fcr eine gem\u00fctliche Fahrt auf Dates ist das eher ungeeignet.<\/p>\n<p>Im Vergleich zum Porsche 992 ist der SL sp\u00fcrbar h\u00e4rter gefedert.<\/p>\n<div id=\"attachment_30594\" style=\"width: 1290px\" class=\"wp-caption alignnone\"><img loading=\"lazy\" decoding=\"async\" aria-describedby=\"caption-attachment-30594\" class=\"size-large wp-image-30594\" src=\"https:\/\/www.panamera-life.com\/wp-content\/uploads\/2023\/01\/EB1BCAE6-8784-4EA2-9C14-EB632208B239-1280x960.jpeg\" alt=\"Mercedes-AMG SL43 Motor\" width=\"1280\" height=\"960\" \/><p id=\"caption-attachment-30594\" class=\"wp-caption-text\">2-Liter-Vierzylinder mit elektrischem Turbo<\/p><\/div>\n<p>Nun zum Herzst\u00fcck: der 2-Liter-Vierzylinder mit F1-inspirierter elektrischer Turboaufladung. Ich pr\u00fcfte das Ansprechverhalten bei sanftem und schnellerem Gasgeben. Doch es gibt ein gr\u00f6\u00dferes Problem.<\/p>\n<p>Das 9-Gang-Getriebe \u201eAMG Speedshift MCT\u201c schaltet sehr unsauber.<\/p>\n<p>Vielleicht ein Einzelfall, aber der Schaltsto\u00df vom ersten in den zweiten Gang ist heftig und wirkt, als w\u00e4re das Getriebe zum ersten Mal verbaut worden.<\/p>\n<p><strong>Selbst bei vorsichtigem Gasgeben sp\u00fcrt man beim Schalten einen deutlichen Ruck.<\/strong><\/p>\n<p>Ab dem dritten Gang ist das Schalten sanfter, aber so kann man die Vorteile des elektrischen Turbos kaum genie\u00dfen. Hier ist dringend eine Software-Optimierung n\u00f6tig.<\/p>\n<p><img loading=\"lazy\" decoding=\"async\" class=\"alignnone size-large wp-image-30593\" src=\"https:\/\/www.panamera-life.com\/wp-content\/uploads\/2023\/01\/8BE6F564-9F73-40C0-AB84-5EF840936A13-1280x960.jpeg\" alt=\"Mercedes-AMG SL43 Felgen\" width=\"1280\" height=\"960\" \/><\/p>\n<p>Auf dem Weg zur Autobahn testete ich das Handling in Kurven an einer Autobahnauffahrt. <strong>Die straffe Abstimmung zahlt sich aus: Das Handling ist hervorragend.<\/strong> Die Reifen haben guten Grip, und das Fahrverhalten ist sportlich und agil \u2013 typisch AMG.<\/p>\n<p>Der Vierzylinder sorgt f\u00fcr eine gute Wendigkeit und flinke Reaktionen. Allerdings fehlt die souver\u00e4ne Ruhe und das sanfte Gleiten, das man von einem Luxus-SL erwartet.<\/p>\n<p>Betrachtet man den SL als reinen AMG-Sportwagen, ist das Handling sehr gut.<\/p>\n<h4 class=\"style4b\"><span class=\"ez-toc-section\" id=\"Gefuehl_auf_der_Autobahn\"><\/span>Gef\u00fchl auf der Autobahn<span class=\"ez-toc-section-end\"><\/span><\/h4>\n<p>Beim Auffahren auf die Autobahn schaltete ich in den Sportplus-Modus und trat das Gaspedal kr\u00e4ftig durch. Der elektrische Turbo liefert ausreichend Drehmoment und eine beeindruckende Reaktionsfreudigkeit. Die Leistung von 381 PS f\u00fchlt sich keineswegs nach einem Vierzylinder an, sondern eher wie ein starker Sechszylinder.<\/p>\n<p>Die Power ist mehr als ausreichend. Au\u00dfer f\u00fcr Fahrer, die AMG 63-Modelle gewohnt sind, wird die Geschwindigkeit kaum Anlass zur Kritik geben. <strong>Mein 992 Carrera Cabriolet mit 385 PS wirkt subjektiv sogar etwas schneller.<\/strong> Das liegt wohl an der Drehmomentdichte und der Leistungsentfaltung, die beim SL etwas weniger ausgepr\u00e4gt ist.<\/p>\n<p><img loading=\"lazy\" decoding=\"async\" class=\"alignnone size-large wp-image-30599\" src=\"https:\/\/www.panamera-life.com\/wp-content\/uploads\/2023\/01\/60E33CEC-C03B-4EF2-8A8B-340098C94F77-1280x960.jpeg\" alt=\"Mercedes-AMG SL43 Tacho\" width=\"1280\" height=\"960\" \/><\/p>\n<p><img loading=\"lazy\" decoding=\"async\" class=\"alignnone size-large wp-image-30588\" src=\"https:\/\/www.panamera-life.com\/wp-content\/uploads\/2023\/01\/035A226F-8C28-4B69-B652-B5013249C651-1280x960.jpeg\" alt=\"Mercedes-AMG SL43 am Steuer\" width=\"1280\" height=\"960\" \/><\/p>\n<p><strong>Die Stabilit\u00e4t bei hohen Geschwindigkeiten ist mehr als ausreichend.<\/strong> Das vermittelt echtes SL-Feeling. Allerdings dringen trotz geschlossenem Verdeck Wind- und Fahrger\u00e4usche deutlich ins Innere. Der Ger\u00e4uschpegel ist vergleichbar mit dem eines 992 Carrera Cabriolets. Bei \u00dcberholman\u00f6vern oder in Tunneln muss man die Stimme schon etwas erheben, um sich mit dem Beifahrer zu unterhalten.<\/p>\n<p>Auch hier zeigt sich, dass der neue SL eher ein Sportwagen als ein luxuri\u00f6ser Grand Tourer ist.<\/p>\n<p>Auf schnellen Autobahnkurven testete ich das Fahrverhalten bei Spurwechseln. Der SL43 ist schnell und sicher, doch <strong>die Front reagiert zwar flink, die Hinterachse folgt jedoch etwas unruhig.<\/strong><\/p>\n<p>Im Vergleich zum 992, der wie auf Schienen f\u00e4hrt und perfekte Kurvenlinien zieht, wirkt die Linie des SL etwas unrund \u2013 eher ein leicht eckiger Kreis als eine perfekte Rundung. Das ist weniger eine Frage der Leistung, sondern eher des Fahrgef\u00fchls. <strong>Hier fehlt ein wenig das \u201eFahrvergn\u00fcgen\u201c.<\/strong><\/p>\n<h4 class=\"style4b\"><span class=\"ez-toc-section\" id=\"Fazit\"><\/span>Fazit<span class=\"ez-toc-section-end\"><\/span><\/h4>\n<p>Mein Bruder sagte: \u201e<strong>Ich wei\u00df nicht, mit welchem Gef\u00fchl ich dieses Auto fahren soll.<\/strong>\u201c<\/p>\n<p>Ich kann dem nur zustimmen. <strong>Wer den SL erwartet, bekommt ein zu sportliches Auto. Vergleicht man ihn mit Konkurrenten wie dem 911, ist er wiederum kein vollwertiger Sportwagen.<\/strong> Die Positionierung des Fahrzeugs bleibt unklar.<\/p>\n<p>Die Bewertung h\u00e4ngt stark davon ab, was man vom Auto erwartet. F\u00fcr mich, der ich den klassischen SL gewohnt bin, f\u00e4llt das Urteil eher kritisch aus. <strong>Wer jedoch ein sportliches AMG-Modell sucht, wird zufrieden sein.<\/strong><\/p>\n<p><img loading=\"lazy\" decoding=\"async\" class=\"alignnone size-large wp-image-30584\" src=\"https:\/\/www.panamera-life.com\/wp-content\/uploads\/2023\/01\/D8728CAC-EB96-4E60-AF54-1C7E1E2F4870-1280x960.jpeg\" alt=\"Mercedes-AMG SL43\" width=\"1280\" height=\"960\" \/><\/p>\n<p><img loading=\"lazy\" decoding=\"async\" class=\"alignnone size-large wp-image-30600\" src=\"https:\/\/www.panamera-life.com\/wp-content\/uploads\/2023\/01\/67ABDE4B-0F12-4BB9-9C1D-C08ABDD84286-1280x961.jpeg\" alt=\"Mercedes-AMG SL43\" width=\"1280\" height=\"961\" \/><\/p>\n<p>W\u00e4hrend der Fahrt fragte ich meine Frau auf dem Beifahrersitz: \u201e<strong>Welchem Auto \u00e4hnelt dieser SL am meisten?<\/strong>\u201c Die Antwort: <strong>dem Porsche 718 Cayman\/Boxster.<\/strong> Man kann sich den SL als eine gr\u00f6\u00dfere, luxuri\u00f6sere Version des 718 vorstellen. Motorenger\u00e4usch, Fahrgef\u00fchl, die fast \u201ecyborghafte\u201c Sportlichkeit und die Steifigkeit des Fahrwerks weisen viele Parallelen auf.<\/p>\n<p>Abschlie\u00dfend m\u00f6chte ich die Entwickler fragen: \u201e<strong>Warum habt ihr das Auto SL genannt?<\/strong>\u201c<\/p>\n<p>Wenn ich das Auto benennen d\u00fcrfte, w\u00fcrde ich es \u201eAMG GT C Cabriolet\u201c nennen \u2013 bewusst nicht \u201eRoadster\u201c. So k\u00f6nnte man die Erwartungshaltung besser steuern, und das Auto w\u00fcrde besser zum Image passen.<\/p>\n","protected":false},"excerpt":{"rendered":"Vor Kurzem hat mein Bruder den neuen Mercedes-AMG SL43 (Modell R232) gekauft. Wenn man an den SL denkt, ist das f\u00fcr mich pers\u00f6nlich eines meiner Lieblingsmodelle \u2013 eines der drei Autos (911, SL, M3), die ich mir in meiner Jugend unbedingt einmal w\u00fcnschen wollte. Tats\u00e4chlich bin ich schon R129 SL500 gefahren und habe auch den kleinen Bruder, den R171 SLK350, besessen. Der SL ist wirklich ein ganz besonderes Modell f\u00fcr mich, mit viel Herzblut verbunden....","protected":false},"author":0,"featured_media":30585,"comment_status":"open","ping_status":"closed","sticky":false,"template":"","format":"standard","meta":{"footnotes":"","_locale":"de_DE","_original_post":"https:\/\/www.panamera-life.com\/?p=30573"},"categories":[72,63],"tags":[207,208,310],"yoast_head":"<title>Testfahrt mit dem neuen Mercedes-AMG SL43: Warum hei\u00dft er \u201eSL\u201c?<\/title>\n<meta name=\"description\" content=\"Probefahrt mit dem neuen Mercedes-AMG SL43: Erfahren Sie alles \u00fcber das Porsche Fahrerlebnis, den Motor, das Handling und warum der SL43 anders ist als seine Vorg\u00e4nger.\" \/>\n<meta name=\"robots\" content=\"index, follow, max-snippet:-1, max-image-preview:large, max-video-preview:-1\" \/>\n<link rel=\"canonical\" href=\"https:\/\/www.panamera-life.com\/de\/entry\/sl43\/\" \/>\n<meta property=\"og:locale\" content=\"de_DE\" \/>\n<meta property=\"og:type\" content=\"article\" \/>\n<meta property=\"og:title\" content=\"Testfahrt mit dem neuen Mercedes-AMG SL43: Warum hei\u00dft er \u201eSL\u201c?\" \/>\n<meta property=\"og:description\" content=\"Probefahrt mit dem neuen Mercedes-AMG SL43: Erfahren Sie alles \u00fcber das Porsche Fahrerlebnis, den Motor, das Handling und warum der SL43 anders ist als seine Vorg\u00e4nger.\" \/>\n<meta property=\"og:url\" content=\"https:\/\/www.panamera-life.com\/de\/entry\/sl43\/\" \/>\n<meta property=\"og:site_name\" content=\"\u30dd\u30eb\u30b7\u30a7\u304c\u308f\u304c\u5bb6\u306b\u3084\u3063\u3066\u304d\u305f - \u30aa\u30fc\u30ca\u30fc\u30ba\u30d6\u30ed\u30b0\" \/>\n<meta property=\"article:publisher\" content=\"https:\/\/www.facebook.com\/panameralife\/\" \/>\n<meta property=\"article:published_time\" content=\"2023-01-21T21:00:53+00:00\" \/>\n<meta property=\"article:modified_time\" content=\"2023-01-24T13:39:37+00:00\" \/>\n<meta property=\"og:image\" content=\"https:\/\/www.panamera-life.com\/wp-content\/uploads\/2023\/01\/F21F4B14-E3EE-459A-93E5-9EA4D6A054DB-1280x960.jpeg\" \/>\n\t<meta property=\"og:image:width\" content=\"1280\" \/>\n\t<meta property=\"og:image:height\" content=\"960\" \/>\n\t<meta property=\"og:image:type\" content=\"image\/jpeg\" \/>\n<meta name=\"twitter:label1\" content=\"Gesch\u00e4tzte Lesezeit\" \/>\n\t<meta name=\"twitter:data1\" content=\"13\u00a0Minuten\" \/>","yoast_head_json":{"title":"Testfahrt mit dem neuen Mercedes-AMG SL43: Warum hei\u00dft er \u201eSL\u201c?","description":"Probefahrt mit dem neuen Mercedes-AMG SL43: Erfahren Sie alles \u00fcber das Porsche Fahrerlebnis, den Motor, das Handling und warum der SL43 anders ist als seine Vorg\u00e4nger.","robots":{"index":"index","follow":"follow","max-snippet":"max-snippet:-1","max-image-preview":"max-image-preview:large","max-video-preview":"max-video-preview:-1"},"canonical":"https:\/\/www.panamera-life.com\/de\/entry\/sl43\/","og_locale":"de_DE","og_type":"article","og_title":"Testfahrt mit dem neuen Mercedes-AMG SL43: Warum hei\u00dft er \u201eSL\u201c?","og_description":"Probefahrt mit dem neuen Mercedes-AMG SL43: Erfahren Sie alles \u00fcber das Porsche Fahrerlebnis, den Motor, das Handling und warum der SL43 anders ist als seine Vorg\u00e4nger.","og_url":"https:\/\/www.panamera-life.com\/de\/entry\/sl43\/","og_site_name":"\u30dd\u30eb\u30b7\u30a7\u304c\u308f\u304c\u5bb6\u306b\u3084\u3063\u3066\u304d\u305f - \u30aa\u30fc\u30ca\u30fc\u30ba\u30d6\u30ed\u30b0","article_publisher":"https:\/\/www.facebook.com\/panameralife\/","article_published_time":"2023-01-21T21:00:53+00:00","article_modified_time":"2023-01-24T13:39:37+00:00","og_image":[{"width":1280,"height":960,"url":"https:\/\/www.panamera-life.com\/wp-content\/uploads\/2023\/01\/F21F4B14-E3EE-459A-93E5-9EA4D6A054DB-1280x960.jpeg","type":"image\/jpeg"}],"twitter_misc":{"Gesch\u00e4tzte Lesezeit":"13\u00a0Minuten"},"schema":{"@context":"https:\/\/schema.org","@graph":[{"@type":"Article","@id":"https:\/\/www.panamera-life.com\/de\/entry\/sl43\/#article","isPartOf":{"@id":"https:\/\/www.panamera-life.com\/de\/entry\/sl43\/"},"author":{"name":"","@id":""},"headline":"Testfahrt mit dem neuen Mercedes-AMG SL43: Warum hei\u00dft er \u201eSL\u201c?","datePublished":"2023-01-21T21:00:53+00:00","dateModified":"2023-01-24T13:39:37+00:00","mainEntityOfPage":{"@id":"https:\/\/www.panamera-life.com\/de\/entry\/sl43\/"},"wordCount":1313,"commentCount":0,"publisher":{"@id":"https:\/\/www.panamera-life.com\/#organization"},"image":{"@id":"https:\/\/www.panamera-life.com\/de\/entry\/sl43\/#primaryimage"},"thumbnailUrl":"https:\/\/www.panamera-life.com\/wp-content\/uploads\/2023\/01\/F21F4B14-E3EE-459A-93E5-9EA4D6A054DB.jpeg","keywords":["Mercedes-Benz","AMG","SL43"],"articleSection":["Tests & Fahrberichte","Mercedes\u2011Benz"],"inLanguage":"de","potentialAction":[{"@type":"CommentAction","name":"Comment","target":["https:\/\/www.panamera-life.com\/de\/entry\/sl43\/#respond"]}]},{"@type":"WebPage","@id":"https:\/\/www.panamera-life.com\/de\/entry\/sl43\/","url":"https:\/\/www.panamera-life.com\/de\/entry\/sl43\/","name":"Testfahrt mit dem neuen Mercedes-AMG SL43: Warum hei\u00dft er \u201eSL\u201c?","isPartOf":{"@id":"https:\/\/www.panamera-life.com\/#website"},"primaryImageOfPage":{"@id":"https:\/\/www.panamera-life.com\/de\/entry\/sl43\/#primaryimage"},"image":{"@id":"https:\/\/www.panamera-life.com\/de\/entry\/sl43\/#primaryimage"},"thumbnailUrl":"https:\/\/www.panamera-life.com\/wp-content\/uploads\/2023\/01\/F21F4B14-E3EE-459A-93E5-9EA4D6A054DB.jpeg","datePublished":"2023-01-21T21:00:53+00:00","dateModified":"2023-01-24T13:39:37+00:00","description":"Probefahrt mit dem neuen Mercedes-AMG SL43: Erfahren Sie alles \u00fcber das Porsche Fahrerlebnis, den Motor, das Handling und warum der SL43 anders ist als seine Vorg\u00e4nger.","breadcrumb":{"@id":"https:\/\/www.panamera-life.com\/de\/entry\/sl43\/#breadcrumb"},"inLanguage":"de","potentialAction":[{"@type":"ReadAction","target":["https:\/\/www.panamera-life.com\/de\/entry\/sl43\/"]}]},{"@type":"ImageObject","inLanguage":"de","@id":"https:\/\/www.panamera-life.com\/de\/entry\/sl43\/#primaryimage","url":"https:\/\/www.panamera-life.com\/wp-content\/uploads\/2023\/01\/F21F4B14-E3EE-459A-93E5-9EA4D6A054DB.jpeg","contentUrl":"https:\/\/www.panamera-life.com\/wp-content\/uploads\/2023\/01\/F21F4B14-E3EE-459A-93E5-9EA4D6A054DB.jpeg","width":4032,"height":3024,"caption":"\u30e1\u30eb\u30bb\u30c7\u30b9AMG SL43 | \u8eca, \u99d0\u8eca\u5834, \u5efa\u7269, \u99d0\u8eca\u5834, MERCEDES-BENZ, AMG SL, R232"},{"@type":"BreadcrumbList","@id":"https:\/\/www.panamera-life.com\/de\/entry\/sl43\/#breadcrumb","itemListElement":[{"@type":"ListItem","position":1,"name":"\u30db\u30fc\u30e0","item":"https:\/\/www.panamera-life.com\/"},{"@type":"ListItem","position":2,"name":"Testfahrt mit dem neuen Mercedes-AMG SL43: Warum hei\u00dft er \u201eSL\u201c?"}]},{"@type":"WebSite","@id":"https:\/\/www.panamera-life.com\/#website","url":"https:\/\/www.panamera-life.com\/","name":"\u30dd\u30eb\u30b7\u30a7\u304c\u308f\u304c\u5bb6\u306b\u3084\u3063\u3066\u304d\u305f - \u30aa\u30fc\u30ca\u30fc\u30ba\u30d6\u30ed\u30b0","description":"\u30dd\u30eb\u30b7\u30a7\u306b\u9b45\u4e86\u3055\u308c\u305f\u59bb\u304c\u66f8\u304f\u30dd\u30eb\u30b7\u30a7\u30d6\u30ed\u30b0\u3067\u3059\u3002\u6240\u6709\u3059\u308b\u30dd\u30eb\u30b7\u30a7 911\u30ab\u30ec\u30e9\uff08964\uff09\u3001911GT3\u3001\u30dc\u30af\u30b9\u30bf\u30fc\u3001\u30d1\u30ca\u30e1\u30fc\u30e9\u306e\u30ec\u30d3\u30e5\u30fc\u3084\u7dad\u6301\u8cbb\u3001\u30c4\u30fc\u30ea\u30f3\u30b0\u8a18\u306a\u3069\u3002\u30cb\u30e5\u30fc\u30b9\u8a18\u4e8b\u3067\u306f\u5206\u304b\u3089\u306a\u3044\u751f\u306e\u30dd\u30eb\u30b7\u30a7\u30aa\u30fc\u30ca\u30fc\u306e\u58f0\u3092\u5b9a\u671f\u914d\u4fe1\u3059\u308b\u30d6\u30ed\u30b0\u3067\u3059\u3002","publisher":{"@id":"https:\/\/www.panamera-life.com\/#organization"},"potentialAction":[{"@type":"SearchAction","target":{"@type":"EntryPoint","urlTemplate":"https:\/\/www.panamera-life.com\/?s={search_term_string}"},"query-input":{"@type":"PropertyValueSpecification","valueRequired":true,"valueName":"search_term_string"}}],"inLanguage":"de"},{"@type":"Organization","@id":"https:\/\/www.panamera-life.com\/#organization","name":"\u30dd\u30eb\u30b7\u30a7\u304c\u308f\u304c\u5bb6\u306b\u3084\u3063\u3066\u304d\u305f","url":"https:\/\/www.panamera-life.com\/","logo":{"@type":"ImageObject","inLanguage":"de","@id":"https:\/\/www.panamera-life.com\/#\/schema\/logo\/image\/","url":"https:\/\/www.panamera-life.com\/wp-content\/uploads\/2021\/05\/unnamed.jpg","contentUrl":"https:\/\/www.panamera-life.com\/wp-content\/uploads\/2021\/05\/unnamed.jpg","width":512,"height":512,"caption":"\u30dd\u30eb\u30b7\u30a7\u304c\u308f\u304c\u5bb6\u306b\u3084\u3063\u3066\u304d\u305f"},"image":{"@id":"https:\/\/www.panamera-life.com\/#\/schema\/logo\/image\/"},"sameAs":["https:\/\/www.facebook.com\/panameralife\/","https:\/\/x.com\/Mina_Panamera","https:\/\/www.instagram.com\/mina_porsche\/","https:\/\/www.youtube.com\/channel\/UCoyAW0ifcnk05Iryf7-bkhg"]}]}},"_links":{"self":[{"href":"https:\/\/www.panamera-life.com\/wp-json\/wp\/v2\/posts\/38541"}],"collection":[{"href":"https:\/\/www.panamera-life.com\/wp-json\/wp\/v2\/posts"}],"about":[{"href":"https:\/\/www.panamera-life.com\/wp-json\/wp\/v2\/types\/post"}],"replies":[{"embeddable":true,"href":"https:\/\/www.panamera-life.com\/wp-json\/wp\/v2\/comments?post=38541"}],"version-history":[{"count":0,"href":"https:\/\/www.panamera-life.com\/wp-json\/wp\/v2\/posts\/38541\/revisions"}],"wp:featuredmedia":[{"embeddable":true,"href":"https:\/\/www.panamera-life.com\/wp-json\/wp\/v2\/media\/30585"}],"wp:attachment":[{"href":"https:\/\/www.panamera-life.com\/wp-json\/wp\/v2\/media?parent=38541"}],"wp:term":[{"taxonomy":"category","embeddable":true,"href":"https:\/\/www.panamera-life.com\/wp-json\/wp\/v2\/categories?post=38541"},{"taxonomy":"post_tag","embeddable":true,"href":"https:\/\/www.panamera-life.com\/wp-json\/wp\/v2\/tags?post=38541"}],"curies":[{"name":"wp","href":"https:\/\/api.w.org\/{rel}","templated":true}]}}