{"id":38551,"date":"2023-01-05T06:00:24","date_gmt":"2023-01-04T21:00:24","guid":{"rendered":"https:\/\/www.panamera-life.com\/?p=38551"},"modified":"2023-01-05T06:52:48","modified_gmt":"2023-01-04T21:52:48","slug":"2023_start","status":"publish","type":"post","link":"https:\/\/www.panamera-life.com\/de\/entry\/2023_start\/","title":{"rendered":"2023: Der Porsche 911 zieht bei uns ein"},"content":{"rendered":"<h3 class=\"style3a\">2023: Der Porsche 911 kommt nach Hause<\/h3>\n<p>Frohes neues Jahr! Auch 2023 freuen wir uns, Sie weiterhin bei \u201eWillkommen zu Hause, PORSCHE\u201c begr\u00fc\u00dfen zu d\u00fcrfen.<\/p>\n<p>Zu Jahresbeginn hat mein Mann auf Twitter seine <strong>Mission Statement f\u00fcr dieses Jahr<\/strong> geteilt:<\/p>\n<blockquote class=\"twitter-tweet\">\n<p dir=\"ltr\" lang=\"ja\"><a href=\"https:\/\/twitter.com\/hashtag\/%E4%BB%8A%E5%B9%B4%E3%81%AE%E3%83%9F%E3%83%83%E3%82%B7%E3%83%A7%E3%83%B3%E3%82%B9%E3%83%86%E3%83%BC%E3%83%88%E3%83%A1%E3%83%B3%E3%83%88?src=hash&amp;ref_src=twsrc%5Etfw\">#\u4eca\u5e74\u306e\u30df\u30c3\u30b7\u30e7\u30f3\u30b9\u30c6\u30fc\u30c8\u30e1\u30f3\u30c8<\/a><\/p>\n<p>\u30fbInteressante, spa\u00dfige und das Herz erfreuende Dinge priorisieren<\/p>\n<p>\u30fbAktiv das tun, was andere von einem erwarten<\/p>\n<p>\u30fbBewusst handeln, um anderen Freude zu bereiten<\/p>\n<p>\u30fbProbleme als eigene Verantwortung sehen und Denken sowie Handeln verbessern<\/p>\n<p>\u30fbEigene F\u00e4higkeiten einsetzen, um die Welt besser zu machen<\/p>\n<p>\u2014 Hiro@\u30dd\u30eb\u30b7\u30a7\u304c\u308f\u304c\u5bb6\u306b\u3084\u3063\u3066\u304d\u305f (@boxster_gts) <a href=\"https:\/\/twitter.com\/boxster_gts\/status\/1609497709161107456?ref_src=twsrc%5Etfw\">1. Januar 2023<\/a><\/p><\/blockquote>\n<p><script async src=\"https:\/\/platform.twitter.com\/widgets.js\" charset=\"utf-8\"><\/script><\/p>\n<p>Auf die Frage, <strong>warum er sich gerade dieses Jahr so etwas vorgenommen hat<\/strong>, antwortete er:<\/p>\n<p class=\"well3\">Ich habe in den letzten Jahren schon so gedacht und gehandelt, aber dieses Jahr wollte ich es endlich schriftlich festhalten.<\/p>\n<p>Das leuchtet ein \u2013 Dinge zu konkretisieren und mit anderen zu teilen, ist wirklich wichtig.<\/p>\n<p><img loading=\"lazy\" decoding=\"async\" class=\"alignnone size-full wp-image-30489\" src=\"https:\/\/www.panamera-life.com\/wp-content\/uploads\/2023\/01\/IMG_0925.jpg\" alt=\"Porsche Boxster\" width=\"1200\" height=\"800\" \/><\/p>\n<p>Ich selbst habe mir in den letzten Jahren vorgenommen, <strong>jedes Jahr wenigstens eine neue Herausforderung anzunehmen, egal wie klein<\/strong>.<\/p>\n<p>Fr\u00fcher, als ich noch angestellt war, gab es oft Ver\u00e4nderungen wie die Betreuung von Nachwuchskr\u00e4ften oder neue Projekte.<\/p>\n<p>Doch ab Mitte 30 wurde mir klar: <strong>Ohne eigenes Engagement gibt es keine Ver\u00e4nderung und kein Wachstum<\/strong>. Deshalb m\u00f6chte ich jedes Jahr das Gef\u00fchl haben, dass ich etwas Neues gelernt oder eine neue Perspektive gewonnen habe.<\/p>\n<p>In den letzten Jahren waren meine Ziele zum Beispiel, <strong>ein Schaltgetriebe zu beherrschen oder mit dem Englischlernen zu beginnen<\/strong> (beides nicht beruflich relevant\u2026).<\/p>\n<p>F\u00fcr 2023 steht jedoch die gr\u00f6\u00dfte Herausforderung an: der lang gehegte Traum, <strong>einen Porsche aus eigener Tasche zu kaufen<\/strong>.<\/p>\n<p>Genauer gesagt habe ich den Porsche 911 bereits Ende 2022 bestellt\u2026<\/p>\n<p>Aber die eigentliche Reise beginnt erst mit der Auslieferung. Deshalb sehe ich es als gro\u00dfe Herausforderung, <strong>genug zu verdienen, um den 911 zu unterhalten, und ein Mensch zu werden, der diesem Auto gerecht wird<\/strong>. (Mehr zum Bestellprozess folgt bald hier im Blog.)<\/p>\n<h3 class=\"style3a\">Noch ehrgeiziger im Job<\/h3>\n<p>Merkw\u00fcrdigerweise hat sich seit der Bestellung des 911 auch meine berufliche Energie ver\u00e4ndert.<\/p>\n<p>Mit dem Gef\u00fchl, einen Sprung ins kalte Wasser zu wagen, habe ich die Anzahlung geleistet und mir gesagt: <strong>\u201eIch muss bis zur Auslieferung das Startkapital ansparen. Und mit den monatlichen Raten muss ich noch mehr verdienen!\u201c<\/strong><\/p>\n<p>Seitdem h\u00e4ufen sich Ereignisse, die mich dazu bringen, mich ernsthaft meiner Arbeit zu widmen.<\/p>\n<p>Es f\u00fchlt sich an, als w\u00fcrde jemand unsichtbar sagen: <strong>\u201eWenn du dir einen Porsche kaufen willst, darfst du nicht so bleiben wie bisher. Du musst dich anstrengen!\u201c<\/strong><\/p>\n<p>Ich stelle mich immer mehr Herausforderungen und \u00fcberwinde sie.<\/p>\n<p><img loading=\"lazy\" decoding=\"async\" class=\"alignnone size-full wp-image-30490\" src=\"https:\/\/www.panamera-life.com\/wp-content\/uploads\/2023\/01\/AD1B25E3-2727-4D1E-BE01-C83A75DBC66B-1280x854-1.jpeg\" alt=\"Porsche 911\" width=\"1280\" height=\"854\" \/><\/p>\n<p>In den letzten f\u00fcnf Jahren habe ich meine Arbeit zugunsten der Kindererziehung zur\u00fcckgestellt.<\/p>\n<p>Mit drei Kindern, Haushalt und Blog vergeht jeder Tag wie im Flug, und ich hatte stets das starke Gef\u00fchl: <strong>\u201eAus Erfahrung wei\u00df ich, Familie geht vor, und ich will die Balance nicht verlieren\u201c<\/strong>.<\/p>\n<p>Doch im Kern dachte ich wohl auch:<\/p>\n<p class=\"well2\">\u201eIn meinem Alter nochmal von vorne anfangen und mich verausgaben? Das ist anstrengend. So wie es ist, reicht es doch.\u201c<\/p>\n<p>Aber nach vielen \u00dcberlegungen wurde mir klar: <strong>\u201eIch liebe es, mich anzustrengen und Erfolge zu feiern\u201c<\/strong>. Wenn die M\u00f6glichkeit da ist, will ich es versuchen.<\/p>\n<p>Vor allem unterst\u00fctzen mich meine Kinder inzwischen dabei, dass ich arbeite. Neulich sagte meine \u00e4lteste Tochter:<\/p>\n<p class=\"well2\">\u201eIch will sp\u00e4ter auch Chefin werden, Mama. Dann musst du mir viel beibringen!\u201c<\/p>\n<p>Das hat mich tief ber\u00fchrt (Mama muss bis dahin noch mehr verdienen, haha). Mit dem Wachstum der Kinder ver\u00e4ndert sich auch unser Verh\u00e4ltnis und die Distanz \u2013 ich kann jetzt besser von zu Hause aus arbeiten und mich beruflich weiterentwickeln.<\/p>\n<p>F\u00fcr 2023 habe ich mir deshalb das Motto von Antonio Inoki ausgesucht (ein bisschen spontan):<\/p>\n<p class=\"well2\">Wenn du diesen Weg gehst, was wird geschehen?<br \/>\nF\u00fcrchte dich nicht,<br \/>\nWenn du f\u00fcrchtest, gibt es keinen Weg.<br \/>\nTritt vor,<br \/>\nDieser Schritt wird zum Weg,<br \/>\nDieser Schritt wird zum Weg.<br \/>\nGeh ohne zu z\u00f6gern,<br \/>\nWenn du gehst, wirst du es verstehen.<br \/>\nAntonio Inoki<\/p>\n<div dir=\"auto\">Mit Energie ist alles m\u00f6glich! Jetzt hei\u00dft es: Sparen f\u00fcr die Anzahlung des 911!<\/div>\n<div dir=\"auto\"><\/div>\n<div dir=\"auto\">Liebe Leserinnen und Leser, auch 2023 freue ich mich auf Ihre Begleitung!<\/div>\n<div dir=\"auto\"><\/div>\n<p>&nbsp;<\/p>\n","protected":false},"excerpt":{"rendered":"2023: Der Porsche 911 kommt nach Hause Frohes neues Jahr! Auch 2023 freuen wir uns, Sie weiterhin bei \u201eWillkommen zu Hause, PORSCHE\u201c begr\u00fc\u00dfen zu d\u00fcrfen. Zu Jahresbeginn hat mein Mann auf Twitter seine Mission Statement f\u00fcr dieses Jahr geteilt: #\u4eca\u5e74\u306e\u30df\u30c3\u30b7\u30e7\u30f3\u30b9\u30c6\u30fc\u30c8\u30e1\u30f3\u30c8 \u30fbInteressante, spa\u00dfige und das Herz erfreuende Dinge priorisieren \u30fbAktiv das tun, was andere von einem erwarten \u30fbBewusst handeln, um anderen Freude zu bereiten \u30fbProbleme als eigene Verantwortung sehen und Denken sowie Handeln verbessern \u30fbEigene F\u00e4higkeiten...","protected":false},"author":0,"featured_media":30481,"comment_status":"open","ping_status":"closed","sticky":false,"template":"","format":"standard","meta":{"footnotes":"","_locale":"de_DE","_original_post":"https:\/\/www.panamera-life.com\/?p=30480"},"categories":[2],"tags":[],"yoast_head":"<title>2023: Der Porsche 911 zieht bei uns ein - \u30dd\u30eb\u30b7\u30a7\u304c\u308f\u304c\u5bb6\u306b\u3084\u3063\u3066\u304d\u305f - \u30aa\u30fc\u30ca\u30fc\u30ba\u30d6\u30ed\u30b0<\/title>\n<meta name=\"description\" content=\"2023 startet mit dem Traum vom Porsche 911: Unsere Erfahrungen zum Porsche kaufen, Porsche Besitz und dem einzigartigen Porsche Fahrerlebnis.\" \/>\n<meta name=\"robots\" content=\"index, follow, max-snippet:-1, max-image-preview:large, max-video-preview:-1\" \/>\n<link rel=\"canonical\" href=\"https:\/\/www.panamera-life.com\/de\/entry\/2023_start\/\" \/>\n<meta property=\"og:locale\" content=\"de_DE\" \/>\n<meta property=\"og:type\" content=\"article\" \/>\n<meta property=\"og:title\" content=\"2023: Der Porsche 911 zieht bei uns ein - \u30dd\u30eb\u30b7\u30a7\u304c\u308f\u304c\u5bb6\u306b\u3084\u3063\u3066\u304d\u305f - \u30aa\u30fc\u30ca\u30fc\u30ba\u30d6\u30ed\u30b0\" \/>\n<meta property=\"og:description\" content=\"2023 startet mit dem Traum vom Porsche 911: Unsere Erfahrungen zum Porsche kaufen, Porsche Besitz und dem einzigartigen Porsche Fahrerlebnis.\" \/>\n<meta property=\"og:url\" content=\"https:\/\/www.panamera-life.com\/de\/entry\/2023_start\/\" \/>\n<meta property=\"og:site_name\" content=\"\u30dd\u30eb\u30b7\u30a7\u304c\u308f\u304c\u5bb6\u306b\u3084\u3063\u3066\u304d\u305f - \u30aa\u30fc\u30ca\u30fc\u30ba\u30d6\u30ed\u30b0\" \/>\n<meta property=\"article:publisher\" content=\"https:\/\/www.facebook.com\/panameralife\/\" \/>\n<meta property=\"article:published_time\" content=\"2023-01-04T21:00:24+00:00\" \/>\n<meta property=\"article:modified_time\" content=\"2023-01-04T21:52:48+00:00\" \/>\n<meta property=\"og:image\" content=\"https:\/\/www.panamera-life.com\/wp-content\/uploads\/2023\/01\/Flcp8WOaUAAEogc.jpeg\" \/>\n\t<meta property=\"og:image:width\" content=\"2048\" \/>\n\t<meta property=\"og:image:height\" content=\"1536\" \/>\n\t<meta property=\"og:image:type\" content=\"image\/jpeg\" \/>\n<meta name=\"twitter:label1\" content=\"Gesch\u00e4tzte Lesezeit\" \/>\n\t<meta name=\"twitter:data1\" content=\"6\u00a0Minuten\" \/>","yoast_head_json":{"title":"2023: Der Porsche 911 zieht bei uns ein - \u30dd\u30eb\u30b7\u30a7\u304c\u308f\u304c\u5bb6\u306b\u3084\u3063\u3066\u304d\u305f - \u30aa\u30fc\u30ca\u30fc\u30ba\u30d6\u30ed\u30b0","description":"2023 startet mit dem Traum vom Porsche 911: Unsere Erfahrungen zum Porsche kaufen, Porsche Besitz und dem einzigartigen Porsche Fahrerlebnis.","robots":{"index":"index","follow":"follow","max-snippet":"max-snippet:-1","max-image-preview":"max-image-preview:large","max-video-preview":"max-video-preview:-1"},"canonical":"https:\/\/www.panamera-life.com\/de\/entry\/2023_start\/","og_locale":"de_DE","og_type":"article","og_title":"2023: Der Porsche 911 zieht bei uns ein - \u30dd\u30eb\u30b7\u30a7\u304c\u308f\u304c\u5bb6\u306b\u3084\u3063\u3066\u304d\u305f - \u30aa\u30fc\u30ca\u30fc\u30ba\u30d6\u30ed\u30b0","og_description":"2023 startet mit dem Traum vom Porsche 911: Unsere Erfahrungen zum Porsche kaufen, Porsche Besitz und dem einzigartigen Porsche Fahrerlebnis.","og_url":"https:\/\/www.panamera-life.com\/de\/entry\/2023_start\/","og_site_name":"\u30dd\u30eb\u30b7\u30a7\u304c\u308f\u304c\u5bb6\u306b\u3084\u3063\u3066\u304d\u305f - \u30aa\u30fc\u30ca\u30fc\u30ba\u30d6\u30ed\u30b0","article_publisher":"https:\/\/www.facebook.com\/panameralife\/","article_published_time":"2023-01-04T21:00:24+00:00","article_modified_time":"2023-01-04T21:52:48+00:00","og_image":[{"width":2048,"height":1536,"url":"https:\/\/www.panamera-life.com\/wp-content\/uploads\/2023\/01\/Flcp8WOaUAAEogc.jpeg","type":"image\/jpeg"}],"twitter_misc":{"Gesch\u00e4tzte Lesezeit":"6\u00a0Minuten"},"schema":{"@context":"https:\/\/schema.org","@graph":[{"@type":"Article","@id":"https:\/\/www.panamera-life.com\/de\/entry\/2023_start\/#article","isPartOf":{"@id":"https:\/\/www.panamera-life.com\/de\/entry\/2023_start\/"},"author":{"name":"","@id":""},"headline":"2023: Der Porsche 911 zieht bei uns ein","datePublished":"2023-01-04T21:00:24+00:00","dateModified":"2023-01-04T21:52:48+00:00","mainEntityOfPage":{"@id":"https:\/\/www.panamera-life.com\/de\/entry\/2023_start\/"},"wordCount":686,"commentCount":0,"publisher":{"@id":"https:\/\/www.panamera-life.com\/#organization"},"image":{"@id":"https:\/\/www.panamera-life.com\/de\/entry\/2023_start\/#primaryimage"},"thumbnailUrl":"https:\/\/www.panamera-life.com\/wp-content\/uploads\/2023\/01\/Flcp8WOaUAAEogc.jpeg","articleSection":["Unser Auto\u2011Leben"],"inLanguage":"de","potentialAction":[{"@type":"CommentAction","name":"Comment","target":["https:\/\/www.panamera-life.com\/de\/entry\/2023_start\/#respond"]}]},{"@type":"WebPage","@id":"https:\/\/www.panamera-life.com\/de\/entry\/2023_start\/","url":"https:\/\/www.panamera-life.com\/de\/entry\/2023_start\/","name":"2023: Der Porsche 911 zieht bei uns ein - \u30dd\u30eb\u30b7\u30a7\u304c\u308f\u304c\u5bb6\u306b\u3084\u3063\u3066\u304d\u305f - \u30aa\u30fc\u30ca\u30fc\u30ba\u30d6\u30ed\u30b0","isPartOf":{"@id":"https:\/\/www.panamera-life.com\/#website"},"primaryImageOfPage":{"@id":"https:\/\/www.panamera-life.com\/de\/entry\/2023_start\/#primaryimage"},"image":{"@id":"https:\/\/www.panamera-life.com\/de\/entry\/2023_start\/#primaryimage"},"thumbnailUrl":"https:\/\/www.panamera-life.com\/wp-content\/uploads\/2023\/01\/Flcp8WOaUAAEogc.jpeg","datePublished":"2023-01-04T21:00:24+00:00","dateModified":"2023-01-04T21:52:48+00:00","description":"2023 startet mit dem Traum vom Porsche 911: Unsere Erfahrungen zum Porsche kaufen, Porsche Besitz und dem einzigartigen Porsche Fahrerlebnis.","breadcrumb":{"@id":"https:\/\/www.panamera-life.com\/de\/entry\/2023_start\/#breadcrumb"},"inLanguage":"de","potentialAction":[{"@type":"ReadAction","target":["https:\/\/www.panamera-life.com\/de\/entry\/2023_start\/"]}]},{"@type":"ImageObject","inLanguage":"de","@id":"https:\/\/www.panamera-life.com\/de\/entry\/2023_start\/#primaryimage","url":"https:\/\/www.panamera-life.com\/wp-content\/uploads\/2023\/01\/Flcp8WOaUAAEogc.jpeg","contentUrl":"https:\/\/www.panamera-life.com\/wp-content\/uploads\/2023\/01\/Flcp8WOaUAAEogc.jpeg","width":2048,"height":1536,"caption":"\u30dd\u30eb\u30b7\u30a7911 | \u8eca, \u5b50\u4f9b, \u6728, \u30d5\u30a7\u30f3\u30b9, \u99d0\u8eca\u5834, PORSCHE, 911, 992"},{"@type":"BreadcrumbList","@id":"https:\/\/www.panamera-life.com\/de\/entry\/2023_start\/#breadcrumb","itemListElement":[{"@type":"ListItem","position":1,"name":"\u30db\u30fc\u30e0","item":"https:\/\/www.panamera-life.com\/"},{"@type":"ListItem","position":2,"name":"2023: Der Porsche 911 zieht bei uns ein"}]},{"@type":"WebSite","@id":"https:\/\/www.panamera-life.com\/#website","url":"https:\/\/www.panamera-life.com\/","name":"\u30dd\u30eb\u30b7\u30a7\u304c\u308f\u304c\u5bb6\u306b\u3084\u3063\u3066\u304d\u305f - \u30aa\u30fc\u30ca\u30fc\u30ba\u30d6\u30ed\u30b0","description":"\u30dd\u30eb\u30b7\u30a7\u306b\u9b45\u4e86\u3055\u308c\u305f\u59bb\u304c\u66f8\u304f\u30dd\u30eb\u30b7\u30a7\u30d6\u30ed\u30b0\u3067\u3059\u3002\u6240\u6709\u3059\u308b\u30dd\u30eb\u30b7\u30a7 911\u30ab\u30ec\u30e9\uff08964\uff09\u3001911GT3\u3001\u30dc\u30af\u30b9\u30bf\u30fc\u3001\u30d1\u30ca\u30e1\u30fc\u30e9\u306e\u30ec\u30d3\u30e5\u30fc\u3084\u7dad\u6301\u8cbb\u3001\u30c4\u30fc\u30ea\u30f3\u30b0\u8a18\u306a\u3069\u3002\u30cb\u30e5\u30fc\u30b9\u8a18\u4e8b\u3067\u306f\u5206\u304b\u3089\u306a\u3044\u751f\u306e\u30dd\u30eb\u30b7\u30a7\u30aa\u30fc\u30ca\u30fc\u306e\u58f0\u3092\u5b9a\u671f\u914d\u4fe1\u3059\u308b\u30d6\u30ed\u30b0\u3067\u3059\u3002","publisher":{"@id":"https:\/\/www.panamera-life.com\/#organization"},"potentialAction":[{"@type":"SearchAction","target":{"@type":"EntryPoint","urlTemplate":"https:\/\/www.panamera-life.com\/?s={search_term_string}"},"query-input":{"@type":"PropertyValueSpecification","valueRequired":true,"valueName":"search_term_string"}}],"inLanguage":"de"},{"@type":"Organization","@id":"https:\/\/www.panamera-life.com\/#organization","name":"\u30dd\u30eb\u30b7\u30a7\u304c\u308f\u304c\u5bb6\u306b\u3084\u3063\u3066\u304d\u305f","url":"https:\/\/www.panamera-life.com\/","logo":{"@type":"ImageObject","inLanguage":"de","@id":"https:\/\/www.panamera-life.com\/#\/schema\/logo\/image\/","url":"https:\/\/www.panamera-life.com\/wp-content\/uploads\/2021\/05\/unnamed.jpg","contentUrl":"https:\/\/www.panamera-life.com\/wp-content\/uploads\/2021\/05\/unnamed.jpg","width":512,"height":512,"caption":"\u30dd\u30eb\u30b7\u30a7\u304c\u308f\u304c\u5bb6\u306b\u3084\u3063\u3066\u304d\u305f"},"image":{"@id":"https:\/\/www.panamera-life.com\/#\/schema\/logo\/image\/"},"sameAs":["https:\/\/www.facebook.com\/panameralife\/","https:\/\/x.com\/Mina_Panamera","https:\/\/www.instagram.com\/mina_porsche\/","https:\/\/www.youtube.com\/channel\/UCoyAW0ifcnk05Iryf7-bkhg"]}]}},"_links":{"self":[{"href":"https:\/\/www.panamera-life.com\/wp-json\/wp\/v2\/posts\/38551"}],"collection":[{"href":"https:\/\/www.panamera-life.com\/wp-json\/wp\/v2\/posts"}],"about":[{"href":"https:\/\/www.panamera-life.com\/wp-json\/wp\/v2\/types\/post"}],"replies":[{"embeddable":true,"href":"https:\/\/www.panamera-life.com\/wp-json\/wp\/v2\/comments?post=38551"}],"version-history":[{"count":0,"href":"https:\/\/www.panamera-life.com\/wp-json\/wp\/v2\/posts\/38551\/revisions"}],"wp:featuredmedia":[{"embeddable":true,"href":"https:\/\/www.panamera-life.com\/wp-json\/wp\/v2\/media\/30481"}],"wp:attachment":[{"href":"https:\/\/www.panamera-life.com\/wp-json\/wp\/v2\/media?parent=38551"}],"wp:term":[{"taxonomy":"category","embeddable":true,"href":"https:\/\/www.panamera-life.com\/wp-json\/wp\/v2\/categories?post=38551"},{"taxonomy":"post_tag","embeddable":true,"href":"https:\/\/www.panamera-life.com\/wp-json\/wp\/v2\/tags?post=38551"}],"curies":[{"name":"wp","href":"https:\/\/api.w.org\/{rel}","templated":true}]}}