{"id":38560,"date":"2018-09-30T06:00:58","date_gmt":"2018-09-29T21:00:58","guid":{"rendered":"https:\/\/www.panamera-life.com\/?p=38560"},"modified":"2018-11-05T15:28:21","modified_gmt":"2018-11-05T06:28:21","slug":"blog-comments","status":"publish","type":"post","link":"https:\/\/www.panamera-life.com\/de\/entry\/blog-comments\/","title":{"rendered":"Kommentare aus dem Porsche-Blog: Echte Stimmen von Besitzern und zuk\u00fcnftigen Fahrern!"},"content":{"rendered":"<h3 class=\"style3a\">Vielen Dank an alle<\/h3>\n<p>Allen, die unseren Blog regelm\u00e4\u00dfig lesen, m\u00f6chten wir herzlich danken. Aus der Vielzahl an Auto-Blogs habt ihr unseren etwas speziellen Blog eines Porsche-begeisterten Ehepaars gefunden und besucht ihn \u2013 das wissen wir sehr zu sch\u00e4tzen. Und nat\u00fcrlich gilt unser besonderer Dank allen, die Kommentare hinterlassen. Eure R\u00fcckmeldungen sind eine gro\u00dfe Motivation und ein wertvoller Ansporn f\u00fcr uns, diesen Blog weiterzuf\u00fchren.<\/p>\n<p>Neulich habe ich mir einfach mal die Zeit genommen, alle bisherigen Kommentare noch einmal durchzulesen. Dabei wurde mir klar:<\/p>\n<p class=\"well2\">Die Kommentare unserer Leser sind echte, unverf\u00e4lschte Stimmen \u2013 ein wahres Schatzk\u00e4stchen.<\/p>\n<p>In den Kommentaren teilen <strong>Porsche-Besitzer, Interessenten und Autoenthusiasten ihre authentischen Erfahrungen, die in keinem Motorjournal zu finden sind<\/strong>. Da viele Leser vermutlich nicht bis zum Kommentarbereich scrollen, m\u00f6chte ich heute einige ausgew\u00e4hlte Kommentare vorstellen. <span style=\"font-size: 8pt;\">(Die Kommentare wurden zum besseren Verst\u00e4ndnis leicht bearbeitet.)<\/span><\/p>\n<h3 class=\"style3a\">Ausgew\u00e4hlte Kommentare unserer Leser<\/h3>\n<p class=\"well3\"><strong>\u3018Wartender K\u00e4ufer eines Panamera 4E-Hybrid\u3019<\/strong><br \/>\nIch habe letzten Monat einen Panamera 4E-Hybrid bestellt und freue mich sehr auf die Auslieferung im November. Anfangs war ich irritiert, als ich h\u00f6rte, dass der Motor nicht anspringt, wenn der Akku leer ist \u2013 aber das wurde ja korrigiert, zum Gl\u00fcck. Ich habe mich f\u00fcr den Panamera 4E-Hybrid entschieden, weil ich denke, dass die Zukunft des Porsche-Sports im Hybrid liegt <span style=\"font-size: 8pt;\">(Le Mans hat mich beeinflusst)<\/span>. Heute las ich die Nachricht, dass Porsche den Diesel einstellt und bis 2025 die H\u00e4lfte der Modelle elektrisch oder hybrid sein wird. Kommt bald ein 911 als EV oder Hybrid? Die Beschleunigung und das Drehmoment des Panamera 4E-Hybrid sollen sogar besser sein als beim 4S. Ich habe den Porsche selbst noch nie gefahren, sondern nur auf Basis diverser Reviews bestellt \u2013 ich bin sehr gespannt! (SN)<\/p>\n<p class=\"well3\"><strong>\u3018Vergleich der Ankaufspreise f\u00fcr 718 Boxster (MT\/PDK)\u3019<\/strong><br \/>\nAls ich meinen 718 Boxster mit Schaltgetriebe verkauft habe, war ich \u00fcberrascht, dass der PDK h\u00f6her bewertet wurde. Ich dachte, wegen der Seltenheit w\u00e4re das MT teurer. Aber es liegt wohl daran, dass der PDK als Option beim Neuwagen teurer ist. Vielleicht gilt das nur f\u00fcr den noch verf\u00fcgbaren 718 MT; bei \u00e4lteren Modellen wie dem 981 oder 991.1 k\u00f6nnte die Bewertung anders sein. Es scheint also, dass MT nicht immer den besseren Wiederverkaufswert hat. Trotzdem werde ich weiterhin MT w\u00e4hlen. (B)<\/p>\n<p class=\"well3\"><strong>\u3018Luftgek\u00fchlter vs. wassergek\u00fchlter 911\u3019<\/strong><br \/>\nUnser 911 ist ein 996 Carrera von 2000, der preislich am unteren Ende der 911-Modelle liegt. Fr\u00fcher hatte ich einen 964 Carrera 2, aber der 996 ist leiser und leichter zu fahren \u2013 ich mag ihn sehr. Mina\u2019s Panamera und 718 gefallen mir auch gut. Ich bin gespannt, wie sich das Interesse meines Mannes an luftgek\u00fchlten Modellen weiterentwickelt. (shimoyannjp)<\/p>\n<p class=\"well3\"><strong>\u3018Garantie und Versicherung sind wichtig f\u00fcr den Notfall\u3019<\/strong><br \/>\nIch fahre einen 718 Boxster, der gerade zwei Jahre alt ist. K\u00fcrzlich gab es eine K\u00fchlmittel-Leckage mit \u00dcberhitzungsgefahr, weshalb ich das Auto zur Reparatur brachte. Leider trat der gleiche Fehler kurz danach erneut auf, und der Wagen war etwa einen Monat in der Werkstatt. In dieser Situation war ich sehr froh, versichert zu sein. Auch neue Autos k\u00f6nnen kaputtgehen. (TAKAP)<\/p>\n<p class=\"well3\"><strong>\u3018Interesse am neuen Cayenne\u3019<\/strong><br \/>\nSUVs mochte ich bisher wegen des Rollgef\u00fchls nicht, daher war ich am Cayenne nicht interessiert. Nach dem Lesen eurer Rezension \u00fcberlege ich aber, selbst eine Probefahrt zu machen. Der H\u00e4ndler sagte, der neue Cayenne rolle kaum \u2013 das scheint keine Verkaufsfloskel zu sein. Die Basisversion gef\u00e4llt mir, weil sie auch preislich attraktiv ist. Ich dachte, Tiptronic sei nur ein Kompromiss gegen\u00fcber PDK, aber je nach Einsatzgebiet scheint sie Vorteile zu haben. (IshiB)<\/p>\n<p class=\"well3\"><strong>\u3018Windverwirbelungen beim Targa\u3019<\/strong><br \/>\nIch bin Porsche-Fan aus Hamamatsu, Shizuoka, und fahre einen Panamera S Hybrid (Typ 970). Fr\u00fcher hatte ich einen 85er 911 Targa mit Drahtkupplung. Der Windzug beim Targa ist unglaublich \u2013 wenn man das Dach abnimmt und steht, sieht es gut aus, aber die Haare wehen Richtung Frontscheibe. Mit einer Frau als Beifahrerin ist das kaum zumutbar. Ich musste das einfach mal loswerden.^^ (igu19)<\/p>\n<p class=\"well3\"><strong>\u3018Empfehlung f\u00fcr lange Touren\u3019<\/strong><br \/>\nIch fahre einen 981 Boxster mit Schaltgetriebe, kein GTS, sondern das Basismodell mit 2,7 Litern. Ich fahre nicht exzessiv, aber ich kann die Leidenschaft f\u00fcr den Boxster sehr gut nachvollziehen. Aus meiner Sicht als Bewohner der Kanto-Region sind die Stra\u00dfen in Hyogo, Kyoto und entlang der Japanischen See fantastisch. Ich plane, bald wieder dorthin zu fahren \u2013 inklusive Fukui, Tottori und Okayama. (wata)<\/p>\n<p class=\"well3\"><strong>\u3018Vom luftgek\u00fchlten 911 zum 981 Boxster\u3019<\/strong><br \/>\nIch lese euren Blog immer mit Freude. Ich bin vom luftgek\u00fchlten Porsche zum 981 gekommen \u2013 also genau umgekehrt zum \u00fcblichen Weg. Ich fahre nicht so schnell wie wata, m\u00f6chte aber mehr Kilometer fahren als mit dem luftgek\u00fchlten Modell, daher der 981. Das Hobby Porsche ist vielf\u00e4ltig und tiefgr\u00fcndig \u2013 warum nicht einfach ein Auto in der Garage stehen haben, ohne auf Kosten zu achten? Ich bin gespannt, wie ihr dar\u00fcber schreibt. Freue mich auf weitere Beitr\u00e4ge! (Luftgek\u00fchlter MOCO)<\/p>\n<p class=\"well3\"><strong>\u3018Panamera Sport Turismo\u3019<\/strong><br \/>\nDas Tolle am Panamera Sport Turismo ist, dass Kinder beim Einsteigen in den Kindersitz in der Mitte hinten stehen k\u00f6nnen. Beim Vorg\u00e4ngermodell war das verboten. Au\u00dferdem \u00f6ffnet die Heckklappe auf Sto\u00dfstangenh\u00f6he, was das Beladen schwerer Koffer erleichtert. Ich habe hier im Blog die Idee mit der <a href=\"https:\/\/www.amazon.co.jp\/gp\/product\/B078Z6BX3R\/ref=as_li_tl?ie=UTF8&amp;camp=247&amp;creative=1211&amp;creativeASIN=B078Z6BX3R&amp;linkCode=as2&amp;tag=naturallink-22&amp;linkId=e7f275661aa7a59fccb2b01c9183ee54\" target=\"_blank\" rel=\"noopener\">Anti-Rutsch-Matte<\/a> \u00fcbernommen. Einziger Nachteil: Man kann den ausfahrenden Heckspoiler nicht von innen sehen. (Neriten)<\/p>\n<p class=\"well3\"><strong>\u3018Echte Stimmen von Porsche-Besitzern gesucht\u3019<\/strong><br \/>\nGenau das ist es. Wahre Informationen \u00fcber Porsche sind schwer zu finden, und ich m\u00f6chte konkrete Meinungen von Fahrern h\u00f6ren. Die vielen Optionen machen es schwer zu entscheiden, und die langen Lieferzeiten schrecken ab. Ich bin bisher BMW, Audi und Mercedes gefahren, aber Porsche wirkt irgendwie unerreichbar. K\u00fcrzlich wollte ich eigentlich nur den Macan anschauen, bin dann aber den Panamera gefahren \u2013 und kann ihn nicht mehr aus dem Kopf bekommen! Trotz der Gr\u00f6\u00dfe l\u00e4sst er sich leicht fahren. Ich hatte vorher einen Audi A7, daher ist die Gr\u00f6\u00dfe kein Problem. Bitte macht weiter so mit euren Berichten! (kuni)<\/p>\n<p class=\"well3\"><strong>\u3018Der letzte 6-Zylinder 981 Boxster (MT)\u3019<\/strong><br \/>\nIch mag den 981 mit Schaltgetriebe (rechtsgelenkt). Ich bin vom 981 PDK auf den 718 MT gewechselt und dann wieder zur\u00fcck zum 981 MT mit dem 6-Zylinder NA-Motor \u2013 verr\u00fcckt, ich wei\u00df. Der 718 MT erfordert bei niedrigen Drehzahlen etwas Feingef\u00fchl, aber der 981 MT ist einfach zu fahren und schnell zu meistern. Der 718 hat sich fahrwerksseitig stark verbessert, aber es ist schade, dass es keinen 6-Zylinder mehr im Boxster geben wird. Ich m\u00f6chte meinen 981 lange behalten. (IshiB)<\/p>\n<p class=\"well3\"><strong>\u3018Hinterachslenkung und Autokauf in den USA\u3019<\/strong><br \/>\nHallo Mina, ich lese deinen Blog mit gro\u00dfem Interesse. Die Hinterachslenkung ist f\u00fcr mich ein Muss. Mein fr\u00fcherer Lexus hatte das auch, aber der Effekt war schwer zu sp\u00fcren (was eigentlich ein Problem ist). Sie sorgt f\u00fcr bessere Wendigkeit und Stabilit\u00e4t in Kurven. K\u00fcrzlich war ich bei einem Porsche-H\u00e4ndler in den USA und habe ein Angebot f\u00fcr einen Panamera Turbo mit identischer Ausstattung eingeholt \u2013 der Preis war etwa 10 Millionen Yen g\u00fcnstiger (30 Mio. vs. 20 Mio.). Das hat mich etwas schockiert. Die Umr\u00fcstung auf japanische Spezifikationen ist wohl aufwendig. (Wie man das Leben finanziert)<\/p>\n<p class=\"well3\"><strong>\u3018\u00d6l-Einf\u00fcllstutzen beim Panamera\u3019<\/strong><br \/>\nDie Auslieferung r\u00fcckt n\u00e4her \u2013 ich freue mich sehr! Mein neuer Panamera wurde im September geliefert und ich bin sehr zufrieden. Einziger Kritikpunkt: Der Deckel des \u00d6leinf\u00fcllstutzens l\u00e4sst sich schwer \u00f6ffnen und schlie\u00dfen. Mit etwas \u00dcbung klappt es, aber praktisch ist das nicht optimal. Bitte \u00fcberpr\u00fcft das bei der Abholung beim H\u00e4ndler. (Kumakuma)<\/p>\n<p class=\"well3\"><strong>\u3018Empfohlene Strecken in Kansai\u3019<\/strong><br \/>\nHallo Mina, ich bin oft in meinen 20ern in Kansai gefahren. Ein bekannter Ort ist der Koyasan in Wakayama. Die Ryujin Skyline ist eine tolle Strecke, besonders mit dem Panamera. K\u00fcrzlich fahre ich an Wochenenden gerne rund um den Katsuragi-Berg in Nara. (sutearing-bouya)<\/p>\n<p class=\"well3\"><strong>\u3018Bestellung bis Auslieferung Panamera\u3019<\/strong><br \/>\nIn der Highschool verliebte ich mich in den Porsche 928, wollte ihn unbedingt fahren, doch die Produktion wurde eingestellt. Irgendwie erinnert mich der Panamera daran. Ich habe Mitte Mai einen Panamera 4S bestellt und warte auf die Auslieferung.<br \/>\n\u2193<br \/>\nIch habe Anfang Mai bestellt, aber noch keinen Produktionsplatz erhalten.<br \/>\n\u2193<br \/>\nHeute rief mich mein Ansprechpartner an: Die Produktion ist f\u00fcr Januar best\u00e4tigt. W\u00e4hrend der Wartezeit habe ich hier im Blog viel \u00fcber Sitze und Optionen gelernt und sogar von 4S auf Turbo gewechselt. Aber der tolle Klang des Motors hat mich \u00fcberzeugt, beim 4S zu bleiben. (boyasuke)<\/p>\n<p class=\"well3\"><strong>\u3018Zum 911\u3019<\/strong><br \/>\nIch w\u00fcrde gerne den 991 GT3 PDK fahren, aber im Alltag ist der 911 Turbo wohl die bessere Wahl. Die breite Heckpartie finde ich sehr sexy. (R230BRABUS)<\/p>\n<p class=\"well3\"><strong>\u3018Panamera Ausstattung\u3019<\/strong><br \/>\nIch \u00fcberlege, von einem Maserati Ghibli auf den Panamera umzusteigen. Dieser Blog ist eine gro\u00dfe Hilfe. Ich plane einen Panamera ohne Turbo, m\u00f6chte aber die hellen Sitze als Option (78.000 Euro) w\u00e4hlen. Die Au\u00dfenfarbe und Felgengr\u00f6\u00dfe sind noch unentschieden. (adachi671266)<\/p>\n<h3 class=\"style3a\">Wir freuen uns auf eure Kommentare<\/h3>\n<p>Die Leidenschaft f\u00fcr Autos und Porsche sp\u00fcrt man in jedem Kommentar \u2013 allein das Lesen macht gl\u00fccklich. Leider k\u00f6nnen wir heute nur eine Auswahl zeigen und bitten um Verst\u00e4ndnis, dass wir nicht alle Kommentare vorstellen k\u00f6nnen. Viele schreiben <strong>\u201eEntschuldigung, dass ich schon wieder kommentiere\u201c oder \u201eIch wollte nicht zu oft kommentieren\u201c<\/strong>, aber das ist \u00fcberhaupt kein Problem. <strong>Ihr k\u00f6nnt gerne t\u00e4glich kommentieren<\/strong><span style=\"font-size: 8pt;\"> (wir freuen uns sogar sehr dar\u00fcber (\uffe3\u30fc\uffe3)w)<\/span>. Wir freuen uns auf viele weitere Beitr\u00e4ge von euch!<\/p>\n","protected":false},"excerpt":{"rendered":"Vielen Dank an alle Allen, die unseren Blog regelm\u00e4\u00dfig lesen, m\u00f6chten wir herzlich danken. Aus der Vielzahl an Auto-Blogs habt ihr unseren etwas speziellen Blog eines Porsche-begeisterten Ehepaars gefunden und besucht ihn \u2013 das wissen wir sehr zu sch\u00e4tzen. Und nat\u00fcrlich gilt unser besonderer Dank allen, die Kommentare hinterlassen. Eure R\u00fcckmeldungen sind eine gro\u00dfe Motivation und ein wertvoller Ansporn f\u00fcr uns, diesen Blog weiterzuf\u00fchren. Neulich habe ich mir einfach mal die Zeit genommen, alle bisherigen...","protected":false},"author":0,"featured_media":5359,"comment_status":"open","ping_status":"open","sticky":false,"template":"","format":"standard","meta":{"footnotes":"","_locale":"de_DE","_original_post":"https:\/\/www.panamera-life.com\/?p=5353"},"categories":[2],"tags":[],"yoast_head":"<title>Kommentare aus dem Porsche-Blog: Echte Stimmen von Besitzern und zuk\u00fcnftigen Fahrern! - \u30dd\u30eb\u30b7\u30a7\u304c\u308f\u304c\u5bb6\u306b\u3084\u3063\u3066\u304d\u305f - \u30aa\u30fc\u30ca\u30fc\u30ba\u30d6\u30ed\u30b0<\/title>\n<meta name=\"description\" content=\"Echte Stimmen von Porsche-Besitzern und Interessenten: Erfahrungsberichte, Tipps und Meinungen rund um Porsche kaufen, Besitz und Fahrerlebnis. Jetzt lesen!\" \/>\n<meta name=\"robots\" content=\"index, follow, max-snippet:-1, max-image-preview:large, max-video-preview:-1\" \/>\n<link rel=\"canonical\" href=\"https:\/\/www.panamera-life.com\/de\/entry\/blog-comments\/\" \/>\n<meta property=\"og:locale\" content=\"de_DE\" \/>\n<meta property=\"og:type\" content=\"article\" \/>\n<meta property=\"og:title\" content=\"Kommentare aus dem Porsche-Blog: Echte Stimmen von Besitzern und zuk\u00fcnftigen Fahrern! - \u30dd\u30eb\u30b7\u30a7\u304c\u308f\u304c\u5bb6\u306b\u3084\u3063\u3066\u304d\u305f - \u30aa\u30fc\u30ca\u30fc\u30ba\u30d6\u30ed\u30b0\" \/>\n<meta property=\"og:description\" content=\"Echte Stimmen von Porsche-Besitzern und Interessenten: Erfahrungsberichte, Tipps und Meinungen rund um Porsche kaufen, Besitz und Fahrerlebnis. Jetzt lesen!\" \/>\n<meta property=\"og:url\" content=\"https:\/\/www.panamera-life.com\/de\/entry\/blog-comments\/\" \/>\n<meta property=\"og:site_name\" content=\"\u30dd\u30eb\u30b7\u30a7\u304c\u308f\u304c\u5bb6\u306b\u3084\u3063\u3066\u304d\u305f - \u30aa\u30fc\u30ca\u30fc\u30ba\u30d6\u30ed\u30b0\" \/>\n<meta property=\"article:publisher\" content=\"https:\/\/www.facebook.com\/panameralife\/\" \/>\n<meta property=\"article:published_time\" content=\"2018-09-29T21:00:58+00:00\" \/>\n<meta property=\"article:modified_time\" content=\"2018-11-05T06:28:21+00:00\" \/>\n<meta property=\"og:image\" content=\"https:\/\/www.panamera-life.com\/wp-content\/uploads\/2018\/09\/39610685_696311637398539_4585022053999968256_n.jpg\" \/>\n\t<meta property=\"og:image:width\" content=\"1080\" \/>\n\t<meta property=\"og:image:height\" content=\"810\" \/>\n\t<meta property=\"og:image:type\" content=\"image\/jpeg\" \/>\n<meta name=\"twitter:label1\" content=\"Gesch\u00e4tzte Lesezeit\" \/>\n\t<meta name=\"twitter:data1\" content=\"8\u00a0Minuten\" \/>","yoast_head_json":{"title":"Kommentare aus dem Porsche-Blog: Echte Stimmen von Besitzern und zuk\u00fcnftigen Fahrern! - \u30dd\u30eb\u30b7\u30a7\u304c\u308f\u304c\u5bb6\u306b\u3084\u3063\u3066\u304d\u305f - \u30aa\u30fc\u30ca\u30fc\u30ba\u30d6\u30ed\u30b0","description":"Echte Stimmen von Porsche-Besitzern und Interessenten: Erfahrungsberichte, Tipps und Meinungen rund um Porsche kaufen, Besitz und Fahrerlebnis. Jetzt lesen!","robots":{"index":"index","follow":"follow","max-snippet":"max-snippet:-1","max-image-preview":"max-image-preview:large","max-video-preview":"max-video-preview:-1"},"canonical":"https:\/\/www.panamera-life.com\/de\/entry\/blog-comments\/","og_locale":"de_DE","og_type":"article","og_title":"Kommentare aus dem Porsche-Blog: Echte Stimmen von Besitzern und zuk\u00fcnftigen Fahrern! - \u30dd\u30eb\u30b7\u30a7\u304c\u308f\u304c\u5bb6\u306b\u3084\u3063\u3066\u304d\u305f - \u30aa\u30fc\u30ca\u30fc\u30ba\u30d6\u30ed\u30b0","og_description":"Echte Stimmen von Porsche-Besitzern und Interessenten: Erfahrungsberichte, Tipps und Meinungen rund um Porsche kaufen, Besitz und Fahrerlebnis. Jetzt lesen!","og_url":"https:\/\/www.panamera-life.com\/de\/entry\/blog-comments\/","og_site_name":"\u30dd\u30eb\u30b7\u30a7\u304c\u308f\u304c\u5bb6\u306b\u3084\u3063\u3066\u304d\u305f - \u30aa\u30fc\u30ca\u30fc\u30ba\u30d6\u30ed\u30b0","article_publisher":"https:\/\/www.facebook.com\/panameralife\/","article_published_time":"2018-09-29T21:00:58+00:00","article_modified_time":"2018-11-05T06:28:21+00:00","og_image":[{"width":1080,"height":810,"url":"https:\/\/www.panamera-life.com\/wp-content\/uploads\/2018\/09\/39610685_696311637398539_4585022053999968256_n.jpg","type":"image\/jpeg"}],"twitter_misc":{"Gesch\u00e4tzte Lesezeit":"8\u00a0Minuten"},"schema":{"@context":"https:\/\/schema.org","@graph":[{"@type":"Article","@id":"https:\/\/www.panamera-life.com\/de\/entry\/blog-comments\/#article","isPartOf":{"@id":"https:\/\/www.panamera-life.com\/de\/entry\/blog-comments\/"},"author":{"name":"","@id":""},"headline":"Kommentare aus dem Porsche-Blog: Echte Stimmen von Besitzern und zuk\u00fcnftigen Fahrern!","datePublished":"2018-09-29T21:00:58+00:00","dateModified":"2018-11-05T06:28:21+00:00","mainEntityOfPage":{"@id":"https:\/\/www.panamera-life.com\/de\/entry\/blog-comments\/"},"wordCount":1568,"commentCount":0,"publisher":{"@id":"https:\/\/www.panamera-life.com\/#organization"},"image":{"@id":"https:\/\/www.panamera-life.com\/de\/entry\/blog-comments\/#primaryimage"},"thumbnailUrl":"https:\/\/www.panamera-life.com\/wp-content\/uploads\/2018\/09\/39610685_696311637398539_4585022053999968256_n.jpg","articleSection":["Unser Auto\u2011Leben"],"inLanguage":"de","potentialAction":[{"@type":"CommentAction","name":"Comment","target":["https:\/\/www.panamera-life.com\/de\/entry\/blog-comments\/#respond"]}]},{"@type":"WebPage","@id":"https:\/\/www.panamera-life.com\/de\/entry\/blog-comments\/","url":"https:\/\/www.panamera-life.com\/de\/entry\/blog-comments\/","name":"Kommentare aus dem Porsche-Blog: Echte Stimmen von Besitzern und zuk\u00fcnftigen Fahrern! - \u30dd\u30eb\u30b7\u30a7\u304c\u308f\u304c\u5bb6\u306b\u3084\u3063\u3066\u304d\u305f - \u30aa\u30fc\u30ca\u30fc\u30ba\u30d6\u30ed\u30b0","isPartOf":{"@id":"https:\/\/www.panamera-life.com\/#website"},"primaryImageOfPage":{"@id":"https:\/\/www.panamera-life.com\/de\/entry\/blog-comments\/#primaryimage"},"image":{"@id":"https:\/\/www.panamera-life.com\/de\/entry\/blog-comments\/#primaryimage"},"thumbnailUrl":"https:\/\/www.panamera-life.com\/wp-content\/uploads\/2018\/09\/39610685_696311637398539_4585022053999968256_n.jpg","datePublished":"2018-09-29T21:00:58+00:00","dateModified":"2018-11-05T06:28:21+00:00","description":"Echte Stimmen von Porsche-Besitzern und Interessenten: Erfahrungsberichte, Tipps und Meinungen rund um Porsche kaufen, Besitz und Fahrerlebnis. Jetzt lesen!","breadcrumb":{"@id":"https:\/\/www.panamera-life.com\/de\/entry\/blog-comments\/#breadcrumb"},"inLanguage":"de","potentialAction":[{"@type":"ReadAction","target":["https:\/\/www.panamera-life.com\/de\/entry\/blog-comments\/"]}]},{"@type":"ImageObject","inLanguage":"de","@id":"https:\/\/www.panamera-life.com\/de\/entry\/blog-comments\/#primaryimage","url":"https:\/\/www.panamera-life.com\/wp-content\/uploads\/2018\/09\/39610685_696311637398539_4585022053999968256_n.jpg","contentUrl":"https:\/\/www.panamera-life.com\/wp-content\/uploads\/2018\/09\/39610685_696311637398539_4585022053999968256_n.jpg","width":1080,"height":810,"caption":"\u8eca, \u99d0\u8eca\u5834, \u30d5\u30a7\u30f3\u30b9, \u99d0\u8eca\u5834, PORSCHE, 911, 718, 991"},{"@type":"BreadcrumbList","@id":"https:\/\/www.panamera-life.com\/de\/entry\/blog-comments\/#breadcrumb","itemListElement":[{"@type":"ListItem","position":1,"name":"\u30db\u30fc\u30e0","item":"https:\/\/www.panamera-life.com\/"},{"@type":"ListItem","position":2,"name":"Kommentare aus dem Porsche-Blog: Echte Stimmen von Besitzern und zuk\u00fcnftigen Fahrern!"}]},{"@type":"WebSite","@id":"https:\/\/www.panamera-life.com\/#website","url":"https:\/\/www.panamera-life.com\/","name":"\u30dd\u30eb\u30b7\u30a7\u304c\u308f\u304c\u5bb6\u306b\u3084\u3063\u3066\u304d\u305f - \u30aa\u30fc\u30ca\u30fc\u30ba\u30d6\u30ed\u30b0","description":"\u30dd\u30eb\u30b7\u30a7\u306b\u9b45\u4e86\u3055\u308c\u305f\u59bb\u304c\u66f8\u304f\u30dd\u30eb\u30b7\u30a7\u30d6\u30ed\u30b0\u3067\u3059\u3002\u6240\u6709\u3059\u308b\u30dd\u30eb\u30b7\u30a7 911\u30ab\u30ec\u30e9\uff08964\uff09\u3001911GT3\u3001\u30dc\u30af\u30b9\u30bf\u30fc\u3001\u30d1\u30ca\u30e1\u30fc\u30e9\u306e\u30ec\u30d3\u30e5\u30fc\u3084\u7dad\u6301\u8cbb\u3001\u30c4\u30fc\u30ea\u30f3\u30b0\u8a18\u306a\u3069\u3002\u30cb\u30e5\u30fc\u30b9\u8a18\u4e8b\u3067\u306f\u5206\u304b\u3089\u306a\u3044\u751f\u306e\u30dd\u30eb\u30b7\u30a7\u30aa\u30fc\u30ca\u30fc\u306e\u58f0\u3092\u5b9a\u671f\u914d\u4fe1\u3059\u308b\u30d6\u30ed\u30b0\u3067\u3059\u3002","publisher":{"@id":"https:\/\/www.panamera-life.com\/#organization"},"potentialAction":[{"@type":"SearchAction","target":{"@type":"EntryPoint","urlTemplate":"https:\/\/www.panamera-life.com\/?s={search_term_string}"},"query-input":{"@type":"PropertyValueSpecification","valueRequired":true,"valueName":"search_term_string"}}],"inLanguage":"de"},{"@type":"Organization","@id":"https:\/\/www.panamera-life.com\/#organization","name":"\u30dd\u30eb\u30b7\u30a7\u304c\u308f\u304c\u5bb6\u306b\u3084\u3063\u3066\u304d\u305f","url":"https:\/\/www.panamera-life.com\/","logo":{"@type":"ImageObject","inLanguage":"de","@id":"https:\/\/www.panamera-life.com\/#\/schema\/logo\/image\/","url":"https:\/\/www.panamera-life.com\/wp-content\/uploads\/2021\/05\/unnamed.jpg","contentUrl":"https:\/\/www.panamera-life.com\/wp-content\/uploads\/2021\/05\/unnamed.jpg","width":512,"height":512,"caption":"\u30dd\u30eb\u30b7\u30a7\u304c\u308f\u304c\u5bb6\u306b\u3084\u3063\u3066\u304d\u305f"},"image":{"@id":"https:\/\/www.panamera-life.com\/#\/schema\/logo\/image\/"},"sameAs":["https:\/\/www.facebook.com\/panameralife\/","https:\/\/x.com\/Mina_Panamera","https:\/\/www.instagram.com\/mina_porsche\/","https:\/\/www.youtube.com\/channel\/UCoyAW0ifcnk05Iryf7-bkhg"]}]}},"_links":{"self":[{"href":"https:\/\/www.panamera-life.com\/wp-json\/wp\/v2\/posts\/38560"}],"collection":[{"href":"https:\/\/www.panamera-life.com\/wp-json\/wp\/v2\/posts"}],"about":[{"href":"https:\/\/www.panamera-life.com\/wp-json\/wp\/v2\/types\/post"}],"replies":[{"embeddable":true,"href":"https:\/\/www.panamera-life.com\/wp-json\/wp\/v2\/comments?post=38560"}],"version-history":[{"count":0,"href":"https:\/\/www.panamera-life.com\/wp-json\/wp\/v2\/posts\/38560\/revisions"}],"wp:featuredmedia":[{"embeddable":true,"href":"https:\/\/www.panamera-life.com\/wp-json\/wp\/v2\/media\/5359"}],"wp:attachment":[{"href":"https:\/\/www.panamera-life.com\/wp-json\/wp\/v2\/media?parent=38560"}],"wp:term":[{"taxonomy":"category","embeddable":true,"href":"https:\/\/www.panamera-life.com\/wp-json\/wp\/v2\/categories?post=38560"},{"taxonomy":"post_tag","embeddable":true,"href":"https:\/\/www.panamera-life.com\/wp-json\/wp\/v2\/tags?post=38560"}],"curies":[{"name":"wp","href":"https:\/\/api.w.org\/{rel}","templated":true}]}}