{"id":38613,"date":"2018-10-24T06:00:04","date_gmt":"2018-10-23T21:00:04","guid":{"rendered":"https:\/\/www.panamera-life.com\/?p=38613"},"modified":"2019-10-03T10:21:54","modified_gmt":"2019-10-03T01:21:54","slug":"respect-ancestor","status":"publish","type":"post","link":"https:\/\/www.panamera-life.com\/de\/entry\/respect-ancestor\/","title":{"rendered":"Mit dem VW Golf zum Friedhof \u2013 Meine ver\u00e4nderte Einstellung in diesem Jahr"},"content":{"rendered":"<h3 class=\"style3a\">Was ich dieses Jahr angefangen habe<\/h3>\n<p>Wie ich schon kurz erw\u00e4hnt habe, besuche ich seit Anfang dieses Jahres einmal im Monat das Grab meiner Vorfahren. Diesen Monat war ich bereits dort, also habe ich in diesem Jahr schon etwa zehnmal das Grab besucht. \u00dcbrigens fahre ich daf\u00fcr mit dem <a href=\"https:\/\/www.panamera-life.com\/entry\/about-vw-golf\/\" target=\"_blank\" rel=\"noopener\">Volkswagen Golf<\/a>. Denn der Weg zum Friedhof f\u00fchrt \u00fcber sehr schmale und enge Stra\u00dfen, auf denen ich mit dem Panamera keinesfalls fahren k\u00f6nnte.<\/p>\n<p><img loading=\"lazy\" decoding=\"async\" class=\"alignnone wp-image-6076 size-large\" src=\"https:\/\/www.panamera-life.com\/wp-content\/uploads\/2018\/10\/IMG_8558-800x600.jpg\" alt=\"\" width=\"800\" height=\"600\" \/><\/p>\n<p>Jedes Mal, wenn ich mit dem Golf fahre, denke ich: <strong>\u201eWas f\u00fcr ein tolles Auto&#8230; Mit diesem Wagen brauche ich vielleicht gar keinen Panamera mehr\u201c<\/strong>. Die Leistung des Golf hat mich wirklich beeindruckt. Doch nachdem ich <a href=\"https:\/\/www.panamera-life.com\/entry\/%E6%96%B0%E5%9E%8B%E3%82%AB%E3%82%A4%E3%82%A8%E3%83%B3-%E8%A9%A6%E4%B9%97%E3%83%AC%E3%83%93%E3%83%A5%E3%83%BC\/\" target=\"_blank\" rel=\"noopener\">im September den neuen Cayenne getestet<\/a> habe und von dessen Fahrkomfort und Fahrverhalten begeistert war, empfinde ich beim Golf pl\u00f6tzlich: <strong>\u201eMoment mal, war der Fahrkomfort im Golf wirklich schon immer so schlecht?\u201c<\/strong><\/p>\n<p>Der neue Cayenne ist wohl einfach zu gut&#8230; Obwohl der Golf ein gro\u00dfartiges Auto ist, f\u00fchle ich mich jedes Mal beim Fahren etwas zwiegespalten, was meine Gef\u00fchle angeht.<\/p>\n<h3 class=\"style3a\">Besuch der Gr\u00e4ber beider Familien<\/h3>\n<p>Kehren wir zum Thema Friedhof zur\u00fcck. Tats\u00e4chlich stammen <strong>mein Vater und mein Mann zuf\u00e4llig aus derselben l\u00e4ndlichen Kleinstadt<\/strong>. Ich habe meinen Mann erst in Osaka kennengelernt, als wir zusammen arbeiteten, und war sehr \u00fcberrascht, als ich von seiner Herkunft erfuhr. Zudem kennen sich unsere Verwandten gegenseitig so gut, dass sie oft sagen: <strong>\u201eAch, das ist doch der oder die \u25cf\u25cf, den\/die kenne ich\u201c<\/strong>. Sogar die Zugeh\u00f6rigkeit zur selben Kirchengemeinde teilen wir. Deshalb liegen <strong>das Grab meines Vaters und das meiner Schwiegereltern nur wenige Schritte voneinander entfernt.<\/strong><\/p>\n<p>Trotzdem habe ich mich bisher kaum um die Gr\u00e4ber unserer Vorfahren gek\u00fcmmert. Die l\u00e4ndliche Gegend ist schlecht an den Zugverkehr angebunden, und mit dem Auto dauert die Fahrt eineinhalb Stunden \u2013 das ist unbequem. Aber vor allem fehlte mir fr\u00fcher das Gef\u00fchl, <strong>meine Vorfahren zu ehren<\/strong>.<\/p>\n<p>Mein Mann hingegen geht zwar nicht jeden Monat zum Grab, aber er sch\u00e4tzt seine Vorfahren sehr und ist stolz auf seine Wurzeln. Durch sein Vorbild hat sich meine Einstellung ver\u00e4ndert, und ich habe beschlossen, ab diesem Jahr jeden Monat die Gr\u00e4ber beider Familien zu besuchen.<\/p>\n<p>Merkw\u00fcrdigerweise h\u00f6rt der Regen, egal wie stark er f\u00e4llt <span style=\"font-size: 8pt;\">(was erstaunlich oft der Fall ist)<\/span>, immer genau dann auf, wenn wir am Grab ankommen. Obwohl ich als <a href=\"https:\/\/www.panamera-life.com\/entry\/2018\/06\/16\" target=\"_blank\" rel=\"noopener\">bekannte Regen- und Nebelfrau<\/a> gelte, finde ich es erstaunlich, dass der Regen jedes Mal aufh\u00f6rt. Einmal, als wir Kerzen und R\u00e4ucherst\u00e4bchen am Grab meines Mannes anz\u00fcndeten, brannte eine Kerze so heftig, dass sie in Sekundenschnelle herunterbrannte.<\/p>\n<p>Man k\u00f6nnte sagen, die Kerze war einfach schlecht, aber ich hatte das Gef\u00fchl, von unseren Vorfahren willkommen gehei\u00dfen zu werden. So wurde der Friedhofsbesuch f\u00fcr mich immer mehr zu einer Freude.<\/p>\n<p><img loading=\"lazy\" decoding=\"async\" class=\"alignnone wp-image-6078 size-large\" src=\"https:\/\/www.panamera-life.com\/wp-content\/uploads\/2018\/10\/IMG_8553-600x800.jpg\" alt=\"\" width=\"600\" height=\"800\" \/><\/p>\n<p>Wenn ich vor dem Grab die H\u00e4nde falte, denke ich immer:<\/p>\n<p class=\"well2\">Es ist ein wahres Wunder, dass ich in dieser Zeit und an diesem Ort existiere.<\/p>\n<p>Wenn auch nur einer meiner Vorfahren, die hier ruhen, gefehlt h\u00e4tte \u2013 wenn mein Gro\u00dfvater meine Gro\u00dfmutter nicht geheiratet h\u00e4tte, wenn meine Urgro\u00dfeltern sich nicht getroffen h\u00e4tten oder wenn einer meiner Vorfahren eine andere Entscheidung getroffen h\u00e4tte \u2013 dann w\u00e4re ich heute nicht hier. Ich lebe nicht nur durch meine eigene Kraft, sondern ich sp\u00fcre, dass ich den Staffelstab des Lebens weitergetragen bekommen habe.<\/p>\n<h3 class=\"style3a\">Das Gl\u00fcck kehrt zur\u00fcck<\/h3>\n<p>Ich hatte schon immer Gl\u00fcck, wenn es darauf ankam, und trotz vieler Herausforderungen habe ich es geschafft, bis hierher zu kommen. Doch seit ich regelm\u00e4\u00dfig die Gr\u00e4ber besuche, habe ich das Gef\u00fchl, dass sich mein Gl\u00fcck gewandelt hat. Die gro\u00dfen Str\u00f6mungen um mich herum scheinen sich in den letzten Monaten ver\u00e4ndert zu haben \u2013 als w\u00fcrde eine gro\u00dfe Kraft mich auf die n\u00e4chste Stufe meines Lebens tragen.<\/p>\n<p>Auch meine innere Einstellung hat sich gewandelt. Ich denke jetzt: <strong>\u201eNicht auf das schauen, was fehlt, sondern das wertsch\u00e4tzen, was ich habe.\u201c<\/strong> Das habe ich zwar schon lange verstanden, aber nie wirklich so gef\u00fchlt. Ich war oft verbissen, weil ich nicht das bekommen konnte, was ich mir am meisten w\u00fcnschte.<\/p>\n<p>Ich bin von Natur aus stur und ungern abh\u00e4ngig von anderen, ich versuche immer, alles selbst zu regeln. Deshalb hatte ich Angst, die aktuelle Situation einfach so hinzunehmen, aus Sorge, daran zu zerbrechen.<\/p>\n<p>Doch ich habe erkannt, dass ich so niemals wirklich gl\u00fccklich werden kann.<\/p>\n<p>Im Leben gibt es kein 100 %, immer fehlt etwas. Das wird auch so bleiben. Deshalb ist es umso wichtiger, <strong>das zu sch\u00e4tzen, was man hat \u2013 denn darin liegt das wahre Gl\u00fcck.<\/strong> Entscheidend ist, ob man das erkennen kann.<\/p>\n<p><img loading=\"lazy\" decoding=\"async\" class=\"alignnone wp-image-6080 size-large\" src=\"https:\/\/www.panamera-life.com\/wp-content\/uploads\/2018\/10\/\u30b9\u30af\u30ea\u30fc\u30f3\u30b7\u30e7\u30c3\u30c8-2018-10-21-11.11.50-800x529.jpg\" alt=\"\" width=\"800\" height=\"529\" \/><\/p>\n<p>Es ist nicht nur der Friedhofsbesuch allein, sondern auch meine bisherigen Erfahrungen, die Situation und der richtige Zeitpunkt, die mich so f\u00fchlen lassen. <strong>Wenn ich vor dem Grab die H\u00e4nde falte, verschwinden mein Stolz und meine Widerst\u00e4nde, und ich kann die Dinge so annehmen, wie sie sind.<\/strong><\/p>\n<p>Ich m\u00f6chte auch weiterhin jeden Monat die Gr\u00e4ber besuchen und dankbar sein, dass ich heute einen Porsche fahren darf (lacht). Dabei werde ich weiterhin meine Erlebnisse in meinem Blog festhalten.<\/p>\n","protected":false},"excerpt":{"rendered":"\u30d5\u30a9\u30eb\u30af\u30b9\u30ef\u30fc\u30b2\u30f3\uff08VW\uff09\u30b4\u30eb\u30d5\u3067\u6bce\u6708\u6052\u4f8b\u306e\u304a\u5893\u53c2\u308a\u3078\u3002\u8fb2\u9053\u3001\u7530\u820e\u306e\u72ed\u3044\u9053\u3067\u3082\u3001\u697d\u306b\u904b\u8ee2\u3067\u304d\u3001\u9ad8\u901f\u9053\u8def\u306e\u5b89\u5b9a\u6027\u3082\u6587\u53e5\u306a\u3057\uff01","protected":false},"author":0,"featured_media":6077,"comment_status":"open","ping_status":"closed","sticky":false,"template":"","format":"standard","meta":{"footnotes":"","_locale":"de_DE","_original_post":"https:\/\/www.panamera-life.com\/?p=6064"},"categories":[2],"tags":[],"yoast_head":"<title>Mit dem VW Golf zum Friedhof \u2013 Meine ver\u00e4nderte Einstellung in diesem Jahr - \u30dd\u30eb\u30b7\u30a7\u304c\u308f\u304c\u5bb6\u306b\u3084\u3063\u3066\u304d\u305f - \u30aa\u30fc\u30ca\u30fc\u30ba\u30d6\u30ed\u30b0<\/title>\n<meta name=\"description\" content=\"Mit dem VW Golf zum Friedhof: Wie regelm\u00e4\u00dfige Besuche meine Einstellung zu Vorfahren und das Porsche Fahrerlebnis positiv ver\u00e4nderten.\" \/>\n<meta name=\"robots\" content=\"index, follow, max-snippet:-1, max-image-preview:large, max-video-preview:-1\" \/>\n<link rel=\"canonical\" href=\"https:\/\/www.panamera-life.com\/de\/entry\/respect-ancestor\/\" \/>\n<meta property=\"og:locale\" content=\"de_DE\" \/>\n<meta property=\"og:type\" content=\"article\" \/>\n<meta property=\"og:title\" content=\"Mit dem VW Golf zum Friedhof \u2013 Meine ver\u00e4nderte Einstellung in diesem Jahr - \u30dd\u30eb\u30b7\u30a7\u304c\u308f\u304c\u5bb6\u306b\u3084\u3063\u3066\u304d\u305f - \u30aa\u30fc\u30ca\u30fc\u30ba\u30d6\u30ed\u30b0\" \/>\n<meta property=\"og:description\" content=\"Mit dem VW Golf zum Friedhof: Wie regelm\u00e4\u00dfige Besuche meine Einstellung zu Vorfahren und das Porsche Fahrerlebnis positiv ver\u00e4nderten.\" \/>\n<meta property=\"og:url\" content=\"https:\/\/www.panamera-life.com\/de\/entry\/respect-ancestor\/\" \/>\n<meta property=\"og:site_name\" content=\"\u30dd\u30eb\u30b7\u30a7\u304c\u308f\u304c\u5bb6\u306b\u3084\u3063\u3066\u304d\u305f - \u30aa\u30fc\u30ca\u30fc\u30ba\u30d6\u30ed\u30b0\" \/>\n<meta property=\"article:publisher\" content=\"https:\/\/www.facebook.com\/panameralife\/\" \/>\n<meta property=\"article:published_time\" content=\"2018-10-23T21:00:04+00:00\" \/>\n<meta property=\"article:modified_time\" content=\"2019-10-03T01:21:54+00:00\" \/>\n<meta property=\"og:image\" content=\"https:\/\/www.panamera-life.com\/wp-content\/uploads\/2018\/10\/IMG_8065.jpg\" \/>\n\t<meta property=\"og:image:width\" content=\"4032\" \/>\n\t<meta property=\"og:image:height\" content=\"3024\" \/>\n\t<meta property=\"og:image:type\" content=\"image\/jpeg\" \/>\n<meta name=\"twitter:label1\" content=\"Gesch\u00e4tzte Lesezeit\" \/>\n\t<meta name=\"twitter:data1\" content=\"4\u00a0Minuten\" \/>","yoast_head_json":{"title":"Mit dem VW Golf zum Friedhof \u2013 Meine ver\u00e4nderte Einstellung in diesem Jahr - \u30dd\u30eb\u30b7\u30a7\u304c\u308f\u304c\u5bb6\u306b\u3084\u3063\u3066\u304d\u305f - \u30aa\u30fc\u30ca\u30fc\u30ba\u30d6\u30ed\u30b0","description":"Mit dem VW Golf zum Friedhof: Wie regelm\u00e4\u00dfige Besuche meine Einstellung zu Vorfahren und das Porsche Fahrerlebnis positiv ver\u00e4nderten.","robots":{"index":"index","follow":"follow","max-snippet":"max-snippet:-1","max-image-preview":"max-image-preview:large","max-video-preview":"max-video-preview:-1"},"canonical":"https:\/\/www.panamera-life.com\/de\/entry\/respect-ancestor\/","og_locale":"de_DE","og_type":"article","og_title":"Mit dem VW Golf zum Friedhof \u2013 Meine ver\u00e4nderte Einstellung in diesem Jahr - \u30dd\u30eb\u30b7\u30a7\u304c\u308f\u304c\u5bb6\u306b\u3084\u3063\u3066\u304d\u305f - \u30aa\u30fc\u30ca\u30fc\u30ba\u30d6\u30ed\u30b0","og_description":"Mit dem VW Golf zum Friedhof: Wie regelm\u00e4\u00dfige Besuche meine Einstellung zu Vorfahren und das Porsche Fahrerlebnis positiv ver\u00e4nderten.","og_url":"https:\/\/www.panamera-life.com\/de\/entry\/respect-ancestor\/","og_site_name":"\u30dd\u30eb\u30b7\u30a7\u304c\u308f\u304c\u5bb6\u306b\u3084\u3063\u3066\u304d\u305f - \u30aa\u30fc\u30ca\u30fc\u30ba\u30d6\u30ed\u30b0","article_publisher":"https:\/\/www.facebook.com\/panameralife\/","article_published_time":"2018-10-23T21:00:04+00:00","article_modified_time":"2019-10-03T01:21:54+00:00","og_image":[{"width":4032,"height":3024,"url":"https:\/\/www.panamera-life.com\/wp-content\/uploads\/2018\/10\/IMG_8065.jpg","type":"image\/jpeg"}],"twitter_misc":{"Gesch\u00e4tzte Lesezeit":"4\u00a0Minuten"},"schema":{"@context":"https:\/\/schema.org","@graph":[{"@type":"Article","@id":"https:\/\/www.panamera-life.com\/de\/entry\/respect-ancestor\/#article","isPartOf":{"@id":"https:\/\/www.panamera-life.com\/de\/entry\/respect-ancestor\/"},"author":{"name":"","@id":""},"headline":"Mit dem VW Golf zum Friedhof \u2013 Meine ver\u00e4nderte Einstellung in diesem Jahr","datePublished":"2018-10-23T21:00:04+00:00","dateModified":"2019-10-03T01:21:54+00:00","mainEntityOfPage":{"@id":"https:\/\/www.panamera-life.com\/de\/entry\/respect-ancestor\/"},"wordCount":893,"commentCount":0,"publisher":{"@id":"https:\/\/www.panamera-life.com\/#organization"},"image":{"@id":"https:\/\/www.panamera-life.com\/de\/entry\/respect-ancestor\/#primaryimage"},"thumbnailUrl":"https:\/\/www.panamera-life.com\/wp-content\/uploads\/2018\/10\/IMG_8065.jpg","articleSection":["Unser Auto\u2011Leben"],"inLanguage":"de","potentialAction":[{"@type":"CommentAction","name":"Comment","target":["https:\/\/www.panamera-life.com\/de\/entry\/respect-ancestor\/#respond"]}]},{"@type":"WebPage","@id":"https:\/\/www.panamera-life.com\/de\/entry\/respect-ancestor\/","url":"https:\/\/www.panamera-life.com\/de\/entry\/respect-ancestor\/","name":"Mit dem VW Golf zum Friedhof \u2013 Meine ver\u00e4nderte Einstellung in diesem Jahr - \u30dd\u30eb\u30b7\u30a7\u304c\u308f\u304c\u5bb6\u306b\u3084\u3063\u3066\u304d\u305f - \u30aa\u30fc\u30ca\u30fc\u30ba\u30d6\u30ed\u30b0","isPartOf":{"@id":"https:\/\/www.panamera-life.com\/#website"},"primaryImageOfPage":{"@id":"https:\/\/www.panamera-life.com\/de\/entry\/respect-ancestor\/#primaryimage"},"image":{"@id":"https:\/\/www.panamera-life.com\/de\/entry\/respect-ancestor\/#primaryimage"},"thumbnailUrl":"https:\/\/www.panamera-life.com\/wp-content\/uploads\/2018\/10\/IMG_8065.jpg","datePublished":"2018-10-23T21:00:04+00:00","dateModified":"2019-10-03T01:21:54+00:00","description":"Mit dem VW Golf zum Friedhof: Wie regelm\u00e4\u00dfige Besuche meine Einstellung zu Vorfahren und das Porsche Fahrerlebnis positiv ver\u00e4nderten.","breadcrumb":{"@id":"https:\/\/www.panamera-life.com\/de\/entry\/respect-ancestor\/#breadcrumb"},"inLanguage":"de","potentialAction":[{"@type":"ReadAction","target":["https:\/\/www.panamera-life.com\/de\/entry\/respect-ancestor\/"]}]},{"@type":"ImageObject","inLanguage":"de","@id":"https:\/\/www.panamera-life.com\/de\/entry\/respect-ancestor\/#primaryimage","url":"https:\/\/www.panamera-life.com\/wp-content\/uploads\/2018\/10\/IMG_8065.jpg","contentUrl":"https:\/\/www.panamera-life.com\/wp-content\/uploads\/2018\/10\/IMG_8065.jpg","width":4032,"height":3024,"caption":"\u8eca, \u30b9\u30c6\u30a2\u30ea\u30f3\u30b0, \u30e1\u30fc\u30bf\u30fc\u30d1\u30cd\u30eb, \u904b\u8ee2\u5e2d, \u505c\u8eca\u4e2d, VOLKSWAGEN, GOLF, MK7"},{"@type":"BreadcrumbList","@id":"https:\/\/www.panamera-life.com\/de\/entry\/respect-ancestor\/#breadcrumb","itemListElement":[{"@type":"ListItem","position":1,"name":"\u30db\u30fc\u30e0","item":"https:\/\/www.panamera-life.com\/"},{"@type":"ListItem","position":2,"name":"Mit dem VW Golf zum Friedhof \u2013 Meine ver\u00e4nderte Einstellung in diesem Jahr"}]},{"@type":"WebSite","@id":"https:\/\/www.panamera-life.com\/#website","url":"https:\/\/www.panamera-life.com\/","name":"\u30dd\u30eb\u30b7\u30a7\u304c\u308f\u304c\u5bb6\u306b\u3084\u3063\u3066\u304d\u305f - \u30aa\u30fc\u30ca\u30fc\u30ba\u30d6\u30ed\u30b0","description":"\u30dd\u30eb\u30b7\u30a7\u306b\u9b45\u4e86\u3055\u308c\u305f\u59bb\u304c\u66f8\u304f\u30dd\u30eb\u30b7\u30a7\u30d6\u30ed\u30b0\u3067\u3059\u3002\u6240\u6709\u3059\u308b\u30dd\u30eb\u30b7\u30a7 911\u30ab\u30ec\u30e9\uff08964\uff09\u3001911GT3\u3001\u30dc\u30af\u30b9\u30bf\u30fc\u3001\u30d1\u30ca\u30e1\u30fc\u30e9\u306e\u30ec\u30d3\u30e5\u30fc\u3084\u7dad\u6301\u8cbb\u3001\u30c4\u30fc\u30ea\u30f3\u30b0\u8a18\u306a\u3069\u3002\u30cb\u30e5\u30fc\u30b9\u8a18\u4e8b\u3067\u306f\u5206\u304b\u3089\u306a\u3044\u751f\u306e\u30dd\u30eb\u30b7\u30a7\u30aa\u30fc\u30ca\u30fc\u306e\u58f0\u3092\u5b9a\u671f\u914d\u4fe1\u3059\u308b\u30d6\u30ed\u30b0\u3067\u3059\u3002","publisher":{"@id":"https:\/\/www.panamera-life.com\/#organization"},"potentialAction":[{"@type":"SearchAction","target":{"@type":"EntryPoint","urlTemplate":"https:\/\/www.panamera-life.com\/?s={search_term_string}"},"query-input":{"@type":"PropertyValueSpecification","valueRequired":true,"valueName":"search_term_string"}}],"inLanguage":"de"},{"@type":"Organization","@id":"https:\/\/www.panamera-life.com\/#organization","name":"\u30dd\u30eb\u30b7\u30a7\u304c\u308f\u304c\u5bb6\u306b\u3084\u3063\u3066\u304d\u305f","url":"https:\/\/www.panamera-life.com\/","logo":{"@type":"ImageObject","inLanguage":"de","@id":"https:\/\/www.panamera-life.com\/#\/schema\/logo\/image\/","url":"https:\/\/www.panamera-life.com\/wp-content\/uploads\/2021\/05\/unnamed.jpg","contentUrl":"https:\/\/www.panamera-life.com\/wp-content\/uploads\/2021\/05\/unnamed.jpg","width":512,"height":512,"caption":"\u30dd\u30eb\u30b7\u30a7\u304c\u308f\u304c\u5bb6\u306b\u3084\u3063\u3066\u304d\u305f"},"image":{"@id":"https:\/\/www.panamera-life.com\/#\/schema\/logo\/image\/"},"sameAs":["https:\/\/www.facebook.com\/panameralife\/","https:\/\/x.com\/Mina_Panamera","https:\/\/www.instagram.com\/mina_porsche\/","https:\/\/www.youtube.com\/channel\/UCoyAW0ifcnk05Iryf7-bkhg"]}]}},"_links":{"self":[{"href":"https:\/\/www.panamera-life.com\/wp-json\/wp\/v2\/posts\/38613"}],"collection":[{"href":"https:\/\/www.panamera-life.com\/wp-json\/wp\/v2\/posts"}],"about":[{"href":"https:\/\/www.panamera-life.com\/wp-json\/wp\/v2\/types\/post"}],"replies":[{"embeddable":true,"href":"https:\/\/www.panamera-life.com\/wp-json\/wp\/v2\/comments?post=38613"}],"version-history":[{"count":0,"href":"https:\/\/www.panamera-life.com\/wp-json\/wp\/v2\/posts\/38613\/revisions"}],"wp:featuredmedia":[{"embeddable":true,"href":"https:\/\/www.panamera-life.com\/wp-json\/wp\/v2\/media\/6077"}],"wp:attachment":[{"href":"https:\/\/www.panamera-life.com\/wp-json\/wp\/v2\/media?parent=38613"}],"wp:term":[{"taxonomy":"category","embeddable":true,"href":"https:\/\/www.panamera-life.com\/wp-json\/wp\/v2\/categories?post=38613"},{"taxonomy":"post_tag","embeddable":true,"href":"https:\/\/www.panamera-life.com\/wp-json\/wp\/v2\/tags?post=38613"}],"curies":[{"name":"wp","href":"https:\/\/api.w.org\/{rel}","templated":true}]}}