{"id":38638,"date":"2022-08-23T06:00:00","date_gmt":"2022-08-22T21:00:00","guid":{"rendered":"https:\/\/www.panamera-life.com\/?p=38638"},"modified":"2022-08-23T10:26:12","modified_gmt":"2022-08-23T01:26:12","slug":"good_by_cayenne","status":"publish","type":"post","link":"https:\/\/www.panamera-life.com\/de\/entry\/good_by_cayenne\/","title":{"rendered":"Auf Wiedersehen, Cayenne. Bis zum n\u00e4chsten Mal."},"content":{"rendered":"<h3 class=\"style3a\">Abschied vom Cayenne E-Hybrid<\/h3>\n<p>Anfang August haben wir uns von unserem Cayenne E-Hybrid verabschiedet.<\/p>\n<p>Eigentlich hatten wir nicht geplant, den Cayenne so fr\u00fch abzugeben, doch bei einem k\u00fcrzlichen Besuch im Porsche-H\u00e4ndler entstand das Gespr\u00e4ch: \u201e<strong>Der Cayenne wird in letzter Zeit kaum genutzt, das ist schade<\/strong>\u201c. Unser Ansprechpartner Herr H. bot daraufhin an: \u201e<strong>Wenn Sie m\u00f6chten, schauen wir mal, zu welchem Preis wir ihn ankaufen k\u00f6nnten.<\/strong>\u201c<\/p>\n<p>Dabei wurde uns ein besserer Preis angeboten als erwartet. Mein Mann meinte dazu:<\/p>\n<p class=\"well3\">Wenn man den Cayenne regelm\u00e4\u00dfig nutzt, lohnt es sich, ihn zu behalten. Aber in letzter Zeit sind wir kaum noch lange Strecken gefahren, und der Cayenne stand meist nur auf dem Parkplatz. Das ist schade, und da der Ankaufspreis besser war als gedacht, k\u00f6nnte es sinnvoll sein, ihn vor dem Erscheinen des n\u00e4chsten Modells abzugeben.<\/p>\n<p><img loading=\"lazy\" decoding=\"async\" class=\"alignnone size-full wp-image-29460\" src=\"https:\/\/www.panamera-life.com\/wp-content\/uploads\/2022\/08\/DSC00516.jpg\" alt=\"Porsche Cayenne\" width=\"1200\" height=\"800\" \/><\/p>\n<h3 class=\"style3a\">Die Vorz\u00fcge des Hybridmodells<\/h3>\n<p>Der Cayenne E-Hybrid hatte nach etwa zwei Jahren rund 16.000 km auf dem Tacho.<\/p>\n<p>Wenn ich heute zur\u00fcckblicke, denke ich: \u201e<strong>Ein wunderbarer Porsche, der Komfort und Fahrspa\u00df perfekt vereint<\/strong>.\u201c<\/p>\n<p>Mein Mann und ich waren bei jeder Fahrt begeistert, und der gro\u00dfz\u00fcgige Innenraum kam auch bei unseren Kindern sehr gut an \u2013 die ganze Familie liebte ihn.<\/p>\n<p>Vor dem Cayenne hatten wir gedacht: \u201e<strong>Ein SUV von Porsche wird wohl nicht so sportlich fahren wie ein klassischer Sportwagen<\/strong>.\u201c Doch tats\u00e4chlich \u00fcberzeugten Handling, Bremsen, Stabilit\u00e4t auf der Autobahn und das Fahrgef\u00fchl auf kurvigen Strecken voll und ganz \u2013 das ist echtes Porsche-Feeling.<\/p>\n<p>Im Gegenteil: Trotz der h\u00f6heren Karosserie und des Gewichts war ich beeindruckt, wie Porsche es schafft, <strong>den sportlichen Fahrstil auch in einem gro\u00dfen SUV umzusetzen<\/strong>.<\/p>\n<p>Ein pers\u00f6nliches Highlight war die Beschleunigung beim Einf\u00e4deln auf die Autobahn.<\/p>\n<p>Die \u201e<strong>Motorunterst\u00fctzung durch den Elektromotor<\/strong>\u201c sorgt f\u00fcr eine kraftvolle und geschmeidige Beschleunigung, die das Gewicht des Fahrzeugs vergessen l\u00e4sst.<\/p>\n<p>Wer dieses Gef\u00fchl einmal erlebt hat, empfindet <strong>Hybridantrieb fast als unverzichtbar<\/strong>. Auch mein Mann sagt, dass beim n\u00e4chsten Cayenne oder Panamera unbedingt ein Hybrid her muss.<\/p>\n<p><img loading=\"lazy\" decoding=\"async\" class=\"size-full wp-image-21826\" src=\"https:\/\/www.panamera-life.com\/wp-content\/uploads\/2021\/02\/IMG_1029.jpg\" alt=\"Porsche Cayenne E-Hybrid\" width=\"1200\" height=\"730\" \/><\/p>\n<p>Obwohl wir den Cayenne nicht oft nutzten, sind \u00fcber 16.000 km zusammengekommen, weil wir bei l\u00e4ngeren Fahrten immer auf ihn gesetzt haben.<\/p>\n<p>Ob Awaji Island, Fuji Speedway, Wakayama oder das Porsche Experience Center (PEC) in Tokio \u2013 auch bei Fahrten von \u00fcber 500 km war er stets zuverl\u00e4ssig, spa\u00dfig und vertrauensw\u00fcrdig.<\/p>\n<h3 class=\"style3a\">Die Herausforderung der Fahrzeugbreite<\/h3>\n<p>Warum also haben wir den gro\u00dfartigen Cayenne kaum noch genutzt? Der Grund ist <strong>einzig und allein die Fahrzeugbreite.<\/strong><\/p>\n<p>Das Fahren ist angenehm und wendig, die L\u00e4nge st\u00f6rt kaum, aber mit rund 2 Metern Breite wird das Parken zum Problem.<\/p>\n<p>In der N\u00e4he k\u00f6nnen wir kaum auf dem Parkplatz der Kinderklinik parken, und viele Familienrestaurants oder Sushi-Lokale in der Stadt sind zu eng. Aus Angst vor Kratzern haben wir den Cayenne immer seltener genutzt. (<a href=\"https:\/\/www.panamera-life.com\/entry\/porsche-cayenne-scratch-202107\/\" target=\"_blank\" rel=\"noopener\">Ich habe ihn sogar einmal angekratzt,<\/a> was die Nutzung weiter reduzierte.)<\/p>\n<p><strong>W\u00e4re die Breite unter 1900 mm, w\u00e4re das Fahren viel einfacher<\/strong> \u2013 aber das l\u00e4sst sich leider nicht \u00e4ndern, weshalb wir uns schweren Herzens vom Cayenne getrennt haben.<\/p>\n<p>Seitdem sind wir \u00f6fter zu f\u00fcnft unterwegs (vielleicht wegen der Ferienzeit) und fahren mit meinem kleinen Swift Sport \u2013 der sich als Familienauto \u00fcberraschend gut schl\u00e4gt.<\/p>\n<p><img loading=\"lazy\" decoding=\"async\" class=\"alignnone size-full wp-image-29461\" src=\"https:\/\/www.panamera-life.com\/wp-content\/uploads\/2022\/08\/IMG_8821.jpg\" alt=\"Swift Sport\" width=\"1200\" height=\"884\" \/><\/p>\n<p>So haben wir uns zwar vom Cayenne verabschiedet, aber er bleibt ein tolles Auto, das uns viele sch\u00f6ne Erinnerungen geschenkt hat. Ich hoffe, er findet einen neuen Besitzer, der ihn genauso liebt wie wir.<\/p>\n","protected":false},"excerpt":{"rendered":"Abschied vom Cayenne E-Hybrid Anfang August haben wir uns von unserem Cayenne E-Hybrid verabschiedet. Eigentlich hatten wir nicht geplant, den Cayenne so fr\u00fch abzugeben, doch bei einem k\u00fcrzlichen Besuch im Porsche-H\u00e4ndler entstand das Gespr\u00e4ch: \u201eDer Cayenne wird in letzter Zeit kaum genutzt, das ist schade\u201c. Unser Ansprechpartner Herr H. bot daraufhin an: \u201eWenn Sie m\u00f6chten, schauen wir mal, zu welchem Preis wir ihn ankaufen k\u00f6nnten.\u201c Dabei wurde uns ein besserer Preis angeboten als erwartet. Mein...","protected":false},"author":0,"featured_media":29459,"comment_status":"open","ping_status":"closed","sticky":false,"template":"","format":"standard","meta":{"footnotes":"","_locale":"de_DE","_original_post":"https:\/\/www.panamera-life.com\/?p=29452"},"categories":[43],"tags":[189],"yoast_head":"<title>Auf Wiedersehen, Cayenne. Bis zum n\u00e4chsten Mal. - \u30dd\u30eb\u30b7\u30a7\u304c\u308f\u304c\u5bb6\u306b\u3084\u3063\u3066\u304d\u305f - \u30aa\u30fc\u30ca\u30fc\u30ba\u30d6\u30ed\u30b0<\/title>\n<meta name=\"description\" content=\"Wir verabschieden uns nach 2 Jahren vom Porsche Cayenne E-Hybrid \u2013 Gr\u00fcnde, Highlights und das besondere Porsche Fahrerlebnis in unserem Erfahrungsbericht.\" \/>\n<meta name=\"robots\" content=\"index, follow, max-snippet:-1, max-image-preview:large, max-video-preview:-1\" \/>\n<link rel=\"canonical\" href=\"https:\/\/www.panamera-life.com\/de\/entry\/good_by_cayenne\/\" \/>\n<meta property=\"og:locale\" content=\"de_DE\" \/>\n<meta property=\"og:type\" content=\"article\" \/>\n<meta property=\"og:title\" content=\"Auf Wiedersehen, Cayenne. Bis zum n\u00e4chsten Mal. - \u30dd\u30eb\u30b7\u30a7\u304c\u308f\u304c\u5bb6\u306b\u3084\u3063\u3066\u304d\u305f - \u30aa\u30fc\u30ca\u30fc\u30ba\u30d6\u30ed\u30b0\" \/>\n<meta property=\"og:description\" content=\"Wir verabschieden uns nach 2 Jahren vom Porsche Cayenne E-Hybrid \u2013 Gr\u00fcnde, Highlights und das besondere Porsche Fahrerlebnis in unserem Erfahrungsbericht.\" \/>\n<meta property=\"og:url\" content=\"https:\/\/www.panamera-life.com\/de\/entry\/good_by_cayenne\/\" \/>\n<meta property=\"og:site_name\" content=\"\u30dd\u30eb\u30b7\u30a7\u304c\u308f\u304c\u5bb6\u306b\u3084\u3063\u3066\u304d\u305f - \u30aa\u30fc\u30ca\u30fc\u30ba\u30d6\u30ed\u30b0\" \/>\n<meta property=\"article:publisher\" content=\"https:\/\/www.facebook.com\/panameralife\/\" \/>\n<meta property=\"article:published_time\" content=\"2022-08-22T21:00:00+00:00\" \/>\n<meta property=\"article:modified_time\" content=\"2022-08-23T01:26:12+00:00\" \/>\n<meta property=\"og:image\" content=\"https:\/\/www.panamera-life.com\/wp-content\/uploads\/2022\/08\/DSC00496.jpg\" \/>\n\t<meta property=\"og:image:width\" content=\"1200\" \/>\n\t<meta property=\"og:image:height\" content=\"800\" \/>\n\t<meta property=\"og:image:type\" content=\"image\/jpeg\" \/>\n<meta name=\"twitter:label1\" content=\"Gesch\u00e4tzte Lesezeit\" \/>\n\t<meta name=\"twitter:data1\" content=\"5\u00a0Minuten\" \/>","yoast_head_json":{"title":"Auf Wiedersehen, Cayenne. Bis zum n\u00e4chsten Mal. - \u30dd\u30eb\u30b7\u30a7\u304c\u308f\u304c\u5bb6\u306b\u3084\u3063\u3066\u304d\u305f - \u30aa\u30fc\u30ca\u30fc\u30ba\u30d6\u30ed\u30b0","description":"Wir verabschieden uns nach 2 Jahren vom Porsche Cayenne E-Hybrid \u2013 Gr\u00fcnde, Highlights und das besondere Porsche Fahrerlebnis in unserem Erfahrungsbericht.","robots":{"index":"index","follow":"follow","max-snippet":"max-snippet:-1","max-image-preview":"max-image-preview:large","max-video-preview":"max-video-preview:-1"},"canonical":"https:\/\/www.panamera-life.com\/de\/entry\/good_by_cayenne\/","og_locale":"de_DE","og_type":"article","og_title":"Auf Wiedersehen, Cayenne. Bis zum n\u00e4chsten Mal. - \u30dd\u30eb\u30b7\u30a7\u304c\u308f\u304c\u5bb6\u306b\u3084\u3063\u3066\u304d\u305f - \u30aa\u30fc\u30ca\u30fc\u30ba\u30d6\u30ed\u30b0","og_description":"Wir verabschieden uns nach 2 Jahren vom Porsche Cayenne E-Hybrid \u2013 Gr\u00fcnde, Highlights und das besondere Porsche Fahrerlebnis in unserem Erfahrungsbericht.","og_url":"https:\/\/www.panamera-life.com\/de\/entry\/good_by_cayenne\/","og_site_name":"\u30dd\u30eb\u30b7\u30a7\u304c\u308f\u304c\u5bb6\u306b\u3084\u3063\u3066\u304d\u305f - \u30aa\u30fc\u30ca\u30fc\u30ba\u30d6\u30ed\u30b0","article_publisher":"https:\/\/www.facebook.com\/panameralife\/","article_published_time":"2022-08-22T21:00:00+00:00","article_modified_time":"2022-08-23T01:26:12+00:00","og_image":[{"width":1200,"height":800,"url":"https:\/\/www.panamera-life.com\/wp-content\/uploads\/2022\/08\/DSC00496.jpg","type":"image\/jpeg"}],"twitter_misc":{"Gesch\u00e4tzte Lesezeit":"5\u00a0Minuten"},"schema":{"@context":"https:\/\/schema.org","@graph":[{"@type":"Article","@id":"https:\/\/www.panamera-life.com\/de\/entry\/good_by_cayenne\/#article","isPartOf":{"@id":"https:\/\/www.panamera-life.com\/de\/entry\/good_by_cayenne\/"},"author":{"name":"","@id":""},"headline":"Auf Wiedersehen, Cayenne. Bis zum n\u00e4chsten Mal.","datePublished":"2022-08-22T21:00:00+00:00","dateModified":"2022-08-23T01:26:12+00:00","mainEntityOfPage":{"@id":"https:\/\/www.panamera-life.com\/de\/entry\/good_by_cayenne\/"},"wordCount":582,"commentCount":0,"publisher":{"@id":"https:\/\/www.panamera-life.com\/#organization"},"image":{"@id":"https:\/\/www.panamera-life.com\/de\/entry\/good_by_cayenne\/#primaryimage"},"thumbnailUrl":"https:\/\/www.panamera-life.com\/wp-content\/uploads\/2022\/08\/DSC00496.jpg","keywords":["Porsche Cayenne"],"articleSection":["Porsche Cayenne"],"inLanguage":"de","potentialAction":[{"@type":"CommentAction","name":"Comment","target":["https:\/\/www.panamera-life.com\/de\/entry\/good_by_cayenne\/#respond"]}]},{"@type":"WebPage","@id":"https:\/\/www.panamera-life.com\/de\/entry\/good_by_cayenne\/","url":"https:\/\/www.panamera-life.com\/de\/entry\/good_by_cayenne\/","name":"Auf Wiedersehen, Cayenne. Bis zum n\u00e4chsten Mal. - \u30dd\u30eb\u30b7\u30a7\u304c\u308f\u304c\u5bb6\u306b\u3084\u3063\u3066\u304d\u305f - \u30aa\u30fc\u30ca\u30fc\u30ba\u30d6\u30ed\u30b0","isPartOf":{"@id":"https:\/\/www.panamera-life.com\/#website"},"primaryImageOfPage":{"@id":"https:\/\/www.panamera-life.com\/de\/entry\/good_by_cayenne\/#primaryimage"},"image":{"@id":"https:\/\/www.panamera-life.com\/de\/entry\/good_by_cayenne\/#primaryimage"},"thumbnailUrl":"https:\/\/www.panamera-life.com\/wp-content\/uploads\/2022\/08\/DSC00496.jpg","datePublished":"2022-08-22T21:00:00+00:00","dateModified":"2022-08-23T01:26:12+00:00","description":"Wir verabschieden uns nach 2 Jahren vom Porsche Cayenne E-Hybrid \u2013 Gr\u00fcnde, Highlights und das besondere Porsche Fahrerlebnis in unserem Erfahrungsbericht.","breadcrumb":{"@id":"https:\/\/www.panamera-life.com\/de\/entry\/good_by_cayenne\/#breadcrumb"},"inLanguage":"de","potentialAction":[{"@type":"ReadAction","target":["https:\/\/www.panamera-life.com\/de\/entry\/good_by_cayenne\/"]}]},{"@type":"ImageObject","inLanguage":"de","@id":"https:\/\/www.panamera-life.com\/de\/entry\/good_by_cayenne\/#primaryimage","url":"https:\/\/www.panamera-life.com\/wp-content\/uploads\/2022\/08\/DSC00496.jpg","contentUrl":"https:\/\/www.panamera-life.com\/wp-content\/uploads\/2022\/08\/DSC00496.jpg","width":1200,"height":800,"caption":"\u30dd\u30eb\u30b7\u30a7\u30ab\u30a4\u30a8\u30f3 | \u8eca, \u9053\u8def, \u30ac\u30fc\u30c9\u30ec\u30fc\u30eb, \u6728, \u5c71, \u5c4b\u5916, \u8d70\u884c\u4e2d, PORSCHE, Cayenne"},{"@type":"BreadcrumbList","@id":"https:\/\/www.panamera-life.com\/de\/entry\/good_by_cayenne\/#breadcrumb","itemListElement":[{"@type":"ListItem","position":1,"name":"\u30db\u30fc\u30e0","item":"https:\/\/www.panamera-life.com\/"},{"@type":"ListItem","position":2,"name":"Auf Wiedersehen, Cayenne. Bis zum n\u00e4chsten Mal."}]},{"@type":"WebSite","@id":"https:\/\/www.panamera-life.com\/#website","url":"https:\/\/www.panamera-life.com\/","name":"\u30dd\u30eb\u30b7\u30a7\u304c\u308f\u304c\u5bb6\u306b\u3084\u3063\u3066\u304d\u305f - \u30aa\u30fc\u30ca\u30fc\u30ba\u30d6\u30ed\u30b0","description":"\u30dd\u30eb\u30b7\u30a7\u306b\u9b45\u4e86\u3055\u308c\u305f\u59bb\u304c\u66f8\u304f\u30dd\u30eb\u30b7\u30a7\u30d6\u30ed\u30b0\u3067\u3059\u3002\u6240\u6709\u3059\u308b\u30dd\u30eb\u30b7\u30a7 911\u30ab\u30ec\u30e9\uff08964\uff09\u3001911GT3\u3001\u30dc\u30af\u30b9\u30bf\u30fc\u3001\u30d1\u30ca\u30e1\u30fc\u30e9\u306e\u30ec\u30d3\u30e5\u30fc\u3084\u7dad\u6301\u8cbb\u3001\u30c4\u30fc\u30ea\u30f3\u30b0\u8a18\u306a\u3069\u3002\u30cb\u30e5\u30fc\u30b9\u8a18\u4e8b\u3067\u306f\u5206\u304b\u3089\u306a\u3044\u751f\u306e\u30dd\u30eb\u30b7\u30a7\u30aa\u30fc\u30ca\u30fc\u306e\u58f0\u3092\u5b9a\u671f\u914d\u4fe1\u3059\u308b\u30d6\u30ed\u30b0\u3067\u3059\u3002","publisher":{"@id":"https:\/\/www.panamera-life.com\/#organization"},"potentialAction":[{"@type":"SearchAction","target":{"@type":"EntryPoint","urlTemplate":"https:\/\/www.panamera-life.com\/?s={search_term_string}"},"query-input":{"@type":"PropertyValueSpecification","valueRequired":true,"valueName":"search_term_string"}}],"inLanguage":"de"},{"@type":"Organization","@id":"https:\/\/www.panamera-life.com\/#organization","name":"\u30dd\u30eb\u30b7\u30a7\u304c\u308f\u304c\u5bb6\u306b\u3084\u3063\u3066\u304d\u305f","url":"https:\/\/www.panamera-life.com\/","logo":{"@type":"ImageObject","inLanguage":"de","@id":"https:\/\/www.panamera-life.com\/#\/schema\/logo\/image\/","url":"https:\/\/www.panamera-life.com\/wp-content\/uploads\/2021\/05\/unnamed.jpg","contentUrl":"https:\/\/www.panamera-life.com\/wp-content\/uploads\/2021\/05\/unnamed.jpg","width":512,"height":512,"caption":"\u30dd\u30eb\u30b7\u30a7\u304c\u308f\u304c\u5bb6\u306b\u3084\u3063\u3066\u304d\u305f"},"image":{"@id":"https:\/\/www.panamera-life.com\/#\/schema\/logo\/image\/"},"sameAs":["https:\/\/www.facebook.com\/panameralife\/","https:\/\/x.com\/Mina_Panamera","https:\/\/www.instagram.com\/mina_porsche\/","https:\/\/www.youtube.com\/channel\/UCoyAW0ifcnk05Iryf7-bkhg"]}]}},"_links":{"self":[{"href":"https:\/\/www.panamera-life.com\/wp-json\/wp\/v2\/posts\/38638"}],"collection":[{"href":"https:\/\/www.panamera-life.com\/wp-json\/wp\/v2\/posts"}],"about":[{"href":"https:\/\/www.panamera-life.com\/wp-json\/wp\/v2\/types\/post"}],"replies":[{"embeddable":true,"href":"https:\/\/www.panamera-life.com\/wp-json\/wp\/v2\/comments?post=38638"}],"version-history":[{"count":0,"href":"https:\/\/www.panamera-life.com\/wp-json\/wp\/v2\/posts\/38638\/revisions"}],"wp:featuredmedia":[{"embeddable":true,"href":"https:\/\/www.panamera-life.com\/wp-json\/wp\/v2\/media\/29459"}],"wp:attachment":[{"href":"https:\/\/www.panamera-life.com\/wp-json\/wp\/v2\/media?parent=38638"}],"wp:term":[{"taxonomy":"category","embeddable":true,"href":"https:\/\/www.panamera-life.com\/wp-json\/wp\/v2\/categories?post=38638"},{"taxonomy":"post_tag","embeddable":true,"href":"https:\/\/www.panamera-life.com\/wp-json\/wp\/v2\/tags?post=38638"}],"curies":[{"name":"wp","href":"https:\/\/api.w.org\/{rel}","templated":true}]}}