{"id":38763,"date":"2018-12-26T06:00:23","date_gmt":"2018-12-25T21:00:23","guid":{"rendered":"https:\/\/www.panamera-life.com\/?p=38763"},"modified":"2019-01-08T17:14:52","modified_gmt":"2019-01-08T08:14:52","slug":"comment-share-doorpunch-oilchange","status":"publish","type":"post","link":"https:\/\/www.panamera-life.com\/de\/entry\/comment-share-doorpunch-oilchange\/","title":{"rendered":"Echte Stimmen von Porsche-Besitzern: \u00d6lwechsel, T\u00fcrdellen, Tagfahrlicht &#038; mehr"},"content":{"rendered":"<h3 class=\"style3a\">Erfahrungen von Porsche-Besitzern teilen!<\/h3>\n<p>K\u00fcrzlich habe ich in diesem Blog einen Beitrag ver\u00f6ffentlicht, in dem ich schrieb: <strong>\u201eIch m\u00f6chte Fragen von Porsche-Besitzern und Interessenten sammeln, die von unseren Lesern aus ganz Japan beantwortet werden, um diese wertvollen Antworten sp\u00e4ter zu teilen\u201c<\/strong>. Dabei stellte ich eine Frage zum <a href=\"https:\/\/www.panamera-life.com\/entry\/first-oil-change\/\" target=\"_blank\" rel=\"noopener\">ersten \u00d6lwechsel bei Porsche<\/a>. Die Resonanz war \u00fcberw\u00e4ltigend \u2013 viele Leser haben geantwortet und zus\u00e4tzlich wertvolle Informationen beigesteuert, die ich Ihnen hier gerne vorstellen m\u00f6chte.<span style=\"font-size: 8pt;\"> (Bitte beachten Sie, dass ich Kommentare leicht bearbeitet habe, um den Kontext zu wahren oder auszugsweise zu zitieren.)<\/span><br \/>\n<img loading=\"lazy\" decoding=\"async\" class=\"alignnone wp-image-7176 size-large\" src=\"https:\/\/www.panamera-life.com\/wp-content\/uploads\/2018\/12\/IMG_0078-800x533.jpg\" alt=\"\" width=\"800\" height=\"533\" \/><\/p>\n<h3 class=\"style3a\">Kommentare unserer Leser<\/h3>\n<h4 class=\"style4b\">1. Zeitpunkt des ersten \u00d6lwechsels<\/h4>\n<p class=\"well2\">Vor Kurzem habe ich einen gebrauchten 970 Panamera SE Hybrid gekauft. Bei Plug-in-Hybriden ist die Anzeige von <strong>\u201eKilometerstand \u2260 Motorlaufleistung\u201c<\/strong>, was die Einsch\u00e4tzung erschwert. Ich pers\u00f6nlich denke, da es ein Gebrauchtwagen ist, ist ein <strong>j\u00e4hrlicher \u00d6lwechsel ausreichend<\/strong>. Auch der H\u00e4ndler meinte, <strong>\u201emoderne Autos brauchen nur einen \u00d6lwechsel pro Jahr, solange sie nicht extrem viel gefahren werden\u201c<\/strong>. Bei meinem fr\u00fcheren 981 Boxster GTS habe ich nach 1000 km und 5000 km gewechselt und danach ungef\u00e4hr j\u00e4hrlich oder alle 10.000 km. (IshiB)<\/p>\n<p class=\"well2\">Entschuldigung, dass ich hier von anderen Marken spreche. Vor meinem aktuellen 958 bin ich vier BMW gefahren, bei denen der erste \u00d6lwechsel erst nach <strong>20.000 km<\/strong> f\u00e4llig war. Hochwertige europ\u00e4ische Fahrzeuge kombinieren Zylinderblock und Kolben mit sehr engen Toleranzen, sodass das \u00d6l kaum verschmutzt. Au\u00dferdem gilt <strong>\u00d6lwechsel als wenig umweltfreundlich<\/strong>. (Kaze no Sakamichi)<\/p>\n<p class=\"well2\">Mein aktueller Maserati Ghibli hatte den ersten \u00d6lwechsel nach einem Jahr oder 10.000 Meilen (ca. 16.000 km), danach j\u00e4hrlich. Ich fuhr ihn nur drei Jahre, daher wei\u00df ich nicht, wie es danach weiterging. Mein Panamera 4 E-Hybrid wird wohl auch eher gem\u00e4\u00df der Empfehlung des H\u00e4ndlers <strong>\u201eeinmal j\u00e4hrlich oder 10.000 Meilen\u201c<\/strong> gewartet. Bei Hybriden gibt es unterschiedliche Meinungen, ob wegen der geringeren Motorlaufzeit der \u00d6lwechsel sp\u00e4ter oder fr\u00fcher erfolgen sollte. (SN)<\/p>\n<p class=\"well2\">Beim 718 (Modelljahr 2017) ist der \u00d6lwechsel laut Hersteller alle <strong>15.000 km oder j\u00e4hrlich<\/strong> vorgesehen, vermutlich unter Ber\u00fccksichtigung der Start-Stopp-Funktion. Ich habe nach der Einfahrphase (geplant 5.000 km, tats\u00e4chlich 6.500 km) einmal gewechselt. <strong>Der Serviceberater im Porsche Zentrum Fukuoka meinte, dass ein erster Wechsel sinnvoll sein kann<\/strong>. Bei meinem Fahrprofil sind das knapp 15.000 km pro Jahr, daher tausche ich beim Jahres- und Zweijahresservice. Nach dem letzten Wechsel sp\u00fcrte ich eine leichte Verbesserung der Motorlaufkultur. (Porsche Dreamer)<\/p>\n<p class=\"well2\">Mein H\u00e4ndler empfiehlt f\u00fcr den 971 Panamera Turbo Executive <strong>\u201eden ersten \u00d6lwechsel nach etwa 2.000 km\u201c<\/strong>. Auf die Frage, ob 1.000 km nicht zu fr\u00fch seien, meinte er, das w\u00e4re etwas zu fr\u00fch. Da ich \u00fcber die Feiertage etwa 2.000 km fahren werde, habe ich gleich einen Termin f\u00fcr \u00d6l- und Filterwechsel vereinbart. (Jinsei wo D\u014d Yatte Sasaeru ka)<\/p>\n<p class=\"well2\">Ich fahre einen \u201enackten\u201c Panamera. Nach 2.000 km fragte ich beim H\u00e4ndler nach, der meinte, <strong>\u201eein Wechsel zwischen 3.000 und 4.000 km ist v\u00f6llig ausreichend, Sie k\u00f6nnen also noch etwas fahren\u201c<\/strong>. Ein fr\u00fcherer Wechsel ist nat\u00fcrlich jederzeit m\u00f6glich. Die Werte von 1 Jahr oder 10.000 km dienen wohl eher der Garantie. (Kaz)<\/p>\n<p class=\"well2\">Ich fahre einen 991 Facelift Carrera. Der H\u00e4ndler empfiehlt den \u00d6lwechsel beim Erreichen von 1 Jahr oder 10.000 km, je nachdem was zuerst eintritt. Der Filter wird alle zwei Wechsel getauscht. Ich habe bei 5.000 km und 13.000 km gewechselt, aber auch von Aktionen des H\u00e4ndlers profitiert, daher variiert der Zeitpunkt etwas. Wichtig ist: <strong>Beim ersten Wechsel sollte man innerhalb von 5.000 km zum H\u00e4ndler, da das \u00d6l bei Auslieferung nicht reines Mobil 1 ist, sondern viele Reinigungszus\u00e4tze enth\u00e4lt<\/strong>. Daher wird der erste Wechsel nach der Einfahrphase empfohlen. Diese Info habe ich vorher nirgendwo gelesen. Kennt das sonst noch jemand? (Masayan)<\/p>\n<h4 class=\"style4b\">2. Schutz vor T\u00fcrdellen<\/h4>\n<p class=\"well2\">Ich besitze einen Cayenne 957 und einen Boxster 981S. Meine Tipps gegen T\u00fcrdellen sind:<br \/>\n\u2460 Ich nutze den Porsche nicht f\u00fcr Eink\u00e4ufe im Supermarkt.<br \/>\n\u2461 Ich suche Parkpl\u00e4tze mit weit ge\u00f6ffneten T\u00fcren, auch wenn ich etwas weiter laufen muss.<br \/>\n\u2462 Ich meide parkende Autos mit Dellen oder Schmutz. <span style=\"font-size: 8pt;\">(Andererseits k\u00f6nnte man auch neben einem ramponierten Auto parken, um nebenan eine freie L\u00fccke zu haben.)<\/span><br \/>\n\u2463 Wenn kein Platz frei ist, parke ich m\u00f6glichst neben einem teuren Auto auf der Fahrerseite. <span style=\"font-size: 8pt;\">(Beifahrer \u00f6ffnen T\u00fcren oft weniger vorsichtig.)<\/span><br \/>\nAn touristischen Orten w\u00e4hle ich Parkpl\u00e4tze mit Parkw\u00e4chtern, die oft gute Pl\u00e4tze aussuchen. (Kasamachi Chikara)<\/p>\n<p><img loading=\"lazy\" decoding=\"async\" class=\"alignnone wp-image-7528 size-large\" src=\"https:\/\/www.panamera-life.com\/wp-content\/uploads\/2018\/12\/IMG_0102-800x533.jpg\" alt=\"\" width=\"800\" height=\"533\" \/><\/p>\n<p class=\"well2\">Mein 996 Carrera wurde damals wegen seiner breiteren Karosserie im Vergleich zum 993 bel\u00e4chelt, ist heute aber der schlankste wassergek\u00fchlte 911. Da die T\u00fcren lang sind, kann es passieren, dass ich selbst versehentlich eine T\u00fcrdelle verursache. Deshalb parke ich gern am \u00e4u\u00dfersten Rand, wo zwischen wei\u00dfer Linie und Zaun etwa 1 m Platz ist, und parke mutig \u00fcber die Linie. So kann nur von einer Seite ein Auto kommen, und ich kann die T\u00fcr weit \u00f6ffnen, ohne andere Autos zu ber\u00fchren. In Parkh\u00e4usern habe ich auch schon zwei Parkpl\u00e4tze blockiert, was ich aber nur an sehr ruhigen Tagen empfehle. (Shimoyannjp)<\/p>\n<p class=\"well2\">Mein Cayenne wird oft an Kinderg\u00e4rten, Schulen, Superm\u00e4rkten, Einkaufszentren und engen Wohnstra\u00dfen geparkt. <strong>Manchmal laufen Kinder mit Rucks\u00e4cken oder Schulranzen dicht am Auto vorbei<\/strong>. Im Winter fahre ich oft auf verschneiten, schwierigen Stra\u00dfen. Nach solchen Fahrten ist das Auto unten oft schlammig und voller kleiner Kratzer. Meine Frau sagt dann nur <strong>\u201eAch, da ist ein Kratzer, na und?\u201c<\/strong> und macht sich keine Sorgen.<br \/>\nF\u00fcr uns ist ein Auto, besonders ein SUV, zum Fahren da \u2013 <strong>kleine Kratzer sind ein Zeichen von Nutzung und Charme<\/strong>. Gro\u00dfe Dellen werden repariert, aber sonst \u00e4rgern wir uns nicht. Unsere Strategie gegen T\u00fcrdellen ist also <strong>\u201eeinfach nicht zu viel darauf achten\u201c<\/strong>. (BUPPA)<\/p>\n<h4 class=\"style4b\">3. Tagfahrlicht<\/h4>\n<p class=\"well2\"><strong>Das Tagfahrlicht beim 971 Panamera geht w\u00e4hrend der Fahrt nicht aus<\/strong>, oder? Im Stillstand kann man es durch langes Dr\u00fccken eines Schalters am rechten Armaturenbrett ausschalten, aber ab einer gewissen Geschwindigkeit schaltet es sich automatisch wieder ein.<br \/>\nMein aktuelles Wohnhaus habe ich nach der Gr\u00f6\u00dfe der Parkpl\u00e4tze ausgesucht. In der mechanischen Tiefgarage bleiben nur ca. 2 cm Platz neben den Reifen, daher parke ich mit Hilfe von Spiegeln sehr genau. Dabei ist es gut, dass man das Tagfahrlicht tempor\u00e4r ausschalten kann, da die Reflexion sonst blendet. (Jinsei wo D\u014d Yatte Sasaeru ka)<\/p>\n<p class=\"well2\">Ich wollte bei meinem 981S (EZ Dez. 2013) das Tagfahrlicht aktivieren und habe vor etwa einem halben Jahr, als sich die Gesetzeslage \u00e4nderte, im Porsche Zentrum eine optionale OLED-Beleuchtung an den Seitenschwellern anbringen lassen. Dabei wurde auch die Tagfahrlicht-Einstellung kostenlos programmiert.<br \/>\nDie Erkl\u00e4rung war: <strong>\u201eTagfahrlicht leuchtet bei normaler Fahrt, ab 140 km\/h schalten die Scheinwerfer ein und das Tagfahrlicht wird gedimmt\u201c<\/strong>.<br \/>\nDa ich selten so schnell fahre, konnte ich das noch nicht testen, aber bei Scheinwerfereinschaltung wechselt das Navigationsdisplay in den Nachtmodus. (Kasamachi Chikara)<\/p>\n<h4 class=\"style4b\">4. 971 Panamera Turbo Executive<\/h4>\n<p class=\"well2\">Ich bin erst ca. 500 km gefahren, hier meine Eindr\u00fccke:<br \/>\n<strong>Positive Punkte:<\/strong><br \/>\n&#8211; Perfektes Fahrverhalten, Beschleunigung top.<br \/>\n&#8211; Hervorragendes Kurvenverhalten, keine Wankbewegungen.<br \/>\n&#8211; Massagefunktion besser als erwartet, h\u00e4tte gern auch hinten.<br \/>\n&#8211; Bequeme Sitzh\u00e4rte, angenehm beim Fahren.<br \/>\n&#8211; Touchscreen ist intuitiv und einfach zu bedienen.<br \/>\n<strong>Verbesserungsw\u00fcrdig:<\/strong><br \/>\n&#8211; Navi braucht zu lange, um nach dem Verlassen der Tiefgarage Satellitensignal zu finden.<br \/>\n&#8211; Bei tiefer Lenkradposition ist das rechte Display (Navi) kaum sichtbar.<br \/>\n&#8211; Musik vom Handy hatte einen Bug, der nach Werkstattbesuch pl\u00f6tzlich weg war. Hoffe, es bleibt so. (Jinsei wo D\u014d Yatte Sasaeru ka)<\/p>\n<h4 class=\"style4b\">5. Neuer Cayenne<\/h4>\n<p class=\"well2\">Optisch erinnert er etwas an die ersten Modelle, was f\u00fcr uns, die wir alle Generationen fahren, ein Pluspunkt ist. Die Tiptronic hat sich weiterentwickelt, aber f\u00fcr Offroad und bestimmte Nutzergruppen ist die aktuelle PDK nicht optimal. Das leichtere Fahrzeug ist sehr stabil und bietet ein geschmeidiges Kurvenverhalten. Die Balance im Fond ist hervorragend gel\u00f6st. Porsche eben \u2013 ich kann nur empfehlen, ihn zu kaufen! Meine Frau freut sich schon auf die n\u00e4chste Hybridversion f\u00fcr Japan, die n\u00e4chstes Jahr kommt. (Cara)<\/p>\n<p><img loading=\"lazy\" decoding=\"async\" class=\"alignnone wp-image-5334 size-large\" src=\"https:\/\/www.panamera-life.com\/wp-content\/uploads\/2018\/09\/IMG_8233-800x600.jpg\" alt=\"Neuer Cayenne\" width=\"800\" height=\"600\" \/><\/p>\n<h4 class=\"style4b\">6. Knirschger\u00e4usche der Reifen bei niedriger Geschwindigkeit an kalten Tagen<\/h4>\n<p class=\"well2\">Ich hatte das Problem bei meinem 981, besonders beim Anfahren an einer T-Kreuzung mit Linkskurve. Im Winter sind die Reifen hart und nach 12.000 km Laufleistung war das Profil schon etwas abgefahren. Ich wechselte von Pirelli P Zero auf Michelin Pilot Sport 4 und das Ger\u00e4usch war deutlich reduziert. Nach fast 22.000 km habe ich keine Probleme mehr. Wahrscheinlich lag es an der Reifenh\u00e4rte und dem Profil. (Kasamachi Chikara)<\/p>\n<p><img loading=\"lazy\" decoding=\"async\" class=\"alignnone wp-image-7529 size-large\" src=\"https:\/\/www.panamera-life.com\/wp-content\/uploads\/2018\/12\/IMG_9848-800x600.jpeg\" alt=\"\" width=\"800\" height=\"600\" \/><\/p>\n<h4 class=\"style4b\">7. Automatisches Zwischengasgeben (Auto-Blipping)<\/h4>\n<p class=\"well2\">Ich finde, Auto-Blipping sollte nicht nur im Sport- oder Sport-Plus-Modus verf\u00fcgbar sein, sondern auch im Normalmodus. Am besten w\u00e4re eine separate Auswahlm\u00f6glichkeit.<br \/>\nDas ist praktisch, wenn man m\u00fcde ist oder einen Beifahrer hat und Schaltst\u00f6\u00dfe vermeiden m\u00f6chte <span style=\"font-size: 8pt;\">(um nicht als schlechter Schalter erkannt zu werden)<\/span>. Heel-and-Toe kann ich nicht, aber wenn das Drehzahlanpassung klappt, f\u00fchlt sich das gut an. F\u00fcr den Stra\u00dfenverkehr reicht das v\u00f6llig aus. (IshiB)<\/p>\n<p><img loading=\"lazy\" decoding=\"async\" class=\"alignnone wp-image-7530 size-large\" src=\"https:\/\/www.panamera-life.com\/wp-content\/uploads\/2018\/12\/DSC_0523-800x533-800x533.jpg\" alt=\"\" width=\"800\" height=\"533\" \/><\/p>\n<p class=\"well2\"><strong>Frage (Porsche Dreamer):<\/strong><br \/>\nEtwas technisch: Wann genau wird beim Auto-Blipping das Zwischengas gegeben? Wenn der Gang eingelegt ist, wie verh\u00e4lt sich die Drehzahl bis zum Einkuppeln der Kupplung? <span style=\"font-size: 8pt;\">(Bleibt die Drehzahl hoch, wenn die Kupplung lange nicht kommt?)<\/span> Oder reagiert das System auf das Einkuppeln? Das erscheint mir schwierig, da das Zwischengas ja rechtzeitig kommen muss. Leider habe ich noch keinen Porsche mit Schaltgetriebe zum Testen gefunden.<br \/>\n<strong>Antwort (IshiB):<\/strong> Das Zwischengas wird beim Einlegen des Gangs gegeben. Ich habe es ausprobiert, indem ich die Kupplung nach dem Schalten gedr\u00fcckt hielt. Die Drehzahl fiel, und beim Einkuppeln gab es einen Ruck. Normalerweise reagiert man auf das Zwischengasger\u00e4usch und l\u00e4sst die Kupplung los, sodass man keinen Ruck sp\u00fcrt.<\/p>\n<h4 class=\"style4b\">8. Schutz vor Verschmutzung des Fahrzeugs<\/h4>\n<p class=\"well2\">Fr\u00fcher war unser Carport und die Garage unbefestigt, sodass das Auto beim Parken oft von Staub bedeckt wurde, wenn Leute vorbeigingen. Selbst mit einer Abdeckplane blieb feiner Staub haften. Dieses Jahr habe ich folgende Ma\u00dfnahmen gegen Staub ergriffen:<br \/>\n\u2460 Die Garage wurde mit Decke und Innenw\u00e4nden versehen, sodass keine Balken mehr sichtbar sind.<br \/>\n\u2461 Unter dem Garagentor klebte ich eine 19 mm dicke, runde Schaumstoffdichtung aus den Niederlanden, um Spalten zu schlie\u00dfen <span style=\"font-size: 8pt;\">(\u00e4hnlich wie bei Karosseriearbeiten)<\/span>.<br \/>\n\u2462 Der Weg von der Haust\u00fcr bis zur Garage (ca. 60 m) wurde mit wasserdurchl\u00e4ssigem Belag versehen.<br \/>\n\u2463 Die H\u00e4lfte der Garage (f\u00fcr den 918S) wurde mit Holzoptik-PVC-Fliesen auf Epoxidharzboden ausgelegt und mit 40 mm breiten, 4 mm dicken Aluminiumprofilen eingefasst <span style=\"font-size: 8pt;\">(die andere H\u00e4lfte wird f\u00fcr Motorradwartung genutzt)<\/span>.<br \/>\nKeine einzelne Ma\u00dfnahme h\u00e4tte das Problem gel\u00f6st, aber die Kombination wirkt sehr gut, besonders Punkt \u2462.<br \/>\nBei Punkt \u2461 w\u00e4re es noch besser, wenn man den Boden direkt hinter dem Tor um 2 cm erh\u00f6hen w\u00fcrde, aber die Schaumstoffdichtung hilft schon enorm.<br \/>\nEin Problem bleibt der Staubeintritt an den Seitenf\u00fchrungen des Tores. Falls jemand eine L\u00f6sung kennt, freue ich mich \u00fcber Tipps. (Kasamachi Chikara)<\/p>\n<h3 class=\"style3a\">Wir freuen uns auf weitere Beitr\u00e4ge<\/h3>\n<p>Vielen Dank f\u00fcr die zahlreichen Kommentare! Es tut mir leid, nicht alle vorstellen zu k\u00f6nnen. Unsere Leser fahren <strong>alles von luftgek\u00fchlten bis wassergek\u00fchlten Modellen, vom 911 bis zum Cayenne<\/strong>, daher sind die Informationen sehr vielf\u00e4ltig und wertvoll. <span style=\"font-size: 8pt;\">(Auch ich lerne viel dabei.)<\/span><\/p>\n<p>Kommentare und Nachrichten sind jederzeit willkommen. Wenn Sie <strong>Fragen an andere Porsche-Besitzer haben oder eigene Erfahrungen teilen m\u00f6chten<\/strong>, senden Sie uns gerne eine Nachricht oder einen Kommentar. Wir freuen uns auf den weiteren Austausch!<\/p>\n<p>\u00dcbrigens finden Sie hier eine Zusammenfassung fr\u00fcherer Leserkommentare:  <\/p>\n<p class=\"well2\"><a href=\"https:\/\/www.panamera-life.com\/entry\/blog-comments\/\" target=\"_blank\" rel=\"noopener\">\u2192 Kommentare im Porsche-Blog: Echte Stimmen von Besitzern und Wartenden<\/a><br \/>\n<a href=\"https:\/\/www.panamera-life.com\/entry\/blog-comment-and-upload\/\" target=\"_blank\" rel=\"noopener\">\u2192 Weitere Kommentare von Porsche-Besitzern und Wartenden<\/a><\/p>\n","protected":false},"excerpt":{"rendered":"Erfahrungen von Porsche-Besitzern teilen! K\u00fcrzlich habe ich in diesem Blog einen Beitrag ver\u00f6ffentlicht, in dem ich schrieb: \u201eIch m\u00f6chte Fragen von Porsche-Besitzern und Interessenten sammeln, die von unseren Lesern aus ganz Japan beantwortet werden, um diese wertvollen Antworten sp\u00e4ter zu teilen\u201c. Dabei stellte ich eine Frage zum ersten \u00d6lwechsel bei Porsche. Die Resonanz war \u00fcberw\u00e4ltigend \u2013 viele Leser haben geantwortet und zus\u00e4tzlich wertvolle Informationen beigesteuert, die ich Ihnen hier gerne vorstellen m\u00f6chte. (Bitte beachten Sie,...","protected":false},"author":0,"featured_media":7527,"comment_status":"open","ping_status":"closed","sticky":false,"template":"","format":"standard","meta":{"footnotes":"","_locale":"de_DE","_original_post":"https:\/\/www.panamera-life.com\/?p=7508"},"categories":[32,31,59],"tags":[240],"yoast_head":"<title>Echte Stimmen von Porsche-Besitzern: \u00d6lwechsel, T\u00fcrdellen, Tagfahrlicht &amp; mehr - \u30dd\u30eb\u30b7\u30a7\u304c\u308f\u304c\u5bb6\u306b\u3084\u3063\u3066\u304d\u305f - \u30aa\u30fc\u30ca\u30fc\u30ba\u30d6\u30ed\u30b0<\/title>\n<meta name=\"description\" content=\"Echte Stimmen von Porsche-Besitzern: Tipps zu \u00d6lwechsel, T\u00fcrdellen, Tagfahrlicht &amp; mehr f\u00fcr ein perfektes Porsche Fahrerlebnis. Jetzt lesen!\" \/>\n<meta name=\"robots\" content=\"index, follow, max-snippet:-1, max-image-preview:large, max-video-preview:-1\" \/>\n<link rel=\"canonical\" href=\"https:\/\/www.panamera-life.com\/de\/entry\/comment-share-doorpunch-oilchange\/\" \/>\n<meta property=\"og:locale\" content=\"de_DE\" \/>\n<meta property=\"og:type\" content=\"article\" \/>\n<meta property=\"og:title\" content=\"Echte Stimmen von Porsche-Besitzern: \u00d6lwechsel, T\u00fcrdellen, Tagfahrlicht &amp; mehr - \u30dd\u30eb\u30b7\u30a7\u304c\u308f\u304c\u5bb6\u306b\u3084\u3063\u3066\u304d\u305f - \u30aa\u30fc\u30ca\u30fc\u30ba\u30d6\u30ed\u30b0\" \/>\n<meta property=\"og:description\" content=\"Echte Stimmen von Porsche-Besitzern: Tipps zu \u00d6lwechsel, T\u00fcrdellen, Tagfahrlicht &amp; mehr f\u00fcr ein perfektes Porsche Fahrerlebnis. Jetzt lesen!\" \/>\n<meta property=\"og:url\" content=\"https:\/\/www.panamera-life.com\/de\/entry\/comment-share-doorpunch-oilchange\/\" \/>\n<meta property=\"og:site_name\" content=\"\u30dd\u30eb\u30b7\u30a7\u304c\u308f\u304c\u5bb6\u306b\u3084\u3063\u3066\u304d\u305f - \u30aa\u30fc\u30ca\u30fc\u30ba\u30d6\u30ed\u30b0\" \/>\n<meta property=\"article:publisher\" content=\"https:\/\/www.facebook.com\/panameralife\/\" \/>\n<meta property=\"article:published_time\" content=\"2018-12-25T21:00:23+00:00\" \/>\n<meta property=\"article:modified_time\" content=\"2019-01-08T08:14:52+00:00\" \/>\n<meta property=\"og:image\" content=\"https:\/\/www.panamera-life.com\/wp-content\/uploads\/2018\/12\/IMG_9853.jpg\" \/>\n\t<meta property=\"og:image:width\" content=\"2305\" \/>\n\t<meta property=\"og:image:height\" content=\"1537\" \/>\n\t<meta property=\"og:image:type\" content=\"image\/jpeg\" \/>\n<meta name=\"twitter:label1\" content=\"Gesch\u00e4tzte Lesezeit\" \/>\n\t<meta name=\"twitter:data1\" content=\"9\u00a0Minuten\" \/>","yoast_head_json":{"title":"Echte Stimmen von Porsche-Besitzern: \u00d6lwechsel, T\u00fcrdellen, Tagfahrlicht & mehr - \u30dd\u30eb\u30b7\u30a7\u304c\u308f\u304c\u5bb6\u306b\u3084\u3063\u3066\u304d\u305f - \u30aa\u30fc\u30ca\u30fc\u30ba\u30d6\u30ed\u30b0","description":"Echte Stimmen von Porsche-Besitzern: Tipps zu \u00d6lwechsel, T\u00fcrdellen, Tagfahrlicht & mehr f\u00fcr ein perfektes Porsche Fahrerlebnis. Jetzt lesen!","robots":{"index":"index","follow":"follow","max-snippet":"max-snippet:-1","max-image-preview":"max-image-preview:large","max-video-preview":"max-video-preview:-1"},"canonical":"https:\/\/www.panamera-life.com\/de\/entry\/comment-share-doorpunch-oilchange\/","og_locale":"de_DE","og_type":"article","og_title":"Echte Stimmen von Porsche-Besitzern: \u00d6lwechsel, T\u00fcrdellen, Tagfahrlicht & mehr - \u30dd\u30eb\u30b7\u30a7\u304c\u308f\u304c\u5bb6\u306b\u3084\u3063\u3066\u304d\u305f - \u30aa\u30fc\u30ca\u30fc\u30ba\u30d6\u30ed\u30b0","og_description":"Echte Stimmen von Porsche-Besitzern: Tipps zu \u00d6lwechsel, T\u00fcrdellen, Tagfahrlicht & mehr f\u00fcr ein perfektes Porsche Fahrerlebnis. Jetzt lesen!","og_url":"https:\/\/www.panamera-life.com\/de\/entry\/comment-share-doorpunch-oilchange\/","og_site_name":"\u30dd\u30eb\u30b7\u30a7\u304c\u308f\u304c\u5bb6\u306b\u3084\u3063\u3066\u304d\u305f - \u30aa\u30fc\u30ca\u30fc\u30ba\u30d6\u30ed\u30b0","article_publisher":"https:\/\/www.facebook.com\/panameralife\/","article_published_time":"2018-12-25T21:00:23+00:00","article_modified_time":"2019-01-08T08:14:52+00:00","og_image":[{"width":2305,"height":1537,"url":"https:\/\/www.panamera-life.com\/wp-content\/uploads\/2018\/12\/IMG_9853.jpg","type":"image\/jpeg"}],"twitter_misc":{"Gesch\u00e4tzte Lesezeit":"9\u00a0Minuten"},"schema":{"@context":"https:\/\/schema.org","@graph":[{"@type":"Article","@id":"https:\/\/www.panamera-life.com\/de\/entry\/comment-share-doorpunch-oilchange\/#article","isPartOf":{"@id":"https:\/\/www.panamera-life.com\/de\/entry\/comment-share-doorpunch-oilchange\/"},"author":{"name":"","@id":""},"headline":"Echte Stimmen von Porsche-Besitzern: \u00d6lwechsel, T\u00fcrdellen, Tagfahrlicht &#038; mehr","datePublished":"2018-12-25T21:00:23+00:00","dateModified":"2019-01-08T08:14:52+00:00","mainEntityOfPage":{"@id":"https:\/\/www.panamera-life.com\/de\/entry\/comment-share-doorpunch-oilchange\/"},"wordCount":1899,"commentCount":0,"publisher":{"@id":"https:\/\/www.panamera-life.com\/#organization"},"image":{"@id":"https:\/\/www.panamera-life.com\/de\/entry\/comment-share-doorpunch-oilchange\/#primaryimage"},"thumbnailUrl":"https:\/\/www.panamera-life.com\/wp-content\/uploads\/2018\/12\/IMG_9853.jpg","keywords":["Tiptronic"],"articleSection":["Porsche Boxster","Porsche Panamera","Wissenswertes \u00fcber Porsche"],"inLanguage":"de","potentialAction":[{"@type":"CommentAction","name":"Comment","target":["https:\/\/www.panamera-life.com\/de\/entry\/comment-share-doorpunch-oilchange\/#respond"]}]},{"@type":"WebPage","@id":"https:\/\/www.panamera-life.com\/de\/entry\/comment-share-doorpunch-oilchange\/","url":"https:\/\/www.panamera-life.com\/de\/entry\/comment-share-doorpunch-oilchange\/","name":"Echte Stimmen von Porsche-Besitzern: \u00d6lwechsel, T\u00fcrdellen, Tagfahrlicht & mehr - \u30dd\u30eb\u30b7\u30a7\u304c\u308f\u304c\u5bb6\u306b\u3084\u3063\u3066\u304d\u305f - \u30aa\u30fc\u30ca\u30fc\u30ba\u30d6\u30ed\u30b0","isPartOf":{"@id":"https:\/\/www.panamera-life.com\/#website"},"primaryImageOfPage":{"@id":"https:\/\/www.panamera-life.com\/de\/entry\/comment-share-doorpunch-oilchange\/#primaryimage"},"image":{"@id":"https:\/\/www.panamera-life.com\/de\/entry\/comment-share-doorpunch-oilchange\/#primaryimage"},"thumbnailUrl":"https:\/\/www.panamera-life.com\/wp-content\/uploads\/2018\/12\/IMG_9853.jpg","datePublished":"2018-12-25T21:00:23+00:00","dateModified":"2019-01-08T08:14:52+00:00","description":"Echte Stimmen von Porsche-Besitzern: Tipps zu \u00d6lwechsel, T\u00fcrdellen, Tagfahrlicht & mehr f\u00fcr ein perfektes Porsche Fahrerlebnis. Jetzt lesen!","breadcrumb":{"@id":"https:\/\/www.panamera-life.com\/de\/entry\/comment-share-doorpunch-oilchange\/#breadcrumb"},"inLanguage":"de","potentialAction":[{"@type":"ReadAction","target":["https:\/\/www.panamera-life.com\/de\/entry\/comment-share-doorpunch-oilchange\/"]}]},{"@type":"ImageObject","inLanguage":"de","@id":"https:\/\/www.panamera-life.com\/de\/entry\/comment-share-doorpunch-oilchange\/#primaryimage","url":"https:\/\/www.panamera-life.com\/wp-content\/uploads\/2018\/12\/IMG_9853.jpg","contentUrl":"https:\/\/www.panamera-life.com\/wp-content\/uploads\/2018\/12\/IMG_9853.jpg","width":2305,"height":1537,"caption":"\u8eca, \u6d77, \u6d77\u5cb8, \u6d77\u5cb8\u6cbf\u3044\u306e\u9053\u8def, \u99d0\u8eca\u4e2d, PORSCHE, Panamera"},{"@type":"BreadcrumbList","@id":"https:\/\/www.panamera-life.com\/de\/entry\/comment-share-doorpunch-oilchange\/#breadcrumb","itemListElement":[{"@type":"ListItem","position":1,"name":"\u30db\u30fc\u30e0","item":"https:\/\/www.panamera-life.com\/"},{"@type":"ListItem","position":2,"name":"Echte Stimmen von Porsche-Besitzern: \u00d6lwechsel, T\u00fcrdellen, Tagfahrlicht &#038; mehr"}]},{"@type":"WebSite","@id":"https:\/\/www.panamera-life.com\/#website","url":"https:\/\/www.panamera-life.com\/","name":"\u30dd\u30eb\u30b7\u30a7\u304c\u308f\u304c\u5bb6\u306b\u3084\u3063\u3066\u304d\u305f - \u30aa\u30fc\u30ca\u30fc\u30ba\u30d6\u30ed\u30b0","description":"\u30dd\u30eb\u30b7\u30a7\u306b\u9b45\u4e86\u3055\u308c\u305f\u59bb\u304c\u66f8\u304f\u30dd\u30eb\u30b7\u30a7\u30d6\u30ed\u30b0\u3067\u3059\u3002\u6240\u6709\u3059\u308b\u30dd\u30eb\u30b7\u30a7 911\u30ab\u30ec\u30e9\uff08964\uff09\u3001911GT3\u3001\u30dc\u30af\u30b9\u30bf\u30fc\u3001\u30d1\u30ca\u30e1\u30fc\u30e9\u306e\u30ec\u30d3\u30e5\u30fc\u3084\u7dad\u6301\u8cbb\u3001\u30c4\u30fc\u30ea\u30f3\u30b0\u8a18\u306a\u3069\u3002\u30cb\u30e5\u30fc\u30b9\u8a18\u4e8b\u3067\u306f\u5206\u304b\u3089\u306a\u3044\u751f\u306e\u30dd\u30eb\u30b7\u30a7\u30aa\u30fc\u30ca\u30fc\u306e\u58f0\u3092\u5b9a\u671f\u914d\u4fe1\u3059\u308b\u30d6\u30ed\u30b0\u3067\u3059\u3002","publisher":{"@id":"https:\/\/www.panamera-life.com\/#organization"},"potentialAction":[{"@type":"SearchAction","target":{"@type":"EntryPoint","urlTemplate":"https:\/\/www.panamera-life.com\/?s={search_term_string}"},"query-input":{"@type":"PropertyValueSpecification","valueRequired":true,"valueName":"search_term_string"}}],"inLanguage":"de"},{"@type":"Organization","@id":"https:\/\/www.panamera-life.com\/#organization","name":"\u30dd\u30eb\u30b7\u30a7\u304c\u308f\u304c\u5bb6\u306b\u3084\u3063\u3066\u304d\u305f","url":"https:\/\/www.panamera-life.com\/","logo":{"@type":"ImageObject","inLanguage":"de","@id":"https:\/\/www.panamera-life.com\/#\/schema\/logo\/image\/","url":"https:\/\/www.panamera-life.com\/wp-content\/uploads\/2021\/05\/unnamed.jpg","contentUrl":"https:\/\/www.panamera-life.com\/wp-content\/uploads\/2021\/05\/unnamed.jpg","width":512,"height":512,"caption":"\u30dd\u30eb\u30b7\u30a7\u304c\u308f\u304c\u5bb6\u306b\u3084\u3063\u3066\u304d\u305f"},"image":{"@id":"https:\/\/www.panamera-life.com\/#\/schema\/logo\/image\/"},"sameAs":["https:\/\/www.facebook.com\/panameralife\/","https:\/\/x.com\/Mina_Panamera","https:\/\/www.instagram.com\/mina_porsche\/","https:\/\/www.youtube.com\/channel\/UCoyAW0ifcnk05Iryf7-bkhg"]}]}},"_links":{"self":[{"href":"https:\/\/www.panamera-life.com\/wp-json\/wp\/v2\/posts\/38763"}],"collection":[{"href":"https:\/\/www.panamera-life.com\/wp-json\/wp\/v2\/posts"}],"about":[{"href":"https:\/\/www.panamera-life.com\/wp-json\/wp\/v2\/types\/post"}],"replies":[{"embeddable":true,"href":"https:\/\/www.panamera-life.com\/wp-json\/wp\/v2\/comments?post=38763"}],"version-history":[{"count":0,"href":"https:\/\/www.panamera-life.com\/wp-json\/wp\/v2\/posts\/38763\/revisions"}],"wp:featuredmedia":[{"embeddable":true,"href":"https:\/\/www.panamera-life.com\/wp-json\/wp\/v2\/media\/7527"}],"wp:attachment":[{"href":"https:\/\/www.panamera-life.com\/wp-json\/wp\/v2\/media?parent=38763"}],"wp:term":[{"taxonomy":"category","embeddable":true,"href":"https:\/\/www.panamera-life.com\/wp-json\/wp\/v2\/categories?post=38763"},{"taxonomy":"post_tag","embeddable":true,"href":"https:\/\/www.panamera-life.com\/wp-json\/wp\/v2\/tags?post=38763"}],"curies":[{"name":"wp","href":"https:\/\/api.w.org\/{rel}","templated":true}]}}