{"id":38806,"date":"2019-01-29T06:00:12","date_gmt":"2019-01-28T21:00:12","guid":{"rendered":"https:\/\/www.panamera-life.com\/?p=38806"},"modified":"2021-01-05T15:53:45","modified_gmt":"2021-01-05T06:53:45","slug":"panamera-option-recommend","status":"publish","type":"post","link":"https:\/\/www.panamera-life.com\/de\/entry\/panamera-option-recommend\/","title":{"rendered":"Praktische Optionen f\u00fcr den Porsche Panamera \u2013 Nicht f\u00fcrs Fahren, aber \u00e4u\u00dferst n\u00fctzlich"},"content":{"rendered":"<h3 class=\"style3a\">\u00dcberarbeitung \u00e4lterer Artikel<\/h3>\n<p>Seit etwa einer Woche habe ich endlich den inneren Schweinehund \u00fcberwunden und mit der \u00dcberarbeitung meiner \u00e4lteren Artikel begonnen<span style=\"font-size: 8pt;\"> (normalerweise versteht man unter \u201e\u00dcberarbeitung\u201c das Umschreiben fremder Texte ohne inhaltliche \u00c4nderungen, hier jedoch korrigiere ich eigene fr\u00fchere Beitr\u00e4ge)<\/span>.<\/p>\n<p>Dieser Blog hat zwar einige sehr beliebte Artikel mit viel Traffic, aber <strong>auch \u00e4ltere Beitr\u00e4ge werden t\u00e4glich h\u00e4ufig gelesen.<\/strong> Gerade die Artikel aus der Anfangszeit des Blogs sind jedoch in einem Zustand, den ich kaum jemandem zeigen m\u00f6chte\u2026<\/p>\n<p><img loading=\"lazy\" decoding=\"async\" class=\"size-large wp-image-354\" src=\"https:\/\/www.panamera-life.com\/wp-content\/uploads\/2017\/06\/20170614095344-e1530666471245-800x600.jpg\" alt=\"Porsche Panamera Edition 970\" width=\"800\" height=\"600\" \/><\/p>\n<p>Urspr\u00fcnglich war dieser Blog einfach ein Ort, an dem ich <strong>meine Begeisterung f\u00fcr den Panamera wie ein Selbstgespr\u00e4ch niederschrieb<\/strong>. Dabei habe ich nie darauf geachtet, wie gut lesbar die Texte f\u00fcr andere sind. Ich dachte auch, dass der Traffic nicht gro\u00df steigen w\u00fcrde, und schrieb daher eher locker und tagebuchartig.<\/p>\n<p>Beim Durchsehen der alten Artikel fiel mir auf, dass sie voller Tippfehler sind, mein Wissen \u00fcber Autos damals noch begrenzt war und ich oft falsche Ausdr\u00fccke verwendete. Au\u00dferdem habe ich damals viele Emojis benutzt, was die Lesbarkeit erschwert\u2026 (*_*)<\/p>\n<p>\u201e<strong>Das muss ich irgendwann mal ordentlich \u00fcberarbeiten<\/strong>\u201c, dachte ich mir, aber bei \u00fcber 400 Artikeln fiel es mir schwer, anzufangen.<\/p>\n<p>Vor Kurzem habe ich mir gesagt: \u201eWenn nicht jetzt, wann dann?\u201c \u2013 und habe es endlich geschafft, alle Artikel zu \u00fcberarbeiten! Ein richtig gutes Gef\u00fchl!<\/p>\n<p>Also, dieser Blog enth\u00e4lt viele \u00e4ltere Beitr\u00e4ge \u2013 schaut sie euch gerne an (lacht).<\/p>\n<h3 class=\"style3a\">Praktische Optionen f\u00fcr den Panamera<\/h3>\n<p>Heute m\u00f6chte ich \u00fcber Optionen beim Panamera schreiben. In einem fr\u00fcheren Artikel habe ich bereits geschrieben, dass <a href=\"https:\/\/www.panamera-life.com\/entry\/2018\/03\/23\/\" target=\"_blank\" rel=\"noopener noreferrer\">die Hinterachslenkung die wichtigste Option f\u00fcr das Fahrerlebnis ist<\/a>. Das betrifft vor allem das Fahrverhalten. Heute stelle ich vier Optionen vor, die <strong>nicht direkt mit dem Fahren zu tun haben, aber sehr praktisch sind und die ich beim n\u00e4chsten Mal auf jeden Fall wieder w\u00e4hlen w\u00fcrde<\/strong>.<\/p>\n<h4 class=\"style4b\">\u2460 Soft-Close-T\u00fcren<\/h4>\n<p>Die erste Option ist die Soft-Close-T\u00fcr. Diese Funktion sorgt daf\u00fcr, dass die T\u00fcr aus einem halboffenen Zustand <strong>vollst\u00e4ndig und sanft zugeschlossen wird<\/strong>. Anfangs dachte ich, so etwas brauche ich auf keinen Fall, doch heute m\u00f6chte ich sie nicht mehr missen.<\/p>\n<p><img loading=\"lazy\" decoding=\"async\" class=\"size-large wp-image-491\" src=\"https:\/\/www.panamera-life.com\/wp-content\/uploads\/2017\/11\/20171104105129-e1530664898240-800x534.jpg\" alt=\"Porsche neuer Panamera Turbo\" width=\"800\" height=\"534\" \/><\/p>\n<p>In unserem Haushalt gibt es ein f\u00fcnfj\u00e4hriges und ein zweij\u00e4hriges Kind. Nach der R\u00fcckkehr von einer Fahrt schlafen die Kinder oft tief und fest, sodass ich sie <strong>im Arm halten muss, wenn ich aus dem Auto steige<\/strong>.<\/p>\n<p>In solchen Momenten ist es ziemlich schwierig, die T\u00fcr zu schlie\u00dfen, w\u00e4hrend man Kind oder Gep\u00e4ck tr\u00e4gt. Die Soft-Close-T\u00fcr schlie\u00dft die T\u00fcr automatisch, sobald sie ein St\u00fcck geschlossen ist, was den Alltag enorm erleichtert.<\/p>\n<p>Mittlerweile bin ich so an die Soft-Close-T\u00fcr gew\u00f6hnt, dass ich beim Einsteigen in meinen luftgek\u00fchlten 911 jedes Mal die T\u00fcr nur halb schlie\u00dfe und dann daran erinnert werde: \u201eAh, ich muss sie ja ganz schlie\u00dfen!\u201c und sie dann nochmal richtig zu mache.<\/p>\n<h4 class=\"style4b\">\u2461 Raucherpaket<\/h4>\n<p>Diese Option erm\u00f6glicht es, <strong>Aschenbecher und Zigarettenanz\u00fcnder in der Mittelkonsole vorne und hinten<\/strong> zu haben<span style=\"font-size: 8pt;\"> (allerdings ohne USB-Ladeanschluss)<\/span>. Obwohl wir im Auto nicht rauchen, nutzt mein Mann diese Ausstattung bei jedem Fahrzeug, um dort <a href=\"https:\/\/www.panamera-life.com\/entry\/socket-gps-compare\/\" target=\"_blank\" rel=\"noopener noreferrer\">GPS-Radarwarner<\/a> oder das Ladekabel f\u00fcr sein iPhone anzuschlie\u00dfen.<\/p>\n<p><img loading=\"lazy\" decoding=\"async\" class=\"alignnone size-full wp-image-8592\" src=\"https:\/\/www.panamera-life.com\/wp-content\/uploads\/2019\/01\/IMG_0925-700x480.jpg\" alt=\"\" width=\"700\" height=\"480\" \/><\/p>\n<h4 class=\"style4b\">\u2462 Abdeckung f\u00fcr Getr\u00e4nkehalter<\/h4>\n<p>Ich finde eine Abdeckung f\u00fcr die Getr\u00e4nkehalter praktisch, weil <strong>unsere Kinder gerne M\u00fcll oder Spielzeug in die Halter werfen<\/strong> (lacht). Wenn wir die Abdeckung hochklappen, bleibt der Halter leer und es f\u00e4llt nichts hinein.<\/p>\n<p>Diese Option ist kostenlos und schadet nicht, daher empfehle ich sie auf jeden Fall.<\/p>\n<p><img loading=\"lazy\" decoding=\"async\" class=\"alignnone size-full wp-image-8587\" src=\"https:\/\/www.panamera-life.com\/wp-content\/uploads\/2019\/01\/DSC_0438-800x533.jpg\" alt=\"\" width=\"800\" height=\"533\" \/><\/p>\n<p><img loading=\"lazy\" decoding=\"async\" class=\"alignnone size-full wp-image-8588\" src=\"https:\/\/www.panamera-life.com\/wp-content\/uploads\/2019\/01\/DSC_0466-800x533.jpg\" alt=\"\" width=\"800\" height=\"533\" \/><\/p>\n<h4 class=\"style4b\">\u2463 14-fach elektrisch verstellbare Sitze mit Memory-Funktion<\/h4>\n<p>Die elektrisch verstellbaren Sitze f\u00fcr Fahrer und Beifahrer erlauben es, Sitzh\u00f6he und -position bequem einzustellen. Zus\u00e4tzlich k\u00f6nnen Sitzposition, Lenks\u00e4ulenposition und Au\u00dfenspiegelwinkel gespeichert werden.<\/p>\n<p><img loading=\"lazy\" decoding=\"async\" class=\"size-large wp-image-3399\" src=\"https:\/\/www.panamera-life.com\/wp-content\/uploads\/2018\/07\/DSC_0511-800x533.jpg\" alt=\"Sitze im neuen Panamera\" width=\"800\" height=\"533\" \/><\/p>\n<p>So muss man vor dem Start nicht jedes Mal alles neu einstellen, sondern der Sitz f\u00e4hrt automatisch in die gespeicherte Position \u2013 sehr praktisch.<\/p>\n<p>Au\u00dferdem habe ich von einem Leser erfahren, dass man ohne die <strong>14-fach elektrisch verstellbaren Sitze mit Memory-Funktion<\/strong> <span style=\"font-size: 8pt;\">(beim Panamera Turbo ist diese Funktion serienm\u00e4\u00dfig)<\/span> <a href=\"https:\/\/www.panamera-life.com\/entry\/about-touch-panel\/\" target=\"_blank\" rel=\"noopener noreferrer\"><strong>den Beifahrersitz nicht vom Fahrersitz aus verstellen kann<\/strong><\/a>. Das werde ich in einem sp\u00e4teren Porsche Owners File noch genauer erl\u00e4utern.<\/p>\n<h3 class=\"style3a\">Weitere n\u00fctzliche Optionen<\/h3>\n<p>Eine weitere sehr praktische Option ist das <strong>Porsche Entry &#038; Drive System<\/strong>. Damit kann man <strong>das Fahrzeug ohne Schl\u00fcssel verriegeln, entriegeln und starten<\/strong>. Gerade wenn die Kinder nach dem Einkaufen eingeschlafen sind und man sie im Arm h\u00e4lt, ist das sehr komfortabel. Allerdings meinte mein Mann einmal, dass ihm solche \u201eweniger sportlichen\u201c Optionen nicht wichtig seien.<\/p>\n<p>Vermutlich ist dieses System beim Panamera ohnehin in allen Modellen serienm\u00e4\u00dfig verbaut, da es im Konfigurator nicht ausw\u00e4hlbar ist, aber trotzdem vorhanden ist<span style=\"font-size: 8pt;\">.<\/span><\/p>\n<p>Beim Schreiben wurde mir klar, dass manche Optionen vor allem f\u00fcr Familien mit kleinen Kindern sinnvoll sind, w\u00e4hrend sie f\u00fcr andere weniger relevant sind. Die Wahl der richtigen Optionen h\u00e4ngt also stark von der pers\u00f6nlichen Lebenssituation ab.<\/p>\n<p>Falls ihr als Leser praktische Optionen kennt, die ihr empfehlen k\u00f6nnt, freue ich mich sehr \u00fcber Kommentare oder Nachrichten!<\/p>\n","protected":false},"excerpt":{"rendered":"\u00dcberarbeitung \u00e4lterer Artikel Seit etwa einer Woche habe ich endlich den inneren Schweinehund \u00fcberwunden und mit der \u00dcberarbeitung meiner \u00e4lteren Artikel begonnen (normalerweise versteht man unter \u201e\u00dcberarbeitung\u201c das Umschreiben fremder Texte ohne inhaltliche \u00c4nderungen, hier jedoch korrigiere ich eigene fr\u00fchere Beitr\u00e4ge). Dieser Blog hat zwar einige sehr beliebte Artikel mit viel Traffic, aber auch \u00e4ltere Beitr\u00e4ge werden t\u00e4glich h\u00e4ufig gelesen. Gerade die Artikel aus der Anfangszeit des Blogs sind jedoch in einem Zustand, den ich...","protected":false},"author":0,"featured_media":8721,"comment_status":"open","ping_status":"closed","sticky":false,"template":"","format":"standard","meta":{"footnotes":"","_locale":"de_DE","_original_post":"https:\/\/www.panamera-life.com\/?p=8583"},"categories":[268],"tags":[],"yoast_head":"<title>Praktische Optionen f\u00fcr den Porsche Panamera \u2013 Nicht f\u00fcrs Fahren, aber \u00e4u\u00dferst n\u00fctzlich - \u30dd\u30eb\u30b7\u30a7\u304c\u308f\u304c\u5bb6\u306b\u3084\u3063\u3066\u304d\u305f - \u30aa\u30fc\u30ca\u30fc\u30ba\u30d6\u30ed\u30b0<\/title>\n<meta name=\"description\" content=\"Praktische Porsche Panamera Optionen, die das Fahrerlebnis erg\u00e4nzen \u2013 von Soft-Close-T\u00fcren bis Memory-Sitzen. Tipps f\u00fcr Porsche Besitz und Komfort.\" \/>\n<meta name=\"robots\" content=\"index, follow, max-snippet:-1, max-image-preview:large, max-video-preview:-1\" \/>\n<link rel=\"canonical\" href=\"https:\/\/www.panamera-life.com\/de\/entry\/panamera-option-recommend\/\" \/>\n<meta property=\"og:locale\" content=\"de_DE\" \/>\n<meta property=\"og:type\" content=\"article\" \/>\n<meta property=\"og:title\" content=\"Praktische Optionen f\u00fcr den Porsche Panamera \u2013 Nicht f\u00fcrs Fahren, aber \u00e4u\u00dferst n\u00fctzlich - \u30dd\u30eb\u30b7\u30a7\u304c\u308f\u304c\u5bb6\u306b\u3084\u3063\u3066\u304d\u305f - \u30aa\u30fc\u30ca\u30fc\u30ba\u30d6\u30ed\u30b0\" \/>\n<meta property=\"og:description\" content=\"Praktische Porsche Panamera Optionen, die das Fahrerlebnis erg\u00e4nzen \u2013 von Soft-Close-T\u00fcren bis Memory-Sitzen. Tipps f\u00fcr Porsche Besitz und Komfort.\" \/>\n<meta property=\"og:url\" content=\"https:\/\/www.panamera-life.com\/de\/entry\/panamera-option-recommend\/\" \/>\n<meta property=\"og:site_name\" content=\"\u30dd\u30eb\u30b7\u30a7\u304c\u308f\u304c\u5bb6\u306b\u3084\u3063\u3066\u304d\u305f - \u30aa\u30fc\u30ca\u30fc\u30ba\u30d6\u30ed\u30b0\" \/>\n<meta property=\"article:publisher\" content=\"https:\/\/www.facebook.com\/panameralife\/\" \/>\n<meta property=\"article:published_time\" content=\"2019-01-28T21:00:12+00:00\" \/>\n<meta property=\"article:modified_time\" content=\"2021-01-05T06:53:45+00:00\" \/>\n<meta property=\"og:image\" content=\"https:\/\/www.panamera-life.com\/wp-content\/uploads\/2019\/01\/IMG_0477.jpg\" \/>\n\t<meta property=\"og:image:width\" content=\"1200\" \/>\n\t<meta property=\"og:image:height\" content=\"800\" \/>\n\t<meta property=\"og:image:type\" content=\"image\/jpeg\" \/>\n<meta name=\"twitter:label1\" content=\"Gesch\u00e4tzte Lesezeit\" \/>\n\t<meta name=\"twitter:data1\" content=\"4\u00a0Minuten\" \/>","yoast_head_json":{"title":"Praktische Optionen f\u00fcr den Porsche Panamera \u2013 Nicht f\u00fcrs Fahren, aber \u00e4u\u00dferst n\u00fctzlich - \u30dd\u30eb\u30b7\u30a7\u304c\u308f\u304c\u5bb6\u306b\u3084\u3063\u3066\u304d\u305f - \u30aa\u30fc\u30ca\u30fc\u30ba\u30d6\u30ed\u30b0","description":"Praktische Porsche Panamera Optionen, die das Fahrerlebnis erg\u00e4nzen \u2013 von Soft-Close-T\u00fcren bis Memory-Sitzen. Tipps f\u00fcr Porsche Besitz und Komfort.","robots":{"index":"index","follow":"follow","max-snippet":"max-snippet:-1","max-image-preview":"max-image-preview:large","max-video-preview":"max-video-preview:-1"},"canonical":"https:\/\/www.panamera-life.com\/de\/entry\/panamera-option-recommend\/","og_locale":"de_DE","og_type":"article","og_title":"Praktische Optionen f\u00fcr den Porsche Panamera \u2013 Nicht f\u00fcrs Fahren, aber \u00e4u\u00dferst n\u00fctzlich - \u30dd\u30eb\u30b7\u30a7\u304c\u308f\u304c\u5bb6\u306b\u3084\u3063\u3066\u304d\u305f - \u30aa\u30fc\u30ca\u30fc\u30ba\u30d6\u30ed\u30b0","og_description":"Praktische Porsche Panamera Optionen, die das Fahrerlebnis erg\u00e4nzen \u2013 von Soft-Close-T\u00fcren bis Memory-Sitzen. Tipps f\u00fcr Porsche Besitz und Komfort.","og_url":"https:\/\/www.panamera-life.com\/de\/entry\/panamera-option-recommend\/","og_site_name":"\u30dd\u30eb\u30b7\u30a7\u304c\u308f\u304c\u5bb6\u306b\u3084\u3063\u3066\u304d\u305f - \u30aa\u30fc\u30ca\u30fc\u30ba\u30d6\u30ed\u30b0","article_publisher":"https:\/\/www.facebook.com\/panameralife\/","article_published_time":"2019-01-28T21:00:12+00:00","article_modified_time":"2021-01-05T06:53:45+00:00","og_image":[{"width":1200,"height":800,"url":"https:\/\/www.panamera-life.com\/wp-content\/uploads\/2019\/01\/IMG_0477.jpg","type":"image\/jpeg"}],"twitter_misc":{"Gesch\u00e4tzte Lesezeit":"4\u00a0Minuten"},"schema":{"@context":"https:\/\/schema.org","@graph":[{"@type":"Article","@id":"https:\/\/www.panamera-life.com\/de\/entry\/panamera-option-recommend\/#article","isPartOf":{"@id":"https:\/\/www.panamera-life.com\/de\/entry\/panamera-option-recommend\/"},"author":{"name":"","@id":""},"headline":"Praktische Optionen f\u00fcr den Porsche Panamera \u2013 Nicht f\u00fcrs Fahren, aber \u00e4u\u00dferst n\u00fctzlich","datePublished":"2019-01-28T21:00:12+00:00","dateModified":"2021-01-05T06:53:45+00:00","mainEntityOfPage":{"@id":"https:\/\/www.panamera-life.com\/de\/entry\/panamera-option-recommend\/"},"wordCount":867,"commentCount":0,"publisher":{"@id":"https:\/\/www.panamera-life.com\/#organization"},"image":{"@id":"https:\/\/www.panamera-life.com\/de\/entry\/panamera-option-recommend\/#primaryimage"},"thumbnailUrl":"https:\/\/www.panamera-life.com\/wp-content\/uploads\/2019\/01\/IMG_0477.jpg","articleSection":["Porsche\u2011Kaufberatung"],"inLanguage":"de","potentialAction":[{"@type":"CommentAction","name":"Comment","target":["https:\/\/www.panamera-life.com\/de\/entry\/panamera-option-recommend\/#respond"]}]},{"@type":"WebPage","@id":"https:\/\/www.panamera-life.com\/de\/entry\/panamera-option-recommend\/","url":"https:\/\/www.panamera-life.com\/de\/entry\/panamera-option-recommend\/","name":"Praktische Optionen f\u00fcr den Porsche Panamera \u2013 Nicht f\u00fcrs Fahren, aber \u00e4u\u00dferst n\u00fctzlich - \u30dd\u30eb\u30b7\u30a7\u304c\u308f\u304c\u5bb6\u306b\u3084\u3063\u3066\u304d\u305f - \u30aa\u30fc\u30ca\u30fc\u30ba\u30d6\u30ed\u30b0","isPartOf":{"@id":"https:\/\/www.panamera-life.com\/#website"},"primaryImageOfPage":{"@id":"https:\/\/www.panamera-life.com\/de\/entry\/panamera-option-recommend\/#primaryimage"},"image":{"@id":"https:\/\/www.panamera-life.com\/de\/entry\/panamera-option-recommend\/#primaryimage"},"thumbnailUrl":"https:\/\/www.panamera-life.com\/wp-content\/uploads\/2019\/01\/IMG_0477.jpg","datePublished":"2019-01-28T21:00:12+00:00","dateModified":"2021-01-05T06:53:45+00:00","description":"Praktische Porsche Panamera Optionen, die das Fahrerlebnis erg\u00e4nzen \u2013 von Soft-Close-T\u00fcren bis Memory-Sitzen. Tipps f\u00fcr Porsche Besitz und Komfort.","breadcrumb":{"@id":"https:\/\/www.panamera-life.com\/de\/entry\/panamera-option-recommend\/#breadcrumb"},"inLanguage":"de","potentialAction":[{"@type":"ReadAction","target":["https:\/\/www.panamera-life.com\/de\/entry\/panamera-option-recommend\/"]}]},{"@type":"ImageObject","inLanguage":"de","@id":"https:\/\/www.panamera-life.com\/de\/entry\/panamera-option-recommend\/#primaryimage","url":"https:\/\/www.panamera-life.com\/wp-content\/uploads\/2019\/01\/IMG_0477.jpg","contentUrl":"https:\/\/www.panamera-life.com\/wp-content\/uploads\/2019\/01\/IMG_0477.jpg","width":1200,"height":800,"caption":"\u8eca, \u9053\u8def, \u5c4b\u5916, PORSCHE, Panamera"},{"@type":"BreadcrumbList","@id":"https:\/\/www.panamera-life.com\/de\/entry\/panamera-option-recommend\/#breadcrumb","itemListElement":[{"@type":"ListItem","position":1,"name":"\u30db\u30fc\u30e0","item":"https:\/\/www.panamera-life.com\/"},{"@type":"ListItem","position":2,"name":"Praktische Optionen f\u00fcr den Porsche Panamera \u2013 Nicht f\u00fcrs Fahren, aber \u00e4u\u00dferst n\u00fctzlich"}]},{"@type":"WebSite","@id":"https:\/\/www.panamera-life.com\/#website","url":"https:\/\/www.panamera-life.com\/","name":"\u30dd\u30eb\u30b7\u30a7\u304c\u308f\u304c\u5bb6\u306b\u3084\u3063\u3066\u304d\u305f - \u30aa\u30fc\u30ca\u30fc\u30ba\u30d6\u30ed\u30b0","description":"\u30dd\u30eb\u30b7\u30a7\u306b\u9b45\u4e86\u3055\u308c\u305f\u59bb\u304c\u66f8\u304f\u30dd\u30eb\u30b7\u30a7\u30d6\u30ed\u30b0\u3067\u3059\u3002\u6240\u6709\u3059\u308b\u30dd\u30eb\u30b7\u30a7 911\u30ab\u30ec\u30e9\uff08964\uff09\u3001911GT3\u3001\u30dc\u30af\u30b9\u30bf\u30fc\u3001\u30d1\u30ca\u30e1\u30fc\u30e9\u306e\u30ec\u30d3\u30e5\u30fc\u3084\u7dad\u6301\u8cbb\u3001\u30c4\u30fc\u30ea\u30f3\u30b0\u8a18\u306a\u3069\u3002\u30cb\u30e5\u30fc\u30b9\u8a18\u4e8b\u3067\u306f\u5206\u304b\u3089\u306a\u3044\u751f\u306e\u30dd\u30eb\u30b7\u30a7\u30aa\u30fc\u30ca\u30fc\u306e\u58f0\u3092\u5b9a\u671f\u914d\u4fe1\u3059\u308b\u30d6\u30ed\u30b0\u3067\u3059\u3002","publisher":{"@id":"https:\/\/www.panamera-life.com\/#organization"},"potentialAction":[{"@type":"SearchAction","target":{"@type":"EntryPoint","urlTemplate":"https:\/\/www.panamera-life.com\/?s={search_term_string}"},"query-input":{"@type":"PropertyValueSpecification","valueRequired":true,"valueName":"search_term_string"}}],"inLanguage":"de"},{"@type":"Organization","@id":"https:\/\/www.panamera-life.com\/#organization","name":"\u30dd\u30eb\u30b7\u30a7\u304c\u308f\u304c\u5bb6\u306b\u3084\u3063\u3066\u304d\u305f","url":"https:\/\/www.panamera-life.com\/","logo":{"@type":"ImageObject","inLanguage":"de","@id":"https:\/\/www.panamera-life.com\/#\/schema\/logo\/image\/","url":"https:\/\/www.panamera-life.com\/wp-content\/uploads\/2021\/05\/unnamed.jpg","contentUrl":"https:\/\/www.panamera-life.com\/wp-content\/uploads\/2021\/05\/unnamed.jpg","width":512,"height":512,"caption":"\u30dd\u30eb\u30b7\u30a7\u304c\u308f\u304c\u5bb6\u306b\u3084\u3063\u3066\u304d\u305f"},"image":{"@id":"https:\/\/www.panamera-life.com\/#\/schema\/logo\/image\/"},"sameAs":["https:\/\/www.facebook.com\/panameralife\/","https:\/\/x.com\/Mina_Panamera","https:\/\/www.instagram.com\/mina_porsche\/","https:\/\/www.youtube.com\/channel\/UCoyAW0ifcnk05Iryf7-bkhg"]}]}},"_links":{"self":[{"href":"https:\/\/www.panamera-life.com\/wp-json\/wp\/v2\/posts\/38806"}],"collection":[{"href":"https:\/\/www.panamera-life.com\/wp-json\/wp\/v2\/posts"}],"about":[{"href":"https:\/\/www.panamera-life.com\/wp-json\/wp\/v2\/types\/post"}],"replies":[{"embeddable":true,"href":"https:\/\/www.panamera-life.com\/wp-json\/wp\/v2\/comments?post=38806"}],"version-history":[{"count":0,"href":"https:\/\/www.panamera-life.com\/wp-json\/wp\/v2\/posts\/38806\/revisions"}],"wp:featuredmedia":[{"embeddable":true,"href":"https:\/\/www.panamera-life.com\/wp-json\/wp\/v2\/media\/8721"}],"wp:attachment":[{"href":"https:\/\/www.panamera-life.com\/wp-json\/wp\/v2\/media?parent=38806"}],"wp:term":[{"taxonomy":"category","embeddable":true,"href":"https:\/\/www.panamera-life.com\/wp-json\/wp\/v2\/categories?post=38806"},{"taxonomy":"post_tag","embeddable":true,"href":"https:\/\/www.panamera-life.com\/wp-json\/wp\/v2\/tags?post=38806"}],"curies":[{"name":"wp","href":"https:\/\/api.w.org\/{rel}","templated":true}]}}