{"id":38829,"date":"2021-12-26T10:14:34","date_gmt":"2021-12-26T01:14:34","guid":{"rendered":"https:\/\/www.panamera-life.com\/?p=38829"},"modified":"2021-12-26T10:14:34","modified_gmt":"2021-12-26T01:14:34","slug":"2021-last","status":"publish","type":"post","link":"https:\/\/www.panamera-life.com\/de\/entry\/2021-last\/","title":{"rendered":"Wer wurde 2021 zum Testwagen des Jahres gek\u00fcrt? | R\u00fcckblick auf das Blogjahr"},"content":{"rendered":"<h3 class=\"style3a\" style=\"text-align: left;\">Ein R\u00fcckblick auf den Porsche-Blog<\/h3>\n<p>Das Jahr 2021 neigt sich dem Ende zu. Jedes Jahr denke ich: <strong>\u201eWie schnell doch ein Jahr vergeht\u201c<\/strong>, doch dieses Jahr f\u00fchlte sich irgendwie sowohl lang als auch kurz an \u2013 ein seltsames Jahr.<\/p>\n<p>Da dies mein letzter Artikel in diesem Jahr ist, m\u00f6chte ich einen kleinen R\u00fcckblick auf die Zeit seit der Gr\u00fcndung dieses Blogs werfen.<\/p>\n<p>Viele von Ihnen wissen es vielleicht schon: Dieser Porsche-Blog entstand aus meiner gro\u00dfen Leidenschaft f\u00fcr den Panamera.<\/p>\n<p><img loading=\"lazy\" decoding=\"async\" class=\"size-large wp-image-2048\" src=\"https:\/\/www.panamera-life.com\/wp-content\/uploads\/2018\/05\/IMG_5625-800x800.jpg\" alt=\"Porsche Panamera Edition 970\" width=\"800\" height=\"800\" \/><\/p>\n<p>Damals stand ein 970 Panamera Edition bei uns zu Hause, und jedes Mal, wenn ich damit fuhr, war ich begeistert. Mein Mann sagte daraufhin:<\/p>\n<p class=\"well3\">\u201eWenn du den Panamera so liebst, warum schreibst du nicht einfach einen Blog dar\u00fcber?\u201c<\/p>\n<p>So begann ich ganz unverbindlich mit dem Bloggen.<\/p>\n<p>Deshalb lautet die Domain dieses Blogs auch \u201e<strong>panamera-life<\/strong>\u201c.<\/p>\n<p>R\u00fcckblickend h\u00e4tte ich lieber \u201e<strong>porsche-life<\/strong>\u201c w\u00e4hlen sollen, aber damals h\u00e4tte ich nicht gedacht, dass der Blog einmal so wachsen w\u00fcrde.<\/p>\n<p><img loading=\"lazy\" decoding=\"async\" class=\"size-large wp-image-829\" src=\"https:\/\/www.panamera-life.com\/wp-content\/uploads\/2017\/07\/20170710103349-e1530666115752-800x534.jpg\" alt=\"Porsche Panamera Edition 970 Scheinwerfer\" width=\"800\" height=\"534\" \/><\/p>\n<p>Tats\u00e4chlich gab es nach dem Start des Blogs einige Monate, in denen ich kaum neue Artikel ver\u00f6ffentlichen konnte. Das lag daran, dass mit steigenden Zugriffszahlen auch immer mehr Nachrichten und Kommentare von Autoexperten kamen.<\/p>\n<p>Ich f\u00fchlte mich \u00fcberfordert und dachte: <strong>\u201eIch bin doch nur eine Laie, die ihre Liebe zum Panamera teilt \u2013 was soll ich da noch schreiben?\u201c<\/strong><\/p>\n<p>So kam es, dass ich eine Schreibblockade bekam.<\/p>\n<p>Doch auch in dieser Zeit blieben die Zugriffe fast konstant, und ich merkte: <strong>\u201eWenn ich mich richtig reinh\u00e4nge, k\u00f6nnte das hier richtig spannend werden.\u201c<\/strong> Mit Unterst\u00fctzung meines Mannes starteten wir die gemeinsame Blogarbeit \u2013 und sind bis heute dabei.<\/p>\n<h3 class=\"style3a\">Testwagen des Jahres<\/h3>\n<p>In diesem Jahr haben wir ein neues Format ausprobiert: einen w\u00f6chentlichen Twitter Space.<\/p>\n<p>Jeden Samstagabend um 21 Uhr sprechen wir etwa eine Stunde lang ganz entspannt \u00fcber unser Familienauto-Leben \u2013 fast wie eine kleine Radiosendung.<\/p>\n<p>Anfangs dachten wir: <strong>\u201eWas sollen wir denn eine ganze Stunde lang erz\u00e4hlen?\u201c<\/strong> Doch kaum angefangen, verging die Zeit wie im Flug, und inzwischen reicht die Stunde kaum noch aus \u2013 das Gespr\u00e4ch k\u00f6nnte locker l\u00e4nger dauern.<\/p>\n<p>Mein Mann durfte in diesem Jahr rund 35 verschiedene Fahrzeuge testen \u2013 darunter auch viele, die nicht im Blog erw\u00e4hnt wurden.<\/p>\n<p class=\"well2\">BMW M5<br \/>\nCayman GT4 (718)<br \/>\n911 Carrera 4 GTS Cabriolet (991.1)<br \/>\n911 Targa 4S (991.1)<br \/>\nNeuer Toyota Harrier<br \/>\nPanamera Turbo S E-Hybrid (971)<br \/>\n911 Carrera (991.1)<br \/>\nBMW Alpina D5S<br \/>\n356 Speedster<br \/>\nBMW 8er Gran Coup\u00e9<br \/>\nPanamera GTS (970)<br \/>\nPanamera GTS (971)<br \/>\nBoxster Spyder (981)<br \/>\nCayman (718)<br \/>\n911S (Baujahr 1967, schmaler Porsche)<br \/>\nSpyder (718)<br \/>\n911 Targa 4 (992)<br \/>\n911 Carrera S Cabriolet (991.1)<br \/>\nMacan GTS<br \/>\nMINI Cooper D<br \/>\nBoxster GTS (981, PDK)<br \/>\nTaycan<br \/>\nMacan Turbo<br \/>\nJaguar XKR<br \/>\nPorsche 356<br \/>\nAbarth 595C<br \/>\n911 Turbo S (992)<br \/>\nPanamera 4 E-Hybrid (971)<\/p>\n<p>Wir sind allen Besitzern, die uns die Fahrten erm\u00f6glicht haben, sehr dankbar.<\/p>\n<p>Gestern fand unser letzter Space in diesem Jahr statt. Dabei stellte mein Mann seinen pers\u00f6nlichen \u201eTestwagen des Jahres\u201c vor \u2013 basierend auf Fahrspa\u00df, Komfort und Touringtauglichkeit, ganz subjektiv und mit viel Herzblut.<\/p>\n<p>Er sagte: <strong>\u201eAlle sind gro\u00dfartig, es war wirklich knapp!\u201c<\/strong>, entschied sich aber schlie\u00dflich f\u00fcr den <a href=\"https:\/\/www.panamera-life.com\/entry\/981-spyder\/\" target=\"_blank\" rel=\"noopener\">981 Boxster Spyder.<\/a><\/p>\n<blockquote class=\"twitter-tweet\" data-width=\"500\" data-dnt=\"true\">\n<p lang=\"ja\" dir=\"ltr\">\u672c\u65e5\u3082\u30b9\u30da\u30fc\u30b9\u3001\u6709\u96e3\u3046\u3054\u3056\u3044\u307e\u3057\u305f\uff01\u5e74\u5185\u6700\u5f8c\u306e\u30b9\u30da\u30fc\u30b9\u3068\u3044\u3046\u3053\u3068\u3067\u3001\u4eca\u5e74\u592b\u304c\u8a66\u4e57\u3055\u305b\u3066\u3044\u305f\u3060\u3044\u305f\u8eca\u3001\u7d0435\u53f0\u306e\u3046\u3061\u3001\u697d\u3057\u3055\u3084\u4e57\u308a\u5fc3\u5730\u3068\u3044\u3046\u8996\u70b9\u3067\u592b\u304c\u9078\u3093\u3060\u300c\u8a66\u4e57\u30ab\u30fc\u30fb\u30aa\u30d6\u30fb\u30b6\u30fb\u30a4\u30e4\u30fc\u300d\u306f\u3001981\u30dc\u30af\u30b9\u30bf\u30fc\u30b9\u30d1\u30a4\u30c0\u30fc\u3067\u3057\u305f\uff01\u6709\u96e3\u3046\u3054\u3056\u3044\u307e\u3057\u305f\uff01 <a href=\"https:\/\/t.co\/8V94KfVeYV\">pic.twitter.com\/8V94KfVeYV<\/a><\/p>\n<p>&mdash; Mina-\u30dd\u30eb\u30b7\u30a7\u304c\u308f\u304c\u5bb6\u306b\u3084\u3063\u3066\u304d\u305f (@Mina_Panamera) <a href=\"https:\/\/twitter.com\/Mina_Panamera\/status\/1474730449125916672?ref_src=twsrc%5Etfw\">December 25, 2021<\/a><\/p><\/blockquote>\n<p><script async src=\"https:\/\/platform.twitter.com\/widgets.js\" charset=\"utf-8\"><\/script><\/p>\n<p>Ein wirklich beeindruckendes Meisterst\u00fcck!<\/p>\n<p>Vielen Dank an die Besitzer, die uns mitgenommen haben, und an alle, die jede Woche mitgeh\u00f6rt haben \u2013 eure Unterst\u00fctzung bedeutet uns viel.<\/p>\n<p>In diesem Jahr ist die Reichweite unseres Blogs langsam gewachsen, und ich habe viel \u00fcber die Verantwortung beim Ver\u00f6ffentlichen nachgedacht.<\/p>\n<p>Ich achte heute noch mehr auf die Wortwahl und die sorgf\u00e4ltige \u00dcberpr\u00fcfung der Fakten.<\/p>\n<p>Mein Mann betont immer wieder, dass er kein professioneller Autojournalist ist, der Autos von Herstellern zum Testen bekommt, sondern ein privater Blogger, der ehrlich seine Meinung teilen m\u00f6chte.<\/p>\n<p>Dennoch sagt er:<\/p>\n<p class=\"well3\">\u201eGeschm\u00e4cker sind verschieden, und jedes Auto hat seine eigenen besonderen Merkmale und Reize. Ich schreibe hier nur meine pers\u00f6nliche, subjektive Meinung \u2013 und hoffe, dass sich niemand von den Besitzern der jeweiligen Fahrzeuge dadurch verletzt f\u00fchlt.\u201c<\/p>\n<p>Nat\u00fcrlich sind auch wir keine Experten und machen Fehler. Wenn wir darauf hingewiesen werden, denken wir: <strong>\u201eSo h\u00e4tte ich das besser schreiben k\u00f6nnen.\u201c<\/strong> und lernen st\u00e4ndig dazu.<\/p>\n<p>Gestern traf mein Mann zuf\u00e4llig einen 996 GT3 Besitzer auf dem Royu Driveway. Als er erz\u00e4hlte, dass er den Blog betreibt, sagte der Besitzer:<\/p>\n<p class=\"well2\">\u201eSind Sie die Person, die diesen Blog schreibt? Mein Auto-begeisterter Vater war ein gro\u00dfer Fan und hat t\u00e4glich die Updates verfolgt. Leider ist er k\u00fcrzlich verstorben, aber er hat mir oft freudig Links zu Ihren Beitr\u00e4gen geschickt. Es ist sch\u00f6n, Sie kennenzulernen.\u201c<\/p>\n<p>Obwohl wir in letzter Zeit nicht mehr so regelm\u00e4\u00dfig posten, hat mich diese Begegnung sehr ber\u00fchrt.<\/p>\n<p>Es ist wirklich sch\u00f6n zu wissen, dass unser Blog, den wir mit viel Herzblut betreiben, f\u00fcr manche ein kleiner t\u00e4glicher Lichtblick ist.<\/p>\n<p>Vielleicht war diese Begegnung eine Verbindung, die der Vater aus dem Himmel hergestellt hat.<\/p>\n<p>An alle Freunde aus der Porsche-Community, die wir dieses Jahr getroffen haben, an alle, die uns auf dem Royu Driveway begegnet sind, an unsere Mitfahrer bei Touren, an die H\u00e4ndler und besonders an unseren Porsche-H\u00e4ndler H, der uns immer so gut betreut \u2013 vielen Dank f\u00fcr ein gro\u00dfartiges Jahr.<\/p>\n<p>Im n\u00e4chsten Jahr werde ich auch \u00f6fter mal am Royu vorbeischauen. Ich freue mich auf 2022 und hoffe, dass Sie \u201eWillkommen zu Hause, PORSCHE\u201c weiterhin begleiten.<\/p>\n<p>Ich w\u00fcnsche Ihnen einen guten Rutsch ins neue Jahr!<\/p>\n","protected":false},"excerpt":{"rendered":"Ein R\u00fcckblick auf den Porsche-Blog Das Jahr 2021 neigt sich dem Ende zu. Jedes Jahr denke ich: \u201eWie schnell doch ein Jahr vergeht\u201c, doch dieses Jahr f\u00fchlte sich irgendwie sowohl lang als auch kurz an \u2013 ein seltsames Jahr. Da dies mein letzter Artikel in diesem Jahr ist, m\u00f6chte ich einen kleinen R\u00fcckblick auf die Zeit seit der Gr\u00fcndung dieses Blogs werfen. Viele von Ihnen wissen es vielleicht schon: Dieser Porsche-Blog entstand aus meiner gro\u00dfen...","protected":false},"author":0,"featured_media":27317,"comment_status":"open","ping_status":"closed","sticky":false,"template":"","format":"standard","meta":{"footnotes":"","_locale":"de_DE","_original_post":"https:\/\/www.panamera-life.com\/?p=27304"},"categories":[73,2],"tags":[],"yoast_head":"<title>Wer wurde 2021 zum Testwagen des Jahres gek\u00fcrt? | R\u00fcckblick auf das Blogjahr - \u30dd\u30eb\u30b7\u30a7\u304c\u308f\u304c\u5bb6\u306b\u3084\u3063\u3066\u304d\u305f - \u30aa\u30fc\u30ca\u30fc\u30ba\u30d6\u30ed\u30b0<\/title>\n<meta name=\"description\" content=\"2021 im R\u00fcckblick: \u00dcber 35 Testfahrzeuge, darunter Porsche und BMW. Entdecken Sie den pers\u00f6nlichen Testwagen des Jahres und spannende Einblicke in das Porsche Fahrerlebnis.\" \/>\n<meta name=\"robots\" content=\"index, follow, max-snippet:-1, max-image-preview:large, max-video-preview:-1\" \/>\n<link rel=\"canonical\" href=\"https:\/\/www.panamera-life.com\/de\/entry\/2021-last\/\" \/>\n<meta property=\"og:locale\" content=\"de_DE\" \/>\n<meta property=\"og:type\" content=\"article\" \/>\n<meta property=\"og:title\" content=\"Wer wurde 2021 zum Testwagen des Jahres gek\u00fcrt? | R\u00fcckblick auf das Blogjahr - \u30dd\u30eb\u30b7\u30a7\u304c\u308f\u304c\u5bb6\u306b\u3084\u3063\u3066\u304d\u305f - \u30aa\u30fc\u30ca\u30fc\u30ba\u30d6\u30ed\u30b0\" \/>\n<meta property=\"og:description\" content=\"2021 im R\u00fcckblick: \u00dcber 35 Testfahrzeuge, darunter Porsche und BMW. Entdecken Sie den pers\u00f6nlichen Testwagen des Jahres und spannende Einblicke in das Porsche Fahrerlebnis.\" \/>\n<meta property=\"og:url\" content=\"https:\/\/www.panamera-life.com\/de\/entry\/2021-last\/\" \/>\n<meta property=\"og:site_name\" content=\"\u30dd\u30eb\u30b7\u30a7\u304c\u308f\u304c\u5bb6\u306b\u3084\u3063\u3066\u304d\u305f - \u30aa\u30fc\u30ca\u30fc\u30ba\u30d6\u30ed\u30b0\" \/>\n<meta property=\"article:publisher\" content=\"https:\/\/www.facebook.com\/panameralife\/\" \/>\n<meta property=\"article:published_time\" content=\"2021-12-26T01:14:34+00:00\" \/>\n<meta property=\"og:image\" content=\"https:\/\/www.panamera-life.com\/wp-content\/uploads\/2021\/12\/5E07350B-CEC5-4484-AE5D-E22A6F47CA1F-1280x960-1.jpeg\" \/>\n\t<meta property=\"og:image:width\" content=\"1280\" \/>\n\t<meta property=\"og:image:height\" content=\"960\" \/>\n\t<meta property=\"og:image:type\" content=\"image\/jpeg\" \/>\n<meta name=\"twitter:label1\" content=\"Gesch\u00e4tzte Lesezeit\" \/>\n\t<meta name=\"twitter:data1\" content=\"1\u00a0Minute\" \/>","yoast_head_json":{"title":"Wer wurde 2021 zum Testwagen des Jahres gek\u00fcrt? | R\u00fcckblick auf das Blogjahr - \u30dd\u30eb\u30b7\u30a7\u304c\u308f\u304c\u5bb6\u306b\u3084\u3063\u3066\u304d\u305f - \u30aa\u30fc\u30ca\u30fc\u30ba\u30d6\u30ed\u30b0","description":"2021 im R\u00fcckblick: \u00dcber 35 Testfahrzeuge, darunter Porsche und BMW. Entdecken Sie den pers\u00f6nlichen Testwagen des Jahres und spannende Einblicke in das Porsche Fahrerlebnis.","robots":{"index":"index","follow":"follow","max-snippet":"max-snippet:-1","max-image-preview":"max-image-preview:large","max-video-preview":"max-video-preview:-1"},"canonical":"https:\/\/www.panamera-life.com\/de\/entry\/2021-last\/","og_locale":"de_DE","og_type":"article","og_title":"Wer wurde 2021 zum Testwagen des Jahres gek\u00fcrt? | R\u00fcckblick auf das Blogjahr - \u30dd\u30eb\u30b7\u30a7\u304c\u308f\u304c\u5bb6\u306b\u3084\u3063\u3066\u304d\u305f - \u30aa\u30fc\u30ca\u30fc\u30ba\u30d6\u30ed\u30b0","og_description":"2021 im R\u00fcckblick: \u00dcber 35 Testfahrzeuge, darunter Porsche und BMW. Entdecken Sie den pers\u00f6nlichen Testwagen des Jahres und spannende Einblicke in das Porsche Fahrerlebnis.","og_url":"https:\/\/www.panamera-life.com\/de\/entry\/2021-last\/","og_site_name":"\u30dd\u30eb\u30b7\u30a7\u304c\u308f\u304c\u5bb6\u306b\u3084\u3063\u3066\u304d\u305f - \u30aa\u30fc\u30ca\u30fc\u30ba\u30d6\u30ed\u30b0","article_publisher":"https:\/\/www.facebook.com\/panameralife\/","article_published_time":"2021-12-26T01:14:34+00:00","og_image":[{"width":1280,"height":960,"url":"https:\/\/www.panamera-life.com\/wp-content\/uploads\/2021\/12\/5E07350B-CEC5-4484-AE5D-E22A6F47CA1F-1280x960-1.jpeg","type":"image\/jpeg"}],"twitter_misc":{"Gesch\u00e4tzte Lesezeit":"1\u00a0Minute"},"schema":{"@context":"https:\/\/schema.org","@graph":[{"@type":"Article","@id":"https:\/\/www.panamera-life.com\/de\/entry\/2021-last\/#article","isPartOf":{"@id":"https:\/\/www.panamera-life.com\/de\/entry\/2021-last\/"},"author":{"name":"","@id":""},"headline":"Wer wurde 2021 zum Testwagen des Jahres gek\u00fcrt? | R\u00fcckblick auf das Blogjahr","datePublished":"2021-12-26T01:14:34+00:00","dateModified":"2021-12-26T01:14:34+00:00","mainEntityOfPage":{"@id":"https:\/\/www.panamera-life.com\/de\/entry\/2021-last\/"},"wordCount":900,"commentCount":0,"publisher":{"@id":"https:\/\/www.panamera-life.com\/#organization"},"image":{"@id":"https:\/\/www.panamera-life.com\/de\/entry\/2021-last\/#primaryimage"},"thumbnailUrl":"https:\/\/www.panamera-life.com\/wp-content\/uploads\/2021\/12\/5E07350B-CEC5-4484-AE5D-E22A6F47CA1F-1280x960-1.jpeg","articleSection":["Blog\u2011Ank\u00fcndigungen","Unser Auto\u2011Leben"],"inLanguage":"de","potentialAction":[{"@type":"CommentAction","name":"Comment","target":["https:\/\/www.panamera-life.com\/de\/entry\/2021-last\/#respond"]}]},{"@type":"WebPage","@id":"https:\/\/www.panamera-life.com\/de\/entry\/2021-last\/","url":"https:\/\/www.panamera-life.com\/de\/entry\/2021-last\/","name":"Wer wurde 2021 zum Testwagen des Jahres gek\u00fcrt? | R\u00fcckblick auf das Blogjahr - \u30dd\u30eb\u30b7\u30a7\u304c\u308f\u304c\u5bb6\u306b\u3084\u3063\u3066\u304d\u305f - \u30aa\u30fc\u30ca\u30fc\u30ba\u30d6\u30ed\u30b0","isPartOf":{"@id":"https:\/\/www.panamera-life.com\/#website"},"primaryImageOfPage":{"@id":"https:\/\/www.panamera-life.com\/de\/entry\/2021-last\/#primaryimage"},"image":{"@id":"https:\/\/www.panamera-life.com\/de\/entry\/2021-last\/#primaryimage"},"thumbnailUrl":"https:\/\/www.panamera-life.com\/wp-content\/uploads\/2021\/12\/5E07350B-CEC5-4484-AE5D-E22A6F47CA1F-1280x960-1.jpeg","datePublished":"2021-12-26T01:14:34+00:00","dateModified":"2021-12-26T01:14:34+00:00","description":"2021 im R\u00fcckblick: \u00dcber 35 Testfahrzeuge, darunter Porsche und BMW. Entdecken Sie den pers\u00f6nlichen Testwagen des Jahres und spannende Einblicke in das Porsche Fahrerlebnis.","breadcrumb":{"@id":"https:\/\/www.panamera-life.com\/de\/entry\/2021-last\/#breadcrumb"},"inLanguage":"de","potentialAction":[{"@type":"ReadAction","target":["https:\/\/www.panamera-life.com\/de\/entry\/2021-last\/"]}]},{"@type":"ImageObject","inLanguage":"de","@id":"https:\/\/www.panamera-life.com\/de\/entry\/2021-last\/#primaryimage","url":"https:\/\/www.panamera-life.com\/wp-content\/uploads\/2021\/12\/5E07350B-CEC5-4484-AE5D-E22A6F47CA1F-1280x960-1.jpeg","contentUrl":"https:\/\/www.panamera-life.com\/wp-content\/uploads\/2021\/12\/5E07350B-CEC5-4484-AE5D-E22A6F47CA1F-1280x960-1.jpeg","width":1280,"height":960,"caption":"\u8eca, \u9053\u8def, \u99d0\u8eca\u5834, PORSCHE, Boxster, Spyder, 981"},{"@type":"BreadcrumbList","@id":"https:\/\/www.panamera-life.com\/de\/entry\/2021-last\/#breadcrumb","itemListElement":[{"@type":"ListItem","position":1,"name":"\u30db\u30fc\u30e0","item":"https:\/\/www.panamera-life.com\/"},{"@type":"ListItem","position":2,"name":"Wer wurde 2021 zum Testwagen des Jahres gek\u00fcrt? | R\u00fcckblick auf das Blogjahr"}]},{"@type":"WebSite","@id":"https:\/\/www.panamera-life.com\/#website","url":"https:\/\/www.panamera-life.com\/","name":"\u30dd\u30eb\u30b7\u30a7\u304c\u308f\u304c\u5bb6\u306b\u3084\u3063\u3066\u304d\u305f - \u30aa\u30fc\u30ca\u30fc\u30ba\u30d6\u30ed\u30b0","description":"\u30dd\u30eb\u30b7\u30a7\u306b\u9b45\u4e86\u3055\u308c\u305f\u59bb\u304c\u66f8\u304f\u30dd\u30eb\u30b7\u30a7\u30d6\u30ed\u30b0\u3067\u3059\u3002\u6240\u6709\u3059\u308b\u30dd\u30eb\u30b7\u30a7 911\u30ab\u30ec\u30e9\uff08964\uff09\u3001911GT3\u3001\u30dc\u30af\u30b9\u30bf\u30fc\u3001\u30d1\u30ca\u30e1\u30fc\u30e9\u306e\u30ec\u30d3\u30e5\u30fc\u3084\u7dad\u6301\u8cbb\u3001\u30c4\u30fc\u30ea\u30f3\u30b0\u8a18\u306a\u3069\u3002\u30cb\u30e5\u30fc\u30b9\u8a18\u4e8b\u3067\u306f\u5206\u304b\u3089\u306a\u3044\u751f\u306e\u30dd\u30eb\u30b7\u30a7\u30aa\u30fc\u30ca\u30fc\u306e\u58f0\u3092\u5b9a\u671f\u914d\u4fe1\u3059\u308b\u30d6\u30ed\u30b0\u3067\u3059\u3002","publisher":{"@id":"https:\/\/www.panamera-life.com\/#organization"},"potentialAction":[{"@type":"SearchAction","target":{"@type":"EntryPoint","urlTemplate":"https:\/\/www.panamera-life.com\/?s={search_term_string}"},"query-input":{"@type":"PropertyValueSpecification","valueRequired":true,"valueName":"search_term_string"}}],"inLanguage":"de"},{"@type":"Organization","@id":"https:\/\/www.panamera-life.com\/#organization","name":"\u30dd\u30eb\u30b7\u30a7\u304c\u308f\u304c\u5bb6\u306b\u3084\u3063\u3066\u304d\u305f","url":"https:\/\/www.panamera-life.com\/","logo":{"@type":"ImageObject","inLanguage":"de","@id":"https:\/\/www.panamera-life.com\/#\/schema\/logo\/image\/","url":"https:\/\/www.panamera-life.com\/wp-content\/uploads\/2021\/05\/unnamed.jpg","contentUrl":"https:\/\/www.panamera-life.com\/wp-content\/uploads\/2021\/05\/unnamed.jpg","width":512,"height":512,"caption":"\u30dd\u30eb\u30b7\u30a7\u304c\u308f\u304c\u5bb6\u306b\u3084\u3063\u3066\u304d\u305f"},"image":{"@id":"https:\/\/www.panamera-life.com\/#\/schema\/logo\/image\/"},"sameAs":["https:\/\/www.facebook.com\/panameralife\/","https:\/\/x.com\/Mina_Panamera","https:\/\/www.instagram.com\/mina_porsche\/","https:\/\/www.youtube.com\/channel\/UCoyAW0ifcnk05Iryf7-bkhg"]}]}},"_links":{"self":[{"href":"https:\/\/www.panamera-life.com\/wp-json\/wp\/v2\/posts\/38829"}],"collection":[{"href":"https:\/\/www.panamera-life.com\/wp-json\/wp\/v2\/posts"}],"about":[{"href":"https:\/\/www.panamera-life.com\/wp-json\/wp\/v2\/types\/post"}],"replies":[{"embeddable":true,"href":"https:\/\/www.panamera-life.com\/wp-json\/wp\/v2\/comments?post=38829"}],"version-history":[{"count":0,"href":"https:\/\/www.panamera-life.com\/wp-json\/wp\/v2\/posts\/38829\/revisions"}],"wp:featuredmedia":[{"embeddable":true,"href":"https:\/\/www.panamera-life.com\/wp-json\/wp\/v2\/media\/27317"}],"wp:attachment":[{"href":"https:\/\/www.panamera-life.com\/wp-json\/wp\/v2\/media?parent=38829"}],"wp:term":[{"taxonomy":"category","embeddable":true,"href":"https:\/\/www.panamera-life.com\/wp-json\/wp\/v2\/categories?post=38829"},{"taxonomy":"post_tag","embeddable":true,"href":"https:\/\/www.panamera-life.com\/wp-json\/wp\/v2\/tags?post=38829"}],"curies":[{"name":"wp","href":"https:\/\/api.w.org\/{rel}","templated":true}]}}