{"id":38878,"date":"2019-03-19T06:00:13","date_gmt":"2019-03-18T21:00:13","guid":{"rendered":"https:\/\/www.panamera-life.com\/?p=38878"},"modified":"2020-08-21T11:30:48","modified_gmt":"2020-08-21T02:30:48","slug":"drive-with-911-in-the-rain","status":"publish","type":"post","link":"https:\/\/www.panamera-life.com\/de\/entry\/drive-with-911-in-the-rain\/","title":{"rendered":"An Regentagen mit dem luftgek\u00fchlten Porsche 911 unterwegs"},"content":{"rendered":"<h3 class=\"style3a\">Unterwegs an einem Regentag<\/h3>\n<p>Vor Kurzem fand eine Hochzeit in der Familie statt, und wir \u2013 vier Personen \u2013 nahmen daran teil. <strong>Leider regnete es an diesem Tag in Str\u00f6men.<\/strong> Nat\u00fcrlich\u2026 (\u2212_\u2212) Am Vortag war noch strahlender Sonnenschein, und meine Schwiegermutter ist bekanntlich ein echter Sonnenscheinbringer. Die ganze Familie war sich sicher: <strong>\u201eMit Frau XY wird das Wetter am Tag der Hochzeit sicher sch\u00f6n\u201c<\/strong>. Doch leider hat meine Regen-Fee-Power diesmal gesiegt.<\/p>\n<p>Die Hochzeit verlief reibungslos, doch am Abend wurde der Regen immer st\u00e4rker. W\u00e4hrend mein Mann am Steuer sa\u00df, sagte er pl\u00f6tzlich:<\/p>\n<p class=\"well3\">An solchen Regentagen habe ich einfach das Bed\u00fcrfnis, den luftgek\u00fchlten 964C2 zu fahren. Letztens, als ich an einem Regentag von der Arbeit nach Hause fuhr, dachte ich sogar: <strong>\u201eVielleicht fahre ich einfach weiter bis nach Miyazaki\u201c<\/strong>, so sehr hat es mich gepackt. Haha.<\/p>\n<p><img loading=\"lazy\" decoding=\"async\" class=\"alignnone size-large wp-image-9751\" src=\"https:\/\/www.panamera-life.com\/wp-content\/uploads\/2019\/03\/IMG_0124-800x600.jpeg\" alt=\"\" width=\"800\" height=\"600\" \/><\/p>\n<p>Wie so oft dachte ich mir: \u201eJetzt redet er wieder Unsinn\u201c, und fragte: <strong>\u201eWirklich? Warum denn das? (\u2212_\u2212)\u201c<\/strong>. Er antwortete:<\/p>\n<p class=\"well3\">Der luftgek\u00fchlte Porsche ist anders als moderne Autos, man h\u00f6rt den Regen direkt. Das Prasseln auf dem Dach ist einfach herrlich, und die kleinen Scheibenwischer, die fast unbeholfen gegen den Regen ank\u00e4mpfen, wirken irgendwie liebenswert. Au\u00dferdem ist der Innenraum klein und gut abgedichtet, was diese regnerische Fahrt zu einem ganz besonderen Erlebnis macht. Es f\u00fchlt sich fast so an, als s\u00e4\u00dfe man an einem Regentag in einem Teehaus \u2013 oder so \u00e4hnlich. Keine Ahnung, haha.<\/p>\n<p><span style=\"font-size: 8pt;\">(\u00dcbrigens war es auch am Tag der Auslieferung unseres luftgek\u00fchlten Porsche regnerisch.)<\/span><\/p>\n<p><span style=\"font-size: 14pt;\">Ach so, wirklich? (\u2212_\u2212)<\/span><\/p>\n<p>Als ich sagte: <strong>\u201eAber viele meiden den luftgek\u00fchlten Porsche doch gerade an Regentagen, oder? Manche stellen ihn sogar in eine Garage mit Dach und benutzen Luftentfeuchter, um die Feuchtigkeit zu kontrollieren\u201c<\/strong>, entgegnete er:<\/p>\n<p class=\"well3\">Ja, das stimmt. Die meisten fahren ihren luftgek\u00fchlten Porsche bei Regen wohl nicht, um den Zustand bestm\u00f6glich zu erhalten. Aber f\u00fcr mich ist ein Porsche ein Auto, das gefahren werden will. <strong>So ein treuer Begleiter und Fahrspa\u00df pur \u2013 den m\u00f6chte ich bei jedem Wetter genie\u00dfen<\/strong>. Und wenn mal etwas kaputtgeht, wird es eben repariert. Jede Reparatur bringt das Auto dem Neuzustand n\u00e4her \u2013 das macht sogar Spa\u00df.<\/p>\n<p>Er liebt seinen luftgek\u00fchlten Porsche wirklich&#8230; haha. Allerdings ist es bei einem Heckmotor und Luftk\u00fchlung so, dass Regenwasser durch diesen <span style=\"font-size: 8pt;\">(siehe Foto unten)<\/span> schwarzen Bereich eindringen kann, was dem Auto nicht unbedingt gut tut.<\/p>\n<p><img loading=\"lazy\" decoding=\"async\" class=\"alignnone size-large wp-image-9691\" src=\"https:\/\/www.panamera-life.com\/wp-content\/uploads\/2019\/03\/IMG_0025-800x533.jpg\" alt=\"\" width=\"800\" height=\"533\" \/><\/p>\n<h3 class=\"style3a\">Gerade an Regentagen<\/h3>\n<p>Also habe ich im Internet recherchiert, wie es sich mit dem Fahren eines luftgek\u00fchlten 911 an Regentagen verh\u00e4lt. Dort stand, dass <strong>die \u00d6leinf\u00fcll\u00f6ffnung \u00fcberhaupt nicht nass wird und der Bereich um den Luftk\u00fchler oben gut abgedeckt ist, sodass keine Sorgen bestehen m\u00fcssen<\/strong>. <span style=\"font-size: 8pt;\">(Nat\u00fcrlich ist es nicht ideal, das Auto dauerhaft im Regen zu parken.)<\/span><\/p>\n<p>Au\u00dferdem wurde ein Zitat von Mitsuwa Automobile erw\u00e4hnt:<\/p>\n<p class=\"well2\">Porsche ist eigentlich ein Auto, das auch bei Regen gefahren wird. Wenn man auf der Autobahn f\u00e4hrt und der Motor ausreichend mit Luft gek\u00fchlt wird, bleibt der Motor auch nach \u00fcber 100.000 Kilometern sauber und frei von Kohlenstoffablagerungen, so wurde mir erkl\u00e4rt.<br \/>\n<span style=\"font-size: 8pt;\">\uff0a<a href=\"https:\/\/minkara.carview.co.jp\/userid\/368036\/blog\/22839393\/\" target=\"_blank\" rel=\"noopener noreferrer\">Quelle: Minkara \u201eAn Regentagen mit dem Porsche unterwegs&#8230;\u201c<\/a><\/span><\/p>\n<p>Ah, so ist das also.<\/p>\n<p>Es gibt sogar das Sprichwort \u201e\u6674\u8015\u96e8\u8aad\u201c (Seik\u014d-udoku), was so viel bedeutet wie \u201ean sonnigen Tagen ackern, an Regentagen lesen\u201c. F\u00fcr mich hei\u00dft das: <strong>\u201eWarum sollte man an Regentagen \u00fcberhaupt fahren?\u201c<\/strong>. F\u00fcr meinen fahrbegeisterten Mann gilt das offenbar nicht.<\/p>\n<p><img loading=\"lazy\" decoding=\"async\" class=\"alignnone size-large wp-image-9752\" src=\"https:\/\/www.panamera-life.com\/wp-content\/uploads\/2019\/03\/IMG_0127-800x600.jpeg\" alt=\"\" width=\"800\" height=\"600\" \/><\/p>\n<p>Ich erinnere mich, dass ich einmal ein Buch mit dem Titel \u201eAn Regentagen das Auto polieren\u201c sah und sagte: <strong>\u201eWozu das? Das Auto wird doch sowieso wieder nass und dreckig, total sinnlos, haha\u201c<\/strong>. Mein Mann antwortete begeistert:<\/p>\n<p class=\"well3\">\u201eNein, so ist das nicht. Du verstehst das nicht, aber ich kenne dieses Gef\u00fchl genau!\u201c<\/p>\n<p>Das fand ich damals sehr am\u00fcsant (lacht).<\/p>\n<p>Wenn man das so betrachtet, ist der sogenannte \u201eWet Mode\u201c im neuen 911 (992) f\u00fcr luftgek\u00fchlte Porsche-Fans, die das Fahrerlebnis lieben, wohl eher \u00fcberfl\u00fcssig. Eine ganz eigene Welt.<\/p>\n<p>So erz\u00e4hlte mein Mann neulich:<\/p>\n<p class=\"well3\">In letzter Zeit interessieren mich immer mehr die \u00e4lteren 930er oder noch \u00e4ltere 911er. Manche Luftk\u00fchler sagen sogar, dass der 964 eigentlich kein echter Luftk\u00fchler mehr ist. Ich m\u00f6chte unbedingt einmal erleben, wie sich ein echter luftgek\u00fchlter Porsche anf\u00fchlt. Wenn ich so weitermache, lande ich vielleicht bald bei einem 356, haha.<\/p>\n<p>Mein Mann ist erst seit November letzten Jahres in der Welt der luftgek\u00fchlten Porsche unterwegs, doch schon nach nicht einmal einem halben Jahr scheint er tief in diese faszinierende Welt eingetaucht zu sein&#8230; Bald wird er vielleicht sagen: <strong>\u201eIch lasse den 911 komplett \u00fcberholen!\u201c<\/strong>.<\/p>\n<p>Luftgek\u00fchlte Porsche sind wirklich beeindruckend.<\/p>\n","protected":false},"excerpt":{"rendered":"Unterwegs an einem Regentag Vor Kurzem fand eine Hochzeit in der Familie statt, und wir \u2013 vier Personen \u2013 nahmen daran teil. Leider regnete es an diesem Tag in Str\u00f6men. Nat\u00fcrlich\u2026 (\u2212_\u2212) Am Vortag war noch strahlender Sonnenschein, und meine Schwiegermutter ist bekanntlich ein echter Sonnenscheinbringer. Die ganze Familie war sich sicher: \u201eMit Frau XY wird das Wetter am Tag der Hochzeit sicher sch\u00f6n\u201c. Doch leider hat meine Regen-Fee-Power diesmal gesiegt. Die Hochzeit verlief reibungslos,...","protected":false},"author":0,"featured_media":9750,"comment_status":"open","ping_status":"closed","sticky":false,"template":"","format":"standard","meta":{"footnotes":"","_locale":"de_DE","_original_post":"https:\/\/www.panamera-life.com\/?p=9686"},"categories":[271,30],"tags":[],"yoast_head":"<title>An Regentagen mit dem luftgek\u00fchlten Porsche 911 unterwegs - \u30dd\u30eb\u30b7\u30a7\u304c\u308f\u304c\u5bb6\u306b\u3084\u3063\u3066\u304d\u305f - \u30aa\u30fc\u30ca\u30fc\u30ba\u30d6\u30ed\u30b0<\/title>\n<meta name=\"description\" content=\"Erleben Sie das einzigartige Porsche Fahrerlebnis mit einem luftgek\u00fchlten 911 \u2013 auch an Regentagen. Tipps zum Porsche Besitz und Porsche kaufen inklusive.\" \/>\n<meta name=\"robots\" content=\"index, follow, max-snippet:-1, max-image-preview:large, max-video-preview:-1\" \/>\n<link rel=\"canonical\" href=\"https:\/\/www.panamera-life.com\/de\/entry\/drive-with-911-in-the-rain\/\" \/>\n<meta property=\"og:locale\" content=\"de_DE\" \/>\n<meta property=\"og:type\" content=\"article\" \/>\n<meta property=\"og:title\" content=\"An Regentagen mit dem luftgek\u00fchlten Porsche 911 unterwegs - \u30dd\u30eb\u30b7\u30a7\u304c\u308f\u304c\u5bb6\u306b\u3084\u3063\u3066\u304d\u305f - \u30aa\u30fc\u30ca\u30fc\u30ba\u30d6\u30ed\u30b0\" \/>\n<meta property=\"og:description\" content=\"Erleben Sie das einzigartige Porsche Fahrerlebnis mit einem luftgek\u00fchlten 911 \u2013 auch an Regentagen. Tipps zum Porsche Besitz und Porsche kaufen inklusive.\" \/>\n<meta property=\"og:url\" content=\"https:\/\/www.panamera-life.com\/de\/entry\/drive-with-911-in-the-rain\/\" \/>\n<meta property=\"og:site_name\" content=\"\u30dd\u30eb\u30b7\u30a7\u304c\u308f\u304c\u5bb6\u306b\u3084\u3063\u3066\u304d\u305f - \u30aa\u30fc\u30ca\u30fc\u30ba\u30d6\u30ed\u30b0\" \/>\n<meta property=\"article:publisher\" content=\"https:\/\/www.facebook.com\/panameralife\/\" \/>\n<meta property=\"article:published_time\" content=\"2019-03-18T21:00:13+00:00\" \/>\n<meta property=\"article:modified_time\" content=\"2020-08-21T02:30:48+00:00\" \/>\n<meta property=\"og:image\" content=\"https:\/\/www.panamera-life.com\/wp-content\/uploads\/2019\/03\/IMG_0126.jpeg\" \/>\n\t<meta property=\"og:image:width\" content=\"2049\" \/>\n\t<meta property=\"og:image:height\" content=\"1537\" \/>\n\t<meta property=\"og:image:type\" content=\"image\/jpeg\" \/>\n<meta name=\"twitter:label1\" content=\"Gesch\u00e4tzte Lesezeit\" \/>\n\t<meta name=\"twitter:data1\" content=\"4\u00a0Minuten\" \/>","yoast_head_json":{"title":"An Regentagen mit dem luftgek\u00fchlten Porsche 911 unterwegs - \u30dd\u30eb\u30b7\u30a7\u304c\u308f\u304c\u5bb6\u306b\u3084\u3063\u3066\u304d\u305f - \u30aa\u30fc\u30ca\u30fc\u30ba\u30d6\u30ed\u30b0","description":"Erleben Sie das einzigartige Porsche Fahrerlebnis mit einem luftgek\u00fchlten 911 \u2013 auch an Regentagen. Tipps zum Porsche Besitz und Porsche kaufen inklusive.","robots":{"index":"index","follow":"follow","max-snippet":"max-snippet:-1","max-image-preview":"max-image-preview:large","max-video-preview":"max-video-preview:-1"},"canonical":"https:\/\/www.panamera-life.com\/de\/entry\/drive-with-911-in-the-rain\/","og_locale":"de_DE","og_type":"article","og_title":"An Regentagen mit dem luftgek\u00fchlten Porsche 911 unterwegs - \u30dd\u30eb\u30b7\u30a7\u304c\u308f\u304c\u5bb6\u306b\u3084\u3063\u3066\u304d\u305f - \u30aa\u30fc\u30ca\u30fc\u30ba\u30d6\u30ed\u30b0","og_description":"Erleben Sie das einzigartige Porsche Fahrerlebnis mit einem luftgek\u00fchlten 911 \u2013 auch an Regentagen. Tipps zum Porsche Besitz und Porsche kaufen inklusive.","og_url":"https:\/\/www.panamera-life.com\/de\/entry\/drive-with-911-in-the-rain\/","og_site_name":"\u30dd\u30eb\u30b7\u30a7\u304c\u308f\u304c\u5bb6\u306b\u3084\u3063\u3066\u304d\u305f - \u30aa\u30fc\u30ca\u30fc\u30ba\u30d6\u30ed\u30b0","article_publisher":"https:\/\/www.facebook.com\/panameralife\/","article_published_time":"2019-03-18T21:00:13+00:00","article_modified_time":"2020-08-21T02:30:48+00:00","og_image":[{"width":2049,"height":1537,"url":"https:\/\/www.panamera-life.com\/wp-content\/uploads\/2019\/03\/IMG_0126.jpeg","type":"image\/jpeg"}],"twitter_misc":{"Gesch\u00e4tzte Lesezeit":"4\u00a0Minuten"},"schema":{"@context":"https:\/\/schema.org","@graph":[{"@type":"Article","@id":"https:\/\/www.panamera-life.com\/de\/entry\/drive-with-911-in-the-rain\/#article","isPartOf":{"@id":"https:\/\/www.panamera-life.com\/de\/entry\/drive-with-911-in-the-rain\/"},"author":{"name":"","@id":""},"headline":"An Regentagen mit dem luftgek\u00fchlten Porsche 911 unterwegs","datePublished":"2019-03-18T21:00:13+00:00","dateModified":"2020-08-21T02:30:48+00:00","mainEntityOfPage":{"@id":"https:\/\/www.panamera-life.com\/de\/entry\/drive-with-911-in-the-rain\/"},"wordCount":776,"commentCount":0,"publisher":{"@id":"https:\/\/www.panamera-life.com\/#organization"},"image":{"@id":"https:\/\/www.panamera-life.com\/de\/entry\/drive-with-911-in-the-rain\/#primaryimage"},"thumbnailUrl":"https:\/\/www.panamera-life.com\/wp-content\/uploads\/2019\/03\/IMG_0126.jpeg","articleSection":["Faszination Porsche","Porsche 911"],"inLanguage":"de","potentialAction":[{"@type":"CommentAction","name":"Comment","target":["https:\/\/www.panamera-life.com\/de\/entry\/drive-with-911-in-the-rain\/#respond"]}]},{"@type":"WebPage","@id":"https:\/\/www.panamera-life.com\/de\/entry\/drive-with-911-in-the-rain\/","url":"https:\/\/www.panamera-life.com\/de\/entry\/drive-with-911-in-the-rain\/","name":"An Regentagen mit dem luftgek\u00fchlten Porsche 911 unterwegs - \u30dd\u30eb\u30b7\u30a7\u304c\u308f\u304c\u5bb6\u306b\u3084\u3063\u3066\u304d\u305f - \u30aa\u30fc\u30ca\u30fc\u30ba\u30d6\u30ed\u30b0","isPartOf":{"@id":"https:\/\/www.panamera-life.com\/#website"},"primaryImageOfPage":{"@id":"https:\/\/www.panamera-life.com\/de\/entry\/drive-with-911-in-the-rain\/#primaryimage"},"image":{"@id":"https:\/\/www.panamera-life.com\/de\/entry\/drive-with-911-in-the-rain\/#primaryimage"},"thumbnailUrl":"https:\/\/www.panamera-life.com\/wp-content\/uploads\/2019\/03\/IMG_0126.jpeg","datePublished":"2019-03-18T21:00:13+00:00","dateModified":"2020-08-21T02:30:48+00:00","description":"Erleben Sie das einzigartige Porsche Fahrerlebnis mit einem luftgek\u00fchlten 911 \u2013 auch an Regentagen. Tipps zum Porsche Besitz und Porsche kaufen inklusive.","breadcrumb":{"@id":"https:\/\/www.panamera-life.com\/de\/entry\/drive-with-911-in-the-rain\/#breadcrumb"},"inLanguage":"de","potentialAction":[{"@type":"ReadAction","target":["https:\/\/www.panamera-life.com\/de\/entry\/drive-with-911-in-the-rain\/"]}]},{"@type":"ImageObject","inLanguage":"de","@id":"https:\/\/www.panamera-life.com\/de\/entry\/drive-with-911-in-the-rain\/#primaryimage","url":"https:\/\/www.panamera-life.com\/wp-content\/uploads\/2019\/03\/IMG_0126.jpeg","contentUrl":"https:\/\/www.panamera-life.com\/wp-content\/uploads\/2019\/03\/IMG_0126.jpeg","width":2049,"height":1537,"caption":"\u8eca, \u30a8\u30f3\u30d6\u30ec\u30e0, \u30c6\u30fc\u30eb\u30e9\u30f3\u30d7, \u5c4b\u5185, PORSCHE, 911, 964"},{"@type":"BreadcrumbList","@id":"https:\/\/www.panamera-life.com\/de\/entry\/drive-with-911-in-the-rain\/#breadcrumb","itemListElement":[{"@type":"ListItem","position":1,"name":"\u30db\u30fc\u30e0","item":"https:\/\/www.panamera-life.com\/"},{"@type":"ListItem","position":2,"name":"An Regentagen mit dem luftgek\u00fchlten Porsche 911 unterwegs"}]},{"@type":"WebSite","@id":"https:\/\/www.panamera-life.com\/#website","url":"https:\/\/www.panamera-life.com\/","name":"\u30dd\u30eb\u30b7\u30a7\u304c\u308f\u304c\u5bb6\u306b\u3084\u3063\u3066\u304d\u305f - \u30aa\u30fc\u30ca\u30fc\u30ba\u30d6\u30ed\u30b0","description":"\u30dd\u30eb\u30b7\u30a7\u306b\u9b45\u4e86\u3055\u308c\u305f\u59bb\u304c\u66f8\u304f\u30dd\u30eb\u30b7\u30a7\u30d6\u30ed\u30b0\u3067\u3059\u3002\u6240\u6709\u3059\u308b\u30dd\u30eb\u30b7\u30a7 911\u30ab\u30ec\u30e9\uff08964\uff09\u3001911GT3\u3001\u30dc\u30af\u30b9\u30bf\u30fc\u3001\u30d1\u30ca\u30e1\u30fc\u30e9\u306e\u30ec\u30d3\u30e5\u30fc\u3084\u7dad\u6301\u8cbb\u3001\u30c4\u30fc\u30ea\u30f3\u30b0\u8a18\u306a\u3069\u3002\u30cb\u30e5\u30fc\u30b9\u8a18\u4e8b\u3067\u306f\u5206\u304b\u3089\u306a\u3044\u751f\u306e\u30dd\u30eb\u30b7\u30a7\u30aa\u30fc\u30ca\u30fc\u306e\u58f0\u3092\u5b9a\u671f\u914d\u4fe1\u3059\u308b\u30d6\u30ed\u30b0\u3067\u3059\u3002","publisher":{"@id":"https:\/\/www.panamera-life.com\/#organization"},"potentialAction":[{"@type":"SearchAction","target":{"@type":"EntryPoint","urlTemplate":"https:\/\/www.panamera-life.com\/?s={search_term_string}"},"query-input":{"@type":"PropertyValueSpecification","valueRequired":true,"valueName":"search_term_string"}}],"inLanguage":"de"},{"@type":"Organization","@id":"https:\/\/www.panamera-life.com\/#organization","name":"\u30dd\u30eb\u30b7\u30a7\u304c\u308f\u304c\u5bb6\u306b\u3084\u3063\u3066\u304d\u305f","url":"https:\/\/www.panamera-life.com\/","logo":{"@type":"ImageObject","inLanguage":"de","@id":"https:\/\/www.panamera-life.com\/#\/schema\/logo\/image\/","url":"https:\/\/www.panamera-life.com\/wp-content\/uploads\/2021\/05\/unnamed.jpg","contentUrl":"https:\/\/www.panamera-life.com\/wp-content\/uploads\/2021\/05\/unnamed.jpg","width":512,"height":512,"caption":"\u30dd\u30eb\u30b7\u30a7\u304c\u308f\u304c\u5bb6\u306b\u3084\u3063\u3066\u304d\u305f"},"image":{"@id":"https:\/\/www.panamera-life.com\/#\/schema\/logo\/image\/"},"sameAs":["https:\/\/www.facebook.com\/panameralife\/","https:\/\/x.com\/Mina_Panamera","https:\/\/www.instagram.com\/mina_porsche\/","https:\/\/www.youtube.com\/channel\/UCoyAW0ifcnk05Iryf7-bkhg"]}]}},"_links":{"self":[{"href":"https:\/\/www.panamera-life.com\/wp-json\/wp\/v2\/posts\/38878"}],"collection":[{"href":"https:\/\/www.panamera-life.com\/wp-json\/wp\/v2\/posts"}],"about":[{"href":"https:\/\/www.panamera-life.com\/wp-json\/wp\/v2\/types\/post"}],"replies":[{"embeddable":true,"href":"https:\/\/www.panamera-life.com\/wp-json\/wp\/v2\/comments?post=38878"}],"version-history":[{"count":0,"href":"https:\/\/www.panamera-life.com\/wp-json\/wp\/v2\/posts\/38878\/revisions"}],"wp:featuredmedia":[{"embeddable":true,"href":"https:\/\/www.panamera-life.com\/wp-json\/wp\/v2\/media\/9750"}],"wp:attachment":[{"href":"https:\/\/www.panamera-life.com\/wp-json\/wp\/v2\/media?parent=38878"}],"wp:term":[{"taxonomy":"category","embeddable":true,"href":"https:\/\/www.panamera-life.com\/wp-json\/wp\/v2\/categories?post=38878"},{"taxonomy":"post_tag","embeddable":true,"href":"https:\/\/www.panamera-life.com\/wp-json\/wp\/v2\/tags?post=38878"}],"curies":[{"name":"wp","href":"https:\/\/api.w.org\/{rel}","templated":true}]}}