{"id":38889,"date":"2019-03-27T06:00:01","date_gmt":"2019-03-26T21:00:01","guid":{"rendered":"https:\/\/www.panamera-life.com\/?p=38889"},"modified":"2020-08-21T11:30:42","modified_gmt":"2020-08-21T02:30:42","slug":"air-cooled-porsche-smell","status":"publish","type":"post","link":"https:\/\/www.panamera-life.com\/de\/entry\/air-cooled-porsche-smell\/","title":{"rendered":"Der unverwechselbare Duft des luftgek\u00fchlten Porsche 911 \u2013 Was steckt wirklich dahinter?"},"content":{"rendered":"<h3 class=\"style3a\">Der Duft des gr\u00fcnen Porsche<\/h3>\n<p>K\u00fcrzlich kam mein Mann nach der Arbeit nach Hause, nachdem er den ganzen Tag seinen luftgek\u00fchlten 911<span style=\"font-size: 8pt;\"> (964)<\/span> gefahren war. Unsere \u00e4lteste Tochter rief: \u201e<strong>Willkommen zur\u00fcck~<\/strong>\u201c und sprang ihm entgegen<span style=\"font-size: 8pt;\"> (wenn sie gut gelaunt ist, rennt sie und umarmt ihn, aber bei schlechter Laune ignoriert sie ihn komplett\u2026 ein f\u00fcnfj\u00e4hriges M\u00e4dchen mit wechselhaftem Gem\u00fct)<\/span>. Dann sagte sie:<\/p>\n<p class=\"well2\">Papa, du riechst nach dem gr\u00fcnen Porsche<span style=\"font-size: 8pt;\"> (964)<\/span>!<\/p>\n<p>Mein Mann antwortete lachend: \u201e<strong>Ach, wirklich?<\/strong>\u201c \u2013 vielleicht hat sich der Duft des 964 nach so viel Fahrzeit einfach in seine Haut eingebrannt. Witzig, oder?<\/p>\n<p>Sp\u00e4ter fragte ich unsere Tochter: \u201e<strong>Wie riecht denn der gr\u00fcne Porsche?<\/strong>\u201c Nach kurzem Nachdenken antwortete sie:<\/p>\n<p class=\"well2\">\u201eHmm\u2026 ich wei\u00df nicht\u2026\u201c<\/p>\n<p>Das ist verst\u00e4ndlich, denn diesen Duft zu beschreiben ist wirklich schwierig. Ich fragte weiter: \u201e<strong>War es ein angenehmer oder unangenehmer Geruch?<\/strong>\u201c Sie meinte:<\/p>\n<p class=\"well2\">Hmm, nicht wirklich angenehm, aber auch nicht schlecht.<\/p>\n<p>Eine ziemlich unklare Beschreibung (-_-). Vielleicht meint sie: \u201eNicht besonders gut, aber auch nicht absto\u00dfend.\u201c<\/p>\n<h3 class=\"style3a\">Der einzigartige Duft des luftgek\u00fchlten Porsche<\/h3>\n<p>Viele luftgek\u00fchlte Porsche-Besitzer, die ich bisher getroffen habe, sagen: \u201e<strong>Ich liebe den einzigartigen Duft des luftgek\u00fchlten 911<\/strong>\u201c. Doch wenn man fragt: \u201e<strong>Was genau riecht man da eigentlich?<\/strong>\u201c, endet das Gespr\u00e4ch oft mit einem \u201eKeine Ahnung\u2026\u201c.<\/p>\n<p><img loading=\"lazy\" decoding=\"async\" class=\"alignnone size-large wp-image-9911\" src=\"https:\/\/www.panamera-life.com\/wp-content\/uploads\/2019\/03\/Porsche_911_Carrera_2_-_Flickr_-_The_Car_Spy_4-800x600.jpg\" alt=\"\" width=\"800\" height=\"600\" \/><\/p>\n<p>Ich fragte auch meinen Mann: \u201e<strong>Du sagst, der luftgek\u00fchlte Porsche riecht gut, aber was genau ist das f\u00fcr ein Geruch?<\/strong>\u201c Er antwortete:<\/p>\n<p class=\"well3\">Das ist schwer zu sagen. Vielleicht der Geruch der Ledersitze\u2026 oder das Motor\u00f6l\u2026 aber auf jeden Fall beruhigend.<\/p>\n<p>Wenn er mal den Boxster f\u00e4hrt, sagt er auch: \u201e<strong>Das riecht irgendwie nach Porsche<\/strong>\u201c, aber der Duft ist ganz anders als beim 964. Also habe ich beschlossen, dem Geheimnis dieses einzigartigen luftgek\u00fchlten Dufts auf den Grund zu gehen.<\/p>\n<h3 class=\"style3a\">Liegt es an den Ledersitzen oder am Motor?<\/h3>\n<p>Ich recherchierte im Internet, fand aber kaum belastbare Informationen. Viele scheinen sich dieselbe Frage zu stellen: \u201e<strong>Was ist eigentlich dieser Geruch?<\/strong>\u201c Zum Beispiel schrieb jemand in seinem Blog:<\/p>\n<p class=\"well2\">&#8211; Alle luftgek\u00fchlten 911 riechen \u00e4hnlich, aber liegt es wirklich am Leder?<br \/>\n&#8211; Die Ledersitze sind in gutem Zustand, ohne Kratzer, und es riecht nicht aus den L\u00fcftungsschlitzen.<br \/>\n&#8211; Geruchlose Auto-Desinfektionsmittel halfen nicht.<br \/>\n&#8211; Der Geruch verschwindet auch nach \u00fcber 10 Jahren nicht.<br \/>\n&#8211; In der feuchten Regenzeit scheint der Geruch st\u00e4rker zu werden.<br \/>\n&#8211; Es ist kein muffiger, benzin- oder Abgasgeruch.<br \/>\n&#8211; Stimmt das Ger\u00fccht, dass Luft aus dem Motorraum in den Innenraum geleitet wird und den Geruch verursacht?<br \/>\n&#8211; L\u00fcften durch ge\u00f6ffnete T\u00fcren brachte kaum Ver\u00e4nderung.<br \/>\n<span style=\"font-size: 8pt;\"><a href=\"https:\/\/plaza.rakuten.co.jp\/porscheviki\/diary\/200607170000\/\" target=\"_blank\" rel=\"noopener noreferrer\">\uff0aPorsche (TYPE964) und Leica \u2013 \u201eDer Porsche-Geruch\u2026\u201c<\/a><\/span><\/p>\n<p class=\"well2\">&#8211; Der sogenannte \u201ePorsche-Geruch\u201c bleibt ein R\u00e4tsel.<br \/>\n&#8211; Ledergeruch? Nur die Sitzfl\u00e4che ist mit echtem Leder bezogen, daher zweifelhaft.<br \/>\n&#8211; Kommt der Geruch aus dem Motorraum?<br \/>\n&#8211; Oder ist es der Klebstoff, der f\u00fcr die Innenausstattung verwendet wurde?<br \/>\n<span style=\"font-size: 8pt;\">\uff0aQuelle: <a href=\"https:\/\/minkara.carview.co.jp\/userid\/368036\/blog\/23234293\/\" target=\"_blank\" rel=\"noopener noreferrer\">\u201ePorsche-Leben \u2013 das Gl\u00fcck mit Porsche \u2013 Die Wahrheit \u00fcber den Porsche-Geruch\u201c<\/a><\/span><\/p>\n<p>Viele Artikel betonen jedoch, dass es kein unangenehmer Geruch wie Zigarettenrauch oder Duftstoffe ist. Sicher, es ist kein schlechter Geruch, aber was genau ist es dann?<\/p>\n<p><img loading=\"lazy\" decoding=\"async\" class=\"alignnone size-large wp-image-9912\" src=\"https:\/\/www.panamera-life.com\/wp-content\/uploads\/2019\/03\/Porsche_911_964_Carrera_2_7507186784-800x600.jpg\" alt=\"\" width=\"800\" height=\"600\" \/><\/p>\n<h3 class=\"style3a\">Der Duft des luftgek\u00fchlten 911 \u2013 internationale Diskussion<\/h3>\n<p>Da ich in japanischen Blogs keine eindeutigen Antworten fand, suchte ich auf Englisch und stie\u00df auf ein Forum mit der Frage: \u201e<strong>Aircooled 911 interior smell \u2013 What\u2019s the source?<\/strong>\u201c \u2013 also \u201eDer Duft im Innenraum des luftgek\u00fchlten 911 \u2013 Woher kommt er?\u201c<\/p>\n<p><span style=\"font-size: 14pt;\">Diese Frage besch\u00e4ftigt offenbar Porsche-Fans weltweit (lacht).<\/span><\/p>\n<p>Der Fragesteller plant, seinen 964 zu restaurieren, m\u00f6chte aber den charakteristischen Duft erhalten und fragt, ob jemand die Herkunft kennt.<\/p>\n<p>Die Antworten waren vielf\u00e4ltig (frei \u00fcbersetzt, Fehler m\u00f6glich):  <\/p>\n<p class=\"well\">Ich denke, der Geruch kommt vom \u00d6l, das auf den W\u00e4rmetauscher tropft und verbrennt.<\/p>\n<p class=\"well\">Das ist Teil des \u00e4u\u00dferen Dufts, zusammen mit dem Geruch verbrannter Bremsen, Kupplung und dem Duft von 98 Oktan Benzin.<\/p>\n<p class=\"well\">Seufz\u2026 das R\u00e4tsel wird wohl ewig ungel\u00f6st bleiben\u2026<\/p>\n<p class=\"well\">Vielleicht ist es das Leder\u2026 auch Ferraris haben einen charakteristischen Geruch.<\/p>\n<p class=\"well\">Ich glaube, es h\u00e4ngt mit dem Schallschutzschaum und dem Klebstoff im Innenraum zusammen. Ich habe die Sitze ausgebaut und einige Tage in der Garage gelagert \u2013 kein Geruch. Auch die Verbindung zwischen Motorraum und Heizung spielt wohl eine Rolle.<\/p>\n<p class=\"well\">Ich hatte einen 964 und der roch so. \u00d6l tropfte auf den W\u00e4rmetauscher und in den Innenraum. Wasserleckagen f\u00fchrten zu Schimmel unter dem Teppich. Der muffige, \u00f6lige Geruch entsteht durch Hitze und Alterung. Mein neuerer 993 hat diesen Geruch nicht, weil kein \u00d6l oder Wasser austritt. Wirklich!<\/p>\n<p class=\"well\">Ich denke, es liegt am Klebstoff (vielleicht von W\u00fcrth?) oder anderen Innenmaterialien.<\/p>\n<p class=\"well\">F\u00fcr mich ist es kein Geruch, sondern ein Duft! Im Gegensatz zu normalen Autos, die ihren Geruch nach Monaten verlieren, wird der Duft unserer Porsches mit der Zeit intensiver.<\/p>\n<p class=\"well\">Ich liebe den Geruch der Motorw\u00e4rme. Der Duft von verbranntem \u00d6l bedeutet, dass wir beide Spa\u00df hatten.<\/p>\n<p><span style=\"font-size: 8pt;\">\uff0aQuelle: <a href=\"https:\/\/rennlist.com\/forums\/964-forum\/415322-aircooled-911-interior-smell-what-s-the-source.html\" target=\"_blank\" rel=\"noopener noreferrer\">Aircooled 911 interior smell \u2013 What\u2019s the source?<\/a><\/span><\/p>\n<p><img loading=\"lazy\" decoding=\"async\" class=\"alignnone size-large wp-image-9913\" src=\"https:\/\/www.panamera-life.com\/wp-content\/uploads\/2019\/03\/16117731784_78d4675bcf_b-800x450.jpg\" alt=\"\" width=\"800\" height=\"450\" \/><\/p>\n<h3 class=\"style3a\">Was steckt wirklich hinter dem Duft des luftgek\u00fchlten Porsche?<\/h3>\n<p>Am Ende bleibt das Geheimnis des einzigartigen Duftes des luftgek\u00fchlten 911 ungel\u00f6st. Aber vielleicht ist das auch gut so. Der Geruch vereint Motor\u00f6l, Leder, den Schwei\u00df des Fahrers, Romantik und die gemeinsamen Erinnerungen an jede Fahrt \u2013 all das macht diesen Duft so besonders.<\/p>\n<p>Trotzdem w\u00fcrde ich bei Gelegenheit gerne mal einen Porsche-Insider fragen, was es mit diesem Duft wirklich auf sich hat. W\u00e4re doch spannend, oder? (lacht)<\/p>\n","protected":false},"excerpt":{"rendered":"Der Duft des gr\u00fcnen Porsche K\u00fcrzlich kam mein Mann nach der Arbeit nach Hause, nachdem er den ganzen Tag seinen luftgek\u00fchlten 911 (964) gefahren war. Unsere \u00e4lteste Tochter rief: \u201eWillkommen zur\u00fcck~\u201c und sprang ihm entgegen (wenn sie gut gelaunt ist, rennt sie und umarmt ihn, aber bei schlechter Laune ignoriert sie ihn komplett\u2026 ein f\u00fcnfj\u00e4hriges M\u00e4dchen mit wechselhaftem Gem\u00fct). Dann sagte sie: Papa, du riechst nach dem gr\u00fcnen Porsche (964)! Mein Mann antwortete lachend: \u201eAch,...","protected":false},"author":0,"featured_media":9910,"comment_status":"open","ping_status":"closed","sticky":false,"template":"","format":"standard","meta":{"footnotes":"","_locale":"de_DE","_original_post":"https:\/\/www.panamera-life.com\/?p=9894"},"categories":[271,30],"tags":[183,188,222],"yoast_head":"<title>Der unverwechselbare Duft des luftgek\u00fchlten Porsche 911 \u2013 Was steckt wirklich dahinter? - \u30dd\u30eb\u30b7\u30a7\u304c\u308f\u304c\u5bb6\u306b\u3084\u3063\u3066\u304d\u305f - \u30aa\u30fc\u30ca\u30fc\u30ba\u30d6\u30ed\u30b0<\/title>\n<meta name=\"description\" content=\"Der einzigartige Duft des luftgek\u00fchlten Porsche 911 fasziniert Fans weltweit. Erfahren Sie mehr \u00fcber den geheimnisvollen Geruch und das Porsche Fahrerlebnis.\" \/>\n<meta name=\"robots\" content=\"index, follow, max-snippet:-1, max-image-preview:large, max-video-preview:-1\" \/>\n<link rel=\"canonical\" href=\"https:\/\/www.panamera-life.com\/de\/entry\/air-cooled-porsche-smell\/\" \/>\n<meta property=\"og:locale\" content=\"de_DE\" \/>\n<meta property=\"og:type\" content=\"article\" \/>\n<meta property=\"og:title\" content=\"Der unverwechselbare Duft des luftgek\u00fchlten Porsche 911 \u2013 Was steckt wirklich dahinter? - \u30dd\u30eb\u30b7\u30a7\u304c\u308f\u304c\u5bb6\u306b\u3084\u3063\u3066\u304d\u305f - \u30aa\u30fc\u30ca\u30fc\u30ba\u30d6\u30ed\u30b0\" \/>\n<meta property=\"og:description\" content=\"Der einzigartige Duft des luftgek\u00fchlten Porsche 911 fasziniert Fans weltweit. Erfahren Sie mehr \u00fcber den geheimnisvollen Geruch und das Porsche Fahrerlebnis.\" \/>\n<meta property=\"og:url\" content=\"https:\/\/www.panamera-life.com\/de\/entry\/air-cooled-porsche-smell\/\" \/>\n<meta property=\"og:site_name\" content=\"\u30dd\u30eb\u30b7\u30a7\u304c\u308f\u304c\u5bb6\u306b\u3084\u3063\u3066\u304d\u305f - \u30aa\u30fc\u30ca\u30fc\u30ba\u30d6\u30ed\u30b0\" \/>\n<meta property=\"article:publisher\" content=\"https:\/\/www.facebook.com\/panameralife\/\" \/>\n<meta property=\"article:published_time\" content=\"2019-03-26T21:00:01+00:00\" \/>\n<meta property=\"article:modified_time\" content=\"2020-08-21T02:30:42+00:00\" \/>\n<meta property=\"og:image\" content=\"https:\/\/www.panamera-life.com\/wp-content\/uploads\/2019\/03\/Porsche_964_Carrera_4_-_Flickr_-_Alexandre_Pre\u0301vot.jpg\" \/>\n\t<meta property=\"og:image:width\" content=\"3000\" \/>\n\t<meta property=\"og:image:height\" content=\"2000\" \/>\n\t<meta property=\"og:image:type\" content=\"image\/jpeg\" \/>\n<meta name=\"twitter:label1\" content=\"Gesch\u00e4tzte Lesezeit\" \/>\n\t<meta name=\"twitter:data1\" content=\"4\u00a0Minuten\" \/>","yoast_head_json":{"title":"Der unverwechselbare Duft des luftgek\u00fchlten Porsche 911 \u2013 Was steckt wirklich dahinter? - \u30dd\u30eb\u30b7\u30a7\u304c\u308f\u304c\u5bb6\u306b\u3084\u3063\u3066\u304d\u305f - \u30aa\u30fc\u30ca\u30fc\u30ba\u30d6\u30ed\u30b0","description":"Der einzigartige Duft des luftgek\u00fchlten Porsche 911 fasziniert Fans weltweit. Erfahren Sie mehr \u00fcber den geheimnisvollen Geruch und das Porsche Fahrerlebnis.","robots":{"index":"index","follow":"follow","max-snippet":"max-snippet:-1","max-image-preview":"max-image-preview:large","max-video-preview":"max-video-preview:-1"},"canonical":"https:\/\/www.panamera-life.com\/de\/entry\/air-cooled-porsche-smell\/","og_locale":"de_DE","og_type":"article","og_title":"Der unverwechselbare Duft des luftgek\u00fchlten Porsche 911 \u2013 Was steckt wirklich dahinter? - \u30dd\u30eb\u30b7\u30a7\u304c\u308f\u304c\u5bb6\u306b\u3084\u3063\u3066\u304d\u305f - \u30aa\u30fc\u30ca\u30fc\u30ba\u30d6\u30ed\u30b0","og_description":"Der einzigartige Duft des luftgek\u00fchlten Porsche 911 fasziniert Fans weltweit. Erfahren Sie mehr \u00fcber den geheimnisvollen Geruch und das Porsche Fahrerlebnis.","og_url":"https:\/\/www.panamera-life.com\/de\/entry\/air-cooled-porsche-smell\/","og_site_name":"\u30dd\u30eb\u30b7\u30a7\u304c\u308f\u304c\u5bb6\u306b\u3084\u3063\u3066\u304d\u305f - \u30aa\u30fc\u30ca\u30fc\u30ba\u30d6\u30ed\u30b0","article_publisher":"https:\/\/www.facebook.com\/panameralife\/","article_published_time":"2019-03-26T21:00:01+00:00","article_modified_time":"2020-08-21T02:30:42+00:00","og_image":[{"width":3000,"height":2000,"url":"https:\/\/www.panamera-life.com\/wp-content\/uploads\/2019\/03\/Porsche_964_Carrera_4_-_Flickr_-_Alexandre_Pre\u0301vot.jpg","type":"image\/jpeg"}],"twitter_misc":{"Gesch\u00e4tzte Lesezeit":"4\u00a0Minuten"},"schema":{"@context":"https:\/\/schema.org","@graph":[{"@type":"Article","@id":"https:\/\/www.panamera-life.com\/de\/entry\/air-cooled-porsche-smell\/#article","isPartOf":{"@id":"https:\/\/www.panamera-life.com\/de\/entry\/air-cooled-porsche-smell\/"},"author":{"name":"","@id":""},"headline":"Der unverwechselbare Duft des luftgek\u00fchlten Porsche 911 \u2013 Was steckt wirklich dahinter?","datePublished":"2019-03-26T21:00:01+00:00","dateModified":"2020-08-21T02:30:42+00:00","mainEntityOfPage":{"@id":"https:\/\/www.panamera-life.com\/de\/entry\/air-cooled-porsche-smell\/"},"wordCount":898,"commentCount":0,"publisher":{"@id":"https:\/\/www.panamera-life.com\/#organization"},"image":{"@id":"https:\/\/www.panamera-life.com\/de\/entry\/air-cooled-porsche-smell\/#primaryimage"},"thumbnailUrl":"https:\/\/www.panamera-life.com\/wp-content\/uploads\/2019\/03\/Porsche_964_Carrera_4_-_Flickr_-_Alexandre_Pre\u0301vot.jpg","keywords":["Porsche 911","Luftgek\u00fchlter Porsche","964"],"articleSection":["Faszination Porsche","Porsche 911"],"inLanguage":"de","potentialAction":[{"@type":"CommentAction","name":"Comment","target":["https:\/\/www.panamera-life.com\/de\/entry\/air-cooled-porsche-smell\/#respond"]}]},{"@type":"WebPage","@id":"https:\/\/www.panamera-life.com\/de\/entry\/air-cooled-porsche-smell\/","url":"https:\/\/www.panamera-life.com\/de\/entry\/air-cooled-porsche-smell\/","name":"Der unverwechselbare Duft des luftgek\u00fchlten Porsche 911 \u2013 Was steckt wirklich dahinter? - \u30dd\u30eb\u30b7\u30a7\u304c\u308f\u304c\u5bb6\u306b\u3084\u3063\u3066\u304d\u305f - \u30aa\u30fc\u30ca\u30fc\u30ba\u30d6\u30ed\u30b0","isPartOf":{"@id":"https:\/\/www.panamera-life.com\/#website"},"primaryImageOfPage":{"@id":"https:\/\/www.panamera-life.com\/de\/entry\/air-cooled-porsche-smell\/#primaryimage"},"image":{"@id":"https:\/\/www.panamera-life.com\/de\/entry\/air-cooled-porsche-smell\/#primaryimage"},"thumbnailUrl":"https:\/\/www.panamera-life.com\/wp-content\/uploads\/2019\/03\/Porsche_964_Carrera_4_-_Flickr_-_Alexandre_Pre\u0301vot.jpg","datePublished":"2019-03-26T21:00:01+00:00","dateModified":"2020-08-21T02:30:42+00:00","description":"Der einzigartige Duft des luftgek\u00fchlten Porsche 911 fasziniert Fans weltweit. Erfahren Sie mehr \u00fcber den geheimnisvollen Geruch und das Porsche Fahrerlebnis.","breadcrumb":{"@id":"https:\/\/www.panamera-life.com\/de\/entry\/air-cooled-porsche-smell\/#breadcrumb"},"inLanguage":"de","potentialAction":[{"@type":"ReadAction","target":["https:\/\/www.panamera-life.com\/de\/entry\/air-cooled-porsche-smell\/"]}]},{"@type":"ImageObject","inLanguage":"de","@id":"https:\/\/www.panamera-life.com\/de\/entry\/air-cooled-porsche-smell\/#primaryimage","url":"https:\/\/www.panamera-life.com\/wp-content\/uploads\/2019\/03\/Porsche_964_Carrera_4_-_Flickr_-_Alexandre_Pre\u0301vot.jpg","contentUrl":"https:\/\/www.panamera-life.com\/wp-content\/uploads\/2019\/03\/Porsche_964_Carrera_4_-_Flickr_-_Alexandre_Pre\u0301vot.jpg","width":3000,"height":2000},{"@type":"BreadcrumbList","@id":"https:\/\/www.panamera-life.com\/de\/entry\/air-cooled-porsche-smell\/#breadcrumb","itemListElement":[{"@type":"ListItem","position":1,"name":"\u30db\u30fc\u30e0","item":"https:\/\/www.panamera-life.com\/"},{"@type":"ListItem","position":2,"name":"Der unverwechselbare Duft des luftgek\u00fchlten Porsche 911 \u2013 Was steckt wirklich dahinter?"}]},{"@type":"WebSite","@id":"https:\/\/www.panamera-life.com\/#website","url":"https:\/\/www.panamera-life.com\/","name":"\u30dd\u30eb\u30b7\u30a7\u304c\u308f\u304c\u5bb6\u306b\u3084\u3063\u3066\u304d\u305f - \u30aa\u30fc\u30ca\u30fc\u30ba\u30d6\u30ed\u30b0","description":"\u30dd\u30eb\u30b7\u30a7\u306b\u9b45\u4e86\u3055\u308c\u305f\u59bb\u304c\u66f8\u304f\u30dd\u30eb\u30b7\u30a7\u30d6\u30ed\u30b0\u3067\u3059\u3002\u6240\u6709\u3059\u308b\u30dd\u30eb\u30b7\u30a7 911\u30ab\u30ec\u30e9\uff08964\uff09\u3001911GT3\u3001\u30dc\u30af\u30b9\u30bf\u30fc\u3001\u30d1\u30ca\u30e1\u30fc\u30e9\u306e\u30ec\u30d3\u30e5\u30fc\u3084\u7dad\u6301\u8cbb\u3001\u30c4\u30fc\u30ea\u30f3\u30b0\u8a18\u306a\u3069\u3002\u30cb\u30e5\u30fc\u30b9\u8a18\u4e8b\u3067\u306f\u5206\u304b\u3089\u306a\u3044\u751f\u306e\u30dd\u30eb\u30b7\u30a7\u30aa\u30fc\u30ca\u30fc\u306e\u58f0\u3092\u5b9a\u671f\u914d\u4fe1\u3059\u308b\u30d6\u30ed\u30b0\u3067\u3059\u3002","publisher":{"@id":"https:\/\/www.panamera-life.com\/#organization"},"potentialAction":[{"@type":"SearchAction","target":{"@type":"EntryPoint","urlTemplate":"https:\/\/www.panamera-life.com\/?s={search_term_string}"},"query-input":{"@type":"PropertyValueSpecification","valueRequired":true,"valueName":"search_term_string"}}],"inLanguage":"de"},{"@type":"Organization","@id":"https:\/\/www.panamera-life.com\/#organization","name":"\u30dd\u30eb\u30b7\u30a7\u304c\u308f\u304c\u5bb6\u306b\u3084\u3063\u3066\u304d\u305f","url":"https:\/\/www.panamera-life.com\/","logo":{"@type":"ImageObject","inLanguage":"de","@id":"https:\/\/www.panamera-life.com\/#\/schema\/logo\/image\/","url":"https:\/\/www.panamera-life.com\/wp-content\/uploads\/2021\/05\/unnamed.jpg","contentUrl":"https:\/\/www.panamera-life.com\/wp-content\/uploads\/2021\/05\/unnamed.jpg","width":512,"height":512,"caption":"\u30dd\u30eb\u30b7\u30a7\u304c\u308f\u304c\u5bb6\u306b\u3084\u3063\u3066\u304d\u305f"},"image":{"@id":"https:\/\/www.panamera-life.com\/#\/schema\/logo\/image\/"},"sameAs":["https:\/\/www.facebook.com\/panameralife\/","https:\/\/x.com\/Mina_Panamera","https:\/\/www.instagram.com\/mina_porsche\/","https:\/\/www.youtube.com\/channel\/UCoyAW0ifcnk05Iryf7-bkhg"]}]}},"_links":{"self":[{"href":"https:\/\/www.panamera-life.com\/wp-json\/wp\/v2\/posts\/38889"}],"collection":[{"href":"https:\/\/www.panamera-life.com\/wp-json\/wp\/v2\/posts"}],"about":[{"href":"https:\/\/www.panamera-life.com\/wp-json\/wp\/v2\/types\/post"}],"replies":[{"embeddable":true,"href":"https:\/\/www.panamera-life.com\/wp-json\/wp\/v2\/comments?post=38889"}],"version-history":[{"count":0,"href":"https:\/\/www.panamera-life.com\/wp-json\/wp\/v2\/posts\/38889\/revisions"}],"wp:featuredmedia":[{"embeddable":true,"href":"https:\/\/www.panamera-life.com\/wp-json\/wp\/v2\/media\/9910"}],"wp:attachment":[{"href":"https:\/\/www.panamera-life.com\/wp-json\/wp\/v2\/media?parent=38889"}],"wp:term":[{"taxonomy":"category","embeddable":true,"href":"https:\/\/www.panamera-life.com\/wp-json\/wp\/v2\/categories?post=38889"},{"taxonomy":"post_tag","embeddable":true,"href":"https:\/\/www.panamera-life.com\/wp-json\/wp\/v2\/tags?post=38889"}],"curies":[{"name":"wp","href":"https:\/\/api.w.org\/{rel}","templated":true}]}}