{"id":38916,"date":"2019-04-14T06:00:04","date_gmt":"2019-04-13T21:00:04","guid":{"rendered":"https:\/\/www.panamera-life.com\/?p=38916"},"modified":"2019-06-07T10:21:11","modified_gmt":"2019-06-07T01:21:11","slug":"grand-tour-porsche-917","status":"publish","type":"post","link":"https:\/\/www.panamera-life.com\/de\/entry\/grand-tour-porsche-917\/","title":{"rendered":"50 Jahre Porsche 917 \u2013 Die Geschichte und Erfolge des legend\u00e4ren Rennwagens in Amazon Prime Video \u201eThe Grand Tour\u201c"},"content":{"rendered":"<h3 class=\"style3a\">Spezial \u00fcber den 917 in The Grand Tour<\/h3>\n<p>Die ber\u00fchmte britische Autosendung \u201e<strong>Top Gear<\/strong>\u201c vom BBC ist vielen bekannt. Die drei urspr\u00fcnglichen Moderatoren Jeremy Clarkson, Richard Hammond und James May pr\u00e4sentieren auch die Amazon Prime Video Autoshow \u201e<strong>The Grand Tour<\/strong><span style=\"font-size: 8pt;\"> (The Grand Tour)<\/span>\u201c, die ebenfalls sehr unterhaltsam ist und von vielen bereits gesehen wurde.<\/p>\n<p><img loading=\"lazy\" decoding=\"async\" class=\"alignnone size-large wp-image-10497\" src=\"https:\/\/www.panamera-life.com\/wp-content\/uploads\/2019\/04\/91pJvEpR0L._RI_-800x600.jpg\" alt=\"\" width=\"800\" height=\"600\" \/><br \/>\n<span style=\"font-size: 8pt;\">*Bildquelle: <a href=\"https:\/\/www.amazon.co.jp\/gp\/video\/detail\/B07MCFPRBG\" target=\"_blank\" rel=\"noopener\">Amazon Prime \u201eThe Grand Tour (mit Untertiteln)\u201c<\/a><\/span><\/p>\n<div id=\"rinkerid10494\" class=\"yyi-rinker-contents  yyi-rinker-postid-10494 yyi-rinker-img-m yyi-rinker-catid-59 \">\n\t<div class=\"yyi-rinker-box\">\n\t\t<div class=\"yyi-rinker-image\">\n\t\t\t\t\t\t\t<a href=\"https:\/\/www.amazon.co.jp\/dp\/B07MCMG4C5?tag=naturallink-22&#038;linkCode=ogi&#038;th=1&#038;psc=1\" rel=\"nofollow\" class=\"yyi-rinker-tracking\"  data-click-tracking=\"amazon_img 10494 \u30b0\u30e9\u30f3\u30c9\u30fb\u30c4\u30a2\u30fc \u30b7\u30fc\u30ba\u30f3\uff13\" data-vars-click-id=\"amazon_img 10494 \u30b0\u30e9\u30f3\u30c9\u30fb\u30c4\u30a2\u30fc \u30b7\u30fc\u30ba\u30f3\uff13\"><img loading=\"lazy\" decoding=\"async\" src=\"https:\/\/m.media-amazon.com\/images\/I\/517Oi-KY5lL._SL160_.jpg\"  width=\"160\" height=\"120\" class=\"yyi-rinker-main-img\" style=\"border: none;\"><\/a>\t\t\t\t\t<\/div>\n\t\t<div class=\"yyi-rinker-info\">\n\t\t\t<div class=\"yyi-rinker-title\">\n\t\t\t\t\t\t\t\t\t<a href=\"https:\/\/www.amazon.co.jp\/dp\/B07MCMG4C5?tag=naturallink-22&#038;linkCode=ogi&#038;th=1&#038;psc=1\" rel=\"nofollow\" class=\"yyi-rinker-tracking\" data-click-tracking=\"amazon_title 10494 \u30b0\u30e9\u30f3\u30c9\u30fb\u30c4\u30a2\u30fc \u30b7\u30fc\u30ba\u30f3\uff13\" data-vars-amp-click-id=\"amazon_title 10494 \u30b0\u30e9\u30f3\u30c9\u30fb\u30c4\u30a2\u30fc \u30b7\u30fc\u30ba\u30f3\uff13\" >\u30b0\u30e9\u30f3\u30c9\u30fb\u30c4\u30a2\u30fc \u30b7\u30fc\u30ba\u30f3\uff13<\/a>\t\t\t\t\t\t\t<\/div>\n\t\t\t<div class=\"yyi-rinker-detail\">\n\t\t\t\t\t\t\t<div class=\"credit-box\">created by&nbsp;<a href=\"https:\/\/oyakosodate.com\/rinker\/\" rel=\"nofollow noopener\" target=\"_blank\" >Rinker<\/a><\/div>\n\t\t\t\t\t\t\t\t\t\t<div class=\"price-box\">\n\t\t\t\t\t\t\t<\/div>\n\t\t\t\t\t\t<\/div>\n\t\t\t\t\t\t<ul class=\"yyi-rinker-links\">\n\t\t\t\t\t\t\t\t\t\t\t\t\t\t\t\t                    <li class=\"amazonlink\">\n\t\t\t\t\t\t<a href=\"https:\/\/www.amazon.co.jp\/dp\/B07MCMG4C5?tag=naturallink-22&amp;linkCode=ogi&amp;th=1&amp;psc=1\" rel=\"nofollow\" class=\"yyi-rinker-link yyi-rinker-tracking\"  data-click-tracking=\"amazon 10494 \u30b0\u30e9\u30f3\u30c9\u30fb\u30c4\u30a2\u30fc \u30b7\u30fc\u30ba\u30f3\uff13\"  data-vars-amp-click-id=\"amazon 10494 \u30b0\u30e9\u30f3\u30c9\u30fb\u30c4\u30a2\u30fc \u30b7\u30fc\u30ba\u30f3\uff13\">Amazon<\/a>\t\t\t\t\t<\/li>\n\t\t\t\t\t\t\t\t\t\t\t\t                \t\t\t\t\t\t\t\t\t\t\t<\/ul>\n\t\t\t\t\t<\/div>\n\t<\/div>\n<\/div>\n\n<p>\u00dcbrigens ist der Hauptmoderator in der Mitte, <strong>Jeremy Clarkson<\/strong>, laut Angaben 1960 geboren und 59 Jahre alt \u2013 j\u00fcnger als erwartet. Aufgrund seiner Haare, Haut und dem Bauchumfang <span style=\"font-size: 8pt;\">(lach)<\/span> h\u00e4tte ich ihn eher f\u00fcr einen 70-J\u00e4hrigen gehalten.<\/p>\n<p>Seine K\u00f6rpergr\u00f6\u00dfe betr\u00e4gt stolze 195 cm.<\/p>\n<p>Links steht der eher klein gewachsene <strong>Richard Hammond<\/strong>, geboren 1969 und 49 Jahre alt. Auch er wirkt j\u00fcnger als gedacht. Er ist \u00fcbrigens im gleichen Jahr geboren wie der japanische S\u00e4nger Fukuyama Masaharu, was ich kaum glauben kann \u2013 oder Fukuyama ist einfach au\u00dfergew\u00f6hnlich <span style=\"font-size: 8pt;\">(-_-)<\/span>.<\/p>\n<p>Mit 170 cm wirkt er neben dem 195 cm gro\u00dfen Jeremy sehr klein.<\/p>\n<p>Rechts im Bild ist <strong>James May<\/strong>, geboren 1963 und 56 Jahre alt. F\u00fcr mich wirkt er am ehesten wie ein britischer Gentleman und am altersgem\u00e4\u00dfesten von den dreien <wbr>.<\/p>\n<p>Die Amazon Prime Video Show \u201e<strong>The Grand Tour<\/strong>\u201c mit diesen drei Moderatoren ist im Vergleich zu \u00fcblichen Autosendungen ziemlich verr\u00fcckt. Dennoch scheinen sie im Vergleich zu \u201eTop Gear\u201c etwas ruhiger geworden zu sein. Schlie\u00dflich sind alle drei \u00e4lter geworden und hatten auch schon schwere Unf\u00e4lle w\u00e4hrend der Dreharbeiten. <span style=\"font-size: 8pt;\">(Aber ihr bissiger Humor ist geblieben)<\/span>.<\/p>\n<p>In der dritten Staffel von The Grand Tour wurde k\u00fcrzlich ein \u201e<strong>Spezial zum Porsche 917 (Die Legende lebt \u2013 grenzenlose Liebe zu Lancia und der unverg\u00e4ngliche 917)<\/strong>\u201c ausgestrahlt. Mein Mann hatte es schon gesehen und meinte:<\/p>\n<p class=\"well3\">\u201eDas ist wirklich interessant, schau es dir mal an.\u201c<\/p>\n<p>Also habe ich es mir sofort angesehen.<\/p>\n<h3 class=\"style3a\">Der legend\u00e4re Porsche 917<\/h3>\n<p>Als relativ neue Porsche-Fan wusste ich bisher wenig \u00fcber den 917. Ich hatte ihn zwar schon mal gesehen, aber kaum im Ged\u00e4chtnis behalten. Das Spezial wurde von <strong>James May moderiert<\/strong>, der zu Beginn sagte: \u201e<strong>Porsche hat schon immer gro\u00dfartige Autos gebaut<\/strong>\u201c. Jeremy entgegnete prompt: \u201e911, oder?\u201c<\/p>\n<p><img loading=\"lazy\" decoding=\"async\" class=\"alignnone size-large wp-image-10509\" src=\"https:\/\/www.panamera-life.com\/wp-content\/uploads\/2019\/04\/IMG_1792-1-800x600.jpeg\" alt=\"\" width=\"800\" height=\"600\" \/><\/p>\n<p><img loading=\"lazy\" decoding=\"async\" class=\"alignnone size-large wp-image-10510\" src=\"https:\/\/www.panamera-life.com\/wp-content\/uploads\/2019\/04\/IMG_1793-1-800x600.jpeg\" alt=\"\" width=\"800\" height=\"600\" \/><\/p>\n<p><img loading=\"lazy\" decoding=\"async\" class=\"alignnone size-large wp-image-10511\" src=\"https:\/\/www.panamera-life.com\/wp-content\/uploads\/2019\/04\/IMG_1794-1-800x600.jpeg\" alt=\"\" width=\"800\" height=\"600\" \/><\/p>\n<p>\u2026 typisch! <span style=\"font-size: 8pt;\">(lach)<\/span><\/p>\n<p>James bezeichnet den Porsche 917 als \u201e<strong>das beste Auto, das Porsche je gebaut hat<\/strong>\u201c und dieses Jahr feiert der Wagen seinen <strong>50. Geburtstag<\/strong>. Das restaurierte Exemplar \u201e917-001\u201c wird vom 14. Mai bis 15. September im Porsche Museum in Deutschland ausgestellt. Ich w\u00fcrde es gerne sehen!<\/p>\n<p><img loading=\"lazy\" decoding=\"async\" class=\"alignnone size-large wp-image-10512\" src=\"https:\/\/www.panamera-life.com\/wp-content\/uploads\/2019\/04\/IMG_1831-800x600.jpg\" alt=\"\" width=\"800\" height=\"600\" \/><\/p>\n<p>James sagt: \u201e<strong>Kein anderes Rennfahrzeug \u00fcbertrifft den Renncharakter des 917<\/strong>\u201c.<\/p>\n<p>Porsche ist ein \u00e4u\u00dferst erfolgreicher Hersteller bei den 24 Stunden von Le Mans mit 19 Siegen. <span style=\"font-size: 8pt;\">(Platz 2: Audi mit 13 Siegen, Platz 3: Ferrari mit 9 Siegen)<\/span> Der 917 war das Modell, das Porsche den ersten Gesamtsieg bei Le Mans brachte.<\/p>\n<p>Weltweit wurden nur 25 St\u00fcck gebaut, und der aktuelle Wert liegt bei etwa 14 Millionen Pfund, was umgerechnet rund 2 Milliarden Yen sind.<\/p>\n<p>Unglaublich\u2026 (\uff1b\uff9f\u0414\uff9f)<\/p>\n<p>Ich dachte mir: \u201eWie konnte Porsche so ein Auto f\u00fcr The Grand Tour ausleihen?\u201c James erkl\u00e4rte: \u201e<strong>Die Versicherung hat gesagt, dass niemand anderes als Captain Slow das Auto fahren darf, weil sonst Unf\u00e4lle passieren<\/strong>\u201c. James gilt als vorsichtiger Fahrer und ist meist der langsamste der drei Moderatoren bei Rennen.<\/p>\n<p>Das ist auch gut so, denn wenn die anderen fahren w\u00fcrden, w\u00e4re das Auto vermutlich schnell zerst\u00f6rt.<\/p>\n<p>Der 917 wirkt optisch gro\u00df und breit, aber <strong>im Innenraum ist er \u00fcberraschend eng<\/strong>.<\/p>\n<p><img loading=\"lazy\" decoding=\"async\" class=\"alignnone size-large wp-image-10514\" src=\"https:\/\/www.panamera-life.com\/wp-content\/uploads\/2019\/04\/IMG_1832-800x600.jpg\" alt=\"\" width=\"800\" height=\"600\" \/><\/p>\n<p><img loading=\"lazy\" decoding=\"async\" class=\"alignnone size-large wp-image-10515\" src=\"https:\/\/www.panamera-life.com\/wp-content\/uploads\/2019\/04\/IMG_1834-800x600.jpg\" alt=\"\" width=\"800\" height=\"600\" \/><\/p>\n<p>Eng\u2026 (lach)<\/p>\n<p>Beim Fahren erzeugt der Wagen einen ohrenbet\u00e4ubenden Sound. James meint: \u201e<strong>Obwohl das Auto 50 Jahre alt ist, ist es nach allen Ma\u00dfst\u00e4ben extrem schnell<\/strong>\u201c. Es beschleunigt in nur <strong>2,7 Sekunden auf 100 km\/h<\/strong> und erreicht eine H\u00f6chstgeschwindigkeit von <strong>360 km\/h<\/strong>. Der 5-Liter-12-Zylinder-Motor leistet <strong>621 PS<\/strong>.<\/p>\n<p>Zwar sind das heute keine Spitzenwerte mehr, aber bei einem Gewicht von nur 800 kg ist das Leistungsgewicht beeindruckend.<\/p>\n<p>Die Karosserie wurde kompromisslos gebaut und besteht nur aus minimalem Material. James\u2019 Kopf ber\u00fchrt Glasfasern mit einer Dicke von nur <strong>1,2 Millimetern<\/strong>.<\/p>\n<p>Das Armaturenbrett zeigt nur drei Instrumente: <strong>Drehzahlmesser, \u00d6ltemperatur und \u00d6ldruck<\/strong>. Solange diese Werte im gr\u00fcnen Bereich sind, l\u00e4uft der Motor.<\/p>\n<p><img loading=\"lazy\" decoding=\"async\" class=\"alignnone size-large wp-image-10516\" src=\"https:\/\/www.panamera-life.com\/wp-content\/uploads\/2019\/04\/IMG_1835-800x600.jpg\" alt=\"\" width=\"800\" height=\"600\" \/><\/p>\n<p>James gibt Vollgas: \u201e<strong>Das schnellste Kanu der Welt \u2013 ein Auto aus einer anderen Dimension!<\/strong>\u201c \u2013 seine Begeisterung ist gro\u00df.<\/p>\n<h3 class=\"style3a\">Von der Entstehung bis zum Le-Mans-Sieg<\/h3>\n<p>Doch der Weg zum fertigen 917 war voller Herausforderungen.<\/p>\n<h4 class=\"style4b\">Die Geburt des 917<\/h4>\n<p>1968 f\u00fchrte die Internationale Sportkommission (CSI) eine Regel ein, die Motoren \u00fcber 3 Liter Hubraum bei Sportwagenrennen verbot. Grund war, dass Prototypen zu teuer, zu schnell und zu gef\u00e4hrlich wurden.<\/p>\n<p>Als Ausnahme erlaubte die CSI Herstellern, die mindestens 25 stra\u00dfenzugelassene Exemplare bauten, Motoren bis 5 Liter.<\/p>\n<p>Diese Regelung nennt man \u201e<strong>Homologation<\/strong>\u201c.<\/p>\n<blockquote><p>Homologation bedeutet, dass ein Fahrzeugtyp innerhalb eines bestimmten Zeitraums in einer festgelegten St\u00fcckzahl produziert wurde und vom FIA offiziell anerkannt ist. \u00c4nderungen am Fahrzeug erfordern weitere Genehmigungen. Die Zulassung erlischt sieben Jahre nach Produktionsende, danach darf das Fahrzeug nicht mehr im Wettbewerb eingesetzt werden.<br \/>\n<span style=\"font-size: 8pt;\">*Quelle: Wikipedia \u201e<a href=\"https:\/\/ja.wikipedia.org\/wiki\/%E3%83%9B%E3%83%A2%E3%83%AD%E3%82%B2%E3%83%BC%E3%82%B7%E3%83%A7%E3%83%B3\" target=\"_blank\" rel=\"noopener\">Homologation<\/a>\u201c<\/span><\/p><\/blockquote>\n<p>F\u00fcr kleine Hersteller war es kaum vorstellbar, 25 St\u00fcck eines solchen Autos zu bauen, weshalb viele diese Regelung f\u00fcr unrealistisch hielten.<\/p>\n<p>Tats\u00e4chlich zogen sich Ferrari (3-Liter bis 5-Liter Prototypen) und Chevrolet (\u00fcber 5 Liter) aus dem Wettbewerb zur\u00fcck, Ford beschr\u00e4nkte sich auf Tochterteams.<\/p>\n<p>Porsche hingegen sah die Chance, denn bisher hatte man nur in kleinen Hubraumklassen Titel gewonnen. Ferdinand Pi\u00ebch <span style=\"font-size: 8pt;\">(Enkel des Porsche-Gr\u00fcnders Ferdinand Porsche)<\/span>, damals Motorsportchef bei Porsche, wollte den Gesamtsieg holen.<\/p>\n<p><img loading=\"lazy\" decoding=\"async\" class=\"alignnone size-large wp-image-10517\" src=\"https:\/\/www.panamera-life.com\/wp-content\/uploads\/2019\/04\/IMG_1846-800x600.jpg\" alt=\"\" width=\"800\" height=\"600\" \/><\/p>\n<p>Pi\u00ebch war auch an der Entwicklung des Bugatti Veyron und des ersten Audi Quattro beteiligt. Privat hatte er vier Frauen und 13 Kinder \u2013 ein echtes Multitalent.<\/p>\n<p>Zur\u00fcck zum Thema: Porsche war damals ein kleines Unternehmen mit begrenzten Mitteln.<\/p>\n<p>Doch Pi\u00ebch entschied, die 25 Autos zu bauen, um die Homologation zu erhalten \u2013 und das in nur wenigen Monaten vor Le Mans.<\/p>\n<p>Daf\u00fcr halfen alle Mitarbeiter mit, vom Buchhalter bis zur Sekret\u00e4rin, weshalb die Autos auch \u201eSekret\u00e4rinnen-Autos\u201c genannt wurden.<\/p>\n<p><img loading=\"lazy\" decoding=\"async\" class=\"alignnone size-large wp-image-10519\" src=\"https:\/\/www.panamera-life.com\/wp-content\/uploads\/2019\/04\/IMG_1848-800x600.jpg\" alt=\"\" width=\"800\" height=\"600\" \/><\/p>\n<p>Das Team war zusammengestellt, und die Autos wurden rechtzeitig fertig.<\/p>\n<p>Die Rennkommissare \u00fcberpr\u00fcften die 25 stra\u00dfenzugelassenen Fahrzeuge und genehmigten sie, \u00fcbersahen jedoch, dass einige bereits Rennachsen hatten. <span style=\"font-size: 8pt;\">(Tats\u00e4chlich wurden die 25 Autos erst einen Monat sp\u00e4ter komplett fertiggestellt und dann erneut gepr\u00fcft.)<\/span><\/p>\n<p>Porsche meldete sich f\u00fcr Le Mans an, und Pi\u00ebch begann mit der Vorbereitung der Rennwagen. Der 917 war extrem schnell und erreichte auf der ber\u00fchmten Mulsanne-Geraden eine Geschwindigkeit von 383 km\/h.<\/p>\n<p>Allerdings war das Auto \u201e<strong>sehr instabil<\/strong>\u201c. Es fehlte der Abtrieb, der das Fahrzeug auf die Stra\u00dfe dr\u00fcckt, sodass es bei hohen Geschwindigkeiten schwer zu kontrollieren war.<\/p>\n<p>Das Fahrgestell verzog sich so stark, dass der Schalthebel verrutschte und \u201e<strong>man den Hebel zum Schalten nicht mehr fand<\/strong>\u201c.<\/p>\n<p>Das war extrem gef\u00e4hrlich.<\/p>\n<p>1969 startete Porsche mit dem 917 bei Le Mans, doch das Rennen endete in einer Katastrophe: Ein privat eingesetztes Fahrzeug verungl\u00fcckte in der ersten Runde t\u00f6dlich, andere Wagen fielen aus, nur ein Auto blieb \u00fcbrig \u2013 gesteuert vom britischen Fahrer <strong>Dickie Attwood<\/strong>.<\/p>\n<p><img loading=\"lazy\" decoding=\"async\" class=\"alignnone size-large wp-image-10520\" src=\"https:\/\/www.panamera-life.com\/wp-content\/uploads\/2019\/04\/IMG_1850-800x600.jpg\" alt=\"\" width=\"800\" height=\"600\" \/><\/p>\n<p>Attwood sagte \u00fcber das Auto:<\/p>\n<p class=\"well2\">\u201eEs war ein Monster, ich hatte Angst um mein Leben und hoffte nur, dass es kaputtgeht.\u201c<\/p>\n<p>Kurz vor Rennende lag Attwood mit dem 917 in F\u00fchrung, doch nach 21 Stunden versagte das Auto. Pi\u00ebch hatte den Gesamtsieg angestrebt, doch es blieb bei der Niederlage.<\/p>\n<h4 class=\"style4b\">Erster Le-Mans-Sieg<\/h4>\n<p>Porsche engagierte John Wyer, der zuvor am Ford GT40 mitgearbeitet hatte, um den 917 zu verbessern. Wyer entdeckte, dass die Front des Wagens mit Insektenleichen bedeckt war, w\u00e4hrend der Heckfl\u00fcgel sauber blieb.<\/p>\n<p>Dadurch war die Aerodynamik schlecht, es fehlte der Abtrieb, was die Fahrbarkeit beeintr\u00e4chtigte.<\/p>\n<p>Nach der Behebung dieses Problems trat Porsche 1970 erneut bei Le Mans an, wieder mit Attwood am Steuer.<\/p>\n<p>Der 917 war nun deutlich stabiler und erreichte enorme Geschwindigkeiten. Trotz zahlreicher Unf\u00e4lle durch Regen gewann Attwood das Rennen und Porsche feierte den ersten Gesamtsieg.<\/p>\n<p><img loading=\"lazy\" decoding=\"async\" class=\"alignnone size-large wp-image-10521\" src=\"https:\/\/www.panamera-life.com\/wp-content\/uploads\/2019\/04\/IMG_1813-800x600.jpg\" alt=\"\" width=\"800\" height=\"600\" \/><\/p>\n<p>James scherzte im Programm: \u201e<strong>F\u00fcr dieses Auto hat Porsche fast Insolvenz angemeldet<\/strong>\u201c. Attwood antwortete:<\/p>\n<p class=\"well2\">\u201ePi\u00ebch war so besessen, dass er die Firma fast ruiniert h\u00e4tte. Porsche stand am Abgrund.\u201c<\/p>\n<p>Doch Porsche gewann den Kampf am seidenen Faden.<\/p>\n<h4 class=\"style4b\">Der Siegeszug des 917<\/h4>\n<p>Nach dem ersten Sieg gewann der 917 auch 1971 Le Mans mit \u00fcberw\u00e4ltigender Dominanz. Die H\u00f6chstgeschwindigkeit lag bei \u00fcber 388 km\/h, ein Rekord, der \u00fcber 20 Jahre hielt.<\/p>\n<p>Zudem stellte der Wagen mit rund 5335 Kilometern Gesamtdistanz einen weiteren Rekord auf, der erst 2010 gebrochen wurde.<\/p>\n<p>Der 917 wurde auch durch den Hollywood-Star Steve McQueen bekannt, der ihn im Film \u201e<strong>Le Mans \u2013 Gegen jede Chance<\/strong>\u201c fuhr. Mein Mann hat den Film \u00fcbrigens schon mal zu Hause gesehen.<\/p>\n<div id=\"rinkerid10502\" class=\"yyi-rinker-contents  yyi-rinker-postid-10502 yyi-rinker-img-m yyi-rinker-catid-59 \">\n\t<div class=\"yyi-rinker-box\">\n\t\t<div class=\"yyi-rinker-image\">\n\t\t\t\t\t\t\t<a href=\"https:\/\/www.amazon.co.jp\/dp\/B07B119YKM?tag=naturallink-22&#038;linkCode=ogi&#038;th=1&#038;psc=1\" rel=\"nofollow\" class=\"yyi-rinker-tracking\"  data-click-tracking=\"amazon_img 10502 \u6804\u5149\u306e\u30eb\u30fb\u30de\u30f3 \u30b9\u30da\u30b7\u30e3\u30eb\u30fb\u30a8\u30c7\u30a3\u30b7\u30e7\u30f3[AmazonDVD\u30b3\u30ec\u30af\u30b7\u30e7\u30f3] [Blu-ray]\" data-vars-click-id=\"amazon_img 10502 \u6804\u5149\u306e\u30eb\u30fb\u30de\u30f3 \u30b9\u30da\u30b7\u30e3\u30eb\u30fb\u30a8\u30c7\u30a3\u30b7\u30e7\u30f3[AmazonDVD\u30b3\u30ec\u30af\u30b7\u30e7\u30f3] [Blu-ray]\"><img loading=\"lazy\" decoding=\"async\" src=\"https:\/\/m.media-amazon.com\/images\/I\/51zOhqeApeL._SL160_.jpg\"  width=\"129\" height=\"160\" class=\"yyi-rinker-main-img\" style=\"border: none;\"><\/a>\t\t\t\t\t<\/div>\n\t\t<div class=\"yyi-rinker-info\">\n\t\t\t<div class=\"yyi-rinker-title\">\n\t\t\t\t\t\t\t\t\t<a href=\"https:\/\/www.amazon.co.jp\/dp\/B07B119YKM?tag=naturallink-22&#038;linkCode=ogi&#038;th=1&#038;psc=1\" rel=\"nofollow\" class=\"yyi-rinker-tracking\" data-click-tracking=\"amazon_title 10502 \u6804\u5149\u306e\u30eb\u30fb\u30de\u30f3 \u30b9\u30da\u30b7\u30e3\u30eb\u30fb\u30a8\u30c7\u30a3\u30b7\u30e7\u30f3[AmazonDVD\u30b3\u30ec\u30af\u30b7\u30e7\u30f3] [Blu-ray]\" data-vars-amp-click-id=\"amazon_title 10502 \u6804\u5149\u306e\u30eb\u30fb\u30de\u30f3 \u30b9\u30da\u30b7\u30e3\u30eb\u30fb\u30a8\u30c7\u30a3\u30b7\u30e7\u30f3[AmazonDVD\u30b3\u30ec\u30af\u30b7\u30e7\u30f3] [Blu-ray]\" >\u6804\u5149\u306e\u30eb\u30fb\u30de\u30f3 \u30b9\u30da\u30b7\u30e3\u30eb\u30fb\u30a8\u30c7\u30a3\u30b7\u30e7\u30f3[AmazonDVD\u30b3\u30ec\u30af\u30b7\u30e7\u30f3] [Blu-ray]<\/a>\t\t\t\t\t\t\t<\/div>\n\t\t\t<div class=\"yyi-rinker-detail\">\n\t\t\t\t\t\t\t<div class=\"credit-box\">created by&nbsp;<a href=\"https:\/\/oyakosodate.com\/rinker\/\" rel=\"nofollow noopener\" target=\"_blank\" >Rinker<\/a><\/div>\n\t\t\t\t\t\t\t\t\t\t<div class=\"price-box\">\n\t\t\t\t\t\t\t<\/div>\n\t\t\t\t\t\t<\/div>\n\t\t\t\t\t\t<ul class=\"yyi-rinker-links\">\n\t\t\t\t\t\t\t\t\t\t\t\t\t\t\t\t                    <li class=\"amazonlink\">\n\t\t\t\t\t\t<a href=\"https:\/\/www.amazon.co.jp\/dp\/B07B119YKM?tag=naturallink-22&amp;linkCode=ogi&amp;th=1&amp;psc=1\" rel=\"nofollow\" class=\"yyi-rinker-link yyi-rinker-tracking\"  data-click-tracking=\"amazon 10502 \u6804\u5149\u306e\u30eb\u30fb\u30de\u30f3 \u30b9\u30da\u30b7\u30e3\u30eb\u30fb\u30a8\u30c7\u30a3\u30b7\u30e7\u30f3[AmazonDVD\u30b3\u30ec\u30af\u30b7\u30e7\u30f3] [Blu-ray]\"  data-vars-amp-click-id=\"amazon 10502 \u6804\u5149\u306e\u30eb\u30fb\u30de\u30f3 \u30b9\u30da\u30b7\u30e3\u30eb\u30fb\u30a8\u30c7\u30a3\u30b7\u30e7\u30f3[AmazonDVD\u30b3\u30ec\u30af\u30b7\u30e7\u30f3] [Blu-ray]\">Amazon<\/a>\t\t\t\t\t<\/li>\n\t\t\t\t\t\t\t\t\t\t\t\t\t<li class=\"rakutenlink\">\n\t\t\t\t\t\t<a href=\"https:\/\/hb.afl.rakuten.co.jp\/hgc\/176b2f25.ec52168e.176b2f26.bb51c9b2\/Rinker_o_20190411125216?pc=https%3A%2F%2Fsearch.rakuten.co.jp%2Fsearch%2Fmall%2F%25E6%25A0%2584%25E5%2585%2589%25E3%2581%25AE%25E3%2583%25AB%25E3%2583%25BB%25E3%2583%259E%25E3%2583%25B3%2F%3Ff%3D1%26grp%3Dproduct&amp;m=https%3A%2F%2Fsearch.rakuten.co.jp%2Fsearch%2Fmall%2F%25E6%25A0%2584%25E5%2585%2589%25E3%2581%25AE%25E3%2583%25AB%25E3%2583%25BB%25E3%2583%259E%25E3%2583%25B3%2F%3Ff%3D1%26grp%3Dproduct\" rel=\"nofollow\" class=\"yyi-rinker-link yyi-rinker-tracking\"  data-click-tracking=\"rakuten 10502 \u6804\u5149\u306e\u30eb\u30fb\u30de\u30f3 \u30b9\u30da\u30b7\u30e3\u30eb\u30fb\u30a8\u30c7\u30a3\u30b7\u30e7\u30f3[AmazonDVD\u30b3\u30ec\u30af\u30b7\u30e7\u30f3] [Blu-ray]\"  data-vars-amp-click-id=\"rakuten 10502 \u6804\u5149\u306e\u30eb\u30fb\u30de\u30f3 \u30b9\u30da\u30b7\u30e3\u30eb\u30fb\u30a8\u30c7\u30a3\u30b7\u30e7\u30f3[AmazonDVD\u30b3\u30ec\u30af\u30b7\u30e7\u30f3] [Blu-ray]\">\u697d\u5929\u5e02\u5834<\/a>\t\t\t\t\t<\/li>\n\t\t\t\t\t\t\t\t\t\t\t\t\t<li class=\"yahoolink\">\n\t\t\t\t\t\t<a href=\"https:\/\/ck.jp.ap.valuecommerce.com\/servlet\/referral?sid=3417498&amp;pid=885564545&amp;vc_url=https%3A%2F%2Fshopping.yahoo.co.jp%2Fsearch%3Fp%3D%25E6%25A0%2584%25E5%2585%2589%25E3%2581%25AE%25E3%2583%25AB%25E3%2583%25BB%25E3%2583%259E%25E3%2583%25B3\" rel=\"nofollow\" class=\"yyi-rinker-link yyi-rinker-tracking\"  data-click-tracking=\"yahoo 10502 \u6804\u5149\u306e\u30eb\u30fb\u30de\u30f3 \u30b9\u30da\u30b7\u30e3\u30eb\u30fb\u30a8\u30c7\u30a3\u30b7\u30e7\u30f3[AmazonDVD\u30b3\u30ec\u30af\u30b7\u30e7\u30f3] [Blu-ray]\"  data-vars-amp-click-id=\"yahoo 10502 \u6804\u5149\u306e\u30eb\u30fb\u30de\u30f3 \u30b9\u30da\u30b7\u30e3\u30eb\u30fb\u30a8\u30c7\u30a3\u30b7\u30e7\u30f3[AmazonDVD\u30b3\u30ec\u30af\u30b7\u30e7\u30f3] [Blu-ray]\">Yahoo\u30b7\u30e7\u30c3\u30d4\u30f3\u30b0<\/a><img loading=\"lazy\" decoding=\"async\" src=\"https:\/\/ad.jp.ap.valuecommerce.com\/servlet\/gifbanner?sid=3417498&pid=885564545\" height=\"1\" width=\"1\" border=\"0\">\t\t\t\t\t<\/li>\n\t\t\t\t                \t\t\t\t\t\t\t\t\t\t\t<\/ul>\n\t\t\t\t\t<\/div>\n\t<\/div>\n<\/div>\n\n<h3 class=\"style3a\">GT2 RS gegen 917<\/h3>\n<p>Zum 50-j\u00e4hrigen Jubil\u00e4um wollte James etwas Besonderes machen:<\/p>\n<p class=\"well2\">Er bat Attwood, den 917 noch einmal zu fahren und ihn mit dem aktuellen Porsche zu vergleichen \u2013 dem <strong>911 GT2 RS<\/strong>, einem der st\u00e4rksten Porsche-Modelle.<\/p>\n<p><img loading=\"lazy\" decoding=\"async\" class=\"alignnone size-large wp-image-10523\" src=\"https:\/\/www.panamera-life.com\/wp-content\/uploads\/2019\/04\/IMG_1857-800x600.jpg\" alt=\"\" width=\"800\" height=\"600\" \/><\/p>\n<p>The Grand Tour macht eben immer etwas Besonderes. Der Fahrer des GT2 RS war der junge Porsche-Werksfahrer <strong>Neel Jani<\/strong>, der 2016 Le Mans gewann.<\/p>\n<p><img loading=\"lazy\" decoding=\"async\" class=\"alignnone size-large wp-image-10524\" src=\"https:\/\/www.panamera-life.com\/wp-content\/uploads\/2019\/04\/IMG_1861-800x600.jpg\" alt=\"\" width=\"800\" height=\"600\" \/><\/p>\n<p>Die Daten: Der GT2 RS hat 700 PS, der 917 621 PS. Der 917 wiegt nur 800 kg, der GT2 RS 1830 kg. Allerdings ist der GT2 RS mit modernen Reifen, Bremsen und Schaltwippen ausgestattet.<\/p>\n<p>Das Rennen war daher spannend und unvorhersehbar.<\/p>\n<p>\u201e<strong>Der GT2 RS gewinnt doch sicher haushoch, oder?<\/strong>\u201c dachte ich.<\/p>\n<p>Doch Dickie Attwood \u00fcberraschte alle.<\/p>\n<p><img loading=\"lazy\" decoding=\"async\" class=\"alignnone size-large wp-image-10527\" src=\"https:\/\/www.panamera-life.com\/wp-content\/uploads\/2019\/04\/IMG_1866-800x600.jpg\" alt=\"\" width=\"800\" height=\"600\" \/><\/p>\n<p><img loading=\"lazy\" decoding=\"async\" class=\"alignnone size-large wp-image-10528\" src=\"https:\/\/www.panamera-life.com\/wp-content\/uploads\/2019\/04\/IMG_1887-800x600.jpg\" alt=\"\" width=\"800\" height=\"600\" \/><\/p>\n<p><img loading=\"lazy\" decoding=\"async\" class=\"alignnone size-large wp-image-10530\" src=\"https:\/\/www.panamera-life.com\/wp-content\/uploads\/2019\/04\/IMG_1888-800x600.jpg\" alt=\"\" width=\"800\" height=\"600\" \/><\/p>\n<p><img loading=\"lazy\" decoding=\"async\" class=\"alignnone size-large wp-image-10531\" src=\"https:\/\/www.panamera-life.com\/wp-content\/uploads\/2019\/04\/IMG_1889-800x600.jpg\" alt=\"\" width=\"800\" height=\"600\" \/><\/p>\n<p>Der \u201eOpa\u201c ist einfach unglaublich.<\/p>\n<p><img loading=\"lazy\" decoding=\"async\" class=\"alignnone size-large wp-image-10529\" src=\"https:\/\/www.panamera-life.com\/wp-content\/uploads\/2019\/04\/IMG_1875-800x600.jpg\" alt=\"\" width=\"800\" height=\"600\" \/><\/p>\n<p>Es wurde ein spannendes Kopf-an-Kopf-Rennen.<\/p>\n<p><img loading=\"lazy\" decoding=\"async\" class=\"alignnone size-large wp-image-10532\" src=\"https:\/\/www.panamera-life.com\/wp-content\/uploads\/2019\/04\/IMG_1880-800x600.jpg\" alt=\"\" width=\"800\" height=\"600\" \/><\/p>\n<p>Am Ende gewann die Jugend und die moderne Technik.<\/p>\n<p>Neel Jani sagte erleichtert: \u201e<strong>Gut, dass ich meinen Job behalten kann<\/strong>\u201c. Das musste eine gro\u00dfe Erleichterung sein (lach).<\/p>\n<p>Selbst Jeremy Clarkson war beeindruckt: \u201e<strong>Das war atemberaubend, gro\u00dfartig gefahren<\/strong>\u201c.<\/p>\n<p>Diese Folge war wirklich sehenswert. Sie zeigt auch, wie die Geschichte und Tradition von Porsche bis heute lebendig sind.<\/p>\n<p>Ich kann allen nur empfehlen, \u201eThe Grand Tour Staffel 3\u201c anzuschauen.<\/p>\n<div id=\"rinkerid10494\" class=\"yyi-rinker-contents  yyi-rinker-postid-10494 yyi-rinker-img-m yyi-rinker-catid-59 \">\n\t<div class=\"yyi-rinker-box\">\n\t\t<div class=\"yyi-rinker-image\">\n\t\t\t\t\t\t\t<a href=\"https:\/\/www.amazon.co.jp\/dp\/B07MCMG4C5?tag=naturallink-22&#038;linkCode=ogi&#038;th=1&#038;psc=1\" rel=\"nofollow\" class=\"yyi-rinker-tracking\"  data-click-tracking=\"amazon_img 10494 \u30b0\u30e9\u30f3\u30c9\u30fb\u30c4\u30a2\u30fc \u30b7\u30fc\u30ba\u30f3\uff13\" data-vars-click-id=\"amazon_img 10494 \u30b0\u30e9\u30f3\u30c9\u30fb\u30c4\u30a2\u30fc \u30b7\u30fc\u30ba\u30f3\uff13\"><img loading=\"lazy\" decoding=\"async\" src=\"https:\/\/m.media-amazon.com\/images\/I\/517Oi-KY5lL._SL160_.jpg\"  width=\"160\" height=\"120\" class=\"yyi-rinker-main-img\" style=\"border: none;\"><\/a>\t\t\t\t\t<\/div>\n\t\t<div class=\"yyi-rinker-info\">\n\t\t\t<div class=\"yyi-rinker-title\">\n\t\t\t\t\t\t\t\t\t<a href=\"https:\/\/www.amazon.co.jp\/dp\/B07MCMG4C5?tag=naturallink-22&#038;linkCode=ogi&#038;th=1&#038;psc=1\" rel=\"nofollow\" class=\"yyi-rinker-tracking\" data-click-tracking=\"amazon_title 10494 \u30b0\u30e9\u30f3\u30c9\u30fb\u30c4\u30a2\u30fc \u30b7\u30fc\u30ba\u30f3\uff13\" data-vars-amp-click-id=\"amazon_title 10494 \u30b0\u30e9\u30f3\u30c9\u30fb\u30c4\u30a2\u30fc \u30b7\u30fc\u30ba\u30f3\uff13\" >\u30b0\u30e9\u30f3\u30c9\u30fb\u30c4\u30a2\u30fc \u30b7\u30fc\u30ba\u30f3\uff13<\/a>\t\t\t\t\t\t\t<\/div>\n\t\t\t<div class=\"yyi-rinker-detail\">\n\t\t\t\t\t\t\t<div class=\"credit-box\">created by&nbsp;<a href=\"https:\/\/oyakosodate.com\/rinker\/\" rel=\"nofollow noopener\" target=\"_blank\" >Rinker<\/a><\/div>\n\t\t\t\t\t\t\t\t\t\t<div class=\"price-box\">\n\t\t\t\t\t\t\t<\/div>\n\t\t\t\t\t\t<\/div>\n\t\t\t\t\t\t<ul class=\"yyi-rinker-links\">\n\t\t\t\t\t\t\t\t\t\t\t\t\t\t\t\t                    <li class=\"amazonlink\">\n\t\t\t\t\t\t<a href=\"https:\/\/www.amazon.co.jp\/dp\/B07MCMG4C5?tag=naturallink-22&amp;linkCode=ogi&amp;th=1&amp;psc=1\" rel=\"nofollow\" class=\"yyi-rinker-link yyi-rinker-tracking\"  data-click-tracking=\"amazon 10494 \u30b0\u30e9\u30f3\u30c9\u30fb\u30c4\u30a2\u30fc \u30b7\u30fc\u30ba\u30f3\uff13\"  data-vars-amp-click-id=\"amazon 10494 \u30b0\u30e9\u30f3\u30c9\u30fb\u30c4\u30a2\u30fc \u30b7\u30fc\u30ba\u30f3\uff13\">Amazon<\/a>\t\t\t\t\t<\/li>\n\t\t\t\t\t\t\t\t\t\t\t\t                \t\t\t\t\t\t\t\t\t\t\t<\/ul>\n\t\t\t\t\t<\/div>\n\t<\/div>\n<\/div>\n\n<p><span style=\"font-size: 8pt;\">*Bild- und Textquelle: <a href=\"https:\/\/www.amazon.co.jp\/gp\/video\/detail\/B07MCFPRBG\" target=\"_blank\" rel=\"noopener\">Amazon Prime \u201eThe Grand Tour (mit Untertiteln)\u201c<\/a><\/span><\/p>\n","protected":false},"excerpt":{"rendered":"Spezial \u00fcber den 917 in The Grand Tour Die ber\u00fchmte britische Autosendung \u201eTop Gear\u201c vom BBC ist vielen bekannt. Die drei urspr\u00fcnglichen Moderatoren Jeremy Clarkson, Richard Hammond und James May pr\u00e4sentieren auch die Amazon Prime Video Autoshow \u201eThe Grand Tour (The Grand Tour)\u201c, die ebenfalls sehr unterhaltsam ist und von vielen bereits gesehen wurde. *Bildquelle: Amazon Prime \u201eThe Grand Tour (mit Untertiteln)\u201c \u00dcbrigens ist der Hauptmoderator in der Mitte, Jeremy Clarkson, laut Angaben 1960 geboren...","protected":false},"author":0,"featured_media":10522,"comment_status":"open","ping_status":"closed","sticky":false,"template":"","format":"standard","meta":{"footnotes":"","_locale":"de_DE","_original_post":"https:\/\/www.panamera-life.com\/?p=10438"},"categories":[59],"tags":[],"yoast_head":"<title>50 Jahre Porsche 917 \u2013 Die Geschichte und Erfolge des legend\u00e4ren Rennwagens in Amazon Prime Video \u201eThe Grand Tour\u201c - \u30dd\u30eb\u30b7\u30a7\u304c\u308f\u304c\u5bb6\u306b\u3084\u3063\u3066\u304d\u305f - \u30aa\u30fc\u30ca\u30fc\u30ba\u30d6\u30ed\u30b0<\/title>\n<meta name=\"description\" content=\"50 Jahre Porsche 917: Entdecken Sie die Geschichte, Erfolge und das unvergleichliche Fahrerlebnis dieses legend\u00e4ren Rennwagens in The Grand Tour.\" \/>\n<meta name=\"robots\" content=\"index, follow, max-snippet:-1, max-image-preview:large, max-video-preview:-1\" \/>\n<link rel=\"canonical\" href=\"https:\/\/www.panamera-life.com\/de\/entry\/grand-tour-porsche-917\/\" \/>\n<meta property=\"og:locale\" content=\"de_DE\" \/>\n<meta property=\"og:type\" content=\"article\" \/>\n<meta property=\"og:title\" content=\"50 Jahre Porsche 917 \u2013 Die Geschichte und Erfolge des legend\u00e4ren Rennwagens in Amazon Prime Video \u201eThe Grand Tour\u201c - \u30dd\u30eb\u30b7\u30a7\u304c\u308f\u304c\u5bb6\u306b\u3084\u3063\u3066\u304d\u305f - \u30aa\u30fc\u30ca\u30fc\u30ba\u30d6\u30ed\u30b0\" \/>\n<meta property=\"og:description\" content=\"50 Jahre Porsche 917: Entdecken Sie die Geschichte, Erfolge und das unvergleichliche Fahrerlebnis dieses legend\u00e4ren Rennwagens in The Grand Tour.\" \/>\n<meta property=\"og:url\" content=\"https:\/\/www.panamera-life.com\/de\/entry\/grand-tour-porsche-917\/\" \/>\n<meta property=\"og:site_name\" content=\"\u30dd\u30eb\u30b7\u30a7\u304c\u308f\u304c\u5bb6\u306b\u3084\u3063\u3066\u304d\u305f - \u30aa\u30fc\u30ca\u30fc\u30ba\u30d6\u30ed\u30b0\" \/>\n<meta property=\"article:publisher\" content=\"https:\/\/www.facebook.com\/panameralife\/\" \/>\n<meta property=\"article:published_time\" content=\"2019-04-13T21:00:04+00:00\" \/>\n<meta property=\"article:modified_time\" content=\"2019-06-07T01:21:11+00:00\" \/>\n<meta property=\"og:image\" content=\"https:\/\/www.panamera-life.com\/wp-content\/uploads\/2019\/04\/IMG_1856.jpg\" \/>\n\t<meta property=\"og:image:width\" content=\"1200\" \/>\n\t<meta property=\"og:image:height\" content=\"900\" \/>\n\t<meta property=\"og:image:type\" content=\"image\/jpeg\" \/>\n<meta name=\"twitter:label1\" content=\"Gesch\u00e4tzte Lesezeit\" \/>\n\t<meta name=\"twitter:data1\" content=\"8\u00a0Minuten\" \/>","yoast_head_json":{"title":"50 Jahre Porsche 917 \u2013 Die Geschichte und Erfolge des legend\u00e4ren Rennwagens in Amazon Prime Video \u201eThe Grand Tour\u201c - \u30dd\u30eb\u30b7\u30a7\u304c\u308f\u304c\u5bb6\u306b\u3084\u3063\u3066\u304d\u305f - \u30aa\u30fc\u30ca\u30fc\u30ba\u30d6\u30ed\u30b0","description":"50 Jahre Porsche 917: Entdecken Sie die Geschichte, Erfolge und das unvergleichliche Fahrerlebnis dieses legend\u00e4ren Rennwagens in The Grand Tour.","robots":{"index":"index","follow":"follow","max-snippet":"max-snippet:-1","max-image-preview":"max-image-preview:large","max-video-preview":"max-video-preview:-1"},"canonical":"https:\/\/www.panamera-life.com\/de\/entry\/grand-tour-porsche-917\/","og_locale":"de_DE","og_type":"article","og_title":"50 Jahre Porsche 917 \u2013 Die Geschichte und Erfolge des legend\u00e4ren Rennwagens in Amazon Prime Video \u201eThe Grand Tour\u201c - \u30dd\u30eb\u30b7\u30a7\u304c\u308f\u304c\u5bb6\u306b\u3084\u3063\u3066\u304d\u305f - \u30aa\u30fc\u30ca\u30fc\u30ba\u30d6\u30ed\u30b0","og_description":"50 Jahre Porsche 917: Entdecken Sie die Geschichte, Erfolge und das unvergleichliche Fahrerlebnis dieses legend\u00e4ren Rennwagens in The Grand Tour.","og_url":"https:\/\/www.panamera-life.com\/de\/entry\/grand-tour-porsche-917\/","og_site_name":"\u30dd\u30eb\u30b7\u30a7\u304c\u308f\u304c\u5bb6\u306b\u3084\u3063\u3066\u304d\u305f - \u30aa\u30fc\u30ca\u30fc\u30ba\u30d6\u30ed\u30b0","article_publisher":"https:\/\/www.facebook.com\/panameralife\/","article_published_time":"2019-04-13T21:00:04+00:00","article_modified_time":"2019-06-07T01:21:11+00:00","og_image":[{"width":1200,"height":900,"url":"https:\/\/www.panamera-life.com\/wp-content\/uploads\/2019\/04\/IMG_1856.jpg","type":"image\/jpeg"}],"twitter_misc":{"Gesch\u00e4tzte Lesezeit":"8\u00a0Minuten"},"schema":{"@context":"https:\/\/schema.org","@graph":[{"@type":"Article","@id":"https:\/\/www.panamera-life.com\/de\/entry\/grand-tour-porsche-917\/#article","isPartOf":{"@id":"https:\/\/www.panamera-life.com\/de\/entry\/grand-tour-porsche-917\/"},"author":{"name":"","@id":""},"headline":"50 Jahre Porsche 917 \u2013 Die Geschichte und Erfolge des legend\u00e4ren Rennwagens in Amazon Prime Video \u201eThe Grand Tour\u201c","datePublished":"2019-04-13T21:00:04+00:00","dateModified":"2019-06-07T01:21:11+00:00","mainEntityOfPage":{"@id":"https:\/\/www.panamera-life.com\/de\/entry\/grand-tour-porsche-917\/"},"wordCount":1611,"commentCount":0,"publisher":{"@id":"https:\/\/www.panamera-life.com\/#organization"},"image":{"@id":"https:\/\/www.panamera-life.com\/de\/entry\/grand-tour-porsche-917\/#primaryimage"},"thumbnailUrl":"https:\/\/www.panamera-life.com\/wp-content\/uploads\/2019\/04\/IMG_1856.jpg","articleSection":["Wissenswertes \u00fcber Porsche"],"inLanguage":"de","potentialAction":[{"@type":"CommentAction","name":"Comment","target":["https:\/\/www.panamera-life.com\/de\/entry\/grand-tour-porsche-917\/#respond"]}]},{"@type":"WebPage","@id":"https:\/\/www.panamera-life.com\/de\/entry\/grand-tour-porsche-917\/","url":"https:\/\/www.panamera-life.com\/de\/entry\/grand-tour-porsche-917\/","name":"50 Jahre Porsche 917 \u2013 Die Geschichte und Erfolge des legend\u00e4ren Rennwagens in Amazon Prime Video \u201eThe Grand Tour\u201c - \u30dd\u30eb\u30b7\u30a7\u304c\u308f\u304c\u5bb6\u306b\u3084\u3063\u3066\u304d\u305f - \u30aa\u30fc\u30ca\u30fc\u30ba\u30d6\u30ed\u30b0","isPartOf":{"@id":"https:\/\/www.panamera-life.com\/#website"},"primaryImageOfPage":{"@id":"https:\/\/www.panamera-life.com\/de\/entry\/grand-tour-porsche-917\/#primaryimage"},"image":{"@id":"https:\/\/www.panamera-life.com\/de\/entry\/grand-tour-porsche-917\/#primaryimage"},"thumbnailUrl":"https:\/\/www.panamera-life.com\/wp-content\/uploads\/2019\/04\/IMG_1856.jpg","datePublished":"2019-04-13T21:00:04+00:00","dateModified":"2019-06-07T01:21:11+00:00","description":"50 Jahre Porsche 917: Entdecken Sie die Geschichte, Erfolge und das unvergleichliche Fahrerlebnis dieses legend\u00e4ren Rennwagens in The Grand Tour.","breadcrumb":{"@id":"https:\/\/www.panamera-life.com\/de\/entry\/grand-tour-porsche-917\/#breadcrumb"},"inLanguage":"de","potentialAction":[{"@type":"ReadAction","target":["https:\/\/www.panamera-life.com\/de\/entry\/grand-tour-porsche-917\/"]}]},{"@type":"ImageObject","inLanguage":"de","@id":"https:\/\/www.panamera-life.com\/de\/entry\/grand-tour-porsche-917\/#primaryimage","url":"https:\/\/www.panamera-life.com\/wp-content\/uploads\/2019\/04\/IMG_1856.jpg","contentUrl":"https:\/\/www.panamera-life.com\/wp-content\/uploads\/2019\/04\/IMG_1856.jpg","width":1200,"height":900,"caption":"\u8eca, \u30b5\u30fc\u30ad\u30c3\u30c8, \u5efa\u7269, \u30b5\u30fc\u30ad\u30c3\u30c8, \u30d4\u30c3\u30c8\u30ec\u30fc\u30f3, PORSCHE, 917, 917K"},{"@type":"BreadcrumbList","@id":"https:\/\/www.panamera-life.com\/de\/entry\/grand-tour-porsche-917\/#breadcrumb","itemListElement":[{"@type":"ListItem","position":1,"name":"\u30db\u30fc\u30e0","item":"https:\/\/www.panamera-life.com\/"},{"@type":"ListItem","position":2,"name":"50 Jahre Porsche 917 \u2013 Die Geschichte und Erfolge des legend\u00e4ren Rennwagens in Amazon Prime Video \u201eThe Grand Tour\u201c"}]},{"@type":"WebSite","@id":"https:\/\/www.panamera-life.com\/#website","url":"https:\/\/www.panamera-life.com\/","name":"\u30dd\u30eb\u30b7\u30a7\u304c\u308f\u304c\u5bb6\u306b\u3084\u3063\u3066\u304d\u305f - \u30aa\u30fc\u30ca\u30fc\u30ba\u30d6\u30ed\u30b0","description":"\u30dd\u30eb\u30b7\u30a7\u306b\u9b45\u4e86\u3055\u308c\u305f\u59bb\u304c\u66f8\u304f\u30dd\u30eb\u30b7\u30a7\u30d6\u30ed\u30b0\u3067\u3059\u3002\u6240\u6709\u3059\u308b\u30dd\u30eb\u30b7\u30a7 911\u30ab\u30ec\u30e9\uff08964\uff09\u3001911GT3\u3001\u30dc\u30af\u30b9\u30bf\u30fc\u3001\u30d1\u30ca\u30e1\u30fc\u30e9\u306e\u30ec\u30d3\u30e5\u30fc\u3084\u7dad\u6301\u8cbb\u3001\u30c4\u30fc\u30ea\u30f3\u30b0\u8a18\u306a\u3069\u3002\u30cb\u30e5\u30fc\u30b9\u8a18\u4e8b\u3067\u306f\u5206\u304b\u3089\u306a\u3044\u751f\u306e\u30dd\u30eb\u30b7\u30a7\u30aa\u30fc\u30ca\u30fc\u306e\u58f0\u3092\u5b9a\u671f\u914d\u4fe1\u3059\u308b\u30d6\u30ed\u30b0\u3067\u3059\u3002","publisher":{"@id":"https:\/\/www.panamera-life.com\/#organization"},"potentialAction":[{"@type":"SearchAction","target":{"@type":"EntryPoint","urlTemplate":"https:\/\/www.panamera-life.com\/?s={search_term_string}"},"query-input":{"@type":"PropertyValueSpecification","valueRequired":true,"valueName":"search_term_string"}}],"inLanguage":"de"},{"@type":"Organization","@id":"https:\/\/www.panamera-life.com\/#organization","name":"\u30dd\u30eb\u30b7\u30a7\u304c\u308f\u304c\u5bb6\u306b\u3084\u3063\u3066\u304d\u305f","url":"https:\/\/www.panamera-life.com\/","logo":{"@type":"ImageObject","inLanguage":"de","@id":"https:\/\/www.panamera-life.com\/#\/schema\/logo\/image\/","url":"https:\/\/www.panamera-life.com\/wp-content\/uploads\/2021\/05\/unnamed.jpg","contentUrl":"https:\/\/www.panamera-life.com\/wp-content\/uploads\/2021\/05\/unnamed.jpg","width":512,"height":512,"caption":"\u30dd\u30eb\u30b7\u30a7\u304c\u308f\u304c\u5bb6\u306b\u3084\u3063\u3066\u304d\u305f"},"image":{"@id":"https:\/\/www.panamera-life.com\/#\/schema\/logo\/image\/"},"sameAs":["https:\/\/www.facebook.com\/panameralife\/","https:\/\/x.com\/Mina_Panamera","https:\/\/www.instagram.com\/mina_porsche\/","https:\/\/www.youtube.com\/channel\/UCoyAW0ifcnk05Iryf7-bkhg"]}]}},"_links":{"self":[{"href":"https:\/\/www.panamera-life.com\/wp-json\/wp\/v2\/posts\/38916"}],"collection":[{"href":"https:\/\/www.panamera-life.com\/wp-json\/wp\/v2\/posts"}],"about":[{"href":"https:\/\/www.panamera-life.com\/wp-json\/wp\/v2\/types\/post"}],"replies":[{"embeddable":true,"href":"https:\/\/www.panamera-life.com\/wp-json\/wp\/v2\/comments?post=38916"}],"version-history":[{"count":0,"href":"https:\/\/www.panamera-life.com\/wp-json\/wp\/v2\/posts\/38916\/revisions"}],"wp:featuredmedia":[{"embeddable":true,"href":"https:\/\/www.panamera-life.com\/wp-json\/wp\/v2\/media\/10522"}],"wp:attachment":[{"href":"https:\/\/www.panamera-life.com\/wp-json\/wp\/v2\/media?parent=38916"}],"wp:term":[{"taxonomy":"category","embeddable":true,"href":"https:\/\/www.panamera-life.com\/wp-json\/wp\/v2\/categories?post=38916"},{"taxonomy":"post_tag","embeddable":true,"href":"https:\/\/www.panamera-life.com\/wp-json\/wp\/v2\/tags?post=38916"}],"curies":[{"name":"wp","href":"https:\/\/api.w.org\/{rel}","templated":true}]}}