{"id":38985,"date":"2021-07-30T06:00:49","date_gmt":"2021-07-29T21:00:49","guid":{"rendered":"https:\/\/www.panamera-life.com\/?p=38985"},"modified":"2021-07-29T11:16:16","modified_gmt":"2021-07-29T02:16:16","slug":"porsche-911gt3-202108","status":"publish","type":"post","link":"https:\/\/www.panamera-life.com\/de\/entry\/porsche-911gt3-202108\/","title":{"rendered":"Ich habe meinen Porsche 911 GT3 verkauft, bereue es aber nicht \u2013 dank des 992er"},"content":{"rendered":"<div id=\"ez-toc-container\" class=\"ez-toc-v2_0_74 counter-hierarchy ez-toc-counter ez-toc-grey ez-toc-container-direction\">\n<div class=\"ez-toc-title-container\">\n<p class=\"ez-toc-title\" style=\"cursor:inherit\">\u30b3\u30f3\u30c6\u30f3\u30c4<\/p>\n<span class=\"ez-toc-title-toggle\"><\/span><\/div>\n<nav><ul class='ez-toc-list ez-toc-list-level-1 ' ><li class='ez-toc-page-1 ez-toc-heading-level-3'><a class=\"ez-toc-link ez-toc-heading-1\" href=\"https:\/\/www.panamera-life.com\/de\/entry\/porsche-911gt3-202108\/#Porsche_911_GT3_Touring_verkauft_%E2%80%93_bereue_ich_das\" >Porsche 911 GT3 Touring verkauft \u2013 bereue ich das?<\/a><\/li><li class='ez-toc-page-1 ez-toc-heading-level-3'><a class=\"ez-toc-link ez-toc-heading-2\" href=\"https:\/\/www.panamera-life.com\/de\/entry\/porsche-911gt3-202108\/#Die_beeindruckende_Performance_des_Porsche_911_Typ_992\" >Die beeindruckende Performance des Porsche 911 (Typ 992)<\/a><\/li><\/ul><\/nav><\/div>\n\n<h3 class=\"style3a\"><span class=\"ez-toc-section\" id=\"Porsche_911_GT3_Touring_verkauft_%E2%80%93_bereue_ich_das\"><\/span>Porsche 911 GT3 Touring verkauft \u2013 bereue ich das?<span class=\"ez-toc-section-end\"><\/span><\/h3>\n<p>Im April dieses Jahres haben wir unseren Porsche 911 GT3 Touring verkauft. Mein Mann hatte sich mit gro\u00dfer Leidenschaft und Detailverliebtheit f\u00fcr die Ausstattung entschieden \u2013 es war ein ganz besonderes Auto f\u00fcr uns. Doch die Leistung war so hoch, dass wir im Alltag kaum die M\u00f6glichkeit hatten, sie wirklich auszunutzen, und so mussten wir uns schweren Herzens davon trennen.<\/p>\n<p>Seitdem werde ich oft gefragt: <strong>\u201eBereuen Sie den Verkauf des 911 GT3? Haben Sie schon dar\u00fcber nachgedacht, sich wieder einen GT3 zuzulegen?\u201c<\/strong><\/p>\n<p><img loading=\"lazy\" decoding=\"async\" class=\"alignnone size-full wp-image-24701\" src=\"https:\/\/www.panamera-life.com\/wp-content\/uploads\/2021\/07\/IMG_3323.jpg\" alt=\"Porsche 911 GT3 Touring\" width=\"1200\" height=\"674\" \/><\/p>\n<p>Fast vier Monate sind seitdem vergangen, und mein Mann sagte neulich Folgendes:<\/p>\n<p class=\"well3\">\u201eIch werde oft gefragt, ob ich den Verkauf des 911 GT3 Touring bereue. Fr\u00fcher habe ich gesagt: \u201aIch habe nicht spontan verkauft, sondern lange dar\u00fcber nachgedacht und mehrere Monate gez\u00f6gert, deshalb bereue ich es nicht.\u2018 Aber in letzter Zeit denke ich eher so: <strong>Der Grund, warum ich nicht bereue, ist wahrscheinlich, dass wir den 992 (911 Cabriolet) haben.<\/strong>\u201c<\/p>\n<p>Ich fragte ihn: \u201eVerstehe ich das richtig? Warum denkst du so?\u201c<\/p>\n<p class=\"well3\">Der 992er 911 ist wirklich ein Hochleistungsfahrzeug. Ich glaube sogar, dass er mit dem 991er GT3 vergleichbar ist. Das Handling, die Steifigkeit, das Fahrwerk, das Ansprechverhalten von Gas und Bremse \u2013 alles ist beeindruckend. Selbst auf den Kurven der Royu Driveway f\u00fchlt es sich an, als k\u00f6nnte man mit dieser Geschwindigkeit noch viel weiter gehen \u2013 das ist dem GT3 sehr \u00e4hnlich. Deshalb bin ich auch ohne den GT3 <strong>mit dem 992er mehr als zufrieden<\/strong>. Und das, obwohl es sich um die Basisausstattung des 992 handelt. Nat\u00fcrlich ist der Rennmotor des GT3 etwas ganz Besonderes, und wenn der GT3 ernst macht, kann der Basismodell-992 da nicht mithalten. Aber <strong>f\u00fcr normale Bergstreckenfahrten ist die Performance des 992 wirklich beeindruckend \u2013 auf Stra\u00dfen-Geschwindigkeit kann er mit dem GT3 beim Kurvenfahren locker mithalten.<\/strong> Deshalb vermisse ich den GT3 nicht, weil wir den 992 haben.\u201c<\/p>\n<p><img loading=\"lazy\" decoding=\"async\" class=\"alignnone size-full wp-image-24702\" src=\"https:\/\/www.panamera-life.com\/wp-content\/uploads\/2021\/07\/IMG_1314.jpg\" alt=\"Porsche 911 GT3 Touring\" width=\"1200\" height=\"674\" \/><\/p>\n<h3 class=\"style3a\"><span class=\"ez-toc-section\" id=\"Die_beeindruckende_Performance_des_Porsche_911_Typ_992\"><\/span>Die beeindruckende Performance des Porsche 911 (Typ 992)<span class=\"ez-toc-section-end\"><\/span><\/h3>\n<p>In diesem Blog habe ich schon oft \u00fcber die herausragende Leistung des 992 geschrieben: <a href=\"https:\/\/www.panamera-life.com\/entry\/992-is-like-a-robot\/\" target=\"_blank\" rel=\"noopener\">Die hohe Performance des 992 wurde mehrfach gew\u00fcrdigt.<\/a> Manchmal fragte ich mich jedoch, ob ich ihn vielleicht etwas zu sehr idealisiere, weil ich ihn selbst besitze und liebe.<\/p>\n<p>Doch neulich hat ein guter Porsche-Freund meines Mannes den 992 selbst gefahren und sagte:<\/p>\n<p class=\"well2\">\u201eDer Sprung vom 991 zum 992 f\u00fchlt sich an, als h\u00e4tte man zwei Generationen \u00fcbersprungen. Die Entwicklung ist wirklich enorm! Ich war fast sprachlos!\u201c<\/p>\n<p>(Dazu werde ich bald noch einen ausf\u00fchrlichen Artikel schreiben.)<\/p>\n<p>Auch Masataka Matsutoya lobte in der Sendung Car Graphic TV den Basismodell-992 in h\u00f6chsten T\u00f6nen.<\/p>\n<p>Es ist also nicht nur unsere pers\u00f6nliche Meinung, sondern auch von anderen anerkannt \u2013 was uns sehr beruhigt (lacht).<\/p>\n<p><img loading=\"lazy\" decoding=\"async\" class=\"alignnone size-full wp-image-19942\" src=\"https:\/\/www.panamera-life.com\/wp-content\/uploads\/2020\/10\/IMG_9110.jpg\" alt=\"Porsche 911 Carrera (992) in Aventuringr\u00fcn\" width=\"1200\" height=\"800\" \/><\/p>\n<p>Nat\u00fcrlich war auch der 991er 911 schon ein gro\u00dfartiges Auto. Als ich vor einigen Jahren zum ersten Mal einen 991 Cabriolet fahren durfte, war ich begeistert, wie leicht er sich fahren lie\u00df. Ich freute mich, dass ich selbst die Kurven auf der Royu Driveway souver\u00e4n meistern konnte. Der 911 ist wirklich ein Hochleistungsfahrzeug.<\/p>\n<p>Aber ich denke, <strong>der 992 \u00fcbertrifft die gro\u00dfartigen Eigenschaften des 991 um mehrere Stufen.<\/strong> Ehrlich gesagt glaube ich, dass Porsche kaum noch Verbesserungen \u00fcber diesen Punkt hinaus schaffen kann.<\/p>\n<p>Das ist nat\u00fcrlich nur meine Vermutung, aber ich habe das Gef\u00fchl, dass der 992 vielleicht die letzte Chance f\u00fcr Porsche ist, einen 911 mit klassischem Benzinmotor so zu bauen, wie sie es sich w\u00fcnschen \u2013 gerade angesichts der immer strengeren Abgasvorschriften. Deshalb wirkt der 992 wie das ultimative Meisterwerk, in das Porsche all seine Kraft und Leidenschaft gesteckt hat.<\/p>\n<p>Deshalb verstehe ich sehr gut, warum mein Mann sagt: <strong>\u201eIch bereue den Verkauf des 991 GT3 nicht, weil ich mit dem 992 ein gro\u00dfartiges Fahrerlebnis habe.\u201c<\/strong><\/p>\n<p>Wenn man so dar\u00fcber nachdenkt, wird der neue 992 GT3 sicher ein absolutes Highlight. Die Auslieferung wird wohl noch dauern, aber ich hoffe, dass ich irgendwann mal mitfahren darf \u2013 darauf freue ich mich schon sehr (lacht).<\/p>\n","protected":false},"excerpt":{"rendered":"Porsche 911 GT3 Touring verkauft \u2013 bereue ich das? Im April dieses Jahres haben wir unseren Porsche 911 GT3 Touring verkauft. Mein Mann hatte sich mit gro\u00dfer Leidenschaft und Detailverliebtheit f\u00fcr die Ausstattung entschieden \u2013 es war ein ganz besonderes Auto f\u00fcr uns. Doch die Leistung war so hoch, dass wir im Alltag kaum die M\u00f6glichkeit hatten, sie wirklich auszunutzen, und so mussten wir uns schweren Herzens davon trennen. Seitdem werde ich oft gefragt: \u201eBereuen...","protected":false},"author":0,"featured_media":24700,"comment_status":"open","ping_status":"closed","sticky":false,"template":"","format":"standard","meta":{"footnotes":"","_locale":"de_DE","_original_post":"https:\/\/www.panamera-life.com\/?p=24683"},"categories":[30],"tags":[183,199,201,217,232,236],"yoast_head":"<title>Ich habe meinen Porsche 911 GT3 verkauft, bereue es aber nicht \u2013 dank des 992er - \u30dd\u30eb\u30b7\u30a7\u304c\u308f\u304c\u5bb6\u306b\u3084\u3063\u3066\u304d\u305f - \u30aa\u30fc\u30ca\u30fc\u30ba\u30d6\u30ed\u30b0<\/title>\n<meta name=\"description\" content=\"Verkauf des Porsche 911 GT3 bereut? Dank der beeindruckenden Performance des 992er 911 genie\u00dfen wir ein unvergleichliches Porsche Fahrerlebnis ohne Reue.\" \/>\n<meta name=\"robots\" content=\"index, follow, max-snippet:-1, max-image-preview:large, max-video-preview:-1\" \/>\n<link rel=\"canonical\" href=\"https:\/\/www.panamera-life.com\/de\/entry\/porsche-911gt3-202108\/\" \/>\n<meta property=\"og:locale\" content=\"de_DE\" \/>\n<meta property=\"og:type\" content=\"article\" \/>\n<meta property=\"og:title\" content=\"Ich habe meinen Porsche 911 GT3 verkauft, bereue es aber nicht \u2013 dank des 992er - \u30dd\u30eb\u30b7\u30a7\u304c\u308f\u304c\u5bb6\u306b\u3084\u3063\u3066\u304d\u305f - \u30aa\u30fc\u30ca\u30fc\u30ba\u30d6\u30ed\u30b0\" \/>\n<meta property=\"og:description\" content=\"Verkauf des Porsche 911 GT3 bereut? Dank der beeindruckenden Performance des 992er 911 genie\u00dfen wir ein unvergleichliches Porsche Fahrerlebnis ohne Reue.\" \/>\n<meta property=\"og:url\" content=\"https:\/\/www.panamera-life.com\/de\/entry\/porsche-911gt3-202108\/\" \/>\n<meta property=\"og:site_name\" content=\"\u30dd\u30eb\u30b7\u30a7\u304c\u308f\u304c\u5bb6\u306b\u3084\u3063\u3066\u304d\u305f - \u30aa\u30fc\u30ca\u30fc\u30ba\u30d6\u30ed\u30b0\" \/>\n<meta property=\"article:publisher\" content=\"https:\/\/www.facebook.com\/panameralife\/\" \/>\n<meta property=\"article:published_time\" content=\"2021-07-29T21:00:49+00:00\" \/>\n<meta property=\"article:modified_time\" content=\"2021-07-29T02:16:16+00:00\" \/>\n<meta property=\"og:image\" content=\"https:\/\/www.panamera-life.com\/wp-content\/uploads\/2021\/07\/IMG_3322.jpg\" \/>\n\t<meta property=\"og:image:width\" content=\"1200\" \/>\n\t<meta property=\"og:image:height\" content=\"674\" \/>\n\t<meta property=\"og:image:type\" content=\"image\/jpeg\" \/>\n<meta name=\"twitter:label1\" content=\"Gesch\u00e4tzte Lesezeit\" \/>\n\t<meta name=\"twitter:data1\" content=\"1\u00a0Minute\" \/>","yoast_head_json":{"title":"Ich habe meinen Porsche 911 GT3 verkauft, bereue es aber nicht \u2013 dank des 992er - \u30dd\u30eb\u30b7\u30a7\u304c\u308f\u304c\u5bb6\u306b\u3084\u3063\u3066\u304d\u305f - \u30aa\u30fc\u30ca\u30fc\u30ba\u30d6\u30ed\u30b0","description":"Verkauf des Porsche 911 GT3 bereut? Dank der beeindruckenden Performance des 992er 911 genie\u00dfen wir ein unvergleichliches Porsche Fahrerlebnis ohne Reue.","robots":{"index":"index","follow":"follow","max-snippet":"max-snippet:-1","max-image-preview":"max-image-preview:large","max-video-preview":"max-video-preview:-1"},"canonical":"https:\/\/www.panamera-life.com\/de\/entry\/porsche-911gt3-202108\/","og_locale":"de_DE","og_type":"article","og_title":"Ich habe meinen Porsche 911 GT3 verkauft, bereue es aber nicht \u2013 dank des 992er - \u30dd\u30eb\u30b7\u30a7\u304c\u308f\u304c\u5bb6\u306b\u3084\u3063\u3066\u304d\u305f - \u30aa\u30fc\u30ca\u30fc\u30ba\u30d6\u30ed\u30b0","og_description":"Verkauf des Porsche 911 GT3 bereut? Dank der beeindruckenden Performance des 992er 911 genie\u00dfen wir ein unvergleichliches Porsche Fahrerlebnis ohne Reue.","og_url":"https:\/\/www.panamera-life.com\/de\/entry\/porsche-911gt3-202108\/","og_site_name":"\u30dd\u30eb\u30b7\u30a7\u304c\u308f\u304c\u5bb6\u306b\u3084\u3063\u3066\u304d\u305f - \u30aa\u30fc\u30ca\u30fc\u30ba\u30d6\u30ed\u30b0","article_publisher":"https:\/\/www.facebook.com\/panameralife\/","article_published_time":"2021-07-29T21:00:49+00:00","article_modified_time":"2021-07-29T02:16:16+00:00","og_image":[{"width":1200,"height":674,"url":"https:\/\/www.panamera-life.com\/wp-content\/uploads\/2021\/07\/IMG_3322.jpg","type":"image\/jpeg"}],"twitter_misc":{"Gesch\u00e4tzte Lesezeit":"1\u00a0Minute"},"schema":{"@context":"https:\/\/schema.org","@graph":[{"@type":"Article","@id":"https:\/\/www.panamera-life.com\/de\/entry\/porsche-911gt3-202108\/#article","isPartOf":{"@id":"https:\/\/www.panamera-life.com\/de\/entry\/porsche-911gt3-202108\/"},"author":{"name":"","@id":""},"headline":"Ich habe meinen Porsche 911 GT3 verkauft, bereue es aber nicht \u2013 dank des 992er","datePublished":"2021-07-29T21:00:49+00:00","dateModified":"2021-07-29T02:16:16+00:00","mainEntityOfPage":{"@id":"https:\/\/www.panamera-life.com\/de\/entry\/porsche-911gt3-202108\/"},"wordCount":656,"commentCount":0,"publisher":{"@id":"https:\/\/www.panamera-life.com\/#organization"},"image":{"@id":"https:\/\/www.panamera-life.com\/de\/entry\/porsche-911gt3-202108\/#primaryimage"},"thumbnailUrl":"https:\/\/www.panamera-life.com\/wp-content\/uploads\/2021\/07\/IMG_3322.jpg","keywords":["Porsche 911","Basismodell","GT3","992","991","cabriolet"],"articleSection":["Porsche 911"],"inLanguage":"de","potentialAction":[{"@type":"CommentAction","name":"Comment","target":["https:\/\/www.panamera-life.com\/de\/entry\/porsche-911gt3-202108\/#respond"]}]},{"@type":"WebPage","@id":"https:\/\/www.panamera-life.com\/de\/entry\/porsche-911gt3-202108\/","url":"https:\/\/www.panamera-life.com\/de\/entry\/porsche-911gt3-202108\/","name":"Ich habe meinen Porsche 911 GT3 verkauft, bereue es aber nicht \u2013 dank des 992er - \u30dd\u30eb\u30b7\u30a7\u304c\u308f\u304c\u5bb6\u306b\u3084\u3063\u3066\u304d\u305f - \u30aa\u30fc\u30ca\u30fc\u30ba\u30d6\u30ed\u30b0","isPartOf":{"@id":"https:\/\/www.panamera-life.com\/#website"},"primaryImageOfPage":{"@id":"https:\/\/www.panamera-life.com\/de\/entry\/porsche-911gt3-202108\/#primaryimage"},"image":{"@id":"https:\/\/www.panamera-life.com\/de\/entry\/porsche-911gt3-202108\/#primaryimage"},"thumbnailUrl":"https:\/\/www.panamera-life.com\/wp-content\/uploads\/2021\/07\/IMG_3322.jpg","datePublished":"2021-07-29T21:00:49+00:00","dateModified":"2021-07-29T02:16:16+00:00","description":"Verkauf des Porsche 911 GT3 bereut? Dank der beeindruckenden Performance des 992er 911 genie\u00dfen wir ein unvergleichliches Porsche Fahrerlebnis ohne Reue.","breadcrumb":{"@id":"https:\/\/www.panamera-life.com\/de\/entry\/porsche-911gt3-202108\/#breadcrumb"},"inLanguage":"de","potentialAction":[{"@type":"ReadAction","target":["https:\/\/www.panamera-life.com\/de\/entry\/porsche-911gt3-202108\/"]}]},{"@type":"ImageObject","inLanguage":"de","@id":"https:\/\/www.panamera-life.com\/de\/entry\/porsche-911gt3-202108\/#primaryimage","url":"https:\/\/www.panamera-life.com\/wp-content\/uploads\/2021\/07\/IMG_3322.jpg","contentUrl":"https:\/\/www.panamera-life.com\/wp-content\/uploads\/2021\/07\/IMG_3322.jpg","width":1200,"height":674,"caption":"\u30dd\u30eb\u30b7\u30a7911GT3\u30c4\u30fc\u30ea\u30f3\u30b0 | \u8eca, \u9053\u8def, \u30ac\u30fc\u30c9\u30ec\u30fc\u30eb, \u6728, \u8d70\u884c\u4e2d, \u5c71\u9053, PORSCHE, 911, 991"},{"@type":"BreadcrumbList","@id":"https:\/\/www.panamera-life.com\/de\/entry\/porsche-911gt3-202108\/#breadcrumb","itemListElement":[{"@type":"ListItem","position":1,"name":"\u30db\u30fc\u30e0","item":"https:\/\/www.panamera-life.com\/"},{"@type":"ListItem","position":2,"name":"Ich habe meinen Porsche 911 GT3 verkauft, bereue es aber nicht \u2013 dank des 992er"}]},{"@type":"WebSite","@id":"https:\/\/www.panamera-life.com\/#website","url":"https:\/\/www.panamera-life.com\/","name":"\u30dd\u30eb\u30b7\u30a7\u304c\u308f\u304c\u5bb6\u306b\u3084\u3063\u3066\u304d\u305f - \u30aa\u30fc\u30ca\u30fc\u30ba\u30d6\u30ed\u30b0","description":"\u30dd\u30eb\u30b7\u30a7\u306b\u9b45\u4e86\u3055\u308c\u305f\u59bb\u304c\u66f8\u304f\u30dd\u30eb\u30b7\u30a7\u30d6\u30ed\u30b0\u3067\u3059\u3002\u6240\u6709\u3059\u308b\u30dd\u30eb\u30b7\u30a7 911\u30ab\u30ec\u30e9\uff08964\uff09\u3001911GT3\u3001\u30dc\u30af\u30b9\u30bf\u30fc\u3001\u30d1\u30ca\u30e1\u30fc\u30e9\u306e\u30ec\u30d3\u30e5\u30fc\u3084\u7dad\u6301\u8cbb\u3001\u30c4\u30fc\u30ea\u30f3\u30b0\u8a18\u306a\u3069\u3002\u30cb\u30e5\u30fc\u30b9\u8a18\u4e8b\u3067\u306f\u5206\u304b\u3089\u306a\u3044\u751f\u306e\u30dd\u30eb\u30b7\u30a7\u30aa\u30fc\u30ca\u30fc\u306e\u58f0\u3092\u5b9a\u671f\u914d\u4fe1\u3059\u308b\u30d6\u30ed\u30b0\u3067\u3059\u3002","publisher":{"@id":"https:\/\/www.panamera-life.com\/#organization"},"potentialAction":[{"@type":"SearchAction","target":{"@type":"EntryPoint","urlTemplate":"https:\/\/www.panamera-life.com\/?s={search_term_string}"},"query-input":{"@type":"PropertyValueSpecification","valueRequired":true,"valueName":"search_term_string"}}],"inLanguage":"de"},{"@type":"Organization","@id":"https:\/\/www.panamera-life.com\/#organization","name":"\u30dd\u30eb\u30b7\u30a7\u304c\u308f\u304c\u5bb6\u306b\u3084\u3063\u3066\u304d\u305f","url":"https:\/\/www.panamera-life.com\/","logo":{"@type":"ImageObject","inLanguage":"de","@id":"https:\/\/www.panamera-life.com\/#\/schema\/logo\/image\/","url":"https:\/\/www.panamera-life.com\/wp-content\/uploads\/2021\/05\/unnamed.jpg","contentUrl":"https:\/\/www.panamera-life.com\/wp-content\/uploads\/2021\/05\/unnamed.jpg","width":512,"height":512,"caption":"\u30dd\u30eb\u30b7\u30a7\u304c\u308f\u304c\u5bb6\u306b\u3084\u3063\u3066\u304d\u305f"},"image":{"@id":"https:\/\/www.panamera-life.com\/#\/schema\/logo\/image\/"},"sameAs":["https:\/\/www.facebook.com\/panameralife\/","https:\/\/x.com\/Mina_Panamera","https:\/\/www.instagram.com\/mina_porsche\/","https:\/\/www.youtube.com\/channel\/UCoyAW0ifcnk05Iryf7-bkhg"]}]}},"_links":{"self":[{"href":"https:\/\/www.panamera-life.com\/wp-json\/wp\/v2\/posts\/38985"}],"collection":[{"href":"https:\/\/www.panamera-life.com\/wp-json\/wp\/v2\/posts"}],"about":[{"href":"https:\/\/www.panamera-life.com\/wp-json\/wp\/v2\/types\/post"}],"replies":[{"embeddable":true,"href":"https:\/\/www.panamera-life.com\/wp-json\/wp\/v2\/comments?post=38985"}],"version-history":[{"count":0,"href":"https:\/\/www.panamera-life.com\/wp-json\/wp\/v2\/posts\/38985\/revisions"}],"wp:featuredmedia":[{"embeddable":true,"href":"https:\/\/www.panamera-life.com\/wp-json\/wp\/v2\/media\/24700"}],"wp:attachment":[{"href":"https:\/\/www.panamera-life.com\/wp-json\/wp\/v2\/media?parent=38985"}],"wp:term":[{"taxonomy":"category","embeddable":true,"href":"https:\/\/www.panamera-life.com\/wp-json\/wp\/v2\/categories?post=38985"},{"taxonomy":"post_tag","embeddable":true,"href":"https:\/\/www.panamera-life.com\/wp-json\/wp\/v2\/tags?post=38985"}],"curies":[{"name":"wp","href":"https:\/\/api.w.org\/{rel}","templated":true}]}}