{"id":39034,"date":"2021-06-14T06:00:19","date_gmt":"2021-06-13T21:00:19","guid":{"rendered":"https:\/\/www.panamera-life.com\/?p=39034"},"modified":"2021-06-14T06:25:47","modified_gmt":"2021-06-13T21:25:47","slug":"about-emblem-less","status":"publish","type":"post","link":"https:\/\/www.panamera-life.com\/de\/entry\/about-emblem-less\/","title":{"rendered":"Warum ich es liebe, das Emblem meines Porsche bewusst zu entfernen"},"content":{"rendered":"<div id=\"ez-toc-container\" class=\"ez-toc-v2_0_74 counter-hierarchy ez-toc-counter ez-toc-grey ez-toc-container-direction\">\n<div class=\"ez-toc-title-container\">\n<p class=\"ez-toc-title\" style=\"cursor:inherit\">\u30b3\u30f3\u30c6\u30f3\u30c4<\/p>\n<span class=\"ez-toc-title-toggle\"><\/span><\/div>\n<nav><ul class='ez-toc-list ez-toc-list-level-1 ' ><li class='ez-toc-page-1 ez-toc-heading-level-3'><a class=\"ez-toc-link ez-toc-heading-1\" href=\"https:\/\/www.panamera-life.com\/de\/entry\/about-emblem-less\/#Mein_Porsche_%E2%80%93_ganz_ohne_Emblem\" >Mein Porsche \u2013 ganz ohne Emblem<\/a><\/li><li class='ez-toc-page-1 ez-toc-heading-level-3'><a class=\"ez-toc-link ez-toc-heading-2\" href=\"https:\/\/www.panamera-life.com\/de\/entry\/about-emblem-less\/#Emblemlose_Autos_sind_in_Deutschland_verbreitet\" >Emblemlose Autos sind in Deutschland verbreitet<\/a><\/li><\/ul><\/nav><\/div>\n\n<h3 class=\"style3a\"><span class=\"ez-toc-section\" id=\"Mein_Porsche_%E2%80%93_ganz_ohne_Emblem\"><\/span>Mein Porsche \u2013 ganz ohne Emblem<span class=\"ez-toc-section-end\"><\/span><\/h3>\n<p>Mein im April bestellter Porsche mit Schaltgetriebe ist noch nicht produziert oder geliefert worden. W\u00e4hrend ich online nach Lieferinformationen suchte und Bilder verglich, um das Fahrzeug noch besser auszustatten, sagte mein Mann pl\u00f6tzlich:<\/p>\n<p class=\"well3\">\u201eFindest du nicht auch, dass das Auto hinten ohne Emblem viel klarer und stylischer aussieht?\u201c<\/p>\n<p>Neugierig suchte ich im Netz nach Bildern mit und ohne Emblem und stellte fest, dass die emblemlose Variante tats\u00e4chlich deutlich eleganter wirkt.<\/p>\n<p>Als eher zur\u00fcckhaltender Mensch fragte ich mich jedoch, ob ich so einen Wunsch \u00fcberhaupt \u00e4u\u00dfern darf. Schlie\u00dflich bat ich meinen Mann: \u201eKannst du beim H\u00e4ndler mal anfragen, ob das Emblem weggelassen werden kann?\u201c <span style=\"font-size: 10pt;\">(K\u00f6nntest du das nicht selbst machen?)<\/span> Er rief sofort an und es wurde best\u00e4tigt:<\/p>\n<p class=\"well3\">\u201eDas Emblem wird direkt bei Anlieferung vom H\u00e4ndler entfernt. Au\u00dferdem habe ich darum gebeten, keine Aufkleber auf der Heckscheibe anzubringen. Allerdings kann es sein, dass leichte Spuren zur\u00fcckbleiben \u2013 das sollte man wissen. \u00dcbrigens, es gibt tats\u00e4chlich ab und zu Kunden, die ihr Auto emblemlos bestellen.\u201c<\/p>\n<p>Das fand ich ziemlich am\u00fcsant.<\/p>\n<p>Fr\u00fcher h\u00e4tte ich nie daran gedacht, ein Neufahrzeug ohne Emblem zu bestellen \u2013 ich wusste nicht einmal, dass das m\u00f6glich ist. Doch durch meinen Mann habe ich gelernt, dass es sich lohnt, W\u00fcnsche und Ideen offen mit dem H\u00e4ndler zu besprechen.<\/p>\n<p>\u00dcbrigens bestellte mein Mann seinen ersten Porsche, einen Boxster GTS (981), ebenfalls ohne das \u201eBoxster GTS\u201c-Logo am Heck.<\/p>\n<p><img loading=\"lazy\" decoding=\"async\" class=\"alignnone wp-image-23941 size-full\" src=\"https:\/\/www.panamera-life.com\/wp-content\/uploads\/2021\/06\/IMG_1277.jpg\" alt=\"Porsche Boxster GTS\" width=\"1200\" height=\"674\" \/><\/p>\n<p>Da ich damals kaum Interesse an Autos hatte, war ich nach der Auslieferung \u00fcberrascht: \u201eMoment mal, da steht doch gar kein Boxster GTS hinten drauf!\u201c Auf meine Nachfrage erkl\u00e4rte er:<\/p>\n<p class=\"well3\">\u201eJa, das Logo habe ich weglassen lassen. Nur an der Seite steht \u201aGTS\u2018, hinten ist es schlicht \u201aPORSCHE\u2018. Die Aerodynamik unterscheidet sich ja, sodass man auf den ersten Blick merkt: \u201aHey, das ist kein normaler Boxster.\u2018 Aber das GTS-Logo fehlt bewusst. Wer sich auskennt, erkennt\u2019s trotzdem. Au\u00dferdem habe ich das Interieur bewusst nicht in Rot oder Alcantara gew\u00e4hlt, sondern klassisch in schwarzem Leder.\u201c<\/p>\n<p><img loading=\"lazy\" decoding=\"async\" class=\"alignnone wp-image-23944 size-full\" src=\"https:\/\/www.panamera-life.com\/wp-content\/uploads\/2021\/06\/IMG_1117.jpg\" alt=\"Innenraum Porsche Boxster GTS\" width=\"1200\" height=\"800\" \/><\/p>\n<p>Auch beim GT3 Touring ohne Heckfl\u00fcgel sagte er einmal:<\/p>\n<p class=\"well3\">\u201eMir gef\u00e4llt, dass der GT3 Touring kein GT3-Logo hinten hat. Optisch wirkt er anders als ein normaler 911, und ohne Fl\u00fcgel sieht man nicht sofort, dass es ein GT3 ist. Aber wer sich auskennt, erkennt\u2019s sofort \u2013 genau so soll es sein. Ein GT3, den nur Kenner erkennen.\u201c<\/p>\n<p>Ich finde das schon ziemlich speziell: \u201eMan kauft einen GTS oder GT3, m\u00f6chte aber nicht, dass es sofort jeder sieht.\u201c (-_-)w<\/p>\n<p><img loading=\"lazy\" decoding=\"async\" class=\"alignnone size-full wp-image-23945\" src=\"https:\/\/www.panamera-life.com\/wp-content\/uploads\/2021\/06\/IMG_0416.jpg\" alt=\"Porsche 911 GT3 Touring\" width=\"1200\" height=\"800\" \/><\/p>\n<h3 class=\"style3a\"><span class=\"ez-toc-section\" id=\"Emblemlose_Autos_sind_in_Deutschland_verbreitet\"><\/span>Emblemlose Autos sind in Deutschland verbreitet<span class=\"ez-toc-section-end\"><\/span><\/h3>\n<p>In Japan sieht man kaum Autos ohne Emblem, doch in Deutschland ist das gar nicht so selten.<\/p>\n<p><a href=\"https:\/\/www.panamera-life.com\/entry\/car-museums-in-germany\/\" target=\"_blank\" rel=\"noopener\">Auf unserer Hochzeitsreise nach Deutschland<\/a> mieteten wir einen Porsche 911, fuhren auf der Autobahn und der Romantischen Stra\u00dfe und besuchten Museen von Porsche, Mercedes-Benz, BMW und Audi <span style=\"font-size: 10pt;\">(was f\u00fcr eine Hochzeitsreise, oder?)<\/span>. Mein Mann war \u00fcberrascht, wie viele Autos dort ohne Emblem unterwegs sind.<\/p>\n<p class=\"well3\">Bei Mercedes-Benz zum Beispiel erkennt man S- oder E-Klasse manchmal kaum, auch die Ausstattungslinien sind nicht immer ersichtlich. Auf Instagram sieht man oft, dass in Deutschland viele bewusst ohne Emblem fahren. In Japan kann man au\u00dfer bei Porsche keine emblemlose Variante bestellen, aber in Deutschland ist das m\u00f6glich.<\/p>\n<p><img loading=\"lazy\" decoding=\"async\" class=\"alignnone size-full wp-image-23948\" src=\"https:\/\/www.panamera-life.com\/wp-content\/uploads\/2021\/06\/IMG_0202.jpg\" alt=\"Autos in Deutschland\" width=\"1200\" height=\"900\" \/><\/p>\n<p>Ich selbst hatte das gar nicht bemerkt und war eher erstaunt \u00fcber <strong>die vielen Mercedes-Taxis<\/strong> und <strong>die Surfer im eiskalten Fluss in M\u00fcnchen<\/strong>.<\/p>\n<p><img loading=\"lazy\" decoding=\"async\" class=\"alignnone size-full wp-image-23949\" src=\"https:\/\/www.panamera-life.com\/wp-content\/uploads\/2021\/06\/IMG_1332.jpg\" alt=\"Mercedes-Benz Taxi\" width=\"900\" height=\"1200\" \/><\/p>\n<p><img loading=\"lazy\" decoding=\"async\" class=\"alignnone size-full wp-image-23950\" src=\"https:\/\/www.panamera-life.com\/wp-content\/uploads\/2021\/06\/IMG_0044.jpg\" alt=\"Surfen in M\u00fcnchen\" width=\"1200\" height=\"900\" \/><\/p>\n<p>Man k\u00f6nnte meinen, dass man Logos wie \u201eS63\u201c gerne zeigt, um Anerkennung zu bekommen. Doch offenbar ist die Sichtweise in Deutschland anders.<\/p>\n<p>Eine kurze Recherche ergab, dass auf der Autobahn Unterschiede in Hubraum oder Ausstattung zu Nachteilen f\u00fchren k\u00f6nnen, wenn andere Fahrer einen benachteiligen \u2013 was das Fahren erschwert.<\/p>\n<p>Kein Wunder, dass man auf der Autobahn mit 200 km\/h lieber unauff\u00e4llig unterwegs ist.<\/p>\n<p>Schon bei der Wahl der Lackfarbe merkt man, wie unterschiedlich die Automobilkultur zwischen Japan und dem Ausland ist. Ich freue mich darauf, bald wieder nach Deutschland zu reisen und mit mehr Wissen neue Entdeckungen zu machen \u2013 und dar\u00fcber hier im Blog zu berichten! w<\/p>\n","protected":false},"excerpt":{"rendered":"Mein Porsche \u2013 ganz ohne Emblem Mein im April bestellter Porsche mit Schaltgetriebe ist noch nicht produziert oder geliefert worden. W\u00e4hrend ich online nach Lieferinformationen suchte und Bilder verglich, um das Fahrzeug noch besser auszustatten, sagte mein Mann pl\u00f6tzlich: \u201eFindest du nicht auch, dass das Auto hinten ohne Emblem viel klarer und stylischer aussieht?\u201c Neugierig suchte ich im Netz nach Bildern mit und ohne Emblem und stellte fest, dass die emblemlose Variante tats\u00e4chlich deutlich eleganter...","protected":false},"author":0,"featured_media":23982,"comment_status":"open","ping_status":"closed","sticky":false,"template":"","format":"standard","meta":{"footnotes":"","_locale":"de_DE","_original_post":"https:\/\/www.panamera-life.com\/?p=23921"},"categories":[59],"tags":[237],"yoast_head":"<title>Warum ich es liebe, das Emblem meines Porsche bewusst zu entfernen - \u30dd\u30eb\u30b7\u30a7\u304c\u308f\u304c\u5bb6\u306b\u3084\u3063\u3066\u304d\u305f - \u30aa\u30fc\u30ca\u30fc\u30ba\u30d6\u30ed\u30b0<\/title>\n<meta name=\"description\" content=\"In Deutschland sind emblemlose Porsche beliebt. Erfahre, warum wir unseren Porsche ohne Emblem fahren und wie das Porsche Fahrerlebnis dadurch stilvoller wird.\" \/>\n<meta name=\"robots\" content=\"index, follow, max-snippet:-1, max-image-preview:large, max-video-preview:-1\" \/>\n<link rel=\"canonical\" href=\"https:\/\/www.panamera-life.com\/de\/entry\/about-emblem-less\/\" \/>\n<meta property=\"og:locale\" content=\"de_DE\" \/>\n<meta property=\"og:type\" content=\"article\" \/>\n<meta property=\"og:title\" content=\"Warum ich es liebe, das Emblem meines Porsche bewusst zu entfernen - \u30dd\u30eb\u30b7\u30a7\u304c\u308f\u304c\u5bb6\u306b\u3084\u3063\u3066\u304d\u305f - \u30aa\u30fc\u30ca\u30fc\u30ba\u30d6\u30ed\u30b0\" \/>\n<meta property=\"og:description\" content=\"In Deutschland sind emblemlose Porsche beliebt. Erfahre, warum wir unseren Porsche ohne Emblem fahren und wie das Porsche Fahrerlebnis dadurch stilvoller wird.\" \/>\n<meta property=\"og:url\" content=\"https:\/\/www.panamera-life.com\/de\/entry\/about-emblem-less\/\" \/>\n<meta property=\"og:site_name\" content=\"\u30dd\u30eb\u30b7\u30a7\u304c\u308f\u304c\u5bb6\u306b\u3084\u3063\u3066\u304d\u305f - \u30aa\u30fc\u30ca\u30fc\u30ba\u30d6\u30ed\u30b0\" \/>\n<meta property=\"article:publisher\" content=\"https:\/\/www.facebook.com\/panameralife\/\" \/>\n<meta property=\"article:published_time\" content=\"2021-06-13T21:00:19+00:00\" \/>\n<meta property=\"article:modified_time\" content=\"2021-06-13T21:25:47+00:00\" \/>\n<meta property=\"og:image\" content=\"https:\/\/www.panamera-life.com\/wp-content\/uploads\/2021\/06\/A7743573-DA34-4E5D-BF1E-954AAA7E309A.jpeg\" \/>\n\t<meta property=\"og:image:width\" content=\"2305\" \/>\n\t<meta property=\"og:image:height\" content=\"1537\" \/>\n\t<meta property=\"og:image:type\" content=\"image\/jpeg\" \/>\n<meta name=\"twitter:label1\" content=\"Gesch\u00e4tzte Lesezeit\" \/>\n\t<meta name=\"twitter:data1\" content=\"2\u00a0Minuten\" \/>","yoast_head_json":{"title":"Warum ich es liebe, das Emblem meines Porsche bewusst zu entfernen - \u30dd\u30eb\u30b7\u30a7\u304c\u308f\u304c\u5bb6\u306b\u3084\u3063\u3066\u304d\u305f - \u30aa\u30fc\u30ca\u30fc\u30ba\u30d6\u30ed\u30b0","description":"In Deutschland sind emblemlose Porsche beliebt. Erfahre, warum wir unseren Porsche ohne Emblem fahren und wie das Porsche Fahrerlebnis dadurch stilvoller wird.","robots":{"index":"index","follow":"follow","max-snippet":"max-snippet:-1","max-image-preview":"max-image-preview:large","max-video-preview":"max-video-preview:-1"},"canonical":"https:\/\/www.panamera-life.com\/de\/entry\/about-emblem-less\/","og_locale":"de_DE","og_type":"article","og_title":"Warum ich es liebe, das Emblem meines Porsche bewusst zu entfernen - \u30dd\u30eb\u30b7\u30a7\u304c\u308f\u304c\u5bb6\u306b\u3084\u3063\u3066\u304d\u305f - \u30aa\u30fc\u30ca\u30fc\u30ba\u30d6\u30ed\u30b0","og_description":"In Deutschland sind emblemlose Porsche beliebt. Erfahre, warum wir unseren Porsche ohne Emblem fahren und wie das Porsche Fahrerlebnis dadurch stilvoller wird.","og_url":"https:\/\/www.panamera-life.com\/de\/entry\/about-emblem-less\/","og_site_name":"\u30dd\u30eb\u30b7\u30a7\u304c\u308f\u304c\u5bb6\u306b\u3084\u3063\u3066\u304d\u305f - \u30aa\u30fc\u30ca\u30fc\u30ba\u30d6\u30ed\u30b0","article_publisher":"https:\/\/www.facebook.com\/panameralife\/","article_published_time":"2021-06-13T21:00:19+00:00","article_modified_time":"2021-06-13T21:25:47+00:00","og_image":[{"width":2305,"height":1537,"url":"https:\/\/www.panamera-life.com\/wp-content\/uploads\/2021\/06\/A7743573-DA34-4E5D-BF1E-954AAA7E309A.jpeg","type":"image\/jpeg"}],"twitter_misc":{"Gesch\u00e4tzte Lesezeit":"2\u00a0Minuten"},"schema":{"@context":"https:\/\/schema.org","@graph":[{"@type":"Article","@id":"https:\/\/www.panamera-life.com\/de\/entry\/about-emblem-less\/#article","isPartOf":{"@id":"https:\/\/www.panamera-life.com\/de\/entry\/about-emblem-less\/"},"author":{"name":"","@id":""},"headline":"Warum ich es liebe, das Emblem meines Porsche bewusst zu entfernen","datePublished":"2021-06-13T21:00:19+00:00","dateModified":"2021-06-13T21:25:47+00:00","mainEntityOfPage":{"@id":"https:\/\/www.panamera-life.com\/de\/entry\/about-emblem-less\/"},"wordCount":695,"commentCount":0,"publisher":{"@id":"https:\/\/www.panamera-life.com\/#organization"},"image":{"@id":"https:\/\/www.panamera-life.com\/de\/entry\/about-emblem-less\/#primaryimage"},"thumbnailUrl":"https:\/\/www.panamera-life.com\/wp-content\/uploads\/2021\/06\/A7743573-DA34-4E5D-BF1E-954AAA7E309A.jpeg","keywords":["Custom"],"articleSection":["Wissenswertes \u00fcber Porsche"],"inLanguage":"de","potentialAction":[{"@type":"CommentAction","name":"Comment","target":["https:\/\/www.panamera-life.com\/de\/entry\/about-emblem-less\/#respond"]}]},{"@type":"WebPage","@id":"https:\/\/www.panamera-life.com\/de\/entry\/about-emblem-less\/","url":"https:\/\/www.panamera-life.com\/de\/entry\/about-emblem-less\/","name":"Warum ich es liebe, das Emblem meines Porsche bewusst zu entfernen - \u30dd\u30eb\u30b7\u30a7\u304c\u308f\u304c\u5bb6\u306b\u3084\u3063\u3066\u304d\u305f - \u30aa\u30fc\u30ca\u30fc\u30ba\u30d6\u30ed\u30b0","isPartOf":{"@id":"https:\/\/www.panamera-life.com\/#website"},"primaryImageOfPage":{"@id":"https:\/\/www.panamera-life.com\/de\/entry\/about-emblem-less\/#primaryimage"},"image":{"@id":"https:\/\/www.panamera-life.com\/de\/entry\/about-emblem-less\/#primaryimage"},"thumbnailUrl":"https:\/\/www.panamera-life.com\/wp-content\/uploads\/2021\/06\/A7743573-DA34-4E5D-BF1E-954AAA7E309A.jpeg","datePublished":"2021-06-13T21:00:19+00:00","dateModified":"2021-06-13T21:25:47+00:00","description":"In Deutschland sind emblemlose Porsche beliebt. Erfahre, warum wir unseren Porsche ohne Emblem fahren und wie das Porsche Fahrerlebnis dadurch stilvoller wird.","breadcrumb":{"@id":"https:\/\/www.panamera-life.com\/de\/entry\/about-emblem-less\/#breadcrumb"},"inLanguage":"de","potentialAction":[{"@type":"ReadAction","target":["https:\/\/www.panamera-life.com\/de\/entry\/about-emblem-less\/"]}]},{"@type":"ImageObject","inLanguage":"de","@id":"https:\/\/www.panamera-life.com\/de\/entry\/about-emblem-less\/#primaryimage","url":"https:\/\/www.panamera-life.com\/wp-content\/uploads\/2021\/06\/A7743573-DA34-4E5D-BF1E-954AAA7E309A.jpeg","contentUrl":"https:\/\/www.panamera-life.com\/wp-content\/uploads\/2021\/06\/A7743573-DA34-4E5D-BF1E-954AAA7E309A.jpeg","width":2305,"height":1537,"caption":"\u8eca, \u5c71, \u8857\u4e26\u307f, \u7a7a, \u5c55\u671b\u53f0, \u89b3\u5149\u5730, PORSCHE, Boxster, 981"},{"@type":"BreadcrumbList","@id":"https:\/\/www.panamera-life.com\/de\/entry\/about-emblem-less\/#breadcrumb","itemListElement":[{"@type":"ListItem","position":1,"name":"\u30db\u30fc\u30e0","item":"https:\/\/www.panamera-life.com\/"},{"@type":"ListItem","position":2,"name":"Warum ich es liebe, das Emblem meines Porsche bewusst zu entfernen"}]},{"@type":"WebSite","@id":"https:\/\/www.panamera-life.com\/#website","url":"https:\/\/www.panamera-life.com\/","name":"\u30dd\u30eb\u30b7\u30a7\u304c\u308f\u304c\u5bb6\u306b\u3084\u3063\u3066\u304d\u305f - \u30aa\u30fc\u30ca\u30fc\u30ba\u30d6\u30ed\u30b0","description":"\u30dd\u30eb\u30b7\u30a7\u306b\u9b45\u4e86\u3055\u308c\u305f\u59bb\u304c\u66f8\u304f\u30dd\u30eb\u30b7\u30a7\u30d6\u30ed\u30b0\u3067\u3059\u3002\u6240\u6709\u3059\u308b\u30dd\u30eb\u30b7\u30a7 911\u30ab\u30ec\u30e9\uff08964\uff09\u3001911GT3\u3001\u30dc\u30af\u30b9\u30bf\u30fc\u3001\u30d1\u30ca\u30e1\u30fc\u30e9\u306e\u30ec\u30d3\u30e5\u30fc\u3084\u7dad\u6301\u8cbb\u3001\u30c4\u30fc\u30ea\u30f3\u30b0\u8a18\u306a\u3069\u3002\u30cb\u30e5\u30fc\u30b9\u8a18\u4e8b\u3067\u306f\u5206\u304b\u3089\u306a\u3044\u751f\u306e\u30dd\u30eb\u30b7\u30a7\u30aa\u30fc\u30ca\u30fc\u306e\u58f0\u3092\u5b9a\u671f\u914d\u4fe1\u3059\u308b\u30d6\u30ed\u30b0\u3067\u3059\u3002","publisher":{"@id":"https:\/\/www.panamera-life.com\/#organization"},"potentialAction":[{"@type":"SearchAction","target":{"@type":"EntryPoint","urlTemplate":"https:\/\/www.panamera-life.com\/?s={search_term_string}"},"query-input":{"@type":"PropertyValueSpecification","valueRequired":true,"valueName":"search_term_string"}}],"inLanguage":"de"},{"@type":"Organization","@id":"https:\/\/www.panamera-life.com\/#organization","name":"\u30dd\u30eb\u30b7\u30a7\u304c\u308f\u304c\u5bb6\u306b\u3084\u3063\u3066\u304d\u305f","url":"https:\/\/www.panamera-life.com\/","logo":{"@type":"ImageObject","inLanguage":"de","@id":"https:\/\/www.panamera-life.com\/#\/schema\/logo\/image\/","url":"https:\/\/www.panamera-life.com\/wp-content\/uploads\/2021\/05\/unnamed.jpg","contentUrl":"https:\/\/www.panamera-life.com\/wp-content\/uploads\/2021\/05\/unnamed.jpg","width":512,"height":512,"caption":"\u30dd\u30eb\u30b7\u30a7\u304c\u308f\u304c\u5bb6\u306b\u3084\u3063\u3066\u304d\u305f"},"image":{"@id":"https:\/\/www.panamera-life.com\/#\/schema\/logo\/image\/"},"sameAs":["https:\/\/www.facebook.com\/panameralife\/","https:\/\/x.com\/Mina_Panamera","https:\/\/www.instagram.com\/mina_porsche\/","https:\/\/www.youtube.com\/channel\/UCoyAW0ifcnk05Iryf7-bkhg"]}]}},"_links":{"self":[{"href":"https:\/\/www.panamera-life.com\/wp-json\/wp\/v2\/posts\/39034"}],"collection":[{"href":"https:\/\/www.panamera-life.com\/wp-json\/wp\/v2\/posts"}],"about":[{"href":"https:\/\/www.panamera-life.com\/wp-json\/wp\/v2\/types\/post"}],"replies":[{"embeddable":true,"href":"https:\/\/www.panamera-life.com\/wp-json\/wp\/v2\/comments?post=39034"}],"version-history":[{"count":0,"href":"https:\/\/www.panamera-life.com\/wp-json\/wp\/v2\/posts\/39034\/revisions"}],"wp:featuredmedia":[{"embeddable":true,"href":"https:\/\/www.panamera-life.com\/wp-json\/wp\/v2\/media\/23982"}],"wp:attachment":[{"href":"https:\/\/www.panamera-life.com\/wp-json\/wp\/v2\/media?parent=39034"}],"wp:term":[{"taxonomy":"category","embeddable":true,"href":"https:\/\/www.panamera-life.com\/wp-json\/wp\/v2\/categories?post=39034"},{"taxonomy":"post_tag","embeddable":true,"href":"https:\/\/www.panamera-life.com\/wp-json\/wp\/v2\/tags?post=39034"}],"curies":[{"name":"wp","href":"https:\/\/api.w.org\/{rel}","templated":true}]}}