{"id":39291,"date":"2019-11-27T06:00:17","date_gmt":"2019-11-26T21:00:17","guid":{"rendered":"https:\/\/www.panamera-life.com\/?p=39291"},"modified":"2019-11-27T10:36:44","modified_gmt":"2019-11-27T01:36:44","slug":"porsche-taycan-reserve","status":"publish","type":"post","link":"https:\/\/www.panamera-life.com\/de\/entry\/porsche-taycan-reserve\/","title":{"rendered":"Die Reservierung des Porsche Taycan hat begonnen \u2013 wir haben sofort reserviert"},"content":{"rendered":"<h3 class=\"style3a\">Taycan: Reservierungsstart<\/h3>\n<p>Vor Kurzem gab es die Nachricht, dass <strong>die Reservierung f\u00fcr den ersten vollelektrischen Porsche, den Taycan, gestartet ist<\/strong>. Auch bei uns zu Hause rief unser Ansprechpartner Herr H. an.<\/p>\n<p class=\"well\">\u201eDie Reservierung f\u00fcr den Taycan hat begonnen. Soll ich eine Reservierung f\u00fcr Sie vornehmen?\u201c<\/p>\n<p>Mein Mann antwortete, dass er \u201eeigentlich auch am Continental GT interessiert sei und sich beim Taycan noch nicht ganz entschieden habe\u201c. Daraufhin kam von Herrn H. die Antwort: \u201e<strong>Verstanden! Dann nehmen wir den Continental GT als Zweitwagen, haha.<\/strong>\u201c (lacht)<\/p>\n<p>Vorerst haben wir also noch keine endg\u00fcltige Kaufzusage, aber eine Reservierung f\u00fcr den Taycan wurde trotzdem eingereicht. Als ich meinen Mann fragte: \u201e<strong>Wenn du reservierst, dann den Taycan 4S? Hast du dich schon f\u00fcr eine Ausstattung entschieden?<\/strong>\u201c, antwortete er:<\/p>\n<p class=\"well3\">\u201eJa, ich brauche nicht mehr so viel Leistung, deshalb wird es diesmal der Taycan 4S. Wenn es ein Basismodell g\u00e4be, w\u00fcrde ich mich ohne zu z\u00f6gern daf\u00fcr entscheiden. Seit der Vorstellung des Taycan habe ich auf der amerikanischen Porsche-Website den Konfigurator intensiv genutzt und die Ausstattung gr\u00f6\u00dftenteils festgelegt. Aber warum dauert die Ver\u00f6ffentlichung des Konfigurators auf der japanischen Porsche-Seite immer so lange? Das frage ich mich wirklich\u2026\u201c<\/p>\n<p>Also habe ich ihn gebeten, uns seine Wunschkonfiguration zu verraten, falls er den Taycan tats\u00e4chlich kaufen sollte.<\/p>\n<h3 class=\"style3a\">Taycan 4S: Wunschkonfiguration<\/h3>\n<p>Die Konfiguration, die mein Mann gew\u00e4hlt hat, kann man auf der amerikanischen Website im Konfigurator unter <a href=\"http:\/\/www.porsche-code.com\/PLG13DQ3\" target=\"_blank\" rel=\"noopener\">diesem Link<\/a> sehen.<span style=\"font-size: 8pt;\"> (F\u00fcr die japanische Version k\u00f6nnten sich noch kleine \u00c4nderungen ergeben, und falls der Kauf tats\u00e4chlich zustande kommt, wird er die Auswahl noch einmal \u00fcberdenken.)<\/span><\/p>\n<p class=\"well3\">Eine Option, die er unbedingt haben wollte, ist der <strong>Porsche Electric Sport Sound<\/strong>. Das ist sozusagen ein sportlicher Auspuffsound, der w\u00e4hrend der Fahrt ein dynamisches Motorenger\u00e4usch simuliert \u2013 auch wenn es ja kein Verbrennungsmotor ist, sondern ein Sound, den man genie\u00dfen kann. Ich habe mir das Video angeh\u00f6rt, und das \u201eKiuuun\u201c-Ger\u00e4usch klingt wirklich cool.<br \/>\nAu\u00dferdem hat er sich f\u00fcr <strong>die Au\u00dfenfarbe Schwarz<\/strong> entschieden. Er schwankte zwischen Gentianblau Metallic und Schwarz, fand aber, dass Schwarz dem Taycan ein kompaktes, kraftvolles Design verleiht. Die Fensterrahmen sind ebenfalls schwarz, was dem Auto einen soliden, einheitlichen Look gibt.<\/p>\n<p><img loading=\"lazy\" decoding=\"async\" class=\"alignnone size-large wp-image-15764\" src=\"https:\/\/www.panamera-life.com\/wp-content\/uploads\/2019\/11\/iris-1-1280x720.jpeg\" alt=\"\" width=\"1280\" height=\"720\" \/><\/p>\n<p class=\"well3\">Bei den Felgen hat er auf die Reichweite geachtet und sich f\u00fcr die <strong>20-Zoll Taycan Turbo Aero Wheels entschieden, die in der Reichweiten-Simulation die beste Distanz erzielen<\/strong>.<br \/>\nDas Interieur und die Sitze bleiben fast im Serienzustand, nur die Sicherheitsgurte sind rot, passend zu den roten Bremss\u00e4tteln.<\/p>\n<p><img loading=\"lazy\" decoding=\"async\" class=\"alignnone size-large wp-image-15765\" src=\"https:\/\/www.panamera-life.com\/wp-content\/uploads\/2019\/11\/iris-5-1280x720.jpeg\" alt=\"\" width=\"1280\" height=\"720\" \/><\/p>\n<p><img loading=\"lazy\" decoding=\"async\" class=\"alignnone size-large wp-image-15766\" src=\"https:\/\/www.panamera-life.com\/wp-content\/uploads\/2019\/11\/iris-2-1280x720.jpeg\" alt=\"\" width=\"1280\" height=\"720\" \/><\/p>\n<p class=\"well3\">Bei den Fahrwerksoptionen hat er sich f\u00fcr die \u201edrei heiligen Sch\u00e4tze\u201c entschieden: <strong>Sport Chrono Paket, Hinterachslenkung und PDCC Sport<\/strong> \u2013 alle drei erstmals komplett ausgestattet.<br \/>\nDas Sport Chrono Paket ist f\u00fcr ihn unverzichtbar, und die Vorteile der Hinterachslenkung hat er bereits beim Panamera sch\u00e4tzen gelernt. Das <strong>PDCC hat er bei einer Probefahrt im neuen Cayenne erlebt und festgestellt, dass es den Fahrkomfort deutlich verbessert<\/strong>, weshalb er es diesmal gew\u00e4hlt hat.<br \/>\nBei den Assistenzsystemen hat er sich auf den Spurwechselassistenten und den adaptiven Tempomat (ACC) beschr\u00e4nkt.<br \/>\nEr wollte die Optionen m\u00f6glichst reduzieren, aber es wurde trotzdem ziemlich teuer, haha.<\/p>\n<div id=\"attachment_15769\" style=\"width: 1290px\" class=\"wp-caption alignnone\"><img loading=\"lazy\" decoding=\"async\" aria-describedby=\"caption-attachment-15769\" class=\"wp-image-15769 size-large\" src=\"https:\/\/www.panamera-life.com\/wp-content\/uploads\/2019\/11\/P19_0669_a3_rgb-1280x905.jpg\" alt=\"Porsche Taycan PDCC\" width=\"1280\" height=\"905\" \/><p id=\"caption-attachment-15769\" class=\"wp-caption-text\">PDCC Sport<\/p><\/div>\n<p>So sieht es also aus. Interessant\u2026<\/p>\n<h3 class=\"style3a\">Die Bremsen des Taycan<\/h3>\n<p>Ich sagte: \u201eAber bei Elektroautos finde ich es gew\u00f6hnungsbed\u00fcrftig, dass das Auto automatisch bremst, wenn man das Gaspedal losl\u00e4sst. Ich verstehe, dass dabei Energie zur\u00fcckgewonnen wird, aber als ich den Nissan Note e-POWER gefahren bin, fand ich das am Anfang etwas seltsam.\u201c<br \/>\nMein Mann erkl\u00e4rte, dass die Bremsanlage des Taycan sich von der anderer Elektroautos unterscheidet.<\/p>\n<p>Ich fragte ihn genauer, und er sagte:<\/p>\n<p class=\"well3\">Wenn man das <a href=\"https:\/\/newsroom.porsche.com\/dam\/jcr:93483663-c12b-43ca-98f5-b1b8b845e321\/PAG_Taycan_Technology_PM_EN.pdf.PDF\" target=\"_blank\" rel=\"noopener\">Press Kit Technology Workshop<\/a> liest, erkennt man, dass bei 90 % der Bremsvorg\u00e4nge im Alltag <strong>keine mechanische Bremse verwendet wird, sondern die Verz\u00f6gerung rein elektrisch \u00fcber die Rekuperation des Motors erfolgt<\/strong>.<br \/>\nDeshalb ist das typische \u201eOne-Pedal-Driving\u201c, wie es bei vielen Elektroautos \u00fcblich ist, beim Taycan nicht m\u00f6glich. Die Energier\u00fcckgewinnung erfolgt nur, wenn der Fahrer tats\u00e4chlich auf die Bremse tritt \u2013 dann arbeitet die Rekuperation im Hintergrund. Dadurch werden die Bremsbel\u00e4ge kaum beansprucht. Porsche gibt deshalb erstmals einen Wechselintervall f\u00fcr die Bremsen in Zeit an und hat diesen auf sechs Jahre festgelegt.<br \/>\nDas ist wirklich beeindruckend. <strong>Dass das bewusste Bet\u00e4tigen der Bremse so wichtig genommen wird, ist typisch Porsche.<\/strong> Diese Detailverliebtheit macht Porsche f\u00fcr mich so sympathisch. Sie entwickeln mit einer klaren \u00dcberzeugung, wie es sein sollte \u2013 das gef\u00e4llt mir sehr.<\/p>\n<p><img loading=\"lazy\" decoding=\"async\" class=\"alignnone size-large wp-image-15768\" src=\"https:\/\/www.panamera-life.com\/wp-content\/uploads\/2019\/11\/P19_0706_a3_rgb-1280x905.jpg\" alt=\"Porsche Taycan Energier\u00fcckgewinnung\" width=\"1280\" height=\"905\" \/><\/p>\n<p>Das klingt wirklich gut!<\/p>\n<p>Mein Mann meinte auch: \u201eIch bin zwar noch nie gefahren und kenne viele Details nicht, aber <strong>je mehr ich dar\u00fcber erfahre, desto klarer wird, dass Porsche eine ganz andere Philosophie verfolgt als Tesla, und das macht mich immer neugieriger.<\/strong>\u201c<\/p>\n<p>Ich selbst habe den Taycan noch nicht live gesehen, deshalb m\u00f6chte ich ihn mir zuerst einmal in natura anschauen!<\/p>\n","protected":false},"excerpt":{"rendered":"Taycan: Reservierungsstart Vor Kurzem gab es die Nachricht, dass die Reservierung f\u00fcr den ersten vollelektrischen Porsche, den Taycan, gestartet ist. Auch bei uns zu Hause rief unser Ansprechpartner Herr H. an. \u201eDie Reservierung f\u00fcr den Taycan hat begonnen. Soll ich eine Reservierung f\u00fcr Sie vornehmen?\u201c Mein Mann antwortete, dass er \u201eeigentlich auch am Continental GT interessiert sei und sich beim Taycan noch nicht ganz entschieden habe\u201c. Daraufhin kam von Herrn H. die Antwort: \u201eVerstanden! Dann...","protected":false},"author":0,"featured_media":15763,"comment_status":"open","ping_status":"closed","sticky":false,"template":"","format":"standard","meta":{"footnotes":"","_locale":"de_DE","_original_post":"https:\/\/www.panamera-life.com\/?p=15705"},"categories":[62],"tags":[185],"yoast_head":"<title>Die Reservierung des Porsche Taycan hat begonnen \u2013 wir haben sofort reserviert - \u30dd\u30eb\u30b7\u30a7\u304c\u308f\u304c\u5bb6\u306b\u3084\u3063\u3066\u304d\u305f - \u30aa\u30fc\u30ca\u30fc\u30ba\u30d6\u30ed\u30b0<\/title>\n<meta name=\"description\" content=\"Jetzt Porsche Taycan reservieren: Erfahren Sie alles \u00fcber Porsche Besitz, Wunschkonfiguration und das einzigartige Fahrerlebnis des Taycan 4S.\" \/>\n<meta name=\"robots\" content=\"index, follow, max-snippet:-1, max-image-preview:large, max-video-preview:-1\" \/>\n<link rel=\"canonical\" href=\"https:\/\/www.panamera-life.com\/de\/entry\/porsche-taycan-reserve\/\" \/>\n<meta property=\"og:locale\" content=\"de_DE\" \/>\n<meta property=\"og:type\" content=\"article\" \/>\n<meta property=\"og:title\" content=\"Die Reservierung des Porsche Taycan hat begonnen \u2013 wir haben sofort reserviert - \u30dd\u30eb\u30b7\u30a7\u304c\u308f\u304c\u5bb6\u306b\u3084\u3063\u3066\u304d\u305f - \u30aa\u30fc\u30ca\u30fc\u30ba\u30d6\u30ed\u30b0\" \/>\n<meta property=\"og:description\" content=\"Jetzt Porsche Taycan reservieren: Erfahren Sie alles \u00fcber Porsche Besitz, Wunschkonfiguration und das einzigartige Fahrerlebnis des Taycan 4S.\" \/>\n<meta property=\"og:url\" content=\"https:\/\/www.panamera-life.com\/de\/entry\/porsche-taycan-reserve\/\" \/>\n<meta property=\"og:site_name\" content=\"\u30dd\u30eb\u30b7\u30a7\u304c\u308f\u304c\u5bb6\u306b\u3084\u3063\u3066\u304d\u305f - \u30aa\u30fc\u30ca\u30fc\u30ba\u30d6\u30ed\u30b0\" \/>\n<meta property=\"article:publisher\" content=\"https:\/\/www.facebook.com\/panameralife\/\" \/>\n<meta property=\"article:published_time\" content=\"2019-11-26T21:00:17+00:00\" \/>\n<meta property=\"article:modified_time\" content=\"2019-11-27T01:36:44+00:00\" \/>\n<meta property=\"og:image\" content=\"https:\/\/www.panamera-life.com\/wp-content\/uploads\/2019\/11\/iris.jpeg\" \/>\n\t<meta property=\"og:image:width\" content=\"1920\" \/>\n\t<meta property=\"og:image:height\" content=\"1080\" \/>\n\t<meta property=\"og:image:type\" content=\"image\/jpeg\" \/>\n<meta name=\"twitter:label1\" content=\"Gesch\u00e4tzte Lesezeit\" \/>\n\t<meta name=\"twitter:data1\" content=\"4\u00a0Minuten\" \/>","yoast_head_json":{"title":"Die Reservierung des Porsche Taycan hat begonnen \u2013 wir haben sofort reserviert - \u30dd\u30eb\u30b7\u30a7\u304c\u308f\u304c\u5bb6\u306b\u3084\u3063\u3066\u304d\u305f - \u30aa\u30fc\u30ca\u30fc\u30ba\u30d6\u30ed\u30b0","description":"Jetzt Porsche Taycan reservieren: Erfahren Sie alles \u00fcber Porsche Besitz, Wunschkonfiguration und das einzigartige Fahrerlebnis des Taycan 4S.","robots":{"index":"index","follow":"follow","max-snippet":"max-snippet:-1","max-image-preview":"max-image-preview:large","max-video-preview":"max-video-preview:-1"},"canonical":"https:\/\/www.panamera-life.com\/de\/entry\/porsche-taycan-reserve\/","og_locale":"de_DE","og_type":"article","og_title":"Die Reservierung des Porsche Taycan hat begonnen \u2013 wir haben sofort reserviert - \u30dd\u30eb\u30b7\u30a7\u304c\u308f\u304c\u5bb6\u306b\u3084\u3063\u3066\u304d\u305f - \u30aa\u30fc\u30ca\u30fc\u30ba\u30d6\u30ed\u30b0","og_description":"Jetzt Porsche Taycan reservieren: Erfahren Sie alles \u00fcber Porsche Besitz, Wunschkonfiguration und das einzigartige Fahrerlebnis des Taycan 4S.","og_url":"https:\/\/www.panamera-life.com\/de\/entry\/porsche-taycan-reserve\/","og_site_name":"\u30dd\u30eb\u30b7\u30a7\u304c\u308f\u304c\u5bb6\u306b\u3084\u3063\u3066\u304d\u305f - \u30aa\u30fc\u30ca\u30fc\u30ba\u30d6\u30ed\u30b0","article_publisher":"https:\/\/www.facebook.com\/panameralife\/","article_published_time":"2019-11-26T21:00:17+00:00","article_modified_time":"2019-11-27T01:36:44+00:00","og_image":[{"width":1920,"height":1080,"url":"https:\/\/www.panamera-life.com\/wp-content\/uploads\/2019\/11\/iris.jpeg","type":"image\/jpeg"}],"twitter_misc":{"Gesch\u00e4tzte Lesezeit":"4\u00a0Minuten"},"schema":{"@context":"https:\/\/schema.org","@graph":[{"@type":"Article","@id":"https:\/\/www.panamera-life.com\/de\/entry\/porsche-taycan-reserve\/#article","isPartOf":{"@id":"https:\/\/www.panamera-life.com\/de\/entry\/porsche-taycan-reserve\/"},"author":{"name":"","@id":""},"headline":"Die Reservierung des Porsche Taycan hat begonnen \u2013 wir haben sofort reserviert","datePublished":"2019-11-26T21:00:17+00:00","dateModified":"2019-11-27T01:36:44+00:00","mainEntityOfPage":{"@id":"https:\/\/www.panamera-life.com\/de\/entry\/porsche-taycan-reserve\/"},"wordCount":826,"commentCount":0,"publisher":{"@id":"https:\/\/www.panamera-life.com\/#organization"},"image":{"@id":"https:\/\/www.panamera-life.com\/de\/entry\/porsche-taycan-reserve\/#primaryimage"},"thumbnailUrl":"https:\/\/www.panamera-life.com\/wp-content\/uploads\/2019\/11\/iris.jpeg","keywords":["Porsche Taycan"],"articleSection":["Porsche Taycan"],"inLanguage":"de","potentialAction":[{"@type":"CommentAction","name":"Comment","target":["https:\/\/www.panamera-life.com\/de\/entry\/porsche-taycan-reserve\/#respond"]}]},{"@type":"WebPage","@id":"https:\/\/www.panamera-life.com\/de\/entry\/porsche-taycan-reserve\/","url":"https:\/\/www.panamera-life.com\/de\/entry\/porsche-taycan-reserve\/","name":"Die Reservierung des Porsche Taycan hat begonnen \u2013 wir haben sofort reserviert - \u30dd\u30eb\u30b7\u30a7\u304c\u308f\u304c\u5bb6\u306b\u3084\u3063\u3066\u304d\u305f - \u30aa\u30fc\u30ca\u30fc\u30ba\u30d6\u30ed\u30b0","isPartOf":{"@id":"https:\/\/www.panamera-life.com\/#website"},"primaryImageOfPage":{"@id":"https:\/\/www.panamera-life.com\/de\/entry\/porsche-taycan-reserve\/#primaryimage"},"image":{"@id":"https:\/\/www.panamera-life.com\/de\/entry\/porsche-taycan-reserve\/#primaryimage"},"thumbnailUrl":"https:\/\/www.panamera-life.com\/wp-content\/uploads\/2019\/11\/iris.jpeg","datePublished":"2019-11-26T21:00:17+00:00","dateModified":"2019-11-27T01:36:44+00:00","description":"Jetzt Porsche Taycan reservieren: Erfahren Sie alles \u00fcber Porsche Besitz, Wunschkonfiguration und das einzigartige Fahrerlebnis des Taycan 4S.","breadcrumb":{"@id":"https:\/\/www.panamera-life.com\/de\/entry\/porsche-taycan-reserve\/#breadcrumb"},"inLanguage":"de","potentialAction":[{"@type":"ReadAction","target":["https:\/\/www.panamera-life.com\/de\/entry\/porsche-taycan-reserve\/"]}]},{"@type":"ImageObject","inLanguage":"de","@id":"https:\/\/www.panamera-life.com\/de\/entry\/porsche-taycan-reserve\/#primaryimage","url":"https:\/\/www.panamera-life.com\/wp-content\/uploads\/2019\/11\/iris.jpeg","contentUrl":"https:\/\/www.panamera-life.com\/wp-content\/uploads\/2019\/11\/iris.jpeg","width":1920,"height":1080,"caption":"\u8eca, \u9053\u8def, \u6728, \u8def\u4e0a, PORSCHE, Taycan"},{"@type":"BreadcrumbList","@id":"https:\/\/www.panamera-life.com\/de\/entry\/porsche-taycan-reserve\/#breadcrumb","itemListElement":[{"@type":"ListItem","position":1,"name":"\u30db\u30fc\u30e0","item":"https:\/\/www.panamera-life.com\/"},{"@type":"ListItem","position":2,"name":"Die Reservierung des Porsche Taycan hat begonnen \u2013 wir haben sofort reserviert"}]},{"@type":"WebSite","@id":"https:\/\/www.panamera-life.com\/#website","url":"https:\/\/www.panamera-life.com\/","name":"\u30dd\u30eb\u30b7\u30a7\u304c\u308f\u304c\u5bb6\u306b\u3084\u3063\u3066\u304d\u305f - \u30aa\u30fc\u30ca\u30fc\u30ba\u30d6\u30ed\u30b0","description":"\u30dd\u30eb\u30b7\u30a7\u306b\u9b45\u4e86\u3055\u308c\u305f\u59bb\u304c\u66f8\u304f\u30dd\u30eb\u30b7\u30a7\u30d6\u30ed\u30b0\u3067\u3059\u3002\u6240\u6709\u3059\u308b\u30dd\u30eb\u30b7\u30a7 911\u30ab\u30ec\u30e9\uff08964\uff09\u3001911GT3\u3001\u30dc\u30af\u30b9\u30bf\u30fc\u3001\u30d1\u30ca\u30e1\u30fc\u30e9\u306e\u30ec\u30d3\u30e5\u30fc\u3084\u7dad\u6301\u8cbb\u3001\u30c4\u30fc\u30ea\u30f3\u30b0\u8a18\u306a\u3069\u3002\u30cb\u30e5\u30fc\u30b9\u8a18\u4e8b\u3067\u306f\u5206\u304b\u3089\u306a\u3044\u751f\u306e\u30dd\u30eb\u30b7\u30a7\u30aa\u30fc\u30ca\u30fc\u306e\u58f0\u3092\u5b9a\u671f\u914d\u4fe1\u3059\u308b\u30d6\u30ed\u30b0\u3067\u3059\u3002","publisher":{"@id":"https:\/\/www.panamera-life.com\/#organization"},"potentialAction":[{"@type":"SearchAction","target":{"@type":"EntryPoint","urlTemplate":"https:\/\/www.panamera-life.com\/?s={search_term_string}"},"query-input":{"@type":"PropertyValueSpecification","valueRequired":true,"valueName":"search_term_string"}}],"inLanguage":"de"},{"@type":"Organization","@id":"https:\/\/www.panamera-life.com\/#organization","name":"\u30dd\u30eb\u30b7\u30a7\u304c\u308f\u304c\u5bb6\u306b\u3084\u3063\u3066\u304d\u305f","url":"https:\/\/www.panamera-life.com\/","logo":{"@type":"ImageObject","inLanguage":"de","@id":"https:\/\/www.panamera-life.com\/#\/schema\/logo\/image\/","url":"https:\/\/www.panamera-life.com\/wp-content\/uploads\/2021\/05\/unnamed.jpg","contentUrl":"https:\/\/www.panamera-life.com\/wp-content\/uploads\/2021\/05\/unnamed.jpg","width":512,"height":512,"caption":"\u30dd\u30eb\u30b7\u30a7\u304c\u308f\u304c\u5bb6\u306b\u3084\u3063\u3066\u304d\u305f"},"image":{"@id":"https:\/\/www.panamera-life.com\/#\/schema\/logo\/image\/"},"sameAs":["https:\/\/www.facebook.com\/panameralife\/","https:\/\/x.com\/Mina_Panamera","https:\/\/www.instagram.com\/mina_porsche\/","https:\/\/www.youtube.com\/channel\/UCoyAW0ifcnk05Iryf7-bkhg"]}]}},"_links":{"self":[{"href":"https:\/\/www.panamera-life.com\/wp-json\/wp\/v2\/posts\/39291"}],"collection":[{"href":"https:\/\/www.panamera-life.com\/wp-json\/wp\/v2\/posts"}],"about":[{"href":"https:\/\/www.panamera-life.com\/wp-json\/wp\/v2\/types\/post"}],"replies":[{"embeddable":true,"href":"https:\/\/www.panamera-life.com\/wp-json\/wp\/v2\/comments?post=39291"}],"version-history":[{"count":0,"href":"https:\/\/www.panamera-life.com\/wp-json\/wp\/v2\/posts\/39291\/revisions"}],"wp:featuredmedia":[{"embeddable":true,"href":"https:\/\/www.panamera-life.com\/wp-json\/wp\/v2\/media\/15763"}],"wp:attachment":[{"href":"https:\/\/www.panamera-life.com\/wp-json\/wp\/v2\/media?parent=39291"}],"wp:term":[{"taxonomy":"category","embeddable":true,"href":"https:\/\/www.panamera-life.com\/wp-json\/wp\/v2\/categories?post=39291"},{"taxonomy":"post_tag","embeddable":true,"href":"https:\/\/www.panamera-life.com\/wp-json\/wp\/v2\/tags?post=39291"}],"curies":[{"name":"wp","href":"https:\/\/api.w.org\/{rel}","templated":true}]}}