{"id":39299,"date":"2020-10-09T06:00:04","date_gmt":"2020-10-08T21:00:04","guid":{"rendered":"https:\/\/www.panamera-life.com\/?p=39299"},"modified":"2021-06-01T23:17:45","modified_gmt":"2021-06-01T14:17:45","slug":"taycan-202010","status":"publish","type":"post","link":"https:\/\/www.panamera-life.com\/de\/entry\/taycan-202010\/","title":{"rendered":"Mit dem Porsche 911 Cabriolet unterwegs zum Taycan in Osaka"},"content":{"rendered":"<h3 class=\"style3a\">Taycan Roadshow<\/h3>\n<p>Vor Kurzem fand im Grand Front Osaka die Veranstaltung <strong>Taycan Roadshow 2020<\/strong> statt, zu der mein Mann und ich gemeinsam gefahren sind. Die Taycan Roadshow 2020 ist eine deutschlandweite Pr\u00e4sentation des Taycan, die seit August l\u00e4uft und bei der man das Fahrzeug hautnah erleben kann. Nun hat sie endlich auch Osaka erreicht.<\/p>\n<p>Im Dezember letzten Jahres hatte ich bereits an einer <a href=\"https:\/\/www.panamera-life.com\/entry\/taycan-sneak-preview1\/\" target=\"_blank\" rel=\"noopener noreferrer\">exklusiven Vorschau auf den Taycan teilgenommen<\/a>, bei der ich das Fahrzeug sehen und viele Details erfahren konnte. Kaum zu glauben, dass seitdem fast ein Jahr vergangen ist. Damals fragte ich mich: \u201eWerde ich den Taycan n\u00e4chstes Jahr schon probefahren k\u00f6nnen?\u201c Doch in Japan scheint die Testfahrt und Auslieferung noch etwas auf sich warten zu lassen.<\/p>\n<p><img loading=\"lazy\" decoding=\"async\" class=\"alignnone size-full wp-image-19993\" src=\"https:\/\/www.panamera-life.com\/wp-content\/uploads\/2020\/10\/\u30bf\u30a4\u30ab\u30f32.jpg\" alt=\"\" width=\"1280\" height=\"960\" \/><\/p>\n<p>Am Veranstaltungstag konnten wir gl\u00fccklicherweise die Kinder bei meiner Mutter lassen, sodass wir die Gelegenheit nutzten, mit unserem frisch ausgelieferten 911 Cabriolet loszufahren.<\/p>\n<p><img loading=\"lazy\" decoding=\"async\" class=\"alignnone size-full wp-image-19991\" src=\"https:\/\/www.panamera-life.com\/wp-content\/uploads\/2020\/10\/IMG_9162.jpg\" alt=\"\" width=\"1200\" height=\"800\" \/><\/p>\n<p>Auf der Hinfahrt fuhr ich zum ersten Mal auf der Autobahn und erlebte die beeindruckende Beschleunigung, den sicheren Bodenkontakt bei hohen Geschwindigkeiten und das pr\u00e4zise Handling. <strong>Der 911 hebt sich in puncto Fahrdynamik deutlich von anderen Porsche-Modellen ab<\/strong>.<\/p>\n<p>Im Vergleich zu anderen Sportwagen, die ich bisher probefahren durfte, wirkt der aktuelle 911 wie aus einer anderen Liga. Kein Wunder, dass der 911 als Aush\u00e4ngeschild von Porsche gilt \u2013 dieses Auto ist wirklich au\u00dfergew\u00f6hnlich.<\/p>\n<p><img loading=\"lazy\" decoding=\"async\" class=\"alignnone size-full wp-image-20001\" src=\"https:\/\/www.panamera-life.com\/wp-content\/uploads\/2020\/10\/IMG_9072.jpg\" alt=\"\" width=\"1198\" height=\"898\" \/><\/p>\n<p>Porsche-Fahrzeuge sind immer echte Porsche, doch <strong>ich kann jetzt nachvollziehen, warum so viele Porsche-Enthusiasten den 911 bewundern, ihm verfallen und so viel Wert darauf legen<\/strong>.<\/p>\n<p>Mein Mann meinte dazu:<\/p>\n<p class=\"well3\">Wer wirklich gerne Auto f\u00e4hrt, wird sofort merken, wie au\u00dfergew\u00f6hnlich der 911 ist. Die meisten erkennen beim Einsteigen, dass das hier kein gew\u00f6hnliches Auto ist. Anfangs hatte ich <a href=\"https:\/\/www.panamera-life.com\/entry\/992-cabriolet-500km\/\" target=\"_blank\" rel=\"noopener noreferrer\">eine eher kritische Meinung zum 992 Cabriolet<\/a>, aber inzwischen ist es mein absoluter Favorit. Der Basis-Carrera ist, wie erwartet, gro\u00dfartig: der Motor spricht unglaublich spontan an und f\u00fchlt sich an wie ein drehmomentstarker Saugmotor. Das Fahrwerk ist sportlich, straff und vermittelt einen tollen Bodenkontakt \u2013 ein echter Sportwagen, ganz im klassischen 911-Stil. F\u00fcr mich war die Wahl des Basis-Carrera genau richtig, weil er perfekt zu meinem Geschmack passt.<\/p>\n<p>Dem kann ich nur zustimmen. Ich freue mich schon darauf, bald mit dem 911 Cabriolet auf l\u00e4ngere Touren zu gehen.<\/p>\n<h3 class=\"style3a\">Den Taycan hautnah erleben<\/h3>\n<p>An diesem Tag war ich zum ersten Mal seit Langem wieder in der N\u00e4he des Bahnhofs Osaka, doch <strong>es war erstaunlich ruhig f\u00fcr einen Wochenendtag<\/strong>. Wahrscheinlich eine Folge der Corona-Pandemie. Viele meiden offenbar die Stadt und fahren lieber ins Umland.<\/p>\n<p><img loading=\"lazy\" decoding=\"async\" class=\"alignnone size-large wp-image-20014\" src=\"https:\/\/www.panamera-life.com\/wp-content\/uploads\/2020\/10\/D42011F6-31EB-45D3-A8C9-EC7D68D5ED5D-1280x853.jpeg\" alt=\"\" width=\"1280\" height=\"853\" \/><\/p>\n<p>Auch im Grand Front Osaka war es leer und ruhig.<\/p>\n<p>Die Taycan Roadshow 2020 fand direkt gegen\u00fcber vom Mercedes Me Store statt. Dort stand ein wundersch\u00f6ner blauer G-Klasse, der zur Probefahrt einlud. Das w\u00fcrde ich auch gerne mal ausprobieren.<\/p>\n<p><img loading=\"lazy\" decoding=\"async\" class=\"alignnone size-full wp-image-19987\" src=\"https:\/\/www.panamera-life.com\/wp-content\/uploads\/2020\/10\/IMG_9143-1.jpg\" alt=\"\" width=\"1198\" height=\"898\" \/><\/p>\n<p>Der Taycan-Eventbereich wirkte so:<\/p>\n<p><img loading=\"lazy\" decoding=\"async\" class=\"alignnone size-full wp-image-19988\" src=\"https:\/\/www.panamera-life.com\/wp-content\/uploads\/2020\/10\/IMG_9151.jpg\" alt=\"\" width=\"1200\" height=\"900\" \/><img loading=\"lazy\" decoding=\"async\" class=\"alignnone size-full wp-image-19971\" src=\"https:\/\/www.panamera-life.com\/wp-content\/uploads\/2020\/10\/IMG_9142.jpg\" alt=\"\" width=\"1198\" height=\"898\" \/><\/p>\n<p><img loading=\"lazy\" decoding=\"async\" class=\"alignnone size-full wp-image-19989\" src=\"https:\/\/www.panamera-life.com\/wp-content\/uploads\/2020\/10\/IMG_9129-1.jpg\" alt=\"\" width=\"1200\" height=\"900\" \/><\/p>\n<p>In der Mitte stand der Taycan, flankiert von einem Cayenne E-Hybrid und einem Panamera E-Hybrid. Im direkten Vergleich f\u00e4llt die futuristische Aura des Taycan besonders auf. <strong>Er wirkt sehr elegant und strahlt eine Pr\u00e4senz aus, die in der Stadt garantiert Blicke auf sich zieht<\/strong>.<\/p>\n<p>Der ausgestellte Taycan Turbo war diesmal nicht mit dem Sport Design Paket ausgestattet, weshalb die Luftvorh\u00e4nge unter den Frontscheinwerfern schlanker und klarer gestaltet waren als bei der letzten Vorschau.<\/p>\n<div id=\"attachment_19994\" style=\"width: 710px\" class=\"wp-caption alignnone\"><img loading=\"lazy\" decoding=\"async\" aria-describedby=\"caption-attachment-19994\" class=\"wp-image-19994 size-full\" src=\"https:\/\/www.panamera-life.com\/wp-content\/uploads\/2020\/10\/\u30bf\u30a4\u30ab\u30f3.jpg\" alt=\"\" width=\"700\" height=\"480\" \/><p id=\"caption-attachment-19994\" class=\"wp-caption-text\">Taycan mit Sport Design Paket<\/p><\/div>\n<p>Die Felgen des ausgestellten Taycan gefielen mir besonders gut:<\/p>\n<p><img loading=\"lazy\" decoding=\"async\" class=\"alignnone size-full wp-image-19995\" src=\"https:\/\/www.panamera-life.com\/wp-content\/uploads\/2020\/10\/IMG_9132.jpg\" alt=\"\" width=\"1198\" height=\"898\" \/><\/p>\n<p>Ich recherchierte und fand heraus, dass es sich um die <strong>20-Zoll Taycan Turbo Aero Felgen<\/strong> handelt. Diese sind beim Turbo serienm\u00e4\u00dfig, kosten aber f\u00fcr den 4S 359.000 Yen extra. Felgen sind eben ein teures Vergn\u00fcgen!<\/p>\n<p>Zum Vergleich hier die Felgen vom letzten Taycan Preview Event:<\/p>\n<p><img loading=\"lazy\" decoding=\"async\" class=\"alignnone size-full wp-image-19996\" src=\"https:\/\/www.panamera-life.com\/wp-content\/uploads\/2020\/10\/\u30bf\u30a4\u30ab\u30f33.jpg\" alt=\"\" width=\"1280\" height=\"854\" \/><\/p>\n<p>Auch sehr schick.<\/p>\n<p>Beim letzten Mal hatte ich den Taycan nach dem Panamera gesehen und fand die R\u00fcckbank etwas eng. Mittlerweile haben wir den Panamera verkauft und fahren meist den Cayenne. Im Vergleich wirkt die R\u00fcckbank des Taycan immer noch recht kompakt.<\/p>\n<p>Der Kopfraum ist nicht zu knapp bemessen, aber die Sitzbreite ist etwas schmal. F\u00fcr unsere Familie mit zwei Kindersitzen und f\u00fcnf Personen <strong>w\u00e4re der Taycan auf kurzen Strecken machbar, aber f\u00fcr lange Fahrten wohl eher ungeeignet<\/strong>. <span style=\"font-size: 8pt;\">(Die Kinder w\u00fcrden garantiert quengeln.)<\/span><\/p>\n<p><img loading=\"lazy\" decoding=\"async\" class=\"alignnone wp-image-20018 size-large\" src=\"https:\/\/www.panamera-life.com\/wp-content\/uploads\/2020\/10\/FEC35001-6476-402E-A3DF-D632BFA5A75F-1280x853.jpeg\" alt=\"R\u00fccksitzbereich des Porsche Taycan\" width=\"1280\" height=\"853\" \/><\/p>\n<p><img loading=\"lazy\" decoding=\"async\" class=\"alignnone size-large wp-image-20017\" src=\"https:\/\/www.panamera-life.com\/wp-content\/uploads\/2020\/10\/29988694-9869-450A-B7E8-A116650E4541-1280x853.jpeg\" alt=\"\" width=\"1280\" height=\"853\" \/><\/p>\n<p><img loading=\"lazy\" decoding=\"async\" class=\"alignnone size-large wp-image-20015\" src=\"https:\/\/www.panamera-life.com\/wp-content\/uploads\/2020\/10\/2013D717-867F-4F31-85FD-0952222BFD43-1280x853.jpeg\" alt=\"\" width=\"1280\" height=\"853\" \/><\/p>\n<p>Ein Mitarbeiter vom n\u00e4chstgelegenen Porsche Zentrum war ebenfalls vor Ort, und mein Mann konnte ein paar Fragen stellen. Er erz\u00e4hlte mir:<\/p>\n<p class=\"well3\">Der Mitarbeiter hat den Taycan selbst gefahren und meinte, das Fahrgef\u00fchl sei eher wie beim 911, besonders dem Carrera 4S, als beim Panamera. Optisch hatte ich gedacht, der Taycan sei dem Panamera \u00e4hnlich, aber das stimmt wohl nicht. Jetzt bin ich umso neugieriger, wie der Taycan wirklich f\u00e4hrt!<\/p>\n<p><span style=\"font-size: 14pt;\">Oh, das klingt spannend!<\/span><\/p>\n<p>Der Taycan ist also wohl mehr Sportwagen als man auf den ersten Blick vermutet. Sobald Testfahrzeuge in Japan verf\u00fcgbar sind, m\u00f6chte ich unbedingt eine Probefahrt machen.<\/p>\n<p><img loading=\"lazy\" decoding=\"async\" class=\"alignnone size-full wp-image-19977\" src=\"https:\/\/www.panamera-life.com\/wp-content\/uploads\/2020\/10\/IMG_9139.jpg\" alt=\"\" width=\"1198\" height=\"898\" \/><\/p>\n<p>Auf der R\u00fcckfahrt fragte ich meinen Mann, ob er sich einen Taycan kaufen w\u00fcrde:<\/p>\n<p class=\"well3\">Klar, ich habe ja schon reserviert. Allerdings habe ich gerade erst den <a href=\"https:\/\/www.panamera-life.com\/entry\/cayenne-deliverd-202009\/\" target=\"_blank\" rel=\"noopener noreferrer\">Cayenne Hybrid gekauft<\/a>, deshalb wird es wohl noch eine Weile dauern, bis ich den Taycan bekomme. Was mich etwas sorgt, ist weniger die Leistung oder das Design, sondern die Ladeinfrastruktur in Japan. F\u00fcr kurze Strecken ist das kein Problem, aber wenn ich wie gewohnt eine Tagesfahrt von \u00fcber 500 km mache, wird es kompliziert. Der Taycan 4S hat zwar eine Reichweite von 463 km, aber mit Klimaanlage und sportlicher Fahrweise schafft man das nicht. Dann muss man Hotels mit Schnellladestationen suchen, dort \u00fcbernachten und voll aufladen. Wenn es in Japan so einfach w\u00e4re wie an Tankstellen, schnell zu laden, w\u00e4re der Taycan definitiv eine Option.<\/p>\n<p>Das ist ein wichtiger Punkt: Wenn die Ladeinfrastruktur besser ausgebaut w\u00e4re und man ohne gro\u00dfen Aufwand auch lange Strecken fahren k\u00f6nnte, w\u00e4re der Taycan eine echte Alternative.<\/p>\n<p>Mein Mann kennt \u00fcbrigens einige, die den Taycan bereits reserviert haben. Sobald diese ihre Fahrzeuge bekommen, m\u00f6chte ich unbedingt mehr \u00fcber ihre Erfahrungen h\u00f6ren.<\/p>\n<p>&nbsp;<\/p>\n","protected":false},"excerpt":{"rendered":"Taycan Roadshow Vor Kurzem fand im Grand Front Osaka die Veranstaltung Taycan Roadshow 2020 statt, zu der mein Mann und ich gemeinsam gefahren sind. Die Taycan Roadshow 2020 ist eine deutschlandweite Pr\u00e4sentation des Taycan, die seit August l\u00e4uft und bei der man das Fahrzeug hautnah erleben kann. Nun hat sie endlich auch Osaka erreicht. Im Dezember letzten Jahres hatte ich bereits an einer exklusiven Vorschau auf den Taycan teilgenommen, bei der ich das Fahrzeug sehen...","protected":false},"author":0,"featured_media":19989,"comment_status":"open","ping_status":"closed","sticky":false,"template":"","format":"standard","meta":{"footnotes":"","_locale":"de_DE","_original_post":"https:\/\/www.panamera-life.com\/?p=19964"},"categories":[62],"tags":[],"yoast_head":"<title>Mit dem Porsche 911 Cabriolet unterwegs zum Taycan in Osaka - \u30dd\u30eb\u30b7\u30a7\u304c\u308f\u304c\u5bb6\u306b\u3084\u3063\u3066\u304d\u305f - \u30aa\u30fc\u30ca\u30fc\u30ba\u30d6\u30ed\u30b0<\/title>\n<meta name=\"description\" content=\"Mit dem frisch ausgelieferten Porsche 911 Cabriolet fuhren wir zur Taycan Roadshow in Osaka. Hier teile ich meine Eindr\u00fccke vom Porsche Besitz und dem einzigartigen Porsche Fahrerlebnis.\" \/>\n<meta name=\"robots\" content=\"index, follow, max-snippet:-1, max-image-preview:large, max-video-preview:-1\" \/>\n<link rel=\"canonical\" href=\"https:\/\/www.panamera-life.com\/de\/entry\/taycan-202010\/\" \/>\n<meta property=\"og:locale\" content=\"de_DE\" \/>\n<meta property=\"og:type\" content=\"article\" \/>\n<meta property=\"og:title\" content=\"Mit dem Porsche 911 Cabriolet unterwegs zum Taycan in Osaka - \u30dd\u30eb\u30b7\u30a7\u304c\u308f\u304c\u5bb6\u306b\u3084\u3063\u3066\u304d\u305f - \u30aa\u30fc\u30ca\u30fc\u30ba\u30d6\u30ed\u30b0\" \/>\n<meta property=\"og:description\" content=\"Mit dem frisch ausgelieferten Porsche 911 Cabriolet fuhren wir zur Taycan Roadshow in Osaka. Hier teile ich meine Eindr\u00fccke vom Porsche Besitz und dem einzigartigen Porsche Fahrerlebnis.\" \/>\n<meta property=\"og:url\" content=\"https:\/\/www.panamera-life.com\/de\/entry\/taycan-202010\/\" \/>\n<meta property=\"og:site_name\" content=\"\u30dd\u30eb\u30b7\u30a7\u304c\u308f\u304c\u5bb6\u306b\u3084\u3063\u3066\u304d\u305f - \u30aa\u30fc\u30ca\u30fc\u30ba\u30d6\u30ed\u30b0\" \/>\n<meta property=\"article:publisher\" content=\"https:\/\/www.facebook.com\/panameralife\/\" \/>\n<meta property=\"article:published_time\" content=\"2020-10-08T21:00:04+00:00\" \/>\n<meta property=\"article:modified_time\" content=\"2021-06-01T14:17:45+00:00\" \/>\n<meta property=\"og:image\" content=\"https:\/\/www.panamera-life.com\/wp-content\/uploads\/2020\/10\/IMG_9129-1.jpg\" \/>\n\t<meta property=\"og:image:width\" content=\"1200\" \/>\n\t<meta property=\"og:image:height\" content=\"900\" \/>\n\t<meta property=\"og:image:type\" content=\"image\/jpeg\" \/>\n<meta name=\"twitter:label1\" content=\"Gesch\u00e4tzte Lesezeit\" \/>\n\t<meta name=\"twitter:data1\" content=\"5\u00a0Minuten\" \/>","yoast_head_json":{"title":"Mit dem Porsche 911 Cabriolet unterwegs zum Taycan in Osaka - \u30dd\u30eb\u30b7\u30a7\u304c\u308f\u304c\u5bb6\u306b\u3084\u3063\u3066\u304d\u305f - \u30aa\u30fc\u30ca\u30fc\u30ba\u30d6\u30ed\u30b0","description":"Mit dem frisch ausgelieferten Porsche 911 Cabriolet fuhren wir zur Taycan Roadshow in Osaka. Hier teile ich meine Eindr\u00fccke vom Porsche Besitz und dem einzigartigen Porsche Fahrerlebnis.","robots":{"index":"index","follow":"follow","max-snippet":"max-snippet:-1","max-image-preview":"max-image-preview:large","max-video-preview":"max-video-preview:-1"},"canonical":"https:\/\/www.panamera-life.com\/de\/entry\/taycan-202010\/","og_locale":"de_DE","og_type":"article","og_title":"Mit dem Porsche 911 Cabriolet unterwegs zum Taycan in Osaka - \u30dd\u30eb\u30b7\u30a7\u304c\u308f\u304c\u5bb6\u306b\u3084\u3063\u3066\u304d\u305f - \u30aa\u30fc\u30ca\u30fc\u30ba\u30d6\u30ed\u30b0","og_description":"Mit dem frisch ausgelieferten Porsche 911 Cabriolet fuhren wir zur Taycan Roadshow in Osaka. Hier teile ich meine Eindr\u00fccke vom Porsche Besitz und dem einzigartigen Porsche Fahrerlebnis.","og_url":"https:\/\/www.panamera-life.com\/de\/entry\/taycan-202010\/","og_site_name":"\u30dd\u30eb\u30b7\u30a7\u304c\u308f\u304c\u5bb6\u306b\u3084\u3063\u3066\u304d\u305f - \u30aa\u30fc\u30ca\u30fc\u30ba\u30d6\u30ed\u30b0","article_publisher":"https:\/\/www.facebook.com\/panameralife\/","article_published_time":"2020-10-08T21:00:04+00:00","article_modified_time":"2021-06-01T14:17:45+00:00","og_image":[{"width":1200,"height":900,"url":"https:\/\/www.panamera-life.com\/wp-content\/uploads\/2020\/10\/IMG_9129-1.jpg","type":"image\/jpeg"}],"twitter_misc":{"Gesch\u00e4tzte Lesezeit":"5\u00a0Minuten"},"schema":{"@context":"https:\/\/schema.org","@graph":[{"@type":"Article","@id":"https:\/\/www.panamera-life.com\/de\/entry\/taycan-202010\/#article","isPartOf":{"@id":"https:\/\/www.panamera-life.com\/de\/entry\/taycan-202010\/"},"author":{"name":"","@id":""},"headline":"Mit dem Porsche 911 Cabriolet unterwegs zum Taycan in Osaka","datePublished":"2020-10-08T21:00:04+00:00","dateModified":"2021-06-01T14:17:45+00:00","mainEntityOfPage":{"@id":"https:\/\/www.panamera-life.com\/de\/entry\/taycan-202010\/"},"wordCount":994,"commentCount":0,"publisher":{"@id":"https:\/\/www.panamera-life.com\/#organization"},"image":{"@id":"https:\/\/www.panamera-life.com\/de\/entry\/taycan-202010\/#primaryimage"},"thumbnailUrl":"https:\/\/www.panamera-life.com\/wp-content\/uploads\/2020\/10\/IMG_9129-1.jpg","articleSection":["Porsche Taycan"],"inLanguage":"de","potentialAction":[{"@type":"CommentAction","name":"Comment","target":["https:\/\/www.panamera-life.com\/de\/entry\/taycan-202010\/#respond"]}]},{"@type":"WebPage","@id":"https:\/\/www.panamera-life.com\/de\/entry\/taycan-202010\/","url":"https:\/\/www.panamera-life.com\/de\/entry\/taycan-202010\/","name":"Mit dem Porsche 911 Cabriolet unterwegs zum Taycan in Osaka - \u30dd\u30eb\u30b7\u30a7\u304c\u308f\u304c\u5bb6\u306b\u3084\u3063\u3066\u304d\u305f - \u30aa\u30fc\u30ca\u30fc\u30ba\u30d6\u30ed\u30b0","isPartOf":{"@id":"https:\/\/www.panamera-life.com\/#website"},"primaryImageOfPage":{"@id":"https:\/\/www.panamera-life.com\/de\/entry\/taycan-202010\/#primaryimage"},"image":{"@id":"https:\/\/www.panamera-life.com\/de\/entry\/taycan-202010\/#primaryimage"},"thumbnailUrl":"https:\/\/www.panamera-life.com\/wp-content\/uploads\/2020\/10\/IMG_9129-1.jpg","datePublished":"2020-10-08T21:00:04+00:00","dateModified":"2021-06-01T14:17:45+00:00","description":"Mit dem frisch ausgelieferten Porsche 911 Cabriolet fuhren wir zur Taycan Roadshow in Osaka. Hier teile ich meine Eindr\u00fccke vom Porsche Besitz und dem einzigartigen Porsche Fahrerlebnis.","breadcrumb":{"@id":"https:\/\/www.panamera-life.com\/de\/entry\/taycan-202010\/#breadcrumb"},"inLanguage":"de","potentialAction":[{"@type":"ReadAction","target":["https:\/\/www.panamera-life.com\/de\/entry\/taycan-202010\/"]}]},{"@type":"ImageObject","inLanguage":"de","@id":"https:\/\/www.panamera-life.com\/de\/entry\/taycan-202010\/#primaryimage","url":"https:\/\/www.panamera-life.com\/wp-content\/uploads\/2020\/10\/IMG_9129-1.jpg","contentUrl":"https:\/\/www.panamera-life.com\/wp-content\/uploads\/2020\/10\/IMG_9129-1.jpg","width":1200,"height":900,"caption":"\u30dd\u30eb\u30b7\u30a7\u30bf\u30a4\u30ab\u30f3\u30bf\u30fc\u30dc | \u8eca, \u4eba, \u5c55\u793a\u4f1a, \u5c4b\u5185, PORSCHE, Taycan"},{"@type":"BreadcrumbList","@id":"https:\/\/www.panamera-life.com\/de\/entry\/taycan-202010\/#breadcrumb","itemListElement":[{"@type":"ListItem","position":1,"name":"\u30db\u30fc\u30e0","item":"https:\/\/www.panamera-life.com\/"},{"@type":"ListItem","position":2,"name":"Mit dem Porsche 911 Cabriolet unterwegs zum Taycan in Osaka"}]},{"@type":"WebSite","@id":"https:\/\/www.panamera-life.com\/#website","url":"https:\/\/www.panamera-life.com\/","name":"\u30dd\u30eb\u30b7\u30a7\u304c\u308f\u304c\u5bb6\u306b\u3084\u3063\u3066\u304d\u305f - \u30aa\u30fc\u30ca\u30fc\u30ba\u30d6\u30ed\u30b0","description":"\u30dd\u30eb\u30b7\u30a7\u306b\u9b45\u4e86\u3055\u308c\u305f\u59bb\u304c\u66f8\u304f\u30dd\u30eb\u30b7\u30a7\u30d6\u30ed\u30b0\u3067\u3059\u3002\u6240\u6709\u3059\u308b\u30dd\u30eb\u30b7\u30a7 911\u30ab\u30ec\u30e9\uff08964\uff09\u3001911GT3\u3001\u30dc\u30af\u30b9\u30bf\u30fc\u3001\u30d1\u30ca\u30e1\u30fc\u30e9\u306e\u30ec\u30d3\u30e5\u30fc\u3084\u7dad\u6301\u8cbb\u3001\u30c4\u30fc\u30ea\u30f3\u30b0\u8a18\u306a\u3069\u3002\u30cb\u30e5\u30fc\u30b9\u8a18\u4e8b\u3067\u306f\u5206\u304b\u3089\u306a\u3044\u751f\u306e\u30dd\u30eb\u30b7\u30a7\u30aa\u30fc\u30ca\u30fc\u306e\u58f0\u3092\u5b9a\u671f\u914d\u4fe1\u3059\u308b\u30d6\u30ed\u30b0\u3067\u3059\u3002","publisher":{"@id":"https:\/\/www.panamera-life.com\/#organization"},"potentialAction":[{"@type":"SearchAction","target":{"@type":"EntryPoint","urlTemplate":"https:\/\/www.panamera-life.com\/?s={search_term_string}"},"query-input":{"@type":"PropertyValueSpecification","valueRequired":true,"valueName":"search_term_string"}}],"inLanguage":"de"},{"@type":"Organization","@id":"https:\/\/www.panamera-life.com\/#organization","name":"\u30dd\u30eb\u30b7\u30a7\u304c\u308f\u304c\u5bb6\u306b\u3084\u3063\u3066\u304d\u305f","url":"https:\/\/www.panamera-life.com\/","logo":{"@type":"ImageObject","inLanguage":"de","@id":"https:\/\/www.panamera-life.com\/#\/schema\/logo\/image\/","url":"https:\/\/www.panamera-life.com\/wp-content\/uploads\/2021\/05\/unnamed.jpg","contentUrl":"https:\/\/www.panamera-life.com\/wp-content\/uploads\/2021\/05\/unnamed.jpg","width":512,"height":512,"caption":"\u30dd\u30eb\u30b7\u30a7\u304c\u308f\u304c\u5bb6\u306b\u3084\u3063\u3066\u304d\u305f"},"image":{"@id":"https:\/\/www.panamera-life.com\/#\/schema\/logo\/image\/"},"sameAs":["https:\/\/www.facebook.com\/panameralife\/","https:\/\/x.com\/Mina_Panamera","https:\/\/www.instagram.com\/mina_porsche\/","https:\/\/www.youtube.com\/channel\/UCoyAW0ifcnk05Iryf7-bkhg"]}]}},"_links":{"self":[{"href":"https:\/\/www.panamera-life.com\/wp-json\/wp\/v2\/posts\/39299"}],"collection":[{"href":"https:\/\/www.panamera-life.com\/wp-json\/wp\/v2\/posts"}],"about":[{"href":"https:\/\/www.panamera-life.com\/wp-json\/wp\/v2\/types\/post"}],"replies":[{"embeddable":true,"href":"https:\/\/www.panamera-life.com\/wp-json\/wp\/v2\/comments?post=39299"}],"version-history":[{"count":0,"href":"https:\/\/www.panamera-life.com\/wp-json\/wp\/v2\/posts\/39299\/revisions"}],"wp:featuredmedia":[{"embeddable":true,"href":"https:\/\/www.panamera-life.com\/wp-json\/wp\/v2\/media\/19989"}],"wp:attachment":[{"href":"https:\/\/www.panamera-life.com\/wp-json\/wp\/v2\/media?parent=39299"}],"wp:term":[{"taxonomy":"category","embeddable":true,"href":"https:\/\/www.panamera-life.com\/wp-json\/wp\/v2\/categories?post=39299"},{"taxonomy":"post_tag","embeddable":true,"href":"https:\/\/www.panamera-life.com\/wp-json\/wp\/v2\/tags?post=39299"}],"curies":[{"name":"wp","href":"https:\/\/api.w.org\/{rel}","templated":true}]}}