{"id":39302,"date":"2019-12-03T06:00:34","date_gmt":"2019-12-02T21:00:34","guid":{"rendered":"https:\/\/www.panamera-life.com\/?p=39302"},"modified":"2019-12-02T09:53:05","modified_gmt":"2019-12-02T00:53:05","slug":"porsche-engine-future","status":"publish","type":"post","link":"https:\/\/www.panamera-life.com\/de\/entry\/porsche-engine-future\/","title":{"rendered":"Jetzt ist die Zeit, einen Porsche zu fahren \u2013 Angesichts des Produktionsstopps f\u00fcr Benziner in Europa"},"content":{"rendered":"<h3 class=\"style3a\">Porsche und Benzinfahrzeuge<\/h3>\n<p>K\u00fcrzlich erhielt ich eine Nachricht auf meinem Blog. Sie kam von jemandem, der in der Automobilbranche im Ausland arbeitet und sich f\u00fcr die Zukunft einen Porsche w\u00fcnscht. Bei der Recherche im Netz stie\u00df diese Person auf meinen Porsche-Blog. Am Ende der Nachricht stand Folgendes:<\/p>\n<p class=\"well\">Man muss wohl innerhalb der n\u00e4chsten 10 Jahre einen Porsche kaufen\u2026 Denn aufgrund der europ\u00e4ischen Vorschriften zur Abschaffung von Fahrzeugen mit fossilen Brennstoffen wird die Produktion von Benzinern eingestellt. Wahrscheinlich wird dieser Tag viel schneller kommen, als viele Japaner denken. <strong>Es ist ein zwiesp\u00e4ltiges Gef\u00fchl, wenn man daran denkt, dass wir nur noch etwa 10 Jahre lang den Klang eines Porsche-Motors h\u00f6ren k\u00f6nnen.<\/strong><\/p>\n<p>So ist das also\u2026 das macht Sinn.<\/p>\n<p><img loading=\"lazy\" decoding=\"async\" class=\"alignnone size-large wp-image-15939\" src=\"https:\/\/www.panamera-life.com\/wp-content\/uploads\/2019\/12\/IMG_5972-1280x960.jpeg\" alt=\"\" width=\"1280\" height=\"960\" \/><\/p>\n<p>Bei n\u00e4herer Recherche fand ich heraus, dass in Norwegen und den Niederlanden bereits 2025, in Deutschland, Irland und Indien 2030 sowie in Frankreich, Gro\u00dfbritannien, Spanien und China 2040 der Verkauf von <strong>Benzin- und Dieselautos verboten<\/strong> sein wird.<\/p>\n<p><span style=\"font-size: 14pt;\">2025 ist ja schon fast morgen (\uff9f\u0434\uff9f)!<\/span><\/p>\n<p>Betrachtet man einzelne St\u00e4dte, so ist beispielsweise in Amsterdam ab 2030 die Einfahrt aller Benzin-, Diesel- und Plug-in-Hybridfahrzeuge verboten, und in London wird ab 2030 der Zugang von Benzin- und Dieselautos ins Stadtzentrum untersagt.<\/p>\n<p>L\u00e4nder wie Norwegen und Schweden haben bereits eine hohe Verbreitung von Elektroautos und eine gut ausgebaute Ladeinfrastruktur, weshalb ich zun\u00e4chst dachte, <strong>diese Entwicklung betrifft wohl nur Europa<\/strong>. Doch auch in nordamerikanischen Gro\u00dfst\u00e4dten wie Los Angeles, Seattle und Vancouver wird ab 2030 der Zugang von Benzin- und Dieselautos in die Innenst\u00e4dte verboten sein.<\/p>\n<p><span style=\"font-size: 8pt;\">*Quelle: <a href=\"https:\/\/www.google.co.jp\/amp\/s\/blog.evsmart.net\/ev-news\/global-petrol-gas-car-ban\/%3famp\" target=\"_blank\" rel=\"noopener\">Status der Verkaufsverbote f\u00fcr Benzin- und Dieselautos weltweit<\/a><\/span><\/p>\n<h3 class=\"style3a\">Jetzt ist die Zeit, einen Porsche zu fahren<\/h3>\n<p>In Japan wird dieser Trend vermutlich noch etwas sp\u00e4ter einsetzen, doch angesichts der internationalen Lage wird auch Japan kaum umhin kommen, diesen Weg zu gehen. Dann wird es wohl <strong>kaum noch m\u00f6glich sein, in den Innenst\u00e4dten Benziner zu besitzen<\/strong>.<\/p>\n<p>Selbst wenn man in Vororten ein Benzinfahrzeug besitzen darf, k\u00f6nnte es sein, dass man sein Zielgebiet nicht mehr mit dem Auto erreichen darf, was die Freiheit, wie bisher beliebig zu fahren, stark einschr\u00e4nkt.<\/p>\n<p>Wenn ich daran denke, wie beim Thema Rauchen die Raucher immer mehr an den Rand gedr\u00e4ngt werden und kaum noch Raucherbereiche existieren, <strong>k\u00f6nnte es sein, dass Benziner in Zukunft als \u201estinkend, laut, umweltsch\u00e4dlich und st\u00f6rend\u201c abgestempelt und ebenfalls an den Rand gedr\u00e4ngt werden<\/strong>.<\/p>\n<p>Diese Vorstellung macht mich ehrlich gesagt traurig.<\/p>\n<p>Gleichzeitig verstehe ich nat\u00fcrlich, dass wir f\u00fcr den Schutz der Umwelt auf Elektrofahrzeuge umsteigen m\u00fcssen \u2013 das ist ein schwieriges Dilemma.<\/p>\n<p><img loading=\"lazy\" decoding=\"async\" class=\"alignnone size-large wp-image-15940\" src=\"https:\/\/www.panamera-life.com\/wp-content\/uploads\/2019\/12\/IMG_5920-1280x960.jpeg\" alt=\"\" width=\"1280\" height=\"960\" \/><\/p>\n<p>Tats\u00e4chlich gibt es Ger\u00fcchte, dass die n\u00e4chsten Macan- und Cayenne-Modelle elektrische Antriebe erhalten werden, und auch der Panamera wird vermutlich zunehmend elektrifiziert. Ein Autoexperte sagte k\u00fcrzlich, der 911 werde wahrscheinlich das letzte Porsche-Modell mit Verbrennungsmotor sein.<\/p>\n<p>Au\u00dferdem h\u00f6rt man, dass einige ber\u00fchmte Stra\u00dfen in Japan, die fr\u00fcher mautpflichtig waren, nun kostenlos sind, was zu mehr Touristen und damit zu schlechterem Stra\u00dfenzustand f\u00fchrt. Zudem werden immer mehr Stra\u00dfen durch Umgehungsstra\u00dfen ersetzt und dadurch zerst\u00f6rt.<\/p>\n<p>Fr\u00fcher dachte ich: \u201eIrgendwann m\u00f6chte ich diese Stra\u00dfe fahren, irgendwann m\u00f6chte ich diesen Porsche fahren.\u201c Doch nach der Nachricht auf meinem Blog wurde mir klar: <strong>Es geht nicht um irgendwann, sondern darum, jetzt zu fahren, solange es noch m\u00f6glich ist.<\/strong><\/p>\n<p>Meine Kinder sind noch klein, aber wenn ich warte, bis sie gr\u00f6\u00dfer sind, sind die 10 Jahre schnell vorbei. W\u00e4hrend man wartet, ver\u00e4ndert sich die Zeit.<\/p>\n<p>Ich m\u00f6chte von nun an jeden Moment sch\u00e4tzen, in dem ich einen Porsche fahren kann, und dieses Privileg bewusst genie\u00dfen.<\/p>\n","protected":false},"excerpt":{"rendered":"Porsche und Benzinfahrzeuge K\u00fcrzlich erhielt ich eine Nachricht auf meinem Blog. Sie kam von jemandem, der in der Automobilbranche im Ausland arbeitet und sich f\u00fcr die Zukunft einen Porsche w\u00fcnscht. Bei der Recherche im Netz stie\u00df diese Person auf meinen Porsche-Blog. Am Ende der Nachricht stand Folgendes: Man muss wohl innerhalb der n\u00e4chsten 10 Jahre einen Porsche kaufen\u2026 Denn aufgrund der europ\u00e4ischen Vorschriften zur Abschaffung von Fahrzeugen mit fossilen Brennstoffen wird die Produktion von Benzinern...","protected":false},"author":0,"featured_media":15938,"comment_status":"open","ping_status":"closed","sticky":false,"template":"","format":"standard","meta":{"footnotes":"","_locale":"de_DE","_original_post":"https:\/\/www.panamera-life.com\/?p=15933"},"categories":[2],"tags":[],"yoast_head":"<title>Jetzt ist die Zeit, einen Porsche zu fahren \u2013 Angesichts des Produktionsstopps f\u00fcr Benziner in Europa - \u30dd\u30eb\u30b7\u30a7\u304c\u308f\u304c\u5bb6\u306b\u3084\u3063\u3066\u304d\u305f - \u30aa\u30fc\u30ca\u30fc\u30ba\u30d6\u30ed\u30b0<\/title>\n<meta name=\"description\" content=\"Jetzt Porsche fahren: Warum der Porsche Besitz und das Fahrerlebnis mit Benzinern bald Geschichte sind \u2013 Chancen und Herausforderungen f\u00fcr Porsche K\u00e4ufer.\" \/>\n<meta name=\"robots\" content=\"index, follow, max-snippet:-1, max-image-preview:large, max-video-preview:-1\" \/>\n<link rel=\"canonical\" href=\"https:\/\/www.panamera-life.com\/de\/entry\/porsche-engine-future\/\" \/>\n<meta property=\"og:locale\" content=\"de_DE\" \/>\n<meta property=\"og:type\" content=\"article\" \/>\n<meta property=\"og:title\" content=\"Jetzt ist die Zeit, einen Porsche zu fahren \u2013 Angesichts des Produktionsstopps f\u00fcr Benziner in Europa - \u30dd\u30eb\u30b7\u30a7\u304c\u308f\u304c\u5bb6\u306b\u3084\u3063\u3066\u304d\u305f - \u30aa\u30fc\u30ca\u30fc\u30ba\u30d6\u30ed\u30b0\" \/>\n<meta property=\"og:description\" content=\"Jetzt Porsche fahren: Warum der Porsche Besitz und das Fahrerlebnis mit Benzinern bald Geschichte sind \u2013 Chancen und Herausforderungen f\u00fcr Porsche K\u00e4ufer.\" \/>\n<meta property=\"og:url\" content=\"https:\/\/www.panamera-life.com\/de\/entry\/porsche-engine-future\/\" \/>\n<meta property=\"og:site_name\" content=\"\u30dd\u30eb\u30b7\u30a7\u304c\u308f\u304c\u5bb6\u306b\u3084\u3063\u3066\u304d\u305f - \u30aa\u30fc\u30ca\u30fc\u30ba\u30d6\u30ed\u30b0\" \/>\n<meta property=\"article:publisher\" content=\"https:\/\/www.facebook.com\/panameralife\/\" \/>\n<meta property=\"article:published_time\" content=\"2019-12-02T21:00:34+00:00\" \/>\n<meta property=\"article:modified_time\" content=\"2019-12-02T00:53:05+00:00\" \/>\n<meta property=\"og:image\" content=\"https:\/\/www.panamera-life.com\/wp-content\/uploads\/2019\/12\/IMG_6137.jpg\" \/>\n\t<meta property=\"og:image:width\" content=\"2305\" \/>\n\t<meta property=\"og:image:height\" content=\"1537\" \/>\n\t<meta property=\"og:image:type\" content=\"image\/jpeg\" \/>\n<meta name=\"twitter:label1\" content=\"Gesch\u00e4tzte Lesezeit\" \/>\n\t<meta name=\"twitter:data1\" content=\"3\u00a0Minuten\" \/>","yoast_head_json":{"title":"Jetzt ist die Zeit, einen Porsche zu fahren \u2013 Angesichts des Produktionsstopps f\u00fcr Benziner in Europa - \u30dd\u30eb\u30b7\u30a7\u304c\u308f\u304c\u5bb6\u306b\u3084\u3063\u3066\u304d\u305f - \u30aa\u30fc\u30ca\u30fc\u30ba\u30d6\u30ed\u30b0","description":"Jetzt Porsche fahren: Warum der Porsche Besitz und das Fahrerlebnis mit Benzinern bald Geschichte sind \u2013 Chancen und Herausforderungen f\u00fcr Porsche K\u00e4ufer.","robots":{"index":"index","follow":"follow","max-snippet":"max-snippet:-1","max-image-preview":"max-image-preview:large","max-video-preview":"max-video-preview:-1"},"canonical":"https:\/\/www.panamera-life.com\/de\/entry\/porsche-engine-future\/","og_locale":"de_DE","og_type":"article","og_title":"Jetzt ist die Zeit, einen Porsche zu fahren \u2013 Angesichts des Produktionsstopps f\u00fcr Benziner in Europa - \u30dd\u30eb\u30b7\u30a7\u304c\u308f\u304c\u5bb6\u306b\u3084\u3063\u3066\u304d\u305f - \u30aa\u30fc\u30ca\u30fc\u30ba\u30d6\u30ed\u30b0","og_description":"Jetzt Porsche fahren: Warum der Porsche Besitz und das Fahrerlebnis mit Benzinern bald Geschichte sind \u2013 Chancen und Herausforderungen f\u00fcr Porsche K\u00e4ufer.","og_url":"https:\/\/www.panamera-life.com\/de\/entry\/porsche-engine-future\/","og_site_name":"\u30dd\u30eb\u30b7\u30a7\u304c\u308f\u304c\u5bb6\u306b\u3084\u3063\u3066\u304d\u305f - \u30aa\u30fc\u30ca\u30fc\u30ba\u30d6\u30ed\u30b0","article_publisher":"https:\/\/www.facebook.com\/panameralife\/","article_published_time":"2019-12-02T21:00:34+00:00","article_modified_time":"2019-12-02T00:53:05+00:00","og_image":[{"width":2305,"height":1537,"url":"https:\/\/www.panamera-life.com\/wp-content\/uploads\/2019\/12\/IMG_6137.jpg","type":"image\/jpeg"}],"twitter_misc":{"Gesch\u00e4tzte Lesezeit":"3\u00a0Minuten"},"schema":{"@context":"https:\/\/schema.org","@graph":[{"@type":"Article","@id":"https:\/\/www.panamera-life.com\/de\/entry\/porsche-engine-future\/#article","isPartOf":{"@id":"https:\/\/www.panamera-life.com\/de\/entry\/porsche-engine-future\/"},"author":{"name":"","@id":""},"headline":"Jetzt ist die Zeit, einen Porsche zu fahren \u2013 Angesichts des Produktionsstopps f\u00fcr Benziner in Europa","datePublished":"2019-12-02T21:00:34+00:00","dateModified":"2019-12-02T00:53:05+00:00","mainEntityOfPage":{"@id":"https:\/\/www.panamera-life.com\/de\/entry\/porsche-engine-future\/"},"wordCount":627,"commentCount":0,"publisher":{"@id":"https:\/\/www.panamera-life.com\/#organization"},"image":{"@id":"https:\/\/www.panamera-life.com\/de\/entry\/porsche-engine-future\/#primaryimage"},"thumbnailUrl":"https:\/\/www.panamera-life.com\/wp-content\/uploads\/2019\/12\/IMG_6137.jpg","articleSection":["Unser Auto\u2011Leben"],"inLanguage":"de","potentialAction":[{"@type":"CommentAction","name":"Comment","target":["https:\/\/www.panamera-life.com\/de\/entry\/porsche-engine-future\/#respond"]}]},{"@type":"WebPage","@id":"https:\/\/www.panamera-life.com\/de\/entry\/porsche-engine-future\/","url":"https:\/\/www.panamera-life.com\/de\/entry\/porsche-engine-future\/","name":"Jetzt ist die Zeit, einen Porsche zu fahren \u2013 Angesichts des Produktionsstopps f\u00fcr Benziner in Europa - \u30dd\u30eb\u30b7\u30a7\u304c\u308f\u304c\u5bb6\u306b\u3084\u3063\u3066\u304d\u305f - \u30aa\u30fc\u30ca\u30fc\u30ba\u30d6\u30ed\u30b0","isPartOf":{"@id":"https:\/\/www.panamera-life.com\/#website"},"primaryImageOfPage":{"@id":"https:\/\/www.panamera-life.com\/de\/entry\/porsche-engine-future\/#primaryimage"},"image":{"@id":"https:\/\/www.panamera-life.com\/de\/entry\/porsche-engine-future\/#primaryimage"},"thumbnailUrl":"https:\/\/www.panamera-life.com\/wp-content\/uploads\/2019\/12\/IMG_6137.jpg","datePublished":"2019-12-02T21:00:34+00:00","dateModified":"2019-12-02T00:53:05+00:00","description":"Jetzt Porsche fahren: Warum der Porsche Besitz und das Fahrerlebnis mit Benzinern bald Geschichte sind \u2013 Chancen und Herausforderungen f\u00fcr Porsche K\u00e4ufer.","breadcrumb":{"@id":"https:\/\/www.panamera-life.com\/de\/entry\/porsche-engine-future\/#breadcrumb"},"inLanguage":"de","potentialAction":[{"@type":"ReadAction","target":["https:\/\/www.panamera-life.com\/de\/entry\/porsche-engine-future\/"]}]},{"@type":"ImageObject","inLanguage":"de","@id":"https:\/\/www.panamera-life.com\/de\/entry\/porsche-engine-future\/#primaryimage","url":"https:\/\/www.panamera-life.com\/wp-content\/uploads\/2019\/12\/IMG_6137.jpg","contentUrl":"https:\/\/www.panamera-life.com\/wp-content\/uploads\/2019\/12\/IMG_6137.jpg","width":2305,"height":1537,"caption":"\u8eca, \u6728, \u9053\u8def, \u5c71, \u5c4b\u5916, \u99d0\u8eca\u5834, PORSCHE, 911, 991"},{"@type":"BreadcrumbList","@id":"https:\/\/www.panamera-life.com\/de\/entry\/porsche-engine-future\/#breadcrumb","itemListElement":[{"@type":"ListItem","position":1,"name":"\u30db\u30fc\u30e0","item":"https:\/\/www.panamera-life.com\/"},{"@type":"ListItem","position":2,"name":"Jetzt ist die Zeit, einen Porsche zu fahren \u2013 Angesichts des Produktionsstopps f\u00fcr Benziner in Europa"}]},{"@type":"WebSite","@id":"https:\/\/www.panamera-life.com\/#website","url":"https:\/\/www.panamera-life.com\/","name":"\u30dd\u30eb\u30b7\u30a7\u304c\u308f\u304c\u5bb6\u306b\u3084\u3063\u3066\u304d\u305f - \u30aa\u30fc\u30ca\u30fc\u30ba\u30d6\u30ed\u30b0","description":"\u30dd\u30eb\u30b7\u30a7\u306b\u9b45\u4e86\u3055\u308c\u305f\u59bb\u304c\u66f8\u304f\u30dd\u30eb\u30b7\u30a7\u30d6\u30ed\u30b0\u3067\u3059\u3002\u6240\u6709\u3059\u308b\u30dd\u30eb\u30b7\u30a7 911\u30ab\u30ec\u30e9\uff08964\uff09\u3001911GT3\u3001\u30dc\u30af\u30b9\u30bf\u30fc\u3001\u30d1\u30ca\u30e1\u30fc\u30e9\u306e\u30ec\u30d3\u30e5\u30fc\u3084\u7dad\u6301\u8cbb\u3001\u30c4\u30fc\u30ea\u30f3\u30b0\u8a18\u306a\u3069\u3002\u30cb\u30e5\u30fc\u30b9\u8a18\u4e8b\u3067\u306f\u5206\u304b\u3089\u306a\u3044\u751f\u306e\u30dd\u30eb\u30b7\u30a7\u30aa\u30fc\u30ca\u30fc\u306e\u58f0\u3092\u5b9a\u671f\u914d\u4fe1\u3059\u308b\u30d6\u30ed\u30b0\u3067\u3059\u3002","publisher":{"@id":"https:\/\/www.panamera-life.com\/#organization"},"potentialAction":[{"@type":"SearchAction","target":{"@type":"EntryPoint","urlTemplate":"https:\/\/www.panamera-life.com\/?s={search_term_string}"},"query-input":{"@type":"PropertyValueSpecification","valueRequired":true,"valueName":"search_term_string"}}],"inLanguage":"de"},{"@type":"Organization","@id":"https:\/\/www.panamera-life.com\/#organization","name":"\u30dd\u30eb\u30b7\u30a7\u304c\u308f\u304c\u5bb6\u306b\u3084\u3063\u3066\u304d\u305f","url":"https:\/\/www.panamera-life.com\/","logo":{"@type":"ImageObject","inLanguage":"de","@id":"https:\/\/www.panamera-life.com\/#\/schema\/logo\/image\/","url":"https:\/\/www.panamera-life.com\/wp-content\/uploads\/2021\/05\/unnamed.jpg","contentUrl":"https:\/\/www.panamera-life.com\/wp-content\/uploads\/2021\/05\/unnamed.jpg","width":512,"height":512,"caption":"\u30dd\u30eb\u30b7\u30a7\u304c\u308f\u304c\u5bb6\u306b\u3084\u3063\u3066\u304d\u305f"},"image":{"@id":"https:\/\/www.panamera-life.com\/#\/schema\/logo\/image\/"},"sameAs":["https:\/\/www.facebook.com\/panameralife\/","https:\/\/x.com\/Mina_Panamera","https:\/\/www.instagram.com\/mina_porsche\/","https:\/\/www.youtube.com\/channel\/UCoyAW0ifcnk05Iryf7-bkhg"]}]}},"_links":{"self":[{"href":"https:\/\/www.panamera-life.com\/wp-json\/wp\/v2\/posts\/39302"}],"collection":[{"href":"https:\/\/www.panamera-life.com\/wp-json\/wp\/v2\/posts"}],"about":[{"href":"https:\/\/www.panamera-life.com\/wp-json\/wp\/v2\/types\/post"}],"replies":[{"embeddable":true,"href":"https:\/\/www.panamera-life.com\/wp-json\/wp\/v2\/comments?post=39302"}],"version-history":[{"count":0,"href":"https:\/\/www.panamera-life.com\/wp-json\/wp\/v2\/posts\/39302\/revisions"}],"wp:featuredmedia":[{"embeddable":true,"href":"https:\/\/www.panamera-life.com\/wp-json\/wp\/v2\/media\/15938"}],"wp:attachment":[{"href":"https:\/\/www.panamera-life.com\/wp-json\/wp\/v2\/media?parent=39302"}],"wp:term":[{"taxonomy":"category","embeddable":true,"href":"https:\/\/www.panamera-life.com\/wp-json\/wp\/v2\/categories?post=39302"},{"taxonomy":"post_tag","embeddable":true,"href":"https:\/\/www.panamera-life.com\/wp-json\/wp\/v2\/tags?post=39302"}],"curies":[{"name":"wp","href":"https:\/\/api.w.org\/{rel}","templated":true}]}}