{"id":39347,"date":"2020-08-26T06:00:45","date_gmt":"2020-08-25T21:00:45","guid":{"rendered":"https:\/\/www.panamera-life.com\/?p=39347"},"modified":"2021-06-01T23:07:11","modified_gmt":"2021-06-01T14:07:11","slug":"992-2008","status":"publish","type":"post","link":"https:\/\/www.panamera-life.com\/de\/entry\/992-2008\/","title":{"rendered":"911 Cabriolet (Typ 992): Letzte Auslieferungsformalit\u00e4ten abgeschlossen! \u00dcbergabe Mitte September?"},"content":{"rendered":"<h3 class=\"style3a\">Das 911 Cabriolet steht kurz vor der Auslieferung<\/h3>\n<p>Die Zeit vergeht schnell, und <strong>der Tag der Auslieferung unseres 911 Cabriolet (Typ 992) r\u00fcckt endlich n\u00e4her.<\/strong> Anfang August hat mein Mann die letzten Formalit\u00e4ten f\u00fcr die \u00dcbergabe erledigt. Nun hei\u00dft es nur noch warten, bis das Schiff mit dem 911 Cabriolet im Hafen ankommt und die abschlie\u00dfenden Checks beim H\u00e4ndler abgeschlossen sind \u2013 dann kann das Fahrzeug endlich \u00fcbergeben werden.<\/p>\n<p>Deshalb habe ich den Zeitplan von der Bestellung bis zur Auslieferung einmal zusammengefasst.<\/p>\n<p><img loading=\"lazy\" decoding=\"async\" class=\"alignnone size-full wp-image-19492\" src=\"https:\/\/www.panamera-life.com\/wp-content\/uploads\/2020\/08\/IMG_1541.jpg\" alt=\"\" width=\"1200\" height=\"750\" \/><\/p>\n<p>Obwohl ich dachte, wir h\u00e4tten das 911 Cabriolet schon Ende Januar bestellt, zeigt ein Blick in die E-Mails und den Austausch mit unserem Ansprechpartner Herrn H, dass das ganz anders war. Erinnerungen k\u00f6nnen eben t\u00e4uschen, wie ich feststellen musste.  <\/p>\n<p class=\"well2\">\u30fbEnde Februar: Bestellung des 911 Cabriolet<br \/>\n\u30fbMitte M\u00e4rz: Porsche-Werk wegen Corona geschlossen (keine Aussicht auf baldige Wiederaufnahme, Liefertermin unklar)<br \/>\n\u30fbEnde M\u00e4rz: Finale Spezifikationen festgelegt und H\u00e4ndler informiert<br \/>\n\u30fbEnde Juni: H\u00e4ndler informiert, dass die Produktion im Stammwerk wieder gestartet ist<br \/>\n\u30fbEnde Juli: Produktion abgeschlossen, Fahrzeug auf dem Schiff<br \/>\n\u30fbAnfang August: Letzte Auslieferungsformalit\u00e4ten erledigt<br \/>\n\u30fbCa. 10. September: Ankunft beim H\u00e4ndler geplant<br \/>\n\u30fbMitte September: Geplante Auslieferung<\/p>\n<p>So sieht der aktuelle Zeitplan aus.<\/p>\n<p>Wegen Corona hatte ich zwischendurch schon bef\u00fcrchtet, dass das Fahrzeug vielleicht erst im n\u00e4chsten Jahr kommt. Doch die schnelle Wiederaufnahme der Produktion und der gl\u00fcckliche Umstand, dass unser Cabriolet-Termin genau in eine Produktionsl\u00fccke fiel, lassen auf eine relativ z\u00fcgige Auslieferung hoffen.<\/p>\n<h3 class=\"style3a\">Details zur Ausstattung des 911 Cabriolet<\/h3>\n<p>Zur finalen Ausstattung des 911 Cabriolet (Stand M\u00e4rz 2020) geh\u00f6ren:  <\/p>\n<p class=\"well2\">\u30fbAu\u00dfenfarbe: Aventuringr\u00fcn Metallic<br \/>\n\u30fbVerdeck: Braun<br \/>\n\u30fbInnenraumfarbe: Standard Schwarz\/Mojave Beige, Teil-Ledersitze<br \/>\n\u30fbAusstattungspaket: Rechtslenker (RHD)<br \/>\n\u30fbExterieur: Sportdesign-Paket, Sportdesign-Seitenschweller, 911-Logo in Hochglanz-Schwarz<br \/>\n\u30fbAntrieb\/Fahrwerk: 8-Gang Porsche Doppelkupplungsgetriebe (PDK), Sport Chrono Paket mit Modusschalter<br \/>\n\u30fbR\u00e4der: 19\/20 Zoll Carrera R\u00e4der<br \/>\n\u30fbBeleuchtung: LED-Hauptscheinwerfer, inklusive PDLS Plus und automatisch abblendendem Innenspiegel<br \/>\n\u30fbKomfort: Adaptiver Tempomat, Spurwechselassistent, Porsche Entry &#038; Drive System<br \/>\n\u30fbInnenraum: Sportsitze, Sitzbel\u00fcftung vorne, Multifunktions-GT-Sportlenkrad, Stauraumpaket<br \/>\n\u30fbLederinterieur: Porsche Wappen auf den Kopfst\u00fctzen gepr\u00e4gt<br \/>\n\u30fbHolzinterieur: Dunkles Paldao-Holzpaket<\/p>\n<p><img loading=\"lazy\" decoding=\"async\" class=\"alignnone size-full wp-image-19493\" src=\"https:\/\/www.panamera-life.com\/wp-content\/uploads\/2020\/08\/IMG_1540.jpg\" alt=\"\" width=\"1200\" height=\"750\" \/><\/p>\n<p><img loading=\"lazy\" decoding=\"async\" class=\"alignnone size-full wp-image-19494\" src=\"https:\/\/www.panamera-life.com\/wp-content\/uploads\/2020\/08\/IMG_1547.jpg\" alt=\"\" width=\"1200\" height=\"750\" \/><\/p>\n<p>Die Gedanken und die Leidenschaft hinter dieser Ausstattung habe ich bereits in <a href=\"https:\/\/www.panamera-life.com\/entry\/porsche-992-cabriolet-option\/\" target=\"_blank\" rel=\"noopener noreferrer\">diesem Artikel<\/a> ausf\u00fchrlich beschrieben.<\/p>\n<p>Vor Kurzem hat mein Mann unseren Panamera beim H\u00e4ndler abgegeben \u2013 damit ist der Abschied vom Panamera endg\u00fcltig besiegelt.<\/p>\n<p><img loading=\"lazy\" decoding=\"async\" class=\"alignnone size-full wp-image-19458\" src=\"https:\/\/www.panamera-life.com\/wp-content\/uploads\/2020\/08\/IMG_1619.jpg\" alt=\"\" width=\"1200\" height=\"800\" \/><\/p>\n<p><img loading=\"lazy\" decoding=\"async\" class=\"alignnone size-full wp-image-19459\" src=\"https:\/\/www.panamera-life.com\/wp-content\/uploads\/2020\/08\/IMG_8676.jpg\" alt=\"\" width=\"1200\" height=\"800\" \/><\/p>\n<p><img loading=\"lazy\" decoding=\"async\" class=\"alignnone size-full wp-image-19460\" src=\"https:\/\/www.panamera-life.com\/wp-content\/uploads\/2020\/08\/IMG_8677.jpg\" alt=\"\" width=\"1200\" height=\"800\" \/><\/p>\n<p>Egal aus welchem Blickwinkel man ihn betrachtet \u2013 der Panamera ist wirklich ein beeindruckendes und elegantes Auto.<\/p>\n<p>Da die Auslieferung des 911 Cabriolet f\u00fcr Mitte September geplant ist, hoffe ich sehr, dass ich die \u00dcbergabe gemeinsam mit meinem Mann beim H\u00e4ndler miterleben kann. Mal sehen, wie es sich entwickelt.<\/p>\n<p>Wenn die Hitze nachl\u00e4sst und die Abende wieder k\u00fchler werden, freue ich mich schon darauf, mit der Familie eine offene Fahrt zu unternehmen und das Porsche Fahrerlebnis in vollen Z\u00fcgen zu genie\u00dfen.<\/p>\n","protected":false},"excerpt":{"rendered":"Das 911 Cabriolet steht kurz vor der Auslieferung Die Zeit vergeht schnell, und der Tag der Auslieferung unseres 911 Cabriolet (Typ 992) r\u00fcckt endlich n\u00e4her. Anfang August hat mein Mann die letzten Formalit\u00e4ten f\u00fcr die \u00dcbergabe erledigt. Nun hei\u00dft es nur noch warten, bis das Schiff mit dem 911 Cabriolet im Hafen ankommt und die abschlie\u00dfenden Checks beim H\u00e4ndler abgeschlossen sind \u2013 dann kann das Fahrzeug endlich \u00fcbergeben werden. Deshalb habe ich den Zeitplan von...","protected":false},"author":0,"featured_media":19491,"comment_status":"open","ping_status":"closed","sticky":false,"template":"","format":"standard","meta":{"footnotes":"","_locale":"de_DE","_original_post":"https:\/\/www.panamera-life.com\/?p=19408"},"categories":[30,2],"tags":[183,199,215,217,236],"yoast_head":"<title>911 Cabriolet (Typ 992): Letzte Auslieferungsformalit\u00e4ten abgeschlossen! \u00dcbergabe Mitte September? - \u30dd\u30eb\u30b7\u30a7\u304c\u308f\u304c\u5bb6\u306b\u3084\u3063\u3066\u304d\u305f - \u30aa\u30fc\u30ca\u30fc\u30ba\u30d6\u30ed\u30b0<\/title>\n<meta name=\"description\" content=\"Letzte Auslieferungsformalit\u00e4ten f\u00fcr das Porsche 911 Cabriolet (Typ 992) sind abgeschlossen. Die \u00dcbergabe ist f\u00fcr Mitte September geplant \u2013 alle Details zur Bestellung und Ausstattung.\" \/>\n<meta name=\"robots\" content=\"index, follow, max-snippet:-1, max-image-preview:large, max-video-preview:-1\" \/>\n<link rel=\"canonical\" href=\"https:\/\/www.panamera-life.com\/de\/entry\/992-2008\/\" \/>\n<meta property=\"og:locale\" content=\"de_DE\" \/>\n<meta property=\"og:type\" content=\"article\" \/>\n<meta property=\"og:title\" content=\"911 Cabriolet (Typ 992): Letzte Auslieferungsformalit\u00e4ten abgeschlossen! \u00dcbergabe Mitte September? - \u30dd\u30eb\u30b7\u30a7\u304c\u308f\u304c\u5bb6\u306b\u3084\u3063\u3066\u304d\u305f - \u30aa\u30fc\u30ca\u30fc\u30ba\u30d6\u30ed\u30b0\" \/>\n<meta property=\"og:description\" content=\"Letzte Auslieferungsformalit\u00e4ten f\u00fcr das Porsche 911 Cabriolet (Typ 992) sind abgeschlossen. Die \u00dcbergabe ist f\u00fcr Mitte September geplant \u2013 alle Details zur Bestellung und Ausstattung.\" \/>\n<meta property=\"og:url\" content=\"https:\/\/www.panamera-life.com\/de\/entry\/992-2008\/\" \/>\n<meta property=\"og:site_name\" content=\"\u30dd\u30eb\u30b7\u30a7\u304c\u308f\u304c\u5bb6\u306b\u3084\u3063\u3066\u304d\u305f - \u30aa\u30fc\u30ca\u30fc\u30ba\u30d6\u30ed\u30b0\" \/>\n<meta property=\"article:publisher\" content=\"https:\/\/www.facebook.com\/panameralife\/\" \/>\n<meta property=\"article:published_time\" content=\"2020-08-25T21:00:45+00:00\" \/>\n<meta property=\"article:modified_time\" content=\"2021-06-01T14:07:11+00:00\" \/>\n<meta property=\"og:image\" content=\"https:\/\/www.panamera-life.com\/wp-content\/uploads\/2020\/08\/IMG_1545.jpg\" \/>\n\t<meta property=\"og:image:width\" content=\"1200\" \/>\n\t<meta property=\"og:image:height\" content=\"750\" \/>\n\t<meta property=\"og:image:type\" content=\"image\/jpeg\" \/>\n<meta name=\"twitter:label1\" content=\"Gesch\u00e4tzte Lesezeit\" \/>\n\t<meta name=\"twitter:data1\" content=\"2\u00a0Minuten\" \/>","yoast_head_json":{"title":"911 Cabriolet (Typ 992): Letzte Auslieferungsformalit\u00e4ten abgeschlossen! \u00dcbergabe Mitte September? - \u30dd\u30eb\u30b7\u30a7\u304c\u308f\u304c\u5bb6\u306b\u3084\u3063\u3066\u304d\u305f - \u30aa\u30fc\u30ca\u30fc\u30ba\u30d6\u30ed\u30b0","description":"Letzte Auslieferungsformalit\u00e4ten f\u00fcr das Porsche 911 Cabriolet (Typ 992) sind abgeschlossen. Die \u00dcbergabe ist f\u00fcr Mitte September geplant \u2013 alle Details zur Bestellung und Ausstattung.","robots":{"index":"index","follow":"follow","max-snippet":"max-snippet:-1","max-image-preview":"max-image-preview:large","max-video-preview":"max-video-preview:-1"},"canonical":"https:\/\/www.panamera-life.com\/de\/entry\/992-2008\/","og_locale":"de_DE","og_type":"article","og_title":"911 Cabriolet (Typ 992): Letzte Auslieferungsformalit\u00e4ten abgeschlossen! \u00dcbergabe Mitte September? - \u30dd\u30eb\u30b7\u30a7\u304c\u308f\u304c\u5bb6\u306b\u3084\u3063\u3066\u304d\u305f - \u30aa\u30fc\u30ca\u30fc\u30ba\u30d6\u30ed\u30b0","og_description":"Letzte Auslieferungsformalit\u00e4ten f\u00fcr das Porsche 911 Cabriolet (Typ 992) sind abgeschlossen. Die \u00dcbergabe ist f\u00fcr Mitte September geplant \u2013 alle Details zur Bestellung und Ausstattung.","og_url":"https:\/\/www.panamera-life.com\/de\/entry\/992-2008\/","og_site_name":"\u30dd\u30eb\u30b7\u30a7\u304c\u308f\u304c\u5bb6\u306b\u3084\u3063\u3066\u304d\u305f - \u30aa\u30fc\u30ca\u30fc\u30ba\u30d6\u30ed\u30b0","article_publisher":"https:\/\/www.facebook.com\/panameralife\/","article_published_time":"2020-08-25T21:00:45+00:00","article_modified_time":"2021-06-01T14:07:11+00:00","og_image":[{"width":1200,"height":750,"url":"https:\/\/www.panamera-life.com\/wp-content\/uploads\/2020\/08\/IMG_1545.jpg","type":"image\/jpeg"}],"twitter_misc":{"Gesch\u00e4tzte Lesezeit":"2\u00a0Minuten"},"schema":{"@context":"https:\/\/schema.org","@graph":[{"@type":"Article","@id":"https:\/\/www.panamera-life.com\/de\/entry\/992-2008\/#article","isPartOf":{"@id":"https:\/\/www.panamera-life.com\/de\/entry\/992-2008\/"},"author":{"name":"","@id":""},"headline":"911 Cabriolet (Typ 992): Letzte Auslieferungsformalit\u00e4ten abgeschlossen! \u00dcbergabe Mitte September?","datePublished":"2020-08-25T21:00:45+00:00","dateModified":"2021-06-01T14:07:11+00:00","mainEntityOfPage":{"@id":"https:\/\/www.panamera-life.com\/de\/entry\/992-2008\/"},"wordCount":465,"commentCount":0,"publisher":{"@id":"https:\/\/www.panamera-life.com\/#organization"},"image":{"@id":"https:\/\/www.panamera-life.com\/de\/entry\/992-2008\/#primaryimage"},"thumbnailUrl":"https:\/\/www.panamera-life.com\/wp-content\/uploads\/2020\/08\/IMG_1545.jpg","keywords":["Porsche 911","Basismodell","Sport Chrono Paket","992","cabriolet"],"articleSection":["Porsche 911","Unser Auto\u2011Leben"],"inLanguage":"de","potentialAction":[{"@type":"CommentAction","name":"Comment","target":["https:\/\/www.panamera-life.com\/de\/entry\/992-2008\/#respond"]}]},{"@type":"WebPage","@id":"https:\/\/www.panamera-life.com\/de\/entry\/992-2008\/","url":"https:\/\/www.panamera-life.com\/de\/entry\/992-2008\/","name":"911 Cabriolet (Typ 992): Letzte Auslieferungsformalit\u00e4ten abgeschlossen! \u00dcbergabe Mitte September? - \u30dd\u30eb\u30b7\u30a7\u304c\u308f\u304c\u5bb6\u306b\u3084\u3063\u3066\u304d\u305f - \u30aa\u30fc\u30ca\u30fc\u30ba\u30d6\u30ed\u30b0","isPartOf":{"@id":"https:\/\/www.panamera-life.com\/#website"},"primaryImageOfPage":{"@id":"https:\/\/www.panamera-life.com\/de\/entry\/992-2008\/#primaryimage"},"image":{"@id":"https:\/\/www.panamera-life.com\/de\/entry\/992-2008\/#primaryimage"},"thumbnailUrl":"https:\/\/www.panamera-life.com\/wp-content\/uploads\/2020\/08\/IMG_1545.jpg","datePublished":"2020-08-25T21:00:45+00:00","dateModified":"2021-06-01T14:07:11+00:00","description":"Letzte Auslieferungsformalit\u00e4ten f\u00fcr das Porsche 911 Cabriolet (Typ 992) sind abgeschlossen. Die \u00dcbergabe ist f\u00fcr Mitte September geplant \u2013 alle Details zur Bestellung und Ausstattung.","breadcrumb":{"@id":"https:\/\/www.panamera-life.com\/de\/entry\/992-2008\/#breadcrumb"},"inLanguage":"de","potentialAction":[{"@type":"ReadAction","target":["https:\/\/www.panamera-life.com\/de\/entry\/992-2008\/"]}]},{"@type":"ImageObject","inLanguage":"de","@id":"https:\/\/www.panamera-life.com\/de\/entry\/992-2008\/#primaryimage","url":"https:\/\/www.panamera-life.com\/wp-content\/uploads\/2020\/08\/IMG_1545.jpg","contentUrl":"https:\/\/www.panamera-life.com\/wp-content\/uploads\/2020\/08\/IMG_1545.jpg","width":1200,"height":750,"caption":"\u8eca, \u9053\u8def, \u5efa\u7269, \u5c4b\u5916, \u5c55\u793a, PORSCHE, 911, 992"},{"@type":"BreadcrumbList","@id":"https:\/\/www.panamera-life.com\/de\/entry\/992-2008\/#breadcrumb","itemListElement":[{"@type":"ListItem","position":1,"name":"\u30db\u30fc\u30e0","item":"https:\/\/www.panamera-life.com\/"},{"@type":"ListItem","position":2,"name":"911 Cabriolet (Typ 992): Letzte Auslieferungsformalit\u00e4ten abgeschlossen! \u00dcbergabe Mitte September?"}]},{"@type":"WebSite","@id":"https:\/\/www.panamera-life.com\/#website","url":"https:\/\/www.panamera-life.com\/","name":"\u30dd\u30eb\u30b7\u30a7\u304c\u308f\u304c\u5bb6\u306b\u3084\u3063\u3066\u304d\u305f - \u30aa\u30fc\u30ca\u30fc\u30ba\u30d6\u30ed\u30b0","description":"\u30dd\u30eb\u30b7\u30a7\u306b\u9b45\u4e86\u3055\u308c\u305f\u59bb\u304c\u66f8\u304f\u30dd\u30eb\u30b7\u30a7\u30d6\u30ed\u30b0\u3067\u3059\u3002\u6240\u6709\u3059\u308b\u30dd\u30eb\u30b7\u30a7 911\u30ab\u30ec\u30e9\uff08964\uff09\u3001911GT3\u3001\u30dc\u30af\u30b9\u30bf\u30fc\u3001\u30d1\u30ca\u30e1\u30fc\u30e9\u306e\u30ec\u30d3\u30e5\u30fc\u3084\u7dad\u6301\u8cbb\u3001\u30c4\u30fc\u30ea\u30f3\u30b0\u8a18\u306a\u3069\u3002\u30cb\u30e5\u30fc\u30b9\u8a18\u4e8b\u3067\u306f\u5206\u304b\u3089\u306a\u3044\u751f\u306e\u30dd\u30eb\u30b7\u30a7\u30aa\u30fc\u30ca\u30fc\u306e\u58f0\u3092\u5b9a\u671f\u914d\u4fe1\u3059\u308b\u30d6\u30ed\u30b0\u3067\u3059\u3002","publisher":{"@id":"https:\/\/www.panamera-life.com\/#organization"},"potentialAction":[{"@type":"SearchAction","target":{"@type":"EntryPoint","urlTemplate":"https:\/\/www.panamera-life.com\/?s={search_term_string}"},"query-input":{"@type":"PropertyValueSpecification","valueRequired":true,"valueName":"search_term_string"}}],"inLanguage":"de"},{"@type":"Organization","@id":"https:\/\/www.panamera-life.com\/#organization","name":"\u30dd\u30eb\u30b7\u30a7\u304c\u308f\u304c\u5bb6\u306b\u3084\u3063\u3066\u304d\u305f","url":"https:\/\/www.panamera-life.com\/","logo":{"@type":"ImageObject","inLanguage":"de","@id":"https:\/\/www.panamera-life.com\/#\/schema\/logo\/image\/","url":"https:\/\/www.panamera-life.com\/wp-content\/uploads\/2021\/05\/unnamed.jpg","contentUrl":"https:\/\/www.panamera-life.com\/wp-content\/uploads\/2021\/05\/unnamed.jpg","width":512,"height":512,"caption":"\u30dd\u30eb\u30b7\u30a7\u304c\u308f\u304c\u5bb6\u306b\u3084\u3063\u3066\u304d\u305f"},"image":{"@id":"https:\/\/www.panamera-life.com\/#\/schema\/logo\/image\/"},"sameAs":["https:\/\/www.facebook.com\/panameralife\/","https:\/\/x.com\/Mina_Panamera","https:\/\/www.instagram.com\/mina_porsche\/","https:\/\/www.youtube.com\/channel\/UCoyAW0ifcnk05Iryf7-bkhg"]}]}},"_links":{"self":[{"href":"https:\/\/www.panamera-life.com\/wp-json\/wp\/v2\/posts\/39347"}],"collection":[{"href":"https:\/\/www.panamera-life.com\/wp-json\/wp\/v2\/posts"}],"about":[{"href":"https:\/\/www.panamera-life.com\/wp-json\/wp\/v2\/types\/post"}],"replies":[{"embeddable":true,"href":"https:\/\/www.panamera-life.com\/wp-json\/wp\/v2\/comments?post=39347"}],"version-history":[{"count":0,"href":"https:\/\/www.panamera-life.com\/wp-json\/wp\/v2\/posts\/39347\/revisions"}],"wp:featuredmedia":[{"embeddable":true,"href":"https:\/\/www.panamera-life.com\/wp-json\/wp\/v2\/media\/19491"}],"wp:attachment":[{"href":"https:\/\/www.panamera-life.com\/wp-json\/wp\/v2\/media?parent=39347"}],"wp:term":[{"taxonomy":"category","embeddable":true,"href":"https:\/\/www.panamera-life.com\/wp-json\/wp\/v2\/categories?post=39347"},{"taxonomy":"post_tag","embeddable":true,"href":"https:\/\/www.panamera-life.com\/wp-json\/wp\/v2\/tags?post=39347"}],"curies":[{"name":"wp","href":"https:\/\/api.w.org\/{rel}","templated":true}]}}