{"id":39370,"date":"2020-07-31T06:44:42","date_gmt":"2020-07-30T21:44:42","guid":{"rendered":"https:\/\/www.panamera-life.com\/?p=39370"},"modified":"2021-07-28T21:08:57","modified_gmt":"2021-07-28T12:08:57","slug":"last-drive-bmw-202007","status":"publish","type":"post","link":"https:\/\/www.panamera-life.com\/de\/entry\/last-drive-bmw-202007\/","title":{"rendered":"Letzte Fahrt mit dem BMW 320i (F30)"},"content":{"rendered":"<h3 class=\"style3a\">BMW 320i, letzte Fahrt<\/h3>\n<p>Wenn dieser Artikel erscheint, habe ich meinen ersten Wagen, den BMW 320i, bereits verkauft. K\u00fcrzlich ergab sich jedoch noch einmal die Gelegenheit, <strong>eine letzte Fahrt mit dem BMW 320i auf der Autobahn zu machen<\/strong>.<\/p>\n<p><img loading=\"lazy\" decoding=\"async\" class=\"alignnone size-full wp-image-19126\" src=\"https:\/\/www.panamera-life.com\/wp-content\/uploads\/2020\/07\/IMG_0098.jpg\" alt=\"\" width=\"640\" height=\"480\" \/><\/p>\n<p>Wie ich den Verkauf des 320i angegangen bin? Ich entschied mich, <strong>mehrere H\u00e4ndler gleichzeitig zu mir nach Hause einzuladen und eine Sammelbewertung durchf\u00fchren zu lassen<\/strong>. Da ich kaum Erfahrung mit Autoverhandlungen habe und leicht \u00fcberrumpelt werde, bat ich meinen Mann, die Gespr\u00e4che zu f\u00fchren, w\u00e4hrend ich nur zuschaute.<\/p>\n<p>Also lie\u00df ich meinen Mann online eine Sammelbewertung anfragen \u2013 und kaum hatte er den Button gedr\u00fcckt, klingelten innerhalb von nur f\u00fcnf Sekunden <span style=\"font-size: 8pt;\">(kein Scherz, wirklich f\u00fcnf Sekunden)<\/span> mehrere H\u00e4ndler gleichzeitig auf seinem Handy.<\/p>\n<p>\u201e<strong>Wow! So schnell geht das? Das h\u00e4tte ich nicht gedacht!<\/strong>\u201c staunte ich, woraufhin mein Mann sagte:<\/p>\n<p class=\"well3\">Ja, genau so war es auch, als ich den SLK verkauft habe. Die H\u00e4ndler warten nur darauf und rufen sofort an.<\/p>\n<p>Letztlich kamen acht H\u00e4ndler zur Bewertung vorbei, <span style=\"font-size: 8pt;\">(ich hatte gehofft, wenigstens zwei w\u00fcrden kommen)<\/span>. Es war beruhigend zu sehen, dass mein geliebter Wagen so viel Interesse weckte.<\/p>\n<p>Details zum Verkauf und den Ergebnissen werde ich in einem sp\u00e4teren Blogbeitrag teilen.<\/p>\n<h3 class=\"style3a\">Meine Erfahrungen als BMW 320i Besitzer<\/h3>\n<p>In letzter Zeit fiel mir bei jeder Fahrt mit dem 320i auf, dass sich das Fahrgef\u00fchl <strong>deutlich verbessert hatte<\/strong>. Das Fahrverhalten wurde viel geschmeidiger, und die Kraftentfaltung bei niedrigen Geschwindigkeiten f\u00fchlte sich st\u00e4rker an. Mein Mann, der den Wagen nach l\u00e4ngerer Zeit wieder fuhr, meinte sogar:<\/p>\n<p class=\"well3\">Seit wir den Verkauf beschlossen haben, l\u00e4uft der 320i irgendwie viel besser. War das wirklich schon immer so ein geschmeidiges Auto?<\/p>\n<p>An diesem Tag, bei der letzten Fahrt auf der Autobahn, wurde mir erneut bewusst, wie beeindruckend die <strong>hohe Stabilit\u00e4t des BMW bei hohen Geschwindigkeiten<\/strong> ist. Deutsche Autos sind eben f\u00fcr das schnelle Fahren auf der Autobahn gebaut \u2013 das merkt man sofort.<\/p>\n<p>Bei den \u00fcblichen Geschwindigkeiten auf japanischen Autobahnen f\u00e4hrt der 320i entspannt, sicher und komfortabel.<\/p>\n<p>Im Vergleich zum Stadtverkehr f\u00fchlt sich das Auto auf der Autobahn viel stabiler an und vermittelt ein angenehmes Fahrgef\u00fchl ohne gro\u00dfen Geschwindigkeitsstress.<\/p>\n<p>Das Fahren auf der Autobahn ist <strong>wirklich erm\u00fcdungsarm, da Geschwindigkeitsempfinden und Fahrger\u00e4usche gering sind<\/strong>. Ich bin schon einmal 1000 km mit dem 320i gefahren und war danach kaum m\u00fcde \u2013 das verdanke ich dieser stabilen Fahrperformance.<\/p>\n<p>Allerdings sp\u00fcrt man an Fahrbahn\u00fcberg\u00e4ngen noch leichte Vibrationen, und <strong>f\u00fcr sportliches Fahren reicht die Beschleunigung ehrlich gesagt nicht ganz aus<\/strong>, <span style=\"font-size: 8pt;\">(es handelt sich ja um ein komplett serienm\u00e4\u00dfiges Modell)<\/span>. F\u00fcr den normalen Alltag ist das aber kein Problem.<\/p>\n<p>Der 320i ist ein hervorragendes Auto, um entspannt und geschmeidig zu fahren.<\/p>\n<p><img loading=\"lazy\" decoding=\"async\" class=\"alignnone size-full wp-image-19125\" src=\"https:\/\/www.panamera-life.com\/wp-content\/uploads\/2020\/07\/IMG_8470.jpg\" alt=\"\" width=\"1200\" height=\"800\" \/><\/p>\n<p>Auch die Schaltvorg\u00e4nge im Stadtverkehr waren sehr angenehm \u2013 vielleicht auch eine Frage der Gew\u00f6hnung. Die Kupplung hat einen angenehmen Druckpunkt und ist gut dosierbar, ohne dass man besonders feinf\u00fchlig sein muss.<\/p>\n<p>Einzig die <strong>etwas schwache Drehmomententfaltung im unteren Drehzahlbereich<\/strong> macht sich beim Anfahren im ersten Gang bemerkbar: Wenn man nicht aufpasst, macht der Motor ein etwas raues Ger\u00e4usch. Doch mit etwas \u00dcbung war das kein Problem.<\/p>\n<div id=\"attachment_19127\" style=\"width: 1208px\" class=\"wp-caption alignnone\"><img loading=\"lazy\" decoding=\"async\" aria-describedby=\"caption-attachment-19127\" class=\"wp-image-19127 size-full\" src=\"https:\/\/www.panamera-life.com\/wp-content\/uploads\/2020\/07\/IMG_8463.jpg\" alt=\"\" width=\"1198\" height=\"898\" \/><p id=\"caption-attachment-19127\" class=\"wp-caption-text\"><span style=\"font-size: 8pt;\">Selbst im letzten Schwangerschaftsmonat problemlos mit Schaltgetriebe gefahren, haha<\/span><\/p><\/div>\n<p>Bis heute hatte ich keinerlei Pannen, und au\u00dfer der j\u00e4hrlichen Inspektion war keine Wartung n\u00f6tig \u2013 ein wirklich zuverl\u00e4ssiges Auto.<\/p>\n<h3 class=\"style3a\">Zum Abschluss mit dem 320i<\/h3>\n<p>Einziger kleiner Wermutstropfen: <strong>Ich habe es nie geschafft, das Blippen beim Runterschalten zu lernen<\/strong> (lacht). Auf der Autobahn habe ich es immer wieder versucht, aber ich hatte zu viel Respekt, das Gas beim Runterschalten aufzudrehen, und es klappte nie <span style=\"font-size: 8pt;\">(kein einziges Mal)<\/span>. So blieb mir nur, die Kupplung sanft zu bedienen und normal zur\u00fcckzuschalten.<\/p>\n<p>Mein Mann meinte dazu:<\/p>\n<p class=\"well3\">Das Blippen ist bei diesem Auto echt schwierig. Man muss das Gaspedal richtig durchdr\u00fccken. Bei Porsche w\u00fcrde man sich da ganz sch\u00f6n \u00c4rger einhandeln, haha.<\/p>\n<p>Also werde ich mich wohl weiterhin auf die Automatik-Blip-Funktion verlassen.<\/p>\n<p>Insgesamt habe ich den BMW 320i <strong>1 Jahr und 2 Monate besessen und rund 6000 km gefahren<\/strong>. Obwohl ich fast t\u00e4glich gefahren bin, waren es haupts\u00e4chlich kurze Strecken in der N\u00e4he, weshalb die Kilometerzahl nicht so hoch ausfiel.<\/p>\n<p>Ich hoffe, der 320i findet einen neuen Besitzer, der das manuelle Schaltgetriebe genauso liebt und gut pflegt. Vielen Dank, 320i!<\/p>\n","protected":false},"excerpt":{"rendered":"BMW 320i, letzte Fahrt Wenn dieser Artikel erscheint, habe ich meinen ersten Wagen, den BMW 320i, bereits verkauft. K\u00fcrzlich ergab sich jedoch noch einmal die Gelegenheit, eine letzte Fahrt mit dem BMW 320i auf der Autobahn zu machen. Wie ich den Verkauf des 320i angegangen bin? Ich entschied mich, mehrere H\u00e4ndler gleichzeitig zu mir nach Hause einzuladen und eine Sammelbewertung durchf\u00fchren zu lassen. Da ich kaum Erfahrung mit Autoverhandlungen habe und leicht \u00fcberrumpelt werde, bat...","protected":false},"author":0,"featured_media":19124,"comment_status":"open","ping_status":"closed","sticky":false,"template":"","format":"standard","meta":{"footnotes":"","_locale":"de_DE","_original_post":"https:\/\/www.panamera-life.com\/?p=19077"},"categories":[2,57],"tags":[203],"yoast_head":"<title>Letzte Fahrt mit dem BMW 320i (F30) - \u30dd\u30eb\u30b7\u30a7\u304c\u308f\u304c\u5bb6\u306b\u3084\u3063\u3066\u304d\u305f - \u30aa\u30fc\u30ca\u30fc\u30ba\u30d6\u30ed\u30b0<\/title>\n<meta name=\"description\" content=\"Letzte Fahrt mit dem BMW 320i (F30) vor dem Verkauf: Eindr\u00fccke zum Porsche Fahrerlebnis, Tipps zum Porsche kaufen und Erfahrungen mit dem Porsche Besitz.\" \/>\n<meta name=\"robots\" content=\"index, follow, max-snippet:-1, max-image-preview:large, max-video-preview:-1\" \/>\n<link rel=\"canonical\" href=\"https:\/\/www.panamera-life.com\/de\/entry\/last-drive-bmw-202007\/\" \/>\n<meta property=\"og:locale\" content=\"de_DE\" \/>\n<meta property=\"og:type\" content=\"article\" \/>\n<meta property=\"og:title\" content=\"Letzte Fahrt mit dem BMW 320i (F30) - \u30dd\u30eb\u30b7\u30a7\u304c\u308f\u304c\u5bb6\u306b\u3084\u3063\u3066\u304d\u305f - \u30aa\u30fc\u30ca\u30fc\u30ba\u30d6\u30ed\u30b0\" \/>\n<meta property=\"og:description\" content=\"Letzte Fahrt mit dem BMW 320i (F30) vor dem Verkauf: Eindr\u00fccke zum Porsche Fahrerlebnis, Tipps zum Porsche kaufen und Erfahrungen mit dem Porsche Besitz.\" \/>\n<meta property=\"og:url\" content=\"https:\/\/www.panamera-life.com\/de\/entry\/last-drive-bmw-202007\/\" \/>\n<meta property=\"og:site_name\" content=\"\u30dd\u30eb\u30b7\u30a7\u304c\u308f\u304c\u5bb6\u306b\u3084\u3063\u3066\u304d\u305f - \u30aa\u30fc\u30ca\u30fc\u30ba\u30d6\u30ed\u30b0\" \/>\n<meta property=\"article:publisher\" content=\"https:\/\/www.facebook.com\/panameralife\/\" \/>\n<meta property=\"article:published_time\" content=\"2020-07-30T21:44:42+00:00\" \/>\n<meta property=\"article:modified_time\" content=\"2021-07-28T12:08:57+00:00\" \/>\n<meta property=\"og:image\" content=\"https:\/\/www.panamera-life.com\/wp-content\/uploads\/2020\/07\/IMG_8469.jpg\" \/>\n\t<meta property=\"og:image:width\" content=\"1200\" \/>\n\t<meta property=\"og:image:height\" content=\"800\" \/>\n\t<meta property=\"og:image:type\" content=\"image\/jpeg\" \/>\n<meta name=\"twitter:label1\" content=\"Gesch\u00e4tzte Lesezeit\" \/>\n\t<meta name=\"twitter:data1\" content=\"4\u00a0Minuten\" \/>","yoast_head_json":{"title":"Letzte Fahrt mit dem BMW 320i (F30) - \u30dd\u30eb\u30b7\u30a7\u304c\u308f\u304c\u5bb6\u306b\u3084\u3063\u3066\u304d\u305f - \u30aa\u30fc\u30ca\u30fc\u30ba\u30d6\u30ed\u30b0","description":"Letzte Fahrt mit dem BMW 320i (F30) vor dem Verkauf: Eindr\u00fccke zum Porsche Fahrerlebnis, Tipps zum Porsche kaufen und Erfahrungen mit dem Porsche Besitz.","robots":{"index":"index","follow":"follow","max-snippet":"max-snippet:-1","max-image-preview":"max-image-preview:large","max-video-preview":"max-video-preview:-1"},"canonical":"https:\/\/www.panamera-life.com\/de\/entry\/last-drive-bmw-202007\/","og_locale":"de_DE","og_type":"article","og_title":"Letzte Fahrt mit dem BMW 320i (F30) - \u30dd\u30eb\u30b7\u30a7\u304c\u308f\u304c\u5bb6\u306b\u3084\u3063\u3066\u304d\u305f - \u30aa\u30fc\u30ca\u30fc\u30ba\u30d6\u30ed\u30b0","og_description":"Letzte Fahrt mit dem BMW 320i (F30) vor dem Verkauf: Eindr\u00fccke zum Porsche Fahrerlebnis, Tipps zum Porsche kaufen und Erfahrungen mit dem Porsche Besitz.","og_url":"https:\/\/www.panamera-life.com\/de\/entry\/last-drive-bmw-202007\/","og_site_name":"\u30dd\u30eb\u30b7\u30a7\u304c\u308f\u304c\u5bb6\u306b\u3084\u3063\u3066\u304d\u305f - \u30aa\u30fc\u30ca\u30fc\u30ba\u30d6\u30ed\u30b0","article_publisher":"https:\/\/www.facebook.com\/panameralife\/","article_published_time":"2020-07-30T21:44:42+00:00","article_modified_time":"2021-07-28T12:08:57+00:00","og_image":[{"width":1200,"height":800,"url":"https:\/\/www.panamera-life.com\/wp-content\/uploads\/2020\/07\/IMG_8469.jpg","type":"image\/jpeg"}],"twitter_misc":{"Gesch\u00e4tzte Lesezeit":"4\u00a0Minuten"},"schema":{"@context":"https:\/\/schema.org","@graph":[{"@type":"Article","@id":"https:\/\/www.panamera-life.com\/de\/entry\/last-drive-bmw-202007\/#article","isPartOf":{"@id":"https:\/\/www.panamera-life.com\/de\/entry\/last-drive-bmw-202007\/"},"author":{"name":"","@id":""},"headline":"Letzte Fahrt mit dem BMW 320i (F30)","datePublished":"2020-07-30T21:44:42+00:00","dateModified":"2021-07-28T12:08:57+00:00","mainEntityOfPage":{"@id":"https:\/\/www.panamera-life.com\/de\/entry\/last-drive-bmw-202007\/"},"wordCount":741,"commentCount":0,"publisher":{"@id":"https:\/\/www.panamera-life.com\/#organization"},"image":{"@id":"https:\/\/www.panamera-life.com\/de\/entry\/last-drive-bmw-202007\/#primaryimage"},"thumbnailUrl":"https:\/\/www.panamera-life.com\/wp-content\/uploads\/2020\/07\/IMG_8469.jpg","keywords":["BMW"],"articleSection":["Unser Auto\u2011Leben","BMW"],"inLanguage":"de","potentialAction":[{"@type":"CommentAction","name":"Comment","target":["https:\/\/www.panamera-life.com\/de\/entry\/last-drive-bmw-202007\/#respond"]}]},{"@type":"WebPage","@id":"https:\/\/www.panamera-life.com\/de\/entry\/last-drive-bmw-202007\/","url":"https:\/\/www.panamera-life.com\/de\/entry\/last-drive-bmw-202007\/","name":"Letzte Fahrt mit dem BMW 320i (F30) - \u30dd\u30eb\u30b7\u30a7\u304c\u308f\u304c\u5bb6\u306b\u3084\u3063\u3066\u304d\u305f - \u30aa\u30fc\u30ca\u30fc\u30ba\u30d6\u30ed\u30b0","isPartOf":{"@id":"https:\/\/www.panamera-life.com\/#website"},"primaryImageOfPage":{"@id":"https:\/\/www.panamera-life.com\/de\/entry\/last-drive-bmw-202007\/#primaryimage"},"image":{"@id":"https:\/\/www.panamera-life.com\/de\/entry\/last-drive-bmw-202007\/#primaryimage"},"thumbnailUrl":"https:\/\/www.panamera-life.com\/wp-content\/uploads\/2020\/07\/IMG_8469.jpg","datePublished":"2020-07-30T21:44:42+00:00","dateModified":"2021-07-28T12:08:57+00:00","description":"Letzte Fahrt mit dem BMW 320i (F30) vor dem Verkauf: Eindr\u00fccke zum Porsche Fahrerlebnis, Tipps zum Porsche kaufen und Erfahrungen mit dem Porsche Besitz.","breadcrumb":{"@id":"https:\/\/www.panamera-life.com\/de\/entry\/last-drive-bmw-202007\/#breadcrumb"},"inLanguage":"de","potentialAction":[{"@type":"ReadAction","target":["https:\/\/www.panamera-life.com\/de\/entry\/last-drive-bmw-202007\/"]}]},{"@type":"ImageObject","inLanguage":"de","@id":"https:\/\/www.panamera-life.com\/de\/entry\/last-drive-bmw-202007\/#primaryimage","url":"https:\/\/www.panamera-life.com\/wp-content\/uploads\/2020\/07\/IMG_8469.jpg","contentUrl":"https:\/\/www.panamera-life.com\/wp-content\/uploads\/2020\/07\/IMG_8469.jpg","width":1200,"height":800,"caption":"BMW320i | \u8eca, \u9053\u8def, \u6728, \u68ee, \u5c4b\u5916, \u81ea\u7136\u306e\u4e2d, BMW, 3 Series, F30"},{"@type":"BreadcrumbList","@id":"https:\/\/www.panamera-life.com\/de\/entry\/last-drive-bmw-202007\/#breadcrumb","itemListElement":[{"@type":"ListItem","position":1,"name":"\u30db\u30fc\u30e0","item":"https:\/\/www.panamera-life.com\/"},{"@type":"ListItem","position":2,"name":"Letzte Fahrt mit dem BMW 320i (F30)"}]},{"@type":"WebSite","@id":"https:\/\/www.panamera-life.com\/#website","url":"https:\/\/www.panamera-life.com\/","name":"\u30dd\u30eb\u30b7\u30a7\u304c\u308f\u304c\u5bb6\u306b\u3084\u3063\u3066\u304d\u305f - \u30aa\u30fc\u30ca\u30fc\u30ba\u30d6\u30ed\u30b0","description":"\u30dd\u30eb\u30b7\u30a7\u306b\u9b45\u4e86\u3055\u308c\u305f\u59bb\u304c\u66f8\u304f\u30dd\u30eb\u30b7\u30a7\u30d6\u30ed\u30b0\u3067\u3059\u3002\u6240\u6709\u3059\u308b\u30dd\u30eb\u30b7\u30a7 911\u30ab\u30ec\u30e9\uff08964\uff09\u3001911GT3\u3001\u30dc\u30af\u30b9\u30bf\u30fc\u3001\u30d1\u30ca\u30e1\u30fc\u30e9\u306e\u30ec\u30d3\u30e5\u30fc\u3084\u7dad\u6301\u8cbb\u3001\u30c4\u30fc\u30ea\u30f3\u30b0\u8a18\u306a\u3069\u3002\u30cb\u30e5\u30fc\u30b9\u8a18\u4e8b\u3067\u306f\u5206\u304b\u3089\u306a\u3044\u751f\u306e\u30dd\u30eb\u30b7\u30a7\u30aa\u30fc\u30ca\u30fc\u306e\u58f0\u3092\u5b9a\u671f\u914d\u4fe1\u3059\u308b\u30d6\u30ed\u30b0\u3067\u3059\u3002","publisher":{"@id":"https:\/\/www.panamera-life.com\/#organization"},"potentialAction":[{"@type":"SearchAction","target":{"@type":"EntryPoint","urlTemplate":"https:\/\/www.panamera-life.com\/?s={search_term_string}"},"query-input":{"@type":"PropertyValueSpecification","valueRequired":true,"valueName":"search_term_string"}}],"inLanguage":"de"},{"@type":"Organization","@id":"https:\/\/www.panamera-life.com\/#organization","name":"\u30dd\u30eb\u30b7\u30a7\u304c\u308f\u304c\u5bb6\u306b\u3084\u3063\u3066\u304d\u305f","url":"https:\/\/www.panamera-life.com\/","logo":{"@type":"ImageObject","inLanguage":"de","@id":"https:\/\/www.panamera-life.com\/#\/schema\/logo\/image\/","url":"https:\/\/www.panamera-life.com\/wp-content\/uploads\/2021\/05\/unnamed.jpg","contentUrl":"https:\/\/www.panamera-life.com\/wp-content\/uploads\/2021\/05\/unnamed.jpg","width":512,"height":512,"caption":"\u30dd\u30eb\u30b7\u30a7\u304c\u308f\u304c\u5bb6\u306b\u3084\u3063\u3066\u304d\u305f"},"image":{"@id":"https:\/\/www.panamera-life.com\/#\/schema\/logo\/image\/"},"sameAs":["https:\/\/www.facebook.com\/panameralife\/","https:\/\/x.com\/Mina_Panamera","https:\/\/www.instagram.com\/mina_porsche\/","https:\/\/www.youtube.com\/channel\/UCoyAW0ifcnk05Iryf7-bkhg"]}]}},"_links":{"self":[{"href":"https:\/\/www.panamera-life.com\/wp-json\/wp\/v2\/posts\/39370"}],"collection":[{"href":"https:\/\/www.panamera-life.com\/wp-json\/wp\/v2\/posts"}],"about":[{"href":"https:\/\/www.panamera-life.com\/wp-json\/wp\/v2\/types\/post"}],"replies":[{"embeddable":true,"href":"https:\/\/www.panamera-life.com\/wp-json\/wp\/v2\/comments?post=39370"}],"version-history":[{"count":0,"href":"https:\/\/www.panamera-life.com\/wp-json\/wp\/v2\/posts\/39370\/revisions"}],"wp:featuredmedia":[{"embeddable":true,"href":"https:\/\/www.panamera-life.com\/wp-json\/wp\/v2\/media\/19124"}],"wp:attachment":[{"href":"https:\/\/www.panamera-life.com\/wp-json\/wp\/v2\/media?parent=39370"}],"wp:term":[{"taxonomy":"category","embeddable":true,"href":"https:\/\/www.panamera-life.com\/wp-json\/wp\/v2\/categories?post=39370"},{"taxonomy":"post_tag","embeddable":true,"href":"https:\/\/www.panamera-life.com\/wp-json\/wp\/v2\/tags?post=39370"}],"curies":[{"name":"wp","href":"https:\/\/api.w.org\/{rel}","templated":true}]}}