{"id":39374,"date":"2020-01-20T06:00:42","date_gmt":"2020-01-19T21:00:42","guid":{"rendered":"https:\/\/www.panamera-life.com\/?p=39374"},"modified":"2021-06-04T09:27:31","modified_gmt":"2021-06-04T00:27:31","slug":"we-get-note-nismo-s","status":"publish","type":"post","link":"https:\/\/www.panamera-life.com\/de\/entry\/we-get-note-nismo-s\/","title":{"rendered":"Nissan Note e-POWER NISMO S gekauft! \u2013 Gr\u00fcnde und Entscheidungsfaktoren"},"content":{"rendered":"<h3 class=\"style3a\">\u00dcberlegungen zum Pendlerfahrzeug<\/h3>\n<p>Mein Mann \u00e4u\u00dferte vor einiger Zeit den Wunsch, sich \u201e<strong>ein gebrauchtes Auto f\u00fcr seinen Arbeitsweg<\/strong>\u201c zuzulegen. Sein bisheriges Pendlerfahrzeug war ein \u201e<strong>Volkswagen Golf<\/strong>\u201c, doch im Mai letzten Jahres tauschte er den Golf gegen einen BMW 320 mit Schaltgetriebe, den ich seitdem fast t\u00e4glich fahre. So blieb ihm nichts anderes \u00fcbrig, als mit dem Porsche zur Arbeit zu fahren.<\/p>\n<p>Nat\u00fcrlich macht das t\u00e4gliche Pendeln mit dem Porsche Spa\u00df, aber da die Strecke von zu Hause zur Arbeit und zur\u00fcck 50 km betr\u00e4gt, sagte mein Mann immer wieder, dass es \u201e<strong>schade ist, nur f\u00fcr den Arbeitsweg so viele Kilometer zu fahren<\/strong>\u201c<span style=\"font-size: 8pt;\"> (1000 km im Monat sind es schon)<\/span>. Deshalb kam es nun dazu, dass ein neues Pendlerfahrzeug angeschafft werden sollte.<\/p>\n<p>Als Kandidaten f\u00fcr das Pendlerauto nannte mein Mann:<\/p>\n<p class=\"well3\">Am besten w\u00e4re der aktuelle \u201e<strong>BMW 5er<\/strong>\u201c. Als ich ihn probegefahren bin, f\u00fchlte er sich luxuri\u00f6s an und fuhr sich sehr solide \u2013 man merkt, dass BMW nach einer Phase der Orientierungslosigkeit wieder zur\u00fcckgefunden hat. Allerdings ist der 5er etwas gro\u00df und f\u00fcr den Arbeitsweg vielleicht zu viel des Guten. Ich h\u00e4tte lieber etwas Kompakteres und Einfacheres, wie den Nissan Note e-POWER NISMO oder den Mazda3\u2026<\/p>\n<h3 class=\"style3a\">Nissan Note e-POWER NISMO S<\/h3>\n<p>Anfang dieses Jahres fuhr mein Mann alleine den Mazda3 probe und durchforstete t\u00e4glich Gebrauchtwagenportale<span style=\"font-size: 8pt;\"> (eine Testfahrt zum Mazda3 wird noch in einem eigenen Artikel vorgestellt)<\/span>. Vor Kurzem entdeckte er dann einen sehr gut erhaltenen \u201e<strong>Nissan Note e-POWER NISMO S<\/strong>\u201c.<\/p>\n<p>Er kontaktierte den H\u00e4ndler sofort, doch es gab bereits einen Interessenten in Verhandlung. Zun\u00e4chst schien der Kauf damit vom Tisch, doch da dieser Interessent am selben Tag nicht zuschlug, wurde mein Mann umgehend informiert und entschied sich am n\u00e4chsten Tag sofort zum Kauf.<\/p>\n<p>Auf Nachfrage, warum der andere Interessent nicht gekauft hatte, erfuhr er, dass dieser meinte: \u201e<strong>Ich m\u00f6chte das Auto erst vor Ort sehen und dann einen Tag Bedenkzeit haben<\/strong>\u201c. Der Verk\u00e4ufer warnte mehrfach: \u201e<strong>Wenn Sie nicht sofort entscheiden, k\u00f6nnte der n\u00e4chste Interessent das Auto kaufen<\/strong>\u201c, doch der Interessent bestand auf seiner Bedenkzeit.<\/p>\n<p>Sp\u00e4ter rief der Interessent an und sagte, er wolle doch kaufen, aber zu diesem Zeitpunkt war die Verhandlungsberechtigung bereits auf meinen Mann \u00fcbergegangen.<\/p>\n<p>Man sieht also: Wenn man ein gutes gebrauchtes Auto findet, muss man schnell zuschlagen, sonst ist es weg. Mein Mann sagte dazu:<\/p>\n<p class=\"well3\">Ich habe nicht mal f\u00fcnf Minuten gebraucht, um zu entscheiden. F\u00fcr mich ist es ganz normal, sofort zuzugreifen, wenn ich etwas gut finde. Das gilt f\u00fcr alles im Leben.<\/p>\n<p>Gekauft wurde ein \u201eNote e-POWER NISMO S\u201c aus dem Jahr 2018 mit nur 3.900 km, Navi, voller Werksausstattung, bewertet mit 6 Punkten im Zustand und A-Punkten f\u00fcr Innen- und Au\u00dfenbereich \u2013 ein wirklich sehr gepflegtes Fahrzeug, das f\u00fcr 2,03 Millionen Yen angeboten wurde.<\/p>\n<p>Mein Mann suchte genau nach der \u201eS\u201c-Variante in dunklem Metallgrau ohne Recaro-Sitze \u2013 also genau das richtige Auto f\u00fcr ihn.<\/p>\n<p><img loading=\"lazy\" decoding=\"async\" class=\"alignnone size-large wp-image-16778\" src=\"https:\/\/www.panamera-life.com\/wp-content\/uploads\/2020\/01\/IMG_6726-1280x960.jpg\" alt=\"\" width=\"1280\" height=\"960\" \/><\/p>\n<p><img loading=\"lazy\" decoding=\"async\" class=\"alignnone size-large wp-image-16779\" src=\"https:\/\/www.panamera-life.com\/wp-content\/uploads\/2020\/01\/IMG_6727-1280x960.jpg\" alt=\"\" width=\"1280\" height=\"960\" \/><\/p>\n<p>Auf die Frage, was f\u00fcr ihn der ausschlaggebende Grund f\u00fcr den Kauf war, antwortete er:<\/p>\n<p class=\"well3\">Letztes Jahr habe ich f\u00fcr meine Mutter einen normalen Nissan Note e-POWER gekauft und war \u00fcberrascht, wie gut er ist. Besonders gef\u00e4llt mir, dass das Fahrwerk nicht schwammig ist, die Beschleunigung des Elektromotors sehr angenehm und geschmeidig ist. Das Fahren mit nur einem Pedal ist einfach und nat\u00fcrlich, und die Gewichtsverlagerung gelingt hervorragend. Anders als bei anderen Hybridfahrzeugen versucht Nissan nicht, das Motordrehmoment k\u00fcnstlich zu d\u00e4mpfen, um es wie einen Verbrenner wirken zu lassen \u2013 <strong>im Gegenteil, die Charakteristik des Elektromotors wird als Verkaufsargument genutzt<\/strong>. Nat\u00fcrlich gibt es Kritikpunkte wie die Bedienung des Innenraums, den Verbrauch auf der Autobahn oder Ger\u00e4uschentwicklung, aber das st\u00f6rt mich pers\u00f6nlich \u00fcberhaupt nicht. F\u00fcr mich z\u00e4hlt vor allem, ob das Fahren Spa\u00df macht \u2013 und in dieser Klasse ist der Note e-POWER unschlagbar. Au\u00dferdem ist er eines der wenigen Fahrzeuge in dieser Klasse, bei denen ich Lust auf l\u00e4ngere Strecken bekomme. Dieses Mal habe ich mich f\u00fcr die NISMO-Version \u201eS\u201c entschieden, die genug Leistung bietet. Auch in Sachen Wiederverkaufswert und Preis-Leistungs-Verh\u00e4ltnis denke ich, dass es eine gute Wahl war.<\/p>\n<p>Die Zulassung ist bereits erledigt, sodass der Note wohl schneller bei uns zu Hause sein wird als gedacht. Ich werde in einem sp\u00e4teren Blogbeitrag noch ausf\u00fchrlich dar\u00fcber berichten. Damit haben wir nun sechs Autos im Haushalt \u2013 unser Autoleben nimmt gleich zu Jahresbeginn eine unerwartete Wendung! <wbr \/>w<\/p>\n","protected":false},"excerpt":{"rendered":"\u00dcberlegungen zum Pendlerfahrzeug Mein Mann \u00e4u\u00dferte vor einiger Zeit den Wunsch, sich \u201eein gebrauchtes Auto f\u00fcr seinen Arbeitsweg\u201c zuzulegen. Sein bisheriges Pendlerfahrzeug war ein \u201eVolkswagen Golf\u201c, doch im Mai letzten Jahres tauschte er den Golf gegen einen BMW 320 mit Schaltgetriebe, den ich seitdem fast t\u00e4glich fahre. So blieb ihm nichts anderes \u00fcbrig, als mit dem Porsche zur Arbeit zu fahren. Nat\u00fcrlich macht das t\u00e4gliche Pendeln mit dem Porsche Spa\u00df, aber da die Strecke von...","protected":false},"author":0,"featured_media":16778,"comment_status":"open","ping_status":"closed","sticky":false,"template":"","format":"standard","meta":{"footnotes":"","_locale":"de_DE","_original_post":"https:\/\/www.panamera-life.com\/?p=16773"},"categories":[155],"tags":[],"yoast_head":"<title>Nissan Note e-POWER NISMO S gekauft! \u2013 Gr\u00fcnde und Entscheidungsfaktoren - \u30dd\u30eb\u30b7\u30a7\u304c\u308f\u304c\u5bb6\u306b\u3084\u3063\u3066\u304d\u305f - \u30aa\u30fc\u30ca\u30fc\u30ba\u30d6\u30ed\u30b0<\/title>\n<meta name=\"description\" content=\"Mein Mann kaufte den Nissan Note e-POWER NISMO S als Pendlerfahrzeug. Erfahre, warum er sich f\u00fcr dieses Modell entschied und was das Porsche Fahrerlebnis erg\u00e4nzt.\" \/>\n<meta name=\"robots\" content=\"index, follow, max-snippet:-1, max-image-preview:large, max-video-preview:-1\" \/>\n<link rel=\"canonical\" href=\"https:\/\/www.panamera-life.com\/de\/entry\/we-get-note-nismo-s\/\" \/>\n<meta property=\"og:locale\" content=\"de_DE\" \/>\n<meta property=\"og:type\" content=\"article\" \/>\n<meta property=\"og:title\" content=\"Nissan Note e-POWER NISMO S gekauft! \u2013 Gr\u00fcnde und Entscheidungsfaktoren - \u30dd\u30eb\u30b7\u30a7\u304c\u308f\u304c\u5bb6\u306b\u3084\u3063\u3066\u304d\u305f - \u30aa\u30fc\u30ca\u30fc\u30ba\u30d6\u30ed\u30b0\" \/>\n<meta property=\"og:description\" content=\"Mein Mann kaufte den Nissan Note e-POWER NISMO S als Pendlerfahrzeug. Erfahre, warum er sich f\u00fcr dieses Modell entschied und was das Porsche Fahrerlebnis erg\u00e4nzt.\" \/>\n<meta property=\"og:url\" content=\"https:\/\/www.panamera-life.com\/de\/entry\/we-get-note-nismo-s\/\" \/>\n<meta property=\"og:site_name\" content=\"\u30dd\u30eb\u30b7\u30a7\u304c\u308f\u304c\u5bb6\u306b\u3084\u3063\u3066\u304d\u305f - \u30aa\u30fc\u30ca\u30fc\u30ba\u30d6\u30ed\u30b0\" \/>\n<meta property=\"article:publisher\" content=\"https:\/\/www.facebook.com\/panameralife\/\" \/>\n<meta property=\"article:published_time\" content=\"2020-01-19T21:00:42+00:00\" \/>\n<meta property=\"article:modified_time\" content=\"2021-06-04T00:27:31+00:00\" \/>\n<meta property=\"og:image\" content=\"https:\/\/www.panamera-life.com\/wp-content\/uploads\/2020\/01\/IMG_6726.jpg\" \/>\n\t<meta property=\"og:image:width\" content=\"2049\" \/>\n\t<meta property=\"og:image:height\" content=\"1537\" \/>\n\t<meta property=\"og:image:type\" content=\"image\/jpeg\" \/>\n<meta name=\"twitter:label1\" content=\"Gesch\u00e4tzte Lesezeit\" \/>\n\t<meta name=\"twitter:data1\" content=\"4\u00a0Minuten\" \/>","yoast_head_json":{"title":"Nissan Note e-POWER NISMO S gekauft! \u2013 Gr\u00fcnde und Entscheidungsfaktoren - \u30dd\u30eb\u30b7\u30a7\u304c\u308f\u304c\u5bb6\u306b\u3084\u3063\u3066\u304d\u305f - \u30aa\u30fc\u30ca\u30fc\u30ba\u30d6\u30ed\u30b0","description":"Mein Mann kaufte den Nissan Note e-POWER NISMO S als Pendlerfahrzeug. Erfahre, warum er sich f\u00fcr dieses Modell entschied und was das Porsche Fahrerlebnis erg\u00e4nzt.","robots":{"index":"index","follow":"follow","max-snippet":"max-snippet:-1","max-image-preview":"max-image-preview:large","max-video-preview":"max-video-preview:-1"},"canonical":"https:\/\/www.panamera-life.com\/de\/entry\/we-get-note-nismo-s\/","og_locale":"de_DE","og_type":"article","og_title":"Nissan Note e-POWER NISMO S gekauft! \u2013 Gr\u00fcnde und Entscheidungsfaktoren - \u30dd\u30eb\u30b7\u30a7\u304c\u308f\u304c\u5bb6\u306b\u3084\u3063\u3066\u304d\u305f - \u30aa\u30fc\u30ca\u30fc\u30ba\u30d6\u30ed\u30b0","og_description":"Mein Mann kaufte den Nissan Note e-POWER NISMO S als Pendlerfahrzeug. Erfahre, warum er sich f\u00fcr dieses Modell entschied und was das Porsche Fahrerlebnis erg\u00e4nzt.","og_url":"https:\/\/www.panamera-life.com\/de\/entry\/we-get-note-nismo-s\/","og_site_name":"\u30dd\u30eb\u30b7\u30a7\u304c\u308f\u304c\u5bb6\u306b\u3084\u3063\u3066\u304d\u305f - \u30aa\u30fc\u30ca\u30fc\u30ba\u30d6\u30ed\u30b0","article_publisher":"https:\/\/www.facebook.com\/panameralife\/","article_published_time":"2020-01-19T21:00:42+00:00","article_modified_time":"2021-06-04T00:27:31+00:00","og_image":[{"width":2049,"height":1537,"url":"https:\/\/www.panamera-life.com\/wp-content\/uploads\/2020\/01\/IMG_6726.jpg","type":"image\/jpeg"}],"twitter_misc":{"Gesch\u00e4tzte Lesezeit":"4\u00a0Minuten"},"schema":{"@context":"https:\/\/schema.org","@graph":[{"@type":"Article","@id":"https:\/\/www.panamera-life.com\/de\/entry\/we-get-note-nismo-s\/#article","isPartOf":{"@id":"https:\/\/www.panamera-life.com\/de\/entry\/we-get-note-nismo-s\/"},"author":{"name":"","@id":""},"headline":"Nissan Note e-POWER NISMO S gekauft! \u2013 Gr\u00fcnde und Entscheidungsfaktoren","datePublished":"2020-01-19T21:00:42+00:00","dateModified":"2021-06-04T00:27:31+00:00","mainEntityOfPage":{"@id":"https:\/\/www.panamera-life.com\/de\/entry\/we-get-note-nismo-s\/"},"wordCount":755,"commentCount":0,"publisher":{"@id":"https:\/\/www.panamera-life.com\/#organization"},"image":{"@id":"https:\/\/www.panamera-life.com\/de\/entry\/we-get-note-nismo-s\/#primaryimage"},"thumbnailUrl":"https:\/\/www.panamera-life.com\/wp-content\/uploads\/2020\/01\/IMG_6726.jpg","articleSection":["Nissan"],"inLanguage":"de","potentialAction":[{"@type":"CommentAction","name":"Comment","target":["https:\/\/www.panamera-life.com\/de\/entry\/we-get-note-nismo-s\/#respond"]}]},{"@type":"WebPage","@id":"https:\/\/www.panamera-life.com\/de\/entry\/we-get-note-nismo-s\/","url":"https:\/\/www.panamera-life.com\/de\/entry\/we-get-note-nismo-s\/","name":"Nissan Note e-POWER NISMO S gekauft! \u2013 Gr\u00fcnde und Entscheidungsfaktoren - \u30dd\u30eb\u30b7\u30a7\u304c\u308f\u304c\u5bb6\u306b\u3084\u3063\u3066\u304d\u305f - \u30aa\u30fc\u30ca\u30fc\u30ba\u30d6\u30ed\u30b0","isPartOf":{"@id":"https:\/\/www.panamera-life.com\/#website"},"primaryImageOfPage":{"@id":"https:\/\/www.panamera-life.com\/de\/entry\/we-get-note-nismo-s\/#primaryimage"},"image":{"@id":"https:\/\/www.panamera-life.com\/de\/entry\/we-get-note-nismo-s\/#primaryimage"},"thumbnailUrl":"https:\/\/www.panamera-life.com\/wp-content\/uploads\/2020\/01\/IMG_6726.jpg","datePublished":"2020-01-19T21:00:42+00:00","dateModified":"2021-06-04T00:27:31+00:00","description":"Mein Mann kaufte den Nissan Note e-POWER NISMO S als Pendlerfahrzeug. Erfahre, warum er sich f\u00fcr dieses Modell entschied und was das Porsche Fahrerlebnis erg\u00e4nzt.","breadcrumb":{"@id":"https:\/\/www.panamera-life.com\/de\/entry\/we-get-note-nismo-s\/#breadcrumb"},"inLanguage":"de","potentialAction":[{"@type":"ReadAction","target":["https:\/\/www.panamera-life.com\/de\/entry\/we-get-note-nismo-s\/"]}]},{"@type":"ImageObject","inLanguage":"de","@id":"https:\/\/www.panamera-life.com\/de\/entry\/we-get-note-nismo-s\/#primaryimage","url":"https:\/\/www.panamera-life.com\/wp-content\/uploads\/2020\/01\/IMG_6726.jpg","contentUrl":"https:\/\/www.panamera-life.com\/wp-content\/uploads\/2020\/01\/IMG_6726.jpg","width":2049,"height":1537,"caption":"\u8eca, \u99d0\u8eca\u5834, \u99d0\u8eca\u5834, \u4e2d\u53e4\u8eca\u8ca9\u58f2\u5e97, NISSAN, NOTE, E12"},{"@type":"BreadcrumbList","@id":"https:\/\/www.panamera-life.com\/de\/entry\/we-get-note-nismo-s\/#breadcrumb","itemListElement":[{"@type":"ListItem","position":1,"name":"\u30db\u30fc\u30e0","item":"https:\/\/www.panamera-life.com\/"},{"@type":"ListItem","position":2,"name":"Nissan Note e-POWER NISMO S gekauft! \u2013 Gr\u00fcnde und Entscheidungsfaktoren"}]},{"@type":"WebSite","@id":"https:\/\/www.panamera-life.com\/#website","url":"https:\/\/www.panamera-life.com\/","name":"\u30dd\u30eb\u30b7\u30a7\u304c\u308f\u304c\u5bb6\u306b\u3084\u3063\u3066\u304d\u305f - \u30aa\u30fc\u30ca\u30fc\u30ba\u30d6\u30ed\u30b0","description":"\u30dd\u30eb\u30b7\u30a7\u306b\u9b45\u4e86\u3055\u308c\u305f\u59bb\u304c\u66f8\u304f\u30dd\u30eb\u30b7\u30a7\u30d6\u30ed\u30b0\u3067\u3059\u3002\u6240\u6709\u3059\u308b\u30dd\u30eb\u30b7\u30a7 911\u30ab\u30ec\u30e9\uff08964\uff09\u3001911GT3\u3001\u30dc\u30af\u30b9\u30bf\u30fc\u3001\u30d1\u30ca\u30e1\u30fc\u30e9\u306e\u30ec\u30d3\u30e5\u30fc\u3084\u7dad\u6301\u8cbb\u3001\u30c4\u30fc\u30ea\u30f3\u30b0\u8a18\u306a\u3069\u3002\u30cb\u30e5\u30fc\u30b9\u8a18\u4e8b\u3067\u306f\u5206\u304b\u3089\u306a\u3044\u751f\u306e\u30dd\u30eb\u30b7\u30a7\u30aa\u30fc\u30ca\u30fc\u306e\u58f0\u3092\u5b9a\u671f\u914d\u4fe1\u3059\u308b\u30d6\u30ed\u30b0\u3067\u3059\u3002","publisher":{"@id":"https:\/\/www.panamera-life.com\/#organization"},"potentialAction":[{"@type":"SearchAction","target":{"@type":"EntryPoint","urlTemplate":"https:\/\/www.panamera-life.com\/?s={search_term_string}"},"query-input":{"@type":"PropertyValueSpecification","valueRequired":true,"valueName":"search_term_string"}}],"inLanguage":"de"},{"@type":"Organization","@id":"https:\/\/www.panamera-life.com\/#organization","name":"\u30dd\u30eb\u30b7\u30a7\u304c\u308f\u304c\u5bb6\u306b\u3084\u3063\u3066\u304d\u305f","url":"https:\/\/www.panamera-life.com\/","logo":{"@type":"ImageObject","inLanguage":"de","@id":"https:\/\/www.panamera-life.com\/#\/schema\/logo\/image\/","url":"https:\/\/www.panamera-life.com\/wp-content\/uploads\/2021\/05\/unnamed.jpg","contentUrl":"https:\/\/www.panamera-life.com\/wp-content\/uploads\/2021\/05\/unnamed.jpg","width":512,"height":512,"caption":"\u30dd\u30eb\u30b7\u30a7\u304c\u308f\u304c\u5bb6\u306b\u3084\u3063\u3066\u304d\u305f"},"image":{"@id":"https:\/\/www.panamera-life.com\/#\/schema\/logo\/image\/"},"sameAs":["https:\/\/www.facebook.com\/panameralife\/","https:\/\/x.com\/Mina_Panamera","https:\/\/www.instagram.com\/mina_porsche\/","https:\/\/www.youtube.com\/channel\/UCoyAW0ifcnk05Iryf7-bkhg"]}]}},"_links":{"self":[{"href":"https:\/\/www.panamera-life.com\/wp-json\/wp\/v2\/posts\/39374"}],"collection":[{"href":"https:\/\/www.panamera-life.com\/wp-json\/wp\/v2\/posts"}],"about":[{"href":"https:\/\/www.panamera-life.com\/wp-json\/wp\/v2\/types\/post"}],"replies":[{"embeddable":true,"href":"https:\/\/www.panamera-life.com\/wp-json\/wp\/v2\/comments?post=39374"}],"version-history":[{"count":0,"href":"https:\/\/www.panamera-life.com\/wp-json\/wp\/v2\/posts\/39374\/revisions"}],"wp:featuredmedia":[{"embeddable":true,"href":"https:\/\/www.panamera-life.com\/wp-json\/wp\/v2\/media\/16778"}],"wp:attachment":[{"href":"https:\/\/www.panamera-life.com\/wp-json\/wp\/v2\/media?parent=39374"}],"wp:term":[{"taxonomy":"category","embeddable":true,"href":"https:\/\/www.panamera-life.com\/wp-json\/wp\/v2\/categories?post=39374"},{"taxonomy":"post_tag","embeddable":true,"href":"https:\/\/www.panamera-life.com\/wp-json\/wp\/v2\/tags?post=39374"}],"curies":[{"name":"wp","href":"https:\/\/api.w.org\/{rel}","templated":true}]}}