{"id":39377,"date":"2020-07-27T06:00:38","date_gmt":"2020-07-26T21:00:38","guid":{"rendered":"https:\/\/www.panamera-life.com\/?p=39377"},"modified":"2021-06-01T22:59:49","modified_gmt":"2021-06-01T13:59:49","slug":"panamera-last-drive","status":"publish","type":"post","link":"https:\/\/www.panamera-life.com\/de\/entry\/panamera-last-drive\/","title":{"rendered":"Letzte Fahrt mit dem Porsche Panamera"},"content":{"rendered":"<h3 class=\"style3a\">Letzte Fahrt mit dem Panamera<\/h3>\n<p>Diesen Winter habe ich einen 911 Cabriolet bestellt. Aufgrund der coronabedingten vor\u00fcbergehenden Stilllegung der Porsche-Fabrik dachte ich, <strong>dass sich die Auslieferung erheblich verz\u00f6gern w\u00fcrde<\/strong>. Doch \u00fcberraschenderweise begann die Produktion fr\u00fcher als erwartet, und das Fahrzeug wird bereits im August in Japan eintreffen, mit einer geplanten Auslieferung bis Mitte September.<\/p>\n<p>Es wird endlich ernst\u2026<\/p>\n<p><img loading=\"lazy\" decoding=\"async\" class=\"alignnone size-full wp-image-19048\" src=\"https:\/\/www.panamera-life.com\/wp-content\/uploads\/2020\/07\/https___cc_porsche_com_icc_ccCall_do_userID_CC_lang_cc_PARAM_parameter_internet_cc_hookURL_https___www_porsche_com_japan_jp_modelstart_all_default_ashx_webcode_PLQIQ5P9_customID_cc-4-1280x807-1.jpg\" alt=\"\" width=\"1280\" height=\"807\" \/><\/p>\n<p>Mit der Auslieferung des 911 Cabriolet hei\u00dft es auch <strong>Abschied vom Panamera, der derzeit bei uns zu Hause steht<\/strong>. Da ich bald zur Geburt unseres Kindes zu meinen Eltern zur\u00fcckkehre und bis zu meiner R\u00fcckkehr die Familie um ein Mitglied w\u00e4chst, wird der viersitzige Panamera f\u00fcr uns als Familie nicht mehr passend sein. Deshalb haben wir k\u00fcrzlich beschlossen, <strong>eine letzte gemeinsame Fahrt mit dem Panamera in der N\u00e4he zu unternehmen<\/strong>.<\/p>\n<p><img loading=\"lazy\" decoding=\"async\" class=\"alignnone size-full wp-image-19049\" src=\"https:\/\/www.panamera-life.com\/wp-content\/uploads\/2020\/07\/IMG_8439.jpg\" alt=\"\" width=\"1200\" height=\"800\" \/><\/p>\n<p>Nachdem ich in letzter Zeit mehrere SUVs getestet habe, wurde mir beim Fahren des Panamera erneut bewusst, dass <strong>der Panamera wirklich ein Sportwagen ist<\/strong>.<\/p>\n<p>Der Panamera wird allgemein als Luxuslimousine eingestuft und bietet einen sehr komfortablen Fahrkomfort. Dennoch sp\u00fcrt man <strong>die starke Bodenhaftung und das sehr straffe Fahrwerk<\/strong>. Das Lenken erfolgt pr\u00e4zise ohne Spiel, und die Bremsen packen kraftvoll zu.<\/p>\n<p>Auf unserer Fahrt fuhren wir auch einige kurvige Bergstrecken, und mein Mann sagte:<\/p>\n<p class=\"well3\">\u201eDer Panamera lenkt richtig direkt, echt beeindruckend. Er ist eben ein Sportwagen. Au\u00dferdem ist der Beifahrersitz genauso komfortabel wie der Fahrersitz. Wirklich schade, dass wir ihn abgeben m\u00fcssen \u2013 ich w\u00fcrde ihn am liebsten behalten.\u201c<\/p>\n<h3 class=\"style3a\">Porsche bleibt Porsche<\/h3>\n<p>Vor Kurzem haben wir gemeinsam den <a href=\"https:\/\/www.panamera-life.com\/entry\/gls-husband-202007\/\" target=\"_blank\" rel=\"noopener noreferrer\">Mercedes-Benz GLS getestet<\/a>. Nach der Probefahrt meinte mein Mann:<\/p>\n<p class=\"well3\">\u201eFr\u00fcher war die S-Klasse von Mercedes viel luxuri\u00f6ser, fast so, als w\u00fcrde man auf einem Teppich fahren. Unser fr\u00fcherer SL (R129) bot ein so entspanntes und angenehmes Fahrgef\u00fchl auf der Autobahn. Im Vergleich dazu f\u00fchlte sich der GLS ziemlich leicht an.\u201c<\/p>\n<p>Im Vergleich dazu scheint Porsche ein Hersteller zu sein, dessen Fahrgef\u00fchl sich kaum ver\u00e4ndert hat.<\/p>\n<p>Nat\u00fcrlich m\u00f6gen Besitzer der luftgek\u00fchlten Porsche-Modelle die modernen Fahrzeuge als zu leicht und mit zu leichtem Kupplungspedal empfinden. Dennoch bin ich \u00fcberzeugt, dass <strong>das Fahrwerk von Porsche auch heute noch beeindruckend ist<\/strong>.<\/p>\n<p>Zwar wirkt der Innenraum im Verh\u00e4ltnis zum Preis manchmal etwas schlicht und es fehlen oft viele Optionen, aber wenn man f\u00e4hrt, merkt man, dass <strong>viel Geld in Fahrwerk und unsichtbare Details investiert wurde<\/strong> \u2013 das hat sich seit jeher nicht ge\u00e4ndert.<\/p>\n<p>Als wir den 970 Panamera Edition fuhren, sagten wir: <strong>\u201eDer 970 ist perfekt, besser als der 971 geht kaum!\u201c<\/strong>. Doch beim ersten Test des 971 sp\u00fcrten wir nach wenigen Sekunden: <strong>\u201eDas ist ganz anders, fast wie ein gro\u00dfer 911!\u201c<\/strong> \u2013 ein echtes Erlebnis.<\/p>\n<p>Auch bei 911 und Cayenne beeindruckt uns die Weiterentwicklung bei jeder Probefahrt aufs Neue.<\/p>\n<p>Solche Hersteller werden heute immer seltener. Nat\u00fcrlich ist die Serienausstattung \u00fcberraschend sp\u00e4rlich und der Innenraum nicht besonders luxuri\u00f6s, aber <strong>f\u00fcr alle, die das Fahrerlebnis sch\u00e4tzen, bleibt Porsche ein verl\u00e4sslicher Hersteller<\/strong>.<\/p>\n<p>Nach der letzten Fahrt mit dem Panamera wurde mir das wieder bewusst.<\/p>\n<p>Ich erinnere mich, wie ich 2015 zum ersten Mal bei einem H\u00e4ndler einen Porsche (Panamera) fuhr und dachte: <strong>\u201eWas ist das? Das ist ganz anders als alle Autos, die ich bisher gefahren bin!\u201c<\/strong>.<\/p>\n<div id=\"attachment_19050\" style=\"width: 970px\" class=\"wp-caption alignnone\"><img loading=\"lazy\" decoding=\"async\" aria-describedby=\"caption-attachment-19050\" class=\"wp-image-19050 size-full\" src=\"https:\/\/www.panamera-life.com\/wp-content\/uploads\/2020\/07\/11692557_860646340672439_1046317053108299035_n.jpg\" alt=\"\" width=\"960\" height=\"720\" \/><p id=\"caption-attachment-19050\" class=\"wp-caption-text\"><span style=\"font-size: 8pt;\">Foto von damals. Meine Sitzposition und Lenkradhaltung waren noch nicht optimal, haha.<\/span><\/p><\/div>\n<p>Seitdem hat mich der Panamera fasziniert, er kam zu uns nach Hause, ich begann mich f\u00fcr Porsche zu interessieren und startete diesen Blog\u2026<\/p>\n<p>Bald hei\u00dft es Abschied vom Panamera, der alles ins Rollen gebracht hat. <strong>Ein neuer Panamera wird bei uns wohl erst in weiter Zukunft einziehen, wenn die Kinder gr\u00f6\u00dfer sind.<\/strong><\/p>\n<p>Das macht mich ein wenig traurig, aber ich freue mich darauf, unser Porsche- und Autofahrerleben weiterhin zu genie\u00dfen.<\/p>\n<p>Vielleicht g\u00f6nne ich mir zwischendurch mal wieder eine Probefahrt mit dem Panamera beim H\u00e4ndler\u2026<\/p>\n","protected":false},"excerpt":{"rendered":"Letzte Fahrt mit dem Panamera Diesen Winter habe ich einen 911 Cabriolet bestellt. Aufgrund der coronabedingten vor\u00fcbergehenden Stilllegung der Porsche-Fabrik dachte ich, dass sich die Auslieferung erheblich verz\u00f6gern w\u00fcrde. Doch \u00fcberraschenderweise begann die Produktion fr\u00fcher als erwartet, und das Fahrzeug wird bereits im August in Japan eintreffen, mit einer geplanten Auslieferung bis Mitte September. Es wird endlich ernst\u2026 Mit der Auslieferung des 911 Cabriolet hei\u00dft es auch Abschied vom Panamera, der derzeit bei uns zu...","protected":false},"author":0,"featured_media":19052,"comment_status":"open","ping_status":"closed","sticky":false,"template":"","format":"standard","meta":{"footnotes":"","_locale":"de_DE","_original_post":"https:\/\/www.panamera-life.com\/?p=19043"},"categories":[31],"tags":[],"yoast_head":"<title>Letzte Fahrt mit dem Porsche Panamera - \u30dd\u30eb\u30b7\u30a7\u304c\u308f\u304c\u5bb6\u306b\u3084\u3063\u3066\u304d\u305f - \u30aa\u30fc\u30ca\u30fc\u30ba\u30d6\u30ed\u30b0<\/title>\n<meta name=\"description\" content=\"Nach fast 30.000 km verabschieden wir uns vom Porsche Panamera Turbo (971) mit einer letzten Fahrt. Eindr\u00fccke und Erfahrungen eines dreij\u00e4hrigen Porsche Besitzes.\" \/>\n<meta name=\"robots\" content=\"index, follow, max-snippet:-1, max-image-preview:large, max-video-preview:-1\" \/>\n<link rel=\"canonical\" href=\"https:\/\/www.panamera-life.com\/de\/entry\/panamera-last-drive\/\" \/>\n<meta property=\"og:locale\" content=\"de_DE\" \/>\n<meta property=\"og:type\" content=\"article\" \/>\n<meta property=\"og:title\" content=\"Letzte Fahrt mit dem Porsche Panamera - \u30dd\u30eb\u30b7\u30a7\u304c\u308f\u304c\u5bb6\u306b\u3084\u3063\u3066\u304d\u305f - \u30aa\u30fc\u30ca\u30fc\u30ba\u30d6\u30ed\u30b0\" \/>\n<meta property=\"og:description\" content=\"Nach fast 30.000 km verabschieden wir uns vom Porsche Panamera Turbo (971) mit einer letzten Fahrt. Eindr\u00fccke und Erfahrungen eines dreij\u00e4hrigen Porsche Besitzes.\" \/>\n<meta property=\"og:url\" content=\"https:\/\/www.panamera-life.com\/de\/entry\/panamera-last-drive\/\" \/>\n<meta property=\"og:site_name\" content=\"\u30dd\u30eb\u30b7\u30a7\u304c\u308f\u304c\u5bb6\u306b\u3084\u3063\u3066\u304d\u305f - \u30aa\u30fc\u30ca\u30fc\u30ba\u30d6\u30ed\u30b0\" \/>\n<meta property=\"article:publisher\" content=\"https:\/\/www.facebook.com\/panameralife\/\" \/>\n<meta property=\"article:published_time\" content=\"2020-07-26T21:00:38+00:00\" \/>\n<meta property=\"article:modified_time\" content=\"2021-06-01T13:59:49+00:00\" \/>\n<meta property=\"og:image\" content=\"https:\/\/www.panamera-life.com\/wp-content\/uploads\/2020\/07\/IMG_8441.jpg\" \/>\n\t<meta property=\"og:image:width\" content=\"1200\" \/>\n\t<meta property=\"og:image:height\" content=\"800\" \/>\n\t<meta property=\"og:image:type\" content=\"image\/jpeg\" \/>\n<meta name=\"twitter:label1\" content=\"Gesch\u00e4tzte Lesezeit\" \/>\n\t<meta name=\"twitter:data1\" content=\"3\u00a0Minuten\" \/>","yoast_head_json":{"title":"Letzte Fahrt mit dem Porsche Panamera - \u30dd\u30eb\u30b7\u30a7\u304c\u308f\u304c\u5bb6\u306b\u3084\u3063\u3066\u304d\u305f - \u30aa\u30fc\u30ca\u30fc\u30ba\u30d6\u30ed\u30b0","description":"Nach fast 30.000 km verabschieden wir uns vom Porsche Panamera Turbo (971) mit einer letzten Fahrt. Eindr\u00fccke und Erfahrungen eines dreij\u00e4hrigen Porsche Besitzes.","robots":{"index":"index","follow":"follow","max-snippet":"max-snippet:-1","max-image-preview":"max-image-preview:large","max-video-preview":"max-video-preview:-1"},"canonical":"https:\/\/www.panamera-life.com\/de\/entry\/panamera-last-drive\/","og_locale":"de_DE","og_type":"article","og_title":"Letzte Fahrt mit dem Porsche Panamera - \u30dd\u30eb\u30b7\u30a7\u304c\u308f\u304c\u5bb6\u306b\u3084\u3063\u3066\u304d\u305f - \u30aa\u30fc\u30ca\u30fc\u30ba\u30d6\u30ed\u30b0","og_description":"Nach fast 30.000 km verabschieden wir uns vom Porsche Panamera Turbo (971) mit einer letzten Fahrt. Eindr\u00fccke und Erfahrungen eines dreij\u00e4hrigen Porsche Besitzes.","og_url":"https:\/\/www.panamera-life.com\/de\/entry\/panamera-last-drive\/","og_site_name":"\u30dd\u30eb\u30b7\u30a7\u304c\u308f\u304c\u5bb6\u306b\u3084\u3063\u3066\u304d\u305f - \u30aa\u30fc\u30ca\u30fc\u30ba\u30d6\u30ed\u30b0","article_publisher":"https:\/\/www.facebook.com\/panameralife\/","article_published_time":"2020-07-26T21:00:38+00:00","article_modified_time":"2021-06-01T13:59:49+00:00","og_image":[{"width":1200,"height":800,"url":"https:\/\/www.panamera-life.com\/wp-content\/uploads\/2020\/07\/IMG_8441.jpg","type":"image\/jpeg"}],"twitter_misc":{"Gesch\u00e4tzte Lesezeit":"3\u00a0Minuten"},"schema":{"@context":"https:\/\/schema.org","@graph":[{"@type":"Article","@id":"https:\/\/www.panamera-life.com\/de\/entry\/panamera-last-drive\/#article","isPartOf":{"@id":"https:\/\/www.panamera-life.com\/de\/entry\/panamera-last-drive\/"},"author":{"name":"","@id":""},"headline":"Letzte Fahrt mit dem Porsche Panamera","datePublished":"2020-07-26T21:00:38+00:00","dateModified":"2021-06-01T13:59:49+00:00","mainEntityOfPage":{"@id":"https:\/\/www.panamera-life.com\/de\/entry\/panamera-last-drive\/"},"wordCount":657,"commentCount":0,"publisher":{"@id":"https:\/\/www.panamera-life.com\/#organization"},"image":{"@id":"https:\/\/www.panamera-life.com\/de\/entry\/panamera-last-drive\/#primaryimage"},"thumbnailUrl":"https:\/\/www.panamera-life.com\/wp-content\/uploads\/2020\/07\/IMG_8441.jpg","articleSection":["Porsche Panamera"],"inLanguage":"de","potentialAction":[{"@type":"CommentAction","name":"Comment","target":["https:\/\/www.panamera-life.com\/de\/entry\/panamera-last-drive\/#respond"]}]},{"@type":"WebPage","@id":"https:\/\/www.panamera-life.com\/de\/entry\/panamera-last-drive\/","url":"https:\/\/www.panamera-life.com\/de\/entry\/panamera-last-drive\/","name":"Letzte Fahrt mit dem Porsche Panamera - \u30dd\u30eb\u30b7\u30a7\u304c\u308f\u304c\u5bb6\u306b\u3084\u3063\u3066\u304d\u305f - \u30aa\u30fc\u30ca\u30fc\u30ba\u30d6\u30ed\u30b0","isPartOf":{"@id":"https:\/\/www.panamera-life.com\/#website"},"primaryImageOfPage":{"@id":"https:\/\/www.panamera-life.com\/de\/entry\/panamera-last-drive\/#primaryimage"},"image":{"@id":"https:\/\/www.panamera-life.com\/de\/entry\/panamera-last-drive\/#primaryimage"},"thumbnailUrl":"https:\/\/www.panamera-life.com\/wp-content\/uploads\/2020\/07\/IMG_8441.jpg","datePublished":"2020-07-26T21:00:38+00:00","dateModified":"2021-06-01T13:59:49+00:00","description":"Nach fast 30.000 km verabschieden wir uns vom Porsche Panamera Turbo (971) mit einer letzten Fahrt. Eindr\u00fccke und Erfahrungen eines dreij\u00e4hrigen Porsche Besitzes.","breadcrumb":{"@id":"https:\/\/www.panamera-life.com\/de\/entry\/panamera-last-drive\/#breadcrumb"},"inLanguage":"de","potentialAction":[{"@type":"ReadAction","target":["https:\/\/www.panamera-life.com\/de\/entry\/panamera-last-drive\/"]}]},{"@type":"ImageObject","inLanguage":"de","@id":"https:\/\/www.panamera-life.com\/de\/entry\/panamera-last-drive\/#primaryimage","url":"https:\/\/www.panamera-life.com\/wp-content\/uploads\/2020\/07\/IMG_8441.jpg","contentUrl":"https:\/\/www.panamera-life.com\/wp-content\/uploads\/2020\/07\/IMG_8441.jpg","width":1200,"height":800,"caption":"\u8eca, \u9053\u8def, \u6728, \u7a7a, \u5c4b\u5916, \u8def\u4e0a, PORSCHE, Panamera"},{"@type":"BreadcrumbList","@id":"https:\/\/www.panamera-life.com\/de\/entry\/panamera-last-drive\/#breadcrumb","itemListElement":[{"@type":"ListItem","position":1,"name":"\u30db\u30fc\u30e0","item":"https:\/\/www.panamera-life.com\/"},{"@type":"ListItem","position":2,"name":"Letzte Fahrt mit dem Porsche Panamera"}]},{"@type":"WebSite","@id":"https:\/\/www.panamera-life.com\/#website","url":"https:\/\/www.panamera-life.com\/","name":"\u30dd\u30eb\u30b7\u30a7\u304c\u308f\u304c\u5bb6\u306b\u3084\u3063\u3066\u304d\u305f - \u30aa\u30fc\u30ca\u30fc\u30ba\u30d6\u30ed\u30b0","description":"\u30dd\u30eb\u30b7\u30a7\u306b\u9b45\u4e86\u3055\u308c\u305f\u59bb\u304c\u66f8\u304f\u30dd\u30eb\u30b7\u30a7\u30d6\u30ed\u30b0\u3067\u3059\u3002\u6240\u6709\u3059\u308b\u30dd\u30eb\u30b7\u30a7 911\u30ab\u30ec\u30e9\uff08964\uff09\u3001911GT3\u3001\u30dc\u30af\u30b9\u30bf\u30fc\u3001\u30d1\u30ca\u30e1\u30fc\u30e9\u306e\u30ec\u30d3\u30e5\u30fc\u3084\u7dad\u6301\u8cbb\u3001\u30c4\u30fc\u30ea\u30f3\u30b0\u8a18\u306a\u3069\u3002\u30cb\u30e5\u30fc\u30b9\u8a18\u4e8b\u3067\u306f\u5206\u304b\u3089\u306a\u3044\u751f\u306e\u30dd\u30eb\u30b7\u30a7\u30aa\u30fc\u30ca\u30fc\u306e\u58f0\u3092\u5b9a\u671f\u914d\u4fe1\u3059\u308b\u30d6\u30ed\u30b0\u3067\u3059\u3002","publisher":{"@id":"https:\/\/www.panamera-life.com\/#organization"},"potentialAction":[{"@type":"SearchAction","target":{"@type":"EntryPoint","urlTemplate":"https:\/\/www.panamera-life.com\/?s={search_term_string}"},"query-input":{"@type":"PropertyValueSpecification","valueRequired":true,"valueName":"search_term_string"}}],"inLanguage":"de"},{"@type":"Organization","@id":"https:\/\/www.panamera-life.com\/#organization","name":"\u30dd\u30eb\u30b7\u30a7\u304c\u308f\u304c\u5bb6\u306b\u3084\u3063\u3066\u304d\u305f","url":"https:\/\/www.panamera-life.com\/","logo":{"@type":"ImageObject","inLanguage":"de","@id":"https:\/\/www.panamera-life.com\/#\/schema\/logo\/image\/","url":"https:\/\/www.panamera-life.com\/wp-content\/uploads\/2021\/05\/unnamed.jpg","contentUrl":"https:\/\/www.panamera-life.com\/wp-content\/uploads\/2021\/05\/unnamed.jpg","width":512,"height":512,"caption":"\u30dd\u30eb\u30b7\u30a7\u304c\u308f\u304c\u5bb6\u306b\u3084\u3063\u3066\u304d\u305f"},"image":{"@id":"https:\/\/www.panamera-life.com\/#\/schema\/logo\/image\/"},"sameAs":["https:\/\/www.facebook.com\/panameralife\/","https:\/\/x.com\/Mina_Panamera","https:\/\/www.instagram.com\/mina_porsche\/","https:\/\/www.youtube.com\/channel\/UCoyAW0ifcnk05Iryf7-bkhg"]}]}},"_links":{"self":[{"href":"https:\/\/www.panamera-life.com\/wp-json\/wp\/v2\/posts\/39377"}],"collection":[{"href":"https:\/\/www.panamera-life.com\/wp-json\/wp\/v2\/posts"}],"about":[{"href":"https:\/\/www.panamera-life.com\/wp-json\/wp\/v2\/types\/post"}],"replies":[{"embeddable":true,"href":"https:\/\/www.panamera-life.com\/wp-json\/wp\/v2\/comments?post=39377"}],"version-history":[{"count":0,"href":"https:\/\/www.panamera-life.com\/wp-json\/wp\/v2\/posts\/39377\/revisions"}],"wp:featuredmedia":[{"embeddable":true,"href":"https:\/\/www.panamera-life.com\/wp-json\/wp\/v2\/media\/19052"}],"wp:attachment":[{"href":"https:\/\/www.panamera-life.com\/wp-json\/wp\/v2\/media?parent=39377"}],"wp:term":[{"taxonomy":"category","embeddable":true,"href":"https:\/\/www.panamera-life.com\/wp-json\/wp\/v2\/categories?post=39377"},{"taxonomy":"post_tag","embeddable":true,"href":"https:\/\/www.panamera-life.com\/wp-json\/wp\/v2\/tags?post=39377"}],"curies":[{"name":"wp","href":"https:\/\/api.w.org\/{rel}","templated":true}]}}