{"id":39468,"date":"2020-04-28T06:00:58","date_gmt":"2020-04-27T21:00:58","guid":{"rendered":"https:\/\/www.panamera-life.com\/?p=39468"},"modified":"2021-06-01T22:37:53","modified_gmt":"2021-06-01T13:37:53","slug":"2020-04-touring-964-kouhen","status":"publish","type":"post","link":"https:\/\/www.panamera-life.com\/de\/entry\/2020-04-touring-964-kouhen\/","title":{"rendered":"Porsche 911 (Luftgek\u00fchlt 964) \u2013 Zweit\u00e4gige 700-km-Tour [Teil 2]"},"content":{"rendered":"<p>Vor Kurzem habe ich den Artikel \u00fcber die <a href=\"https:\/\/www.panamera-life.com\/entry\/%e3%83%9d%e3%83%ab%e3%82%b7%e3%82%a7911%ef%bc%88%e7%a9%ba%e5%86%b7-964%e5%9e%8b%ef%bc%89%e3%81%a7%e8%a1%8c%e3%81%8f%e4%b8%80%e6%b3%8a%e4%ba%8c%e6%97%a5700km%e3%81%ae%e6%97%85\/\" target=\"_blank\" rel=\"noopener noreferrer\">Porsche 911 (luftgek\u00fchlt 964) \u2013 Zweit\u00e4gige 700-km-Tour<\/a> meines Mannes vorgestellt. Nun folgt der zweite Teil. Viel Spa\u00df beim Lesen!  <\/p>\n<h3 class=\"style3a\">Porsche 911 Tour \u2013 Tag 2<\/h3>\n<p>In der Stadt K\u014dchi \u00fcbernachteten wir im bew\u00e4hrten <strong>Hotel Nikko K\u014dchi Asahi Royal.<\/strong> Dort gibt es eine mechanische Tiefgarage mit einer Fahrzeugbreite von 1850 mm, sodass der 964 oder Boxster problemlos parken k\u00f6nnen. Zum Abendessen war uns der Weg nach drau\u00dfen zu m\u00fchsam, daher bestellten wir ein Katsuo Tataki Don per Zimmerservice.  <\/p>\n<p><img loading=\"lazy\" decoding=\"async\" class=\"alignnone size-large wp-image-17902\" src=\"https:\/\/www.panamera-life.com\/wp-content\/uploads\/2020\/04\/IMG_1300-1280x854.jpeg\" alt=\"\" width=\"1280\" height=\"854\" \/>  <\/p>\n<p>Das Gericht ist wirklich ein Genuss und sehr lecker. Jedes Mal, wenn wir hier \u00fcbernachten, bestellen wir es. Die Portion ist ausreichend, sodass man mit einer Sch\u00fcssel gut satt wird.  <\/p>\n<p>W\u00e4hrend ich die Route f\u00fcr den n\u00e4chsten Tag pr\u00fcfte, machte ich aus Sorge um meinen R\u00fccken, der bei l\u00e4ngeren Fahrten im 964 schmerzt, ausgiebige Dehn\u00fcbungen, bevor ich schlafen ging.  <\/p>\n<p>Am n\u00e4chsten Morgen verschlief ich etwas, die Uhr zeigte bereits 8:30 Uhr. Schnell machte ich mich fertig und blickte nach drau\u00dfen \u2013 leider war der Himmel bew\u00f6lkt. Laut Wetter-App sollte es am Nachmittag regnen.  <\/p>\n<p><strong>Ich mag Fahrten mit dem luftgek\u00fchlten 911 im Regen sehr.<\/strong> Als selbsternannter <strong>\u201eSchlechtwetter-Fahrfanatiker\u201c<\/strong> genie\u00dfe ich Regen und Schnee am Steuer, besonders mit dem 911. Das Trommeln der Regentropfen auf der Karosserie und die kleinen, flei\u00dfig arbeitenden Scheibenwischer schaffen eine ganz besondere Reiseatmosph\u00e4re. Zudem begeistert die starke Traktion des Heckmotors und die Stabilit\u00e4t am Heck.  <\/p>\n<p>Zuerst joggte ich leicht auf der Royu Driveway am Morgen, dann entschied ich mich, die geliebte Nationalstra\u00dfe 194 anzusteuern. Bei Regen war auf der Kuroshio-Linie niemand unterwegs. Ich parkte am Aussichtspunkt Katabira-saki und g\u00f6nnte mir eine Pause. Der Blick auf den d\u00fcsteren Pazifik und der gedankenversunkene Moment im luftgek\u00fchlten Porsche sind unvergleichlich.  <\/p>\n<p><img loading=\"lazy\" decoding=\"async\" class=\"alignnone size-large wp-image-17863\" src=\"https:\/\/www.panamera-life.com\/wp-content\/uploads\/2020\/04\/01d317d3bdb2c76991c70a7ad15785ae8a5fabd022-1280x854.jpg\" alt=\"\" width=\"1280\" height=\"854\" \/>  <\/p>\n<p><strong>Ich verlie\u00df den Parkplatz und fuhr die Nationalstra\u00dfe 194 nordw\u00e4rts in Richtung Saij\u014d.<\/strong> Diese Stra\u00dfe ist breit, gut befahrbar und einfach gro\u00dfartig. Zwar h\u00e4ngt man manchmal hinter langsameren Fahrzeugen, aber der Verkehr ist \u00fcberschaubar, sodass man entspannt im eigenen Tempo fahren kann. Unterwegs machte ich eine Pause an der Rastst\u00e4tte \u201e633 Minosato\u201c und a\u00df sp\u00e4t zu Mittag. Ab hier verwandelt sich die 194 in eine beeindruckende, kurvenreiche Bergstrecke.  <\/p>\n<p><img loading=\"lazy\" decoding=\"async\" class=\"alignnone size-large wp-image-17864\" src=\"https:\/\/www.panamera-life.com\/wp-content\/uploads\/2020\/04\/IMG_5898-1280x853.jpg\" alt=\"\" width=\"1280\" height=\"853\" \/>  <\/p>\n<p>Im Tiptronic-Modus hielt ich auf geraden Strecken den dritten Gang, vor Kurven schaltete ich in den zweiten und beschleunigte dann wieder in den dritten Gang \u2013 so meisterte ich die nasse 194 mit viel Freude. Beim letzten Besuch lag hier Schnee, doch diesmal war die Strecke frei.  <\/p>\n<p>Nach dem Pass folgte eine lange, schnelle Abfahrt. <strong>Der 911 ist bergab richtig schnell. Das optimale Gewichtsverh\u00e4ltnis macht das Fahren spielend leicht.<\/strong> Der Regen wurde st\u00e4rker, und die von den Reifen aufgewirbelte Gischt spiegelte sich im R\u00fcckspiegel.  <\/p>\n<p><img loading=\"lazy\" decoding=\"async\" class=\"alignnone size-large wp-image-17865\" style=\"font-size: 14px;\" src=\"https:\/\/www.panamera-life.com\/wp-content\/uploads\/2020\/04\/DSC03056-1280x853.jpg\" alt=\"\" width=\"1280\" height=\"853\" \/>  <\/p>\n<p>W\u00e4hrend ich gem\u00fctlich fuhr, bemerkte ich pl\u00f6tzlich einen schwarzen Honda Odyssey, der sehr dicht auffuhr.  <\/p>\n<p>Wahrscheinlich erkennt man bei so einem alten Auto nicht, dass es ein Porsche ist \u2013 oder er will ihn einfach nur sehen. W\u00fcrde ich jedoch pl\u00f6tzlich stark bremsen, k\u00e4me es sicher zum Auffahrunfall. <strong>Man sollte die Porsche-Bremsen nicht untersch\u00e4tzen.<\/strong><span style=\"font-size: 8pt;\"> (Es gibt tats\u00e4chlich Leute, die dicht hinter einem Porsche kleben \u2013 das sollte man wirklich vermeiden.)<\/span>  <\/p>\n<p>Da es keine geeignete Ausweichstelle gab, erh\u00f6hte ich vorsichtig das Tempo, um Abstand zu gewinnen. Bei Kurven bremste ich fr\u00fch und fuhr vorsichtig heraus. Anfangs folgte der Odyssey noch gut, doch nach und nach lie\u00df er abrei\u00dfen.  <\/p>\n<p><strong>Alt hin oder her \u2013 es bleibt ein echter 911.<\/strong>  <\/p>\n<p>Der Unterschied beim Herausbeschleunigen aus Kurven ist enorm. Das Gef\u00fchl, die Traktion am Heck f\u00f6rmlich zu sp\u00fcren, vermittelt ein gro\u00dfes Sicherheitsgef\u00fchl.  <\/p>\n<p>Nach etwa 70 bis 80 km Bergauf- und Bergabfahrt erreichte ich Saij\u014d. <strong>Dort stieg ich auf die Autobahn und fuhr weiter zur Goshikidai Skyline in Sakaiide.<\/strong> Ich dachte, es w\u00e4re mein erster Besuch, doch tats\u00e4chlich war ich kurz nach der Auslieferung meines Boxsters schon einmal dort. Bei all den gefahrenen Strecken verschwimmen die Erinnerungen manchmal.  <\/p>\n<p><img loading=\"lazy\" decoding=\"async\" class=\"alignnone size-large wp-image-17868\" src=\"https:\/\/www.panamera-life.com\/wp-content\/uploads\/2020\/04\/DSC03086-1280x853.jpg\" alt=\"\" width=\"1280\" height=\"853\" \/>  <\/p>\n<p>Die Goshikidai Skyline hat stellenweise etwas rauen Asphalt, aber rund um den Gipfel ist sie gut befahrbar und z\u00e4hlt zu meinen Lieblingsstrecken. Ich erinnerte mich an die Fahrt mit dem Boxster und genoss die kurvige Strecke mit Blick auf das Seto-Inlandmeer.  <\/p>\n<p><img loading=\"lazy\" decoding=\"async\" class=\"alignnone size-large wp-image-17867\" src=\"https:\/\/www.panamera-life.com\/wp-content\/uploads\/2020\/04\/IMG_5899-1280x853.jpg\" alt=\"\" width=\"1280\" height=\"853\" \/>  <\/p>\n<p><img loading=\"lazy\" decoding=\"async\" class=\"alignnone size-large wp-image-17866\" src=\"https:\/\/www.panamera-life.com\/wp-content\/uploads\/2020\/04\/IMG_5900-1280x853.jpg\" alt=\"\" width=\"1280\" height=\"853\" \/>  <\/p>\n<p>Da die Zeit knapp war, trat ich anschlie\u00dfend die Heimreise an und fuhr nonstop \u00fcber die Autobahn. Die R\u00fcckfahrt war windstill und erm\u00f6glichte entspanntes Cruisen. <strong>Die Sicherheit und Stabilit\u00e4t auf der Autobahn eines fast 30 Jahre alten Fahrzeugs beeindruckt mich immer wieder.<\/strong>  <\/p>\n<p>Zwar ist die Vorderachse etwas leichtg\u00e4ngig, doch das Gef\u00fchl, das Fahrzeug jederzeit unter Kontrolle zu haben, ist bemerkenswert. Auch nach langen Autobahnfahrten bleibt der Komfort erhalten. Kein Wunder, dass der 911 ein echtes Kind der deutschen Autobahnen ist.  <\/p>\n<p><img loading=\"lazy\" decoding=\"async\" class=\"alignnone size-large wp-image-17869\" src=\"https:\/\/www.panamera-life.com\/wp-content\/uploads\/2020\/04\/DSC03099-1280x853.jpg\" alt=\"\" width=\"1280\" height=\"853\" \/>  <\/p>\n<h3 class=\"style3a\">Ende der 911-Tour<\/h3>\n<p>Im heimischen Garagenparkplatz drehte ich ruhig den Schl\u00fcssel um und stellte den Motor ab. Die Gesamtstrecke betrug 762,7 km. Wieder einmal hat mich der Wagen zuverl\u00e4ssig begleitet \u2013 eine w\u00fcrdige Belohnung f\u00fcr diese zweit\u00e4gige Tour.  <\/p>\n<p>Gesamtstrecke: 762,7 km<br \/>\nDurchschnittsgeschwindigkeit: 62 km\/h<br \/>\nDurchschnittsverbrauch: 10,4 L\/100 km (ca. 9,6 km\/L)  <\/p>\n<div class=\"gmap\"><iframe loading=\"lazy\" src=\"https:\/\/www.google.com\/maps\/d\/embed?mid=1fJ-VgEQEznjWO7IOLwy1kAFWYtgrWm36\" width=\"640\" height=\"480\"><\/iframe><\/div>\n","protected":false},"excerpt":{"rendered":"Vor Kurzem habe ich den Artikel \u00fcber die Porsche 911 (luftgek\u00fchlt 964) \u2013 Zweit\u00e4gige 700-km-Tour meines Mannes vorgestellt. Nun folgt der zweite Teil. Viel Spa\u00df beim Lesen! Porsche 911 Tour \u2013 Tag 2 In der Stadt K\u014dchi \u00fcbernachteten wir im bew\u00e4hrten Hotel Nikko K\u014dchi Asahi Royal. Dort gibt es eine mechanische Tiefgarage mit einer Fahrzeugbreite von 1850 mm, sodass der 964 oder Boxster problemlos parken k\u00f6nnen. Zum Abendessen war uns der Weg nach drau\u00dfen zu...","protected":false},"author":0,"featured_media":18001,"comment_status":"open","ping_status":"closed","sticky":false,"template":"","format":"standard","meta":{"footnotes":"","_locale":"de_DE","_original_post":"https:\/\/www.panamera-life.com\/?p=17897"},"categories":[9,30],"tags":[183,188,190,222,240],"yoast_head":"<title>Porsche 911 (Luftgek\u00fchlt 964) \u2013 Zweit\u00e4gige 700-km-Tour [Teil 2] - \u30dd\u30eb\u30b7\u30a7\u304c\u308f\u304c\u5bb6\u306b\u3084\u3063\u3066\u304d\u305f - \u30aa\u30fc\u30ca\u30fc\u30ba\u30d6\u30ed\u30b0<\/title>\n<meta name=\"description\" content=\"Erleben Sie eine 700-km-Zweitagestour mit dem luftgek\u00fchlten Porsche 911 (964). Authentisches Porsche Fahrerlebnis und Tipps f\u00fcr Porsche Besitz und Kauf.\" \/>\n<meta name=\"robots\" content=\"index, follow, max-snippet:-1, max-image-preview:large, max-video-preview:-1\" \/>\n<link rel=\"canonical\" href=\"https:\/\/www.panamera-life.com\/de\/entry\/2020-04-touring-964-kouhen\/\" \/>\n<meta property=\"og:locale\" content=\"de_DE\" \/>\n<meta property=\"og:type\" content=\"article\" \/>\n<meta property=\"og:title\" content=\"Porsche 911 (Luftgek\u00fchlt 964) \u2013 Zweit\u00e4gige 700-km-Tour [Teil 2] - \u30dd\u30eb\u30b7\u30a7\u304c\u308f\u304c\u5bb6\u306b\u3084\u3063\u3066\u304d\u305f - \u30aa\u30fc\u30ca\u30fc\u30ba\u30d6\u30ed\u30b0\" \/>\n<meta property=\"og:description\" content=\"Erleben Sie eine 700-km-Zweitagestour mit dem luftgek\u00fchlten Porsche 911 (964). Authentisches Porsche Fahrerlebnis und Tipps f\u00fcr Porsche Besitz und Kauf.\" \/>\n<meta property=\"og:url\" content=\"https:\/\/www.panamera-life.com\/de\/entry\/2020-04-touring-964-kouhen\/\" \/>\n<meta property=\"og:site_name\" content=\"\u30dd\u30eb\u30b7\u30a7\u304c\u308f\u304c\u5bb6\u306b\u3084\u3063\u3066\u304d\u305f - \u30aa\u30fc\u30ca\u30fc\u30ba\u30d6\u30ed\u30b0\" \/>\n<meta property=\"article:publisher\" content=\"https:\/\/www.facebook.com\/panameralife\/\" \/>\n<meta property=\"article:published_time\" content=\"2020-04-27T21:00:58+00:00\" \/>\n<meta property=\"article:modified_time\" content=\"2021-06-01T13:37:53+00:00\" \/>\n<meta property=\"og:image\" content=\"https:\/\/www.panamera-life.com\/wp-content\/uploads\/2020\/04\/IMG_7787.jpg\" \/>\n\t<meta property=\"og:image:width\" content=\"1200\" \/>\n\t<meta property=\"og:image:height\" content=\"800\" \/>\n\t<meta property=\"og:image:type\" content=\"image\/jpeg\" \/>\n<meta name=\"twitter:label1\" content=\"Gesch\u00e4tzte Lesezeit\" \/>\n\t<meta name=\"twitter:data1\" content=\"4\u00a0Minuten\" \/>","yoast_head_json":{"title":"Porsche 911 (Luftgek\u00fchlt 964) \u2013 Zweit\u00e4gige 700-km-Tour [Teil 2] - \u30dd\u30eb\u30b7\u30a7\u304c\u308f\u304c\u5bb6\u306b\u3084\u3063\u3066\u304d\u305f - \u30aa\u30fc\u30ca\u30fc\u30ba\u30d6\u30ed\u30b0","description":"Erleben Sie eine 700-km-Zweitagestour mit dem luftgek\u00fchlten Porsche 911 (964). Authentisches Porsche Fahrerlebnis und Tipps f\u00fcr Porsche Besitz und Kauf.","robots":{"index":"index","follow":"follow","max-snippet":"max-snippet:-1","max-image-preview":"max-image-preview:large","max-video-preview":"max-video-preview:-1"},"canonical":"https:\/\/www.panamera-life.com\/de\/entry\/2020-04-touring-964-kouhen\/","og_locale":"de_DE","og_type":"article","og_title":"Porsche 911 (Luftgek\u00fchlt 964) \u2013 Zweit\u00e4gige 700-km-Tour [Teil 2] - \u30dd\u30eb\u30b7\u30a7\u304c\u308f\u304c\u5bb6\u306b\u3084\u3063\u3066\u304d\u305f - \u30aa\u30fc\u30ca\u30fc\u30ba\u30d6\u30ed\u30b0","og_description":"Erleben Sie eine 700-km-Zweitagestour mit dem luftgek\u00fchlten Porsche 911 (964). Authentisches Porsche Fahrerlebnis und Tipps f\u00fcr Porsche Besitz und Kauf.","og_url":"https:\/\/www.panamera-life.com\/de\/entry\/2020-04-touring-964-kouhen\/","og_site_name":"\u30dd\u30eb\u30b7\u30a7\u304c\u308f\u304c\u5bb6\u306b\u3084\u3063\u3066\u304d\u305f - \u30aa\u30fc\u30ca\u30fc\u30ba\u30d6\u30ed\u30b0","article_publisher":"https:\/\/www.facebook.com\/panameralife\/","article_published_time":"2020-04-27T21:00:58+00:00","article_modified_time":"2021-06-01T13:37:53+00:00","og_image":[{"width":1200,"height":800,"url":"https:\/\/www.panamera-life.com\/wp-content\/uploads\/2020\/04\/IMG_7787.jpg","type":"image\/jpeg"}],"twitter_misc":{"Gesch\u00e4tzte Lesezeit":"4\u00a0Minuten"},"schema":{"@context":"https:\/\/schema.org","@graph":[{"@type":"Article","@id":"https:\/\/www.panamera-life.com\/de\/entry\/2020-04-touring-964-kouhen\/#article","isPartOf":{"@id":"https:\/\/www.panamera-life.com\/de\/entry\/2020-04-touring-964-kouhen\/"},"author":{"name":"","@id":""},"headline":"Porsche 911 (Luftgek\u00fchlt 964) \u2013 Zweit\u00e4gige 700-km-Tour [Teil 2]","datePublished":"2020-04-27T21:00:58+00:00","dateModified":"2021-06-01T13:37:53+00:00","mainEntityOfPage":{"@id":"https:\/\/www.panamera-life.com\/de\/entry\/2020-04-touring-964-kouhen\/"},"wordCount":844,"commentCount":0,"publisher":{"@id":"https:\/\/www.panamera-life.com\/#organization"},"image":{"@id":"https:\/\/www.panamera-life.com\/de\/entry\/2020-04-touring-964-kouhen\/#primaryimage"},"thumbnailUrl":"https:\/\/www.panamera-life.com\/wp-content\/uploads\/2020\/04\/IMG_7787.jpg","keywords":["Porsche 911","Luftgek\u00fchlter Porsche","Tourenberichte","964","Tiptronic"],"articleSection":["Tourenberichte","Porsche 911"],"inLanguage":"de","potentialAction":[{"@type":"CommentAction","name":"Comment","target":["https:\/\/www.panamera-life.com\/de\/entry\/2020-04-touring-964-kouhen\/#respond"]}]},{"@type":"WebPage","@id":"https:\/\/www.panamera-life.com\/de\/entry\/2020-04-touring-964-kouhen\/","url":"https:\/\/www.panamera-life.com\/de\/entry\/2020-04-touring-964-kouhen\/","name":"Porsche 911 (Luftgek\u00fchlt 964) \u2013 Zweit\u00e4gige 700-km-Tour [Teil 2] - \u30dd\u30eb\u30b7\u30a7\u304c\u308f\u304c\u5bb6\u306b\u3084\u3063\u3066\u304d\u305f - \u30aa\u30fc\u30ca\u30fc\u30ba\u30d6\u30ed\u30b0","isPartOf":{"@id":"https:\/\/www.panamera-life.com\/#website"},"primaryImageOfPage":{"@id":"https:\/\/www.panamera-life.com\/de\/entry\/2020-04-touring-964-kouhen\/#primaryimage"},"image":{"@id":"https:\/\/www.panamera-life.com\/de\/entry\/2020-04-touring-964-kouhen\/#primaryimage"},"thumbnailUrl":"https:\/\/www.panamera-life.com\/wp-content\/uploads\/2020\/04\/IMG_7787.jpg","datePublished":"2020-04-27T21:00:58+00:00","dateModified":"2021-06-01T13:37:53+00:00","description":"Erleben Sie eine 700-km-Zweitagestour mit dem luftgek\u00fchlten Porsche 911 (964). Authentisches Porsche Fahrerlebnis und Tipps f\u00fcr Porsche Besitz und Kauf.","breadcrumb":{"@id":"https:\/\/www.panamera-life.com\/de\/entry\/2020-04-touring-964-kouhen\/#breadcrumb"},"inLanguage":"de","potentialAction":[{"@type":"ReadAction","target":["https:\/\/www.panamera-life.com\/de\/entry\/2020-04-touring-964-kouhen\/"]}]},{"@type":"ImageObject","inLanguage":"de","@id":"https:\/\/www.panamera-life.com\/de\/entry\/2020-04-touring-964-kouhen\/#primaryimage","url":"https:\/\/www.panamera-life.com\/wp-content\/uploads\/2020\/04\/IMG_7787.jpg","contentUrl":"https:\/\/www.panamera-life.com\/wp-content\/uploads\/2020\/04\/IMG_7787.jpg","width":1200,"height":800,"caption":"\u8eca, \u5c71, \u6d77, \u9053\u8def, \u6728, \u6d77\u5cb8\u6cbf\u3044\u306e\u9053\u8def, \u5c4b\u5916, PORSCHE, 911, 964"},{"@type":"BreadcrumbList","@id":"https:\/\/www.panamera-life.com\/de\/entry\/2020-04-touring-964-kouhen\/#breadcrumb","itemListElement":[{"@type":"ListItem","position":1,"name":"\u30db\u30fc\u30e0","item":"https:\/\/www.panamera-life.com\/"},{"@type":"ListItem","position":2,"name":"Porsche 911 (Luftgek\u00fchlt 964) \u2013 Zweit\u00e4gige 700-km-Tour [Teil 2]"}]},{"@type":"WebSite","@id":"https:\/\/www.panamera-life.com\/#website","url":"https:\/\/www.panamera-life.com\/","name":"\u30dd\u30eb\u30b7\u30a7\u304c\u308f\u304c\u5bb6\u306b\u3084\u3063\u3066\u304d\u305f - \u30aa\u30fc\u30ca\u30fc\u30ba\u30d6\u30ed\u30b0","description":"\u30dd\u30eb\u30b7\u30a7\u306b\u9b45\u4e86\u3055\u308c\u305f\u59bb\u304c\u66f8\u304f\u30dd\u30eb\u30b7\u30a7\u30d6\u30ed\u30b0\u3067\u3059\u3002\u6240\u6709\u3059\u308b\u30dd\u30eb\u30b7\u30a7 911\u30ab\u30ec\u30e9\uff08964\uff09\u3001911GT3\u3001\u30dc\u30af\u30b9\u30bf\u30fc\u3001\u30d1\u30ca\u30e1\u30fc\u30e9\u306e\u30ec\u30d3\u30e5\u30fc\u3084\u7dad\u6301\u8cbb\u3001\u30c4\u30fc\u30ea\u30f3\u30b0\u8a18\u306a\u3069\u3002\u30cb\u30e5\u30fc\u30b9\u8a18\u4e8b\u3067\u306f\u5206\u304b\u3089\u306a\u3044\u751f\u306e\u30dd\u30eb\u30b7\u30a7\u30aa\u30fc\u30ca\u30fc\u306e\u58f0\u3092\u5b9a\u671f\u914d\u4fe1\u3059\u308b\u30d6\u30ed\u30b0\u3067\u3059\u3002","publisher":{"@id":"https:\/\/www.panamera-life.com\/#organization"},"potentialAction":[{"@type":"SearchAction","target":{"@type":"EntryPoint","urlTemplate":"https:\/\/www.panamera-life.com\/?s={search_term_string}"},"query-input":{"@type":"PropertyValueSpecification","valueRequired":true,"valueName":"search_term_string"}}],"inLanguage":"de"},{"@type":"Organization","@id":"https:\/\/www.panamera-life.com\/#organization","name":"\u30dd\u30eb\u30b7\u30a7\u304c\u308f\u304c\u5bb6\u306b\u3084\u3063\u3066\u304d\u305f","url":"https:\/\/www.panamera-life.com\/","logo":{"@type":"ImageObject","inLanguage":"de","@id":"https:\/\/www.panamera-life.com\/#\/schema\/logo\/image\/","url":"https:\/\/www.panamera-life.com\/wp-content\/uploads\/2021\/05\/unnamed.jpg","contentUrl":"https:\/\/www.panamera-life.com\/wp-content\/uploads\/2021\/05\/unnamed.jpg","width":512,"height":512,"caption":"\u30dd\u30eb\u30b7\u30a7\u304c\u308f\u304c\u5bb6\u306b\u3084\u3063\u3066\u304d\u305f"},"image":{"@id":"https:\/\/www.panamera-life.com\/#\/schema\/logo\/image\/"},"sameAs":["https:\/\/www.facebook.com\/panameralife\/","https:\/\/x.com\/Mina_Panamera","https:\/\/www.instagram.com\/mina_porsche\/","https:\/\/www.youtube.com\/channel\/UCoyAW0ifcnk05Iryf7-bkhg"]}]}},"_links":{"self":[{"href":"https:\/\/www.panamera-life.com\/wp-json\/wp\/v2\/posts\/39468"}],"collection":[{"href":"https:\/\/www.panamera-life.com\/wp-json\/wp\/v2\/posts"}],"about":[{"href":"https:\/\/www.panamera-life.com\/wp-json\/wp\/v2\/types\/post"}],"replies":[{"embeddable":true,"href":"https:\/\/www.panamera-life.com\/wp-json\/wp\/v2\/comments?post=39468"}],"version-history":[{"count":0,"href":"https:\/\/www.panamera-life.com\/wp-json\/wp\/v2\/posts\/39468\/revisions"}],"wp:featuredmedia":[{"embeddable":true,"href":"https:\/\/www.panamera-life.com\/wp-json\/wp\/v2\/media\/18001"}],"wp:attachment":[{"href":"https:\/\/www.panamera-life.com\/wp-json\/wp\/v2\/media?parent=39468"}],"wp:term":[{"taxonomy":"category","embeddable":true,"href":"https:\/\/www.panamera-life.com\/wp-json\/wp\/v2\/categories?post=39468"},{"taxonomy":"post_tag","embeddable":true,"href":"https:\/\/www.panamera-life.com\/wp-json\/wp\/v2\/tags?post=39468"}],"curies":[{"name":"wp","href":"https:\/\/api.w.org\/{rel}","templated":true}]}}