{"id":39469,"date":"2020-04-26T06:00:48","date_gmt":"2020-04-25T21:00:48","guid":{"rendered":"https:\/\/www.panamera-life.com\/?p=39469"},"modified":"2021-05-17T23:22:00","modified_gmt":"2021-05-17T14:22:00","slug":"%e3%83%9d%e3%83%ab%e3%82%b7%e3%82%a7911%ef%bc%88%e7%a9%ba%e5%86%b7-964%e5%9e%8b%ef%bc%89%e3%81%a7%e8%a1%8c%e3%81%8f%e4%b8%80%e6%b3%8a%e4%ba%8c%e6%97%a5700km%e3%81%ae%e6%97%85","status":"publish","type":"post","link":"https:\/\/www.panamera-life.com\/de\/entry\/%e3%83%9d%e3%83%ab%e3%82%b7%e3%82%a7911%ef%bc%88%e7%a9%ba%e5%86%b7-964%e5%9e%8b%ef%bc%89%e3%81%a7%e8%a1%8c%e3%81%8f%e4%b8%80%e6%b3%8a%e4%ba%8c%e6%97%a5700km%e3%81%ae%e6%97%85\/","title":{"rendered":"Eine 700 km lange Zweitagestour mit dem Porsche 911 (Luftgek\u00fchlter Typ 964) \u2013 Teil 1"},"content":{"rendered":"<p>Vor Kurzem ist mein Mann allein mit seinem luftgek\u00fchlten Porsche auf eine Tour gegangen und hat seine Eindr\u00fccke f\u00fcr uns festgehalten. Wir teilen den Bericht in zwei Teile auf \u2013 viel Spa\u00df beim Lesen!<\/p>\n<h3 class=\"style3a\">Porsche 911 Tour \u2013 Tag 1<\/h3>\n<p>Endlich hatte ich wieder etwas Zeit, also beschloss ich, eine \u00dcbernachtungstour zu machen, die ich schon lange nicht mehr unternommen hatte.<\/p>\n<p>Mein Begleiter diesmal war der <strong>Porsche 911 Carrera 2 (964)<\/strong>. Seit er bei uns eingezogen ist, sind etwa anderthalb Jahre vergangen, und der <strong>Kilometerstand hat die 10.000 km-Marke \u00fcberschritten.<\/strong> Bislang gab es keine gr\u00f6\u00dferen Probleme, und mit regelm\u00e4\u00dfiger pr\u00e4ventiver Wartung h\u00e4lt sich der mittlerweile 28 Jahre alte Wagen in einem gesunden Zustand.<\/p>\n<p>In letzter Zeit l\u00e4uft er sogar noch besser als zuvor, der Motor ist in Topform und <strong>deutlich agiler als beim Kauf.<\/strong><\/p>\n<p>Die Zielwahl fiel mir diesmal schwer, doch dank des <a href=\"https:\/\/wind-and-light-bxtr.blog.ss-blog.jp\/\" target=\"_blank\" rel=\"noopener noreferrer\">Blogs von Wata-san<\/a> wurde ich schnell f\u00fcndig: <strong>ein Artikel \u00fcber die Fahrt auf der Nationalstra\u00dfe 195 in Shikoku.<\/strong> Obwohl ich Shikoku schon oft besucht habe, war ich seit \u00fcber 20 Jahren nicht mehr auf der 195 unterwegs und meine Erinnerungen daran sind verschwommen. Also entschied ich mich, Koichi anzusteuern.<\/p>\n<h4 class=\"style4b\">Den luftgek\u00fchlten Motor zum Leben erwecken<\/h4>\n<p>Ich habe immer das Gef\u00fchl, dass man bei einem luftgek\u00fchlten Motor nicht einfach \u201eden Motor startet\u201c, sondern ihn vielmehr \u201eentz\u00fcndet\u201c. <strong>Das Gef\u00fchl, wie Ansaugen, Verdichten, Explosion und Aussto\u00dfen in den Zylindern ablaufen, sp\u00fcrt man f\u00f6rmlich \u00fcber Klang und Vibrationen.<\/strong><\/p>\n<p>Dieses Erlebnis ist bei modernen luftgek\u00fchlten Porsches so nicht mehr zu finden.<\/p>\n<p><img loading=\"lazy\" decoding=\"async\" class=\"alignnone size-large wp-image-17709\" src=\"https:\/\/www.panamera-life.com\/wp-content\/uploads\/2020\/03\/AD071A7B-2F25-4B00-839D-E62013DAE169-960x1280.jpeg\" alt=\"\" width=\"960\" height=\"1280\" \/><\/p>\n<p><img loading=\"lazy\" decoding=\"async\" class=\"alignnone size-large wp-image-17717\" src=\"https:\/\/www.panamera-life.com\/wp-content\/uploads\/2020\/03\/4AD24C88-9442-4C53-AC5B-F82CD2EC286E-1280x854.jpeg\" alt=\"\" width=\"1280\" height=\"854\" \/><\/p>\n<h4 class=\"style4b\">Auf zur legend\u00e4ren Nationalstra\u00dfe 195<\/h4>\n<p>\u00dcber die Akashi-Kaiky\u014d-Br\u00fccke ging es auf die hochgeschwindigkeitsf\u00e4hige Kobe-Awaji-Naruto-Autobahn, eine der schnellsten Stra\u00dfen im Kansai-Gebiet, Richtung S\u00fcden. Die Hinterradaufh\u00e4ngung des 964 ist noch die klassische Semitrailing-Arm mit Schraubenfedern. Zudem ist der <strong>Wagen aufgrund seiner Karosserieform und Aerodynamik sehr anf\u00e4llig f\u00fcr Seitenwind.<\/strong> Auf der Br\u00fccke k\u00e4mpfte ich gegen den starken Wind, der den Kurs durcheinanderbrachte, und fuhr langsam weiter Richtung Shikoku.<\/p>\n<p><img loading=\"lazy\" decoding=\"async\" class=\"alignnone size-large wp-image-17710\" src=\"https:\/\/www.panamera-life.com\/wp-content\/uploads\/2020\/03\/FD257B23-3062-45C3-9D8C-352F1FDD2C17-1280x854.jpeg\" alt=\"\" width=\"1280\" height=\"854\" \/><\/p>\n<p>In Shikoku angekommen, legte ich eine Pause ein und fuhr die Naruto Skyline entlang. Am Naruto IC verlie\u00df ich die Autobahn. Diese bekannte Strecke hatte ich letztes Jahr schon mit dem GT3 besucht. Wie immer sind hier viele Sportwagen und Motorr\u00e4der unterwegs. <strong>Ich stellte das Tiptronic-Getriebe auf manuellen Modus und fixierte den zweiten Gang.<\/strong> Die Seitenscheibe runter, lauschte ich dem Motor und gab behutsam Gas.<\/p>\n<p><img loading=\"lazy\" decoding=\"async\" class=\"alignnone size-large wp-image-17713\" style=\"font-size: 14px;\" src=\"https:\/\/www.panamera-life.com\/wp-content\/uploads\/2020\/03\/B49CBF31-1074-4217-81CF-0CEBE6B6C250-1280x854.jpeg\" alt=\"\" width=\"1280\" height=\"854\" \/><\/p>\n<p>Mit Blick auf die Gewichtsverlagerung steuerte ich den 911 durch wellige Geraden und passende Kurven. <strong>Besonders in bergauf f\u00fchrenden Kurven mit starken Unebenheiten ist Vorsicht geboten.<\/strong> Hier darf man nicht nachlassen, denn der 911 dieser \u00c4ra neigt sonst zum Untersteuern. Ohne PASM und elektronische Helfer warnt das Fahrwerk den Fahrer auf analoge Weise: <strong>Das leichte Rutschen der Vorderachse vermittelt ein Gef\u00fchl von Grenzbereich.<\/strong><\/p>\n<p>Wenn ich so einen luftgek\u00fchlten Porsche fahre, wird mir immer wieder bewusst, dass <strong>man mit modernen wassergek\u00fchlten Porsches deutlich besser f\u00e4hrt als mit den alten luftgek\u00fchlten Modellen.<\/strong> Das zeigt, wie sehr sich die wassergek\u00fchlten Modelle weiterentwickelt haben und wie zug\u00e4nglich sie geworden sind.<\/p>\n<p><img loading=\"lazy\" decoding=\"async\" class=\"alignnone size-large wp-image-17712\" src=\"https:\/\/www.panamera-life.com\/wp-content\/uploads\/2020\/03\/E2E2BE73-A56A-4F6A-8976-B5474B8C1EFB-1280x854.jpeg\" alt=\"\" width=\"1280\" height=\"854\" \/><\/p>\n<p>Durch den oft stockenden Verkehr in Tokushima ging es weiter. Zwischendurch griff ich bei der McDrive zu einem Cheese Teritama Burger, um schnell wieder weiterzukommen.<\/p>\n<p><img loading=\"lazy\" decoding=\"async\" class=\"alignnone size-large wp-image-17716\" src=\"https:\/\/www.panamera-life.com\/wp-content\/uploads\/2020\/03\/D8F87619-520E-4812-8E72-CB1B011FDBA7-1280x854.jpeg\" alt=\"\" width=\"1280\" height=\"854\" \/><\/p>\n<p>Endlich erreichte ich die lang ersehnte Nationalstra\u00dfe 195. Die Stra\u00dfe verl\u00e4sst die Ortschaften und f\u00fchrt immer mehr in bergiges Gel\u00e4nde. Als ich das Schild mit \u201e133 km bis Koichi\u201c sah, stieg die Vorfreude ins Unermessliche. <strong>133 Kilometer solcher Stra\u00dfen \u2013 das ist wie ein Traum!<\/strong> Welch ein Luxus, so eine Strecke vor sich zu haben! Murmelnd fuhr ich weiter.<\/p>\n<p><img loading=\"lazy\" decoding=\"async\" class=\"alignnone size-large wp-image-17718\" src=\"https:\/\/www.panamera-life.com\/wp-content\/uploads\/2020\/03\/F1FCB428-F855-4FB8-B562-A97359A775FB-1280x854.jpeg\" alt=\"\" width=\"1280\" height=\"854\" \/> <img loading=\"lazy\" decoding=\"async\" class=\"alignnone size-large wp-image-17719\" src=\"https:\/\/www.panamera-life.com\/wp-content\/uploads\/2020\/03\/42149C6D-6AB2-407E-A544-0CC53DB7B6F7-1280x854.jpeg\" alt=\"\" width=\"1280\" height=\"854\" \/> <img loading=\"lazy\" decoding=\"async\" class=\"alignnone size-large wp-image-17720\" src=\"https:\/\/www.panamera-life.com\/wp-content\/uploads\/2020\/03\/C0C2283B-5E6A-4A2E-8D23-C1DC7977C855-1280x854.jpeg\" alt=\"\" width=\"1280\" height=\"854\" \/><\/p>\n<p>Eine kleine Pause legte ich an der Rastst\u00e4tte Momijigawa Onsen ein. Hier bl\u00fchten die Kirschb\u00e4ume in voller Pracht, ein wundersch\u00f6ner Kontrast zum Wasser. Ab hier wurde der Verkehr deutlich weniger, und je nach Timing konnte ich die Stra\u00dfe fast f\u00fcr mich alleine genie\u00dfen.<\/p>\n<p><img loading=\"lazy\" decoding=\"async\" class=\"alignnone size-large wp-image-17722\" src=\"https:\/\/www.panamera-life.com\/wp-content\/uploads\/2020\/03\/2B04B70A-1303-439C-8660-26D953B26DF1-1280x853.jpeg\" alt=\"\" width=\"1280\" height=\"853\" \/><\/p>\n<p>Die Nationalstra\u00dfe 195 hat zwar an einigen Stellen sehr enge Abschnitte, doch meist gibt es ausreichend Platz zum Passieren, und der Verkehr ist insgesamt gering. <strong>Die Stra\u00dfe ist durchgehend gut asphaltiert, mit Geraden, bergigen Kurven und Flussl\u00e4ufen \u2013 eine abwechslungsreiche Strecke, die nie langweilig wird.<\/strong><\/p>\n<p><img loading=\"lazy\" decoding=\"async\" class=\"alignnone size-large wp-image-17723\" src=\"https:\/\/www.panamera-life.com\/wp-content\/uploads\/2020\/03\/122C61BA-1B72-42C3-AC04-A5D69ACF3780-1280x854.jpeg\" alt=\"\" width=\"1280\" height=\"854\" \/><\/p>\n<p>Die Entfernung bis Koichi auf den Schildern wurde immer kleiner, und jedes Mal w\u00fcnschte ich mir, <strong>dass die Fahrt nicht enden m\u00f6ge und die 195 noch l\u00e4nger weitergeht.<\/strong><\/p>\n<p>An einer Rastst\u00e4tte sprach mich ein etwa Grundschulalter Junge an: <strong>\u201eWas f\u00fcr ein Auto ist das?\u201c, \u201eAh, ein Porsche!\u201c, \u201eIch habe ein Miniaturmodell davon!\u201c<\/strong><\/p>\n<p>Ich zeigte ihm den Wagen und hoffte insgeheim, dass auch er eines Tages den Traum vom eigenen Porsche verwirklichen kann. So erreichte ich schlie\u00dflich die Stadt Koichi.<\/p>\n<p class=\"well3\">Fortsetzung hier\u2192<a href=\"https:\/\/www.panamera-life.com\/entry\/2020-04-touring-964-kouhen\/\">Eine 700 km lange Zweitagestour mit dem Porsche 911 (Luftgek\u00fchlter Typ 964) \u2013 Teil 2<\/a><\/p>\n","protected":false},"excerpt":{"rendered":"Vor Kurzem ist mein Mann allein mit seinem luftgek\u00fchlten Porsche auf eine Tour gegangen und hat seine Eindr\u00fccke f\u00fcr uns festgehalten. Wir teilen den Bericht in zwei Teile auf \u2013 viel Spa\u00df beim Lesen! Porsche 911 Tour \u2013 Tag 1 Endlich hatte ich wieder etwas Zeit, also beschloss ich, eine \u00dcbernachtungstour zu machen, die ich schon lange nicht mehr unternommen hatte. Mein Begleiter diesmal war der Porsche 911 Carrera 2 (964). Seit er bei uns...","protected":false},"author":0,"featured_media":17870,"comment_status":"open","ping_status":"closed","sticky":false,"template":"","format":"standard","meta":{"footnotes":"","_locale":"de_DE","_original_post":"https:\/\/www.panamera-life.com\/?p=17708"},"categories":[9,30],"tags":[183,188,190,222,232,240],"yoast_head":"<title>Eine 700 km lange Zweitagestour mit dem Porsche 911 (Luftgek\u00fchlter Typ 964) \u2013 Teil 1 - \u30dd\u30eb\u30b7\u30a7\u304c\u308f\u304c\u5bb6\u306b\u3084\u3063\u3066\u304d\u305f - \u30aa\u30fc\u30ca\u30fc\u30ba\u30d6\u30ed\u30b0<\/title>\n<meta name=\"description\" content=\"Erleben Sie eine 700 km lange Tour mit dem Porsche 911 (Typ 964) \u2013 Tipps zum Porsche kaufen, Porsche Besitz und das einzigartige Porsche Fahrerlebnis.\" \/>\n<meta name=\"robots\" content=\"index, follow, max-snippet:-1, max-image-preview:large, max-video-preview:-1\" \/>\n<link rel=\"canonical\" href=\"https:\/\/www.panamera-life.com\/de\/entry\/\u30dd\u30eb\u30b7\u30a7911\uff08\u7a7a\u51b7-964\u578b\uff09\u3067\u884c\u304f\u4e00\u6cca\u4e8c\u65e5700km\u306e\u65c5\/\" \/>\n<meta property=\"og:locale\" content=\"de_DE\" \/>\n<meta property=\"og:type\" content=\"article\" \/>\n<meta property=\"og:title\" content=\"Eine 700 km lange Zweitagestour mit dem Porsche 911 (Luftgek\u00fchlter Typ 964) \u2013 Teil 1 - \u30dd\u30eb\u30b7\u30a7\u304c\u308f\u304c\u5bb6\u306b\u3084\u3063\u3066\u304d\u305f - \u30aa\u30fc\u30ca\u30fc\u30ba\u30d6\u30ed\u30b0\" \/>\n<meta property=\"og:description\" content=\"Erleben Sie eine 700 km lange Tour mit dem Porsche 911 (Typ 964) \u2013 Tipps zum Porsche kaufen, Porsche Besitz und das einzigartige Porsche Fahrerlebnis.\" \/>\n<meta property=\"og:url\" content=\"https:\/\/www.panamera-life.com\/de\/entry\/\u30dd\u30eb\u30b7\u30a7911\uff08\u7a7a\u51b7-964\u578b\uff09\u3067\u884c\u304f\u4e00\u6cca\u4e8c\u65e5700km\u306e\u65c5\/\" \/>\n<meta property=\"og:site_name\" content=\"\u30dd\u30eb\u30b7\u30a7\u304c\u308f\u304c\u5bb6\u306b\u3084\u3063\u3066\u304d\u305f - \u30aa\u30fc\u30ca\u30fc\u30ba\u30d6\u30ed\u30b0\" \/>\n<meta property=\"article:publisher\" content=\"https:\/\/www.facebook.com\/panameralife\/\" \/>\n<meta property=\"article:published_time\" content=\"2020-04-25T21:00:48+00:00\" \/>\n<meta property=\"article:modified_time\" content=\"2021-05-17T14:22:00+00:00\" \/>\n<meta property=\"og:image\" content=\"https:\/\/www.panamera-life.com\/wp-content\/uploads\/2020\/04\/DSC07811-scaled.jpg\" \/>\n\t<meta property=\"og:image:width\" content=\"2560\" \/>\n\t<meta property=\"og:image:height\" content=\"1707\" \/>\n\t<meta property=\"og:image:type\" content=\"image\/jpeg\" \/>\n<meta name=\"twitter:label1\" content=\"Gesch\u00e4tzte Lesezeit\" \/>\n\t<meta name=\"twitter:data1\" content=\"3\u00a0Minuten\" \/>","yoast_head_json":{"title":"Eine 700 km lange Zweitagestour mit dem Porsche 911 (Luftgek\u00fchlter Typ 964) \u2013 Teil 1 - \u30dd\u30eb\u30b7\u30a7\u304c\u308f\u304c\u5bb6\u306b\u3084\u3063\u3066\u304d\u305f - \u30aa\u30fc\u30ca\u30fc\u30ba\u30d6\u30ed\u30b0","description":"Erleben Sie eine 700 km lange Tour mit dem Porsche 911 (Typ 964) \u2013 Tipps zum Porsche kaufen, Porsche Besitz und das einzigartige Porsche Fahrerlebnis.","robots":{"index":"index","follow":"follow","max-snippet":"max-snippet:-1","max-image-preview":"max-image-preview:large","max-video-preview":"max-video-preview:-1"},"canonical":"https:\/\/www.panamera-life.com\/de\/entry\/\u30dd\u30eb\u30b7\u30a7911\uff08\u7a7a\u51b7-964\u578b\uff09\u3067\u884c\u304f\u4e00\u6cca\u4e8c\u65e5700km\u306e\u65c5\/","og_locale":"de_DE","og_type":"article","og_title":"Eine 700 km lange Zweitagestour mit dem Porsche 911 (Luftgek\u00fchlter Typ 964) \u2013 Teil 1 - \u30dd\u30eb\u30b7\u30a7\u304c\u308f\u304c\u5bb6\u306b\u3084\u3063\u3066\u304d\u305f - \u30aa\u30fc\u30ca\u30fc\u30ba\u30d6\u30ed\u30b0","og_description":"Erleben Sie eine 700 km lange Tour mit dem Porsche 911 (Typ 964) \u2013 Tipps zum Porsche kaufen, Porsche Besitz und das einzigartige Porsche Fahrerlebnis.","og_url":"https:\/\/www.panamera-life.com\/de\/entry\/\u30dd\u30eb\u30b7\u30a7911\uff08\u7a7a\u51b7-964\u578b\uff09\u3067\u884c\u304f\u4e00\u6cca\u4e8c\u65e5700km\u306e\u65c5\/","og_site_name":"\u30dd\u30eb\u30b7\u30a7\u304c\u308f\u304c\u5bb6\u306b\u3084\u3063\u3066\u304d\u305f - \u30aa\u30fc\u30ca\u30fc\u30ba\u30d6\u30ed\u30b0","article_publisher":"https:\/\/www.facebook.com\/panameralife\/","article_published_time":"2020-04-25T21:00:48+00:00","article_modified_time":"2021-05-17T14:22:00+00:00","og_image":[{"width":2560,"height":1707,"url":"https:\/\/www.panamera-life.com\/wp-content\/uploads\/2020\/04\/DSC07811-scaled.jpg","type":"image\/jpeg"}],"twitter_misc":{"Gesch\u00e4tzte Lesezeit":"3\u00a0Minuten"},"schema":{"@context":"https:\/\/schema.org","@graph":[{"@type":"Article","@id":"https:\/\/www.panamera-life.com\/de\/entry\/%e3%83%9d%e3%83%ab%e3%82%b7%e3%82%a7911%ef%bc%88%e7%a9%ba%e5%86%b7-964%e5%9e%8b%ef%bc%89%e3%81%a7%e8%a1%8c%e3%81%8f%e4%b8%80%e6%b3%8a%e4%ba%8c%e6%97%a5700km%e3%81%ae%e6%97%85\/#article","isPartOf":{"@id":"https:\/\/www.panamera-life.com\/de\/entry\/%e3%83%9d%e3%83%ab%e3%82%b7%e3%82%a7911%ef%bc%88%e7%a9%ba%e5%86%b7-964%e5%9e%8b%ef%bc%89%e3%81%a7%e8%a1%8c%e3%81%8f%e4%b8%80%e6%b3%8a%e4%ba%8c%e6%97%a5700km%e3%81%ae%e6%97%85\/"},"author":{"name":"","@id":""},"headline":"Eine 700 km lange Zweitagestour mit dem Porsche 911 (Luftgek\u00fchlter Typ 964) \u2013 Teil 1","datePublished":"2020-04-25T21:00:48+00:00","dateModified":"2021-05-17T14:22:00+00:00","mainEntityOfPage":{"@id":"https:\/\/www.panamera-life.com\/de\/entry\/%e3%83%9d%e3%83%ab%e3%82%b7%e3%82%a7911%ef%bc%88%e7%a9%ba%e5%86%b7-964%e5%9e%8b%ef%bc%89%e3%81%a7%e8%a1%8c%e3%81%8f%e4%b8%80%e6%b3%8a%e4%ba%8c%e6%97%a5700km%e3%81%ae%e6%97%85\/"},"wordCount":799,"commentCount":0,"publisher":{"@id":"https:\/\/www.panamera-life.com\/#organization"},"image":{"@id":"https:\/\/www.panamera-life.com\/de\/entry\/%e3%83%9d%e3%83%ab%e3%82%b7%e3%82%a7911%ef%bc%88%e7%a9%ba%e5%86%b7-964%e5%9e%8b%ef%bc%89%e3%81%a7%e8%a1%8c%e3%81%8f%e4%b8%80%e6%b3%8a%e4%ba%8c%e6%97%a5700km%e3%81%ae%e6%97%85\/#primaryimage"},"thumbnailUrl":"https:\/\/www.panamera-life.com\/wp-content\/uploads\/2020\/04\/DSC07811-scaled.jpg","keywords":["Porsche 911","Luftgek\u00fchlter Porsche","Tourenberichte","964","991","Tiptronic"],"articleSection":["Tourenberichte","Porsche 911"],"inLanguage":"de","potentialAction":[{"@type":"CommentAction","name":"Comment","target":["https:\/\/www.panamera-life.com\/de\/entry\/%e3%83%9d%e3%83%ab%e3%82%b7%e3%82%a7911%ef%bc%88%e7%a9%ba%e5%86%b7-964%e5%9e%8b%ef%bc%89%e3%81%a7%e8%a1%8c%e3%81%8f%e4%b8%80%e6%b3%8a%e4%ba%8c%e6%97%a5700km%e3%81%ae%e6%97%85\/#respond"]}]},{"@type":"WebPage","@id":"https:\/\/www.panamera-life.com\/de\/entry\/%e3%83%9d%e3%83%ab%e3%82%b7%e3%82%a7911%ef%bc%88%e7%a9%ba%e5%86%b7-964%e5%9e%8b%ef%bc%89%e3%81%a7%e8%a1%8c%e3%81%8f%e4%b8%80%e6%b3%8a%e4%ba%8c%e6%97%a5700km%e3%81%ae%e6%97%85\/","url":"https:\/\/www.panamera-life.com\/de\/entry\/%e3%83%9d%e3%83%ab%e3%82%b7%e3%82%a7911%ef%bc%88%e7%a9%ba%e5%86%b7-964%e5%9e%8b%ef%bc%89%e3%81%a7%e8%a1%8c%e3%81%8f%e4%b8%80%e6%b3%8a%e4%ba%8c%e6%97%a5700km%e3%81%ae%e6%97%85\/","name":"Eine 700 km lange Zweitagestour mit dem Porsche 911 (Luftgek\u00fchlter Typ 964) \u2013 Teil 1 - \u30dd\u30eb\u30b7\u30a7\u304c\u308f\u304c\u5bb6\u306b\u3084\u3063\u3066\u304d\u305f - \u30aa\u30fc\u30ca\u30fc\u30ba\u30d6\u30ed\u30b0","isPartOf":{"@id":"https:\/\/www.panamera-life.com\/#website"},"primaryImageOfPage":{"@id":"https:\/\/www.panamera-life.com\/de\/entry\/%e3%83%9d%e3%83%ab%e3%82%b7%e3%82%a7911%ef%bc%88%e7%a9%ba%e5%86%b7-964%e5%9e%8b%ef%bc%89%e3%81%a7%e8%a1%8c%e3%81%8f%e4%b8%80%e6%b3%8a%e4%ba%8c%e6%97%a5700km%e3%81%ae%e6%97%85\/#primaryimage"},"image":{"@id":"https:\/\/www.panamera-life.com\/de\/entry\/%e3%83%9d%e3%83%ab%e3%82%b7%e3%82%a7911%ef%bc%88%e7%a9%ba%e5%86%b7-964%e5%9e%8b%ef%bc%89%e3%81%a7%e8%a1%8c%e3%81%8f%e4%b8%80%e6%b3%8a%e4%ba%8c%e6%97%a5700km%e3%81%ae%e6%97%85\/#primaryimage"},"thumbnailUrl":"https:\/\/www.panamera-life.com\/wp-content\/uploads\/2020\/04\/DSC07811-scaled.jpg","datePublished":"2020-04-25T21:00:48+00:00","dateModified":"2021-05-17T14:22:00+00:00","description":"Erleben Sie eine 700 km lange Tour mit dem Porsche 911 (Typ 964) \u2013 Tipps zum Porsche kaufen, Porsche Besitz und das einzigartige Porsche Fahrerlebnis.","breadcrumb":{"@id":"https:\/\/www.panamera-life.com\/de\/entry\/%e3%83%9d%e3%83%ab%e3%82%b7%e3%82%a7911%ef%bc%88%e7%a9%ba%e5%86%b7-964%e5%9e%8b%ef%bc%89%e3%81%a7%e8%a1%8c%e3%81%8f%e4%b8%80%e6%b3%8a%e4%ba%8c%e6%97%a5700km%e3%81%ae%e6%97%85\/#breadcrumb"},"inLanguage":"de","potentialAction":[{"@type":"ReadAction","target":["https:\/\/www.panamera-life.com\/de\/entry\/%e3%83%9d%e3%83%ab%e3%82%b7%e3%82%a7911%ef%bc%88%e7%a9%ba%e5%86%b7-964%e5%9e%8b%ef%bc%89%e3%81%a7%e8%a1%8c%e3%81%8f%e4%b8%80%e6%b3%8a%e4%ba%8c%e6%97%a5700km%e3%81%ae%e6%97%85\/"]}]},{"@type":"ImageObject","inLanguage":"de","@id":"https:\/\/www.panamera-life.com\/de\/entry\/%e3%83%9d%e3%83%ab%e3%82%b7%e3%82%a7911%ef%bc%88%e7%a9%ba%e5%86%b7-964%e5%9e%8b%ef%bc%89%e3%81%a7%e8%a1%8c%e3%81%8f%e4%b8%80%e6%b3%8a%e4%ba%8c%e6%97%a5700km%e3%81%ae%e6%97%85\/#primaryimage","url":"https:\/\/www.panamera-life.com\/wp-content\/uploads\/2020\/04\/DSC07811-scaled.jpg","contentUrl":"https:\/\/www.panamera-life.com\/wp-content\/uploads\/2020\/04\/DSC07811-scaled.jpg","width":2560,"height":1707,"caption":"\u8eca, \u6d77, \u5c71, \u9053\u8def, \u6d77\u5cb8\u6cbf\u3044\u306e\u9053\u8def, \u99d0\u8eca\u4e2d, PORSCHE, 911, 964"},{"@type":"BreadcrumbList","@id":"https:\/\/www.panamera-life.com\/de\/entry\/%e3%83%9d%e3%83%ab%e3%82%b7%e3%82%a7911%ef%bc%88%e7%a9%ba%e5%86%b7-964%e5%9e%8b%ef%bc%89%e3%81%a7%e8%a1%8c%e3%81%8f%e4%b8%80%e6%b3%8a%e4%ba%8c%e6%97%a5700km%e3%81%ae%e6%97%85\/#breadcrumb","itemListElement":[{"@type":"ListItem","position":1,"name":"\u30db\u30fc\u30e0","item":"https:\/\/www.panamera-life.com\/"},{"@type":"ListItem","position":2,"name":"Eine 700 km lange Zweitagestour mit dem Porsche 911 (Luftgek\u00fchlter Typ 964) \u2013 Teil 1"}]},{"@type":"WebSite","@id":"https:\/\/www.panamera-life.com\/#website","url":"https:\/\/www.panamera-life.com\/","name":"\u30dd\u30eb\u30b7\u30a7\u304c\u308f\u304c\u5bb6\u306b\u3084\u3063\u3066\u304d\u305f - \u30aa\u30fc\u30ca\u30fc\u30ba\u30d6\u30ed\u30b0","description":"\u30dd\u30eb\u30b7\u30a7\u306b\u9b45\u4e86\u3055\u308c\u305f\u59bb\u304c\u66f8\u304f\u30dd\u30eb\u30b7\u30a7\u30d6\u30ed\u30b0\u3067\u3059\u3002\u6240\u6709\u3059\u308b\u30dd\u30eb\u30b7\u30a7 911\u30ab\u30ec\u30e9\uff08964\uff09\u3001911GT3\u3001\u30dc\u30af\u30b9\u30bf\u30fc\u3001\u30d1\u30ca\u30e1\u30fc\u30e9\u306e\u30ec\u30d3\u30e5\u30fc\u3084\u7dad\u6301\u8cbb\u3001\u30c4\u30fc\u30ea\u30f3\u30b0\u8a18\u306a\u3069\u3002\u30cb\u30e5\u30fc\u30b9\u8a18\u4e8b\u3067\u306f\u5206\u304b\u3089\u306a\u3044\u751f\u306e\u30dd\u30eb\u30b7\u30a7\u30aa\u30fc\u30ca\u30fc\u306e\u58f0\u3092\u5b9a\u671f\u914d\u4fe1\u3059\u308b\u30d6\u30ed\u30b0\u3067\u3059\u3002","publisher":{"@id":"https:\/\/www.panamera-life.com\/#organization"},"potentialAction":[{"@type":"SearchAction","target":{"@type":"EntryPoint","urlTemplate":"https:\/\/www.panamera-life.com\/?s={search_term_string}"},"query-input":{"@type":"PropertyValueSpecification","valueRequired":true,"valueName":"search_term_string"}}],"inLanguage":"de"},{"@type":"Organization","@id":"https:\/\/www.panamera-life.com\/#organization","name":"\u30dd\u30eb\u30b7\u30a7\u304c\u308f\u304c\u5bb6\u306b\u3084\u3063\u3066\u304d\u305f","url":"https:\/\/www.panamera-life.com\/","logo":{"@type":"ImageObject","inLanguage":"de","@id":"https:\/\/www.panamera-life.com\/#\/schema\/logo\/image\/","url":"https:\/\/www.panamera-life.com\/wp-content\/uploads\/2021\/05\/unnamed.jpg","contentUrl":"https:\/\/www.panamera-life.com\/wp-content\/uploads\/2021\/05\/unnamed.jpg","width":512,"height":512,"caption":"\u30dd\u30eb\u30b7\u30a7\u304c\u308f\u304c\u5bb6\u306b\u3084\u3063\u3066\u304d\u305f"},"image":{"@id":"https:\/\/www.panamera-life.com\/#\/schema\/logo\/image\/"},"sameAs":["https:\/\/www.facebook.com\/panameralife\/","https:\/\/x.com\/Mina_Panamera","https:\/\/www.instagram.com\/mina_porsche\/","https:\/\/www.youtube.com\/channel\/UCoyAW0ifcnk05Iryf7-bkhg"]}]}},"_links":{"self":[{"href":"https:\/\/www.panamera-life.com\/wp-json\/wp\/v2\/posts\/39469"}],"collection":[{"href":"https:\/\/www.panamera-life.com\/wp-json\/wp\/v2\/posts"}],"about":[{"href":"https:\/\/www.panamera-life.com\/wp-json\/wp\/v2\/types\/post"}],"replies":[{"embeddable":true,"href":"https:\/\/www.panamera-life.com\/wp-json\/wp\/v2\/comments?post=39469"}],"version-history":[{"count":0,"href":"https:\/\/www.panamera-life.com\/wp-json\/wp\/v2\/posts\/39469\/revisions"}],"wp:featuredmedia":[{"embeddable":true,"href":"https:\/\/www.panamera-life.com\/wp-json\/wp\/v2\/media\/17870"}],"wp:attachment":[{"href":"https:\/\/www.panamera-life.com\/wp-json\/wp\/v2\/media?parent=39469"}],"wp:term":[{"taxonomy":"category","embeddable":true,"href":"https:\/\/www.panamera-life.com\/wp-json\/wp\/v2\/categories?post=39469"},{"taxonomy":"post_tag","embeddable":true,"href":"https:\/\/www.panamera-life.com\/wp-json\/wp\/v2\/tags?post=39469"}],"curies":[{"name":"wp","href":"https:\/\/api.w.org\/{rel}","templated":true}]}}