{"id":40643,"date":"2025-06-04T06:00:09","date_gmt":"2025-06-03T21:00:09","guid":{"rendered":"https:\/\/www.panamera-life.com\/?p=40643"},"modified":"2025-06-03T21:06:15","modified_gmt":"2025-06-03T12:06:15","slug":"porsche_suzuka2025","status":"publish","type":"post","link":"https:\/\/www.panamera-life.com\/de\/entry\/porsche_suzuka2025\/","title":{"rendered":"Familienausflug zum Porsche Parade 2025 auf dem Suzuka Circuit!"},"content":{"rendered":"<p>2025 im Mai haben wir endlich an der <strong>Porsche Parade<\/strong> teilgenommen. Die <strong>Porsche Parade<\/strong> ist eine alle zwei Jahre stattfindende Veranstaltung, die vom <a href=\"https:\/\/www.porsche.com\/japan\/jp\/motorsportandevents\/porscheclubs\/porscheclubjapan\/\">Porsche Club Japan<\/a> f\u00fcr Mitglieder organisiert wird. Porsche-Besitzer aus ganz Japan versammeln sich mit ihren Fahrzeugen, um auf der Rennstrecke zu fahren und an einer Parade teilzunehmen \u2013 ein Event, um das <b>Porsche Fahrerlebnis<\/b> in vollen Z\u00fcgen zu genie\u00dfen.<\/b><br \/>\nNormalerweise findet die Parade im Hochsommer im Juli statt, was mit kleinen Kindern schwierig gewesen w\u00e4re. Dieses Jahr wurde sie jedoch Mitte Mai veranstaltet, sodass wir als f\u00fcnfk\u00f6pfige Familie teilnahmen.<br \/>\n<div id=\"ez-toc-container\" class=\"ez-toc-v2_0_74 counter-hierarchy ez-toc-counter ez-toc-grey ez-toc-container-direction\">\n<div class=\"ez-toc-title-container\">\n<p class=\"ez-toc-title\" style=\"cursor:inherit\">\u30b3\u30f3\u30c6\u30f3\u30c4<\/p>\n<span class=\"ez-toc-title-toggle\"><\/span><\/div>\n<nav><ul class='ez-toc-list ez-toc-list-level-1 ' ><li class='ez-toc-page-1 ez-toc-heading-level-3'><a class=\"ez-toc-link ez-toc-heading-1\" href=\"https:\/\/www.panamera-life.com\/de\/entry\/porsche_suzuka2025\/#Mit_zwei_Taycans_durch_den_starken_Regen\" >Mit zwei Taycans durch den starken Regen<\/a><\/li><li class='ez-toc-page-1 ez-toc-heading-level-3'><a class=\"ez-toc-link ez-toc-heading-2\" href=\"https:\/\/www.panamera-life.com\/de\/entry\/porsche_suzuka2025\/#Ohne_Eintritt_in_den_Vergnuegungspark_kein_Zugang_zur_Rennstrecke\" >Ohne Eintritt in den Vergn\u00fcgungspark kein Zugang zur Rennstrecke?<\/a><\/li><li class='ez-toc-page-1 ez-toc-heading-level-3'><a class=\"ez-toc-link ez-toc-heading-3\" href=\"https:\/\/www.panamera-life.com\/de\/entry\/porsche_suzuka2025\/#Der_Taycan_Turbo_GT_Weissach_ist_unglaublich_schnell\" >Der Taycan Turbo GT Weissach ist unglaublich schnell!<\/a><\/li><li class='ez-toc-page-1 ez-toc-heading-level-3'><a class=\"ez-toc-link ez-toc-heading-4\" href=\"https:\/\/www.panamera-life.com\/de\/entry\/porsche_suzuka2025\/#Die_Rueckfahrt_ueber_die_Shin-Meishin_war_ein_Genuss\" >Die R\u00fcckfahrt \u00fcber die Shin-Meishin war ein Genuss<\/a><\/li><\/ul><\/nav><\/div>\n  <\/p>\n<h3 class=\"style3a\"><span class=\"ez-toc-section\" id=\"Mit_zwei_Taycans_durch_den_starken_Regen\"><\/span>Mit zwei Taycans durch den starken Regen<span class=\"ez-toc-section-end\"><\/span><\/h3>\n<p>Mein Mann startete fr\u00fch mit seinem Taycan Turbo GT Weissach-Paket, um an der Rennstreckenfahrt teilzunehmen, w\u00e4hrend wir mit dem Taycan 4S Cross Turismo losfuhren.<br \/>\nOft werde ich gefragt: \u201e<strong>Ist das lange Fahren mit dem Taycan nicht wegen der Reichweite und Ladezeiten problematisch?<\/strong>\u201c Mein Taycan (Modell 2023) schafft bei 100 % Ladung etwa 380 km laut Anzeige, der Taycan meines Mannes sogar \u00fcber 400 km \u2013 also \u00fcberhaupt kein Problem.  <\/p>\n<p>Am Tag der Fahrt regnete es stark, doch der Allradantrieb des Taycan sorgte f\u00fcr eine beeindruckende Stabilit\u00e4t, sodass wir eine sichere und komfortable Fahrt genie\u00dfen konnten.  <\/p>\n<p>Unterwegs legten wir eine Ladepause am Rastplatz Tsuchiyama SA ein. Dort gab es fr\u00fcher nur 90-kW-Ladeger\u00e4te, inzwischen wurde ein 150-kW-Lader installiert \u2013 und er war sogar frei.  <\/p>\n<p>Mittlerweile gibt es immer mehr Schnellladestationen auch auf normalen Stra\u00dfen, und die Ladeinfrastruktur auf der Shin-Meishin- und Shin-Tomei-Autobahn hat sich deutlich verbessert. So konnten wir entspannt essen, w\u00e4hrend der Wagen vollgeladen wurde \u2013 eine sehr effiziente Pause (lacht).  <\/p>\n<h3 class=\"style3a\"><span class=\"ez-toc-section\" id=\"Ohne_Eintritt_in_den_Vergnuegungspark_kein_Zugang_zur_Rennstrecke\"><\/span>Ohne Eintritt in den Vergn\u00fcgungspark kein Zugang zur Rennstrecke?<span class=\"ez-toc-section-end\"><\/span><\/h3>\n<p>Am fr\u00fchen Nachmittag war mein Mann bereits auf der Rennstrecke angekommen, wir checkten im Suzuka Circuit Hotel ein. Da die Porsche Parade eine exklusive Veranstaltung f\u00fcr Clubmitglieder ist, durften wir mit unserem zweiten Fahrzeug nicht direkt auf das Veranstaltungsgel\u00e4nde fahren. Stattdessen gab es die Anweisung: \u201e<strong>Bitte parken Sie am Suzuka Circuit Hotel und gehen Sie zu Fu\u00df zum Circuit.<\/strong>\u201c  <\/p>\n<p>Das war schon etwas umst\u00e4ndlich, aber als wir zu Fu\u00df zum Circuit gehen wollten, erwartete uns eine unerwartete H\u00fcrde:  <\/p>\n<p><strong>Der Zugang zum Suzuka Circuit war nur mit einem Eintrittsticket f\u00fcr den Suzuka Circuit Park (Vergn\u00fcgungspark) m\u00f6glich.<\/strong>  <\/p>\n<p>\u201eWas? Wir wollen doch nur zur Rennstrecke, nicht in den Vergn\u00fcgungspark\u201c, erkl\u00e4rten wir am Eingang, obwohl ich f\u00fcr die Porsche Parade bereits ein Ticket hatte. Die Antwort lautete: \u201e<strong>Die Rennstrecke befindet sich innerhalb des Vergn\u00fcgungsparks, daher ist das nicht m\u00f6glich.<\/strong>\u201c  <\/p>\n<p>Also kauften wir Tageskarten mit unbegrenzter Nutzung f\u00fcr drei Kinder und einen Erwachsenen und gingen hinein.  <\/p>\n<p>Wie zu erwarten, wollten die Kinder lieber im Vergn\u00fcgungspark bleiben als zur Rennstrecke zu gehen, sodass wir den ersten Tag fast komplett im Park verbrachten (lacht).  <\/p>\n<p><a href=\"https:\/\/www.panamera-life.com\/wp-content\/uploads\/2025\/06\/IMG_0139.heic\"><img loading=\"lazy\" decoding=\"async\" class=\"alignnone size-large wp-image-40465\" src=\"https:\/\/www.panamera-life.com\/wp-content\/uploads\/2025\/06\/\u30b9\u30af\u30ea\u30fc\u30f3\u30b7\u30e7\u30c3\u30c8-2025-06-03-12.38.47-1280x862.jpg\" alt=\"\" width=\"1280\" height=\"862\" \/><img decoding=\"async\" class=\"alignnone size-full wp-image-40463\" src=\"https:\/\/www.panamera-life.com\/wp-content\/uploads\/2025\/06\/IMG_0139.heic\" alt=\"\" \/><\/a>  <\/p>\n<p>Am Vormittag regnete es stark, am Nachmittag h\u00f6rte der Regen auf, es gab nur noch leichten Nieselregen. Der Vergn\u00fcgungspark war fast leer, sodass wir ohne Wartezeiten fahren konnten \u2013 ein Gl\u00fccksfall. F\u00fcr die Kinder war es ein perfekter Tag, also war es am Ende doch eine sch\u00f6ne Erfahrung (lacht).  <\/p>\n<h3 class=\"style3a\"><span class=\"ez-toc-section\" id=\"Der_Taycan_Turbo_GT_Weissach_ist_unglaublich_schnell\"><\/span>Der Taycan Turbo GT Weissach ist unglaublich schnell!<span class=\"ez-toc-section-end\"><\/span><\/h3>\n<p>W\u00e4hrend die Kinder im Park spielten, schauten wir kurz bei der Rennstrecke vorbei und konnten die Fahrt meines Mannes beobachten. Die Geschwindigkeit des Taycan Turbo GT Weissach-Pakets war beeindruckend. Es ging nicht um Zeitrennen, sondern um Fahrspa\u00df, doch er \u00fcberholte ein Fahrzeug nach dem anderen \u2013 eine wahre Dominanz.  <\/p>\n<p>Er ist wirklich zu schnell. Wenn es einen Taycan Turbo GT Weissach Cup g\u00e4be, w\u00fcrde ich definitiv zuschauen (lacht).  <\/p>\n<p><img loading=\"lazy\" decoding=\"async\" class=\"alignnone size-large wp-image-40466\" src=\"https:\/\/www.panamera-life.com\/wp-content\/uploads\/2025\/06\/IMG_0187-960x1280.jpg\" alt=\"Porsche Parade\" width=\"960\" height=\"1280\" \/>  <\/p>\n<p>Mein Mann hatte zuvor schon mit dem Taycan an einer Veranstaltung auf dem Fuji Speedway teilgenommen, konnte damals aber wegen roter Flaggen nicht richtig fahren. Diesmal konnte er die Rennstrecke voll auskosten. Selbst nach 30 Minuten Fahrt gab es keine Anzeichen von Batterie-\u00dcberhitzung \u2013 der Taycan zeigte eine stabile Leistung wie ein \u201eunerm\u00fcdlicher Eisenmann\u201c. (Er startete mit 90 % Ladung und hatte noch 30 % Restkapazit\u00e4t.)  <\/p>\n<p>Am zweiten Tag schien die Sonne auf Suzuka, es war fast schon hei\u00df. Mein Mann und unser Sohn nahmen an der Parade teil. Dort konnten wir eine beeindruckende Vielfalt an Porsche-Modellen aus ganz Japan bewundern \u2013 von aktuellen Modellen wie dem 718 Spyder RS bis hin zu musealen Klassikern wie dem 356.  <\/p>\n<p>Die Parade dauerte etwa eine Stunde. Unser Sohn war begeistert, doch f\u00fcr uns wartenden Erwachsenen gab es wenig zu tun, sodass ich und meine beiden T\u00f6chter die Zeit im Auto mit YouTube \u00fcberbr\u00fcckten.  <\/p>\n<p><img loading=\"lazy\" decoding=\"async\" class=\"alignnone size-large wp-image-40551\" src=\"https:\/\/www.panamera-life.com\/wp-content\/uploads\/2025\/06\/IMG_0160-1-1280x960.jpg\" alt=\"\" width=\"1280\" height=\"960\" \/>  <\/p>\n<h3 class=\"style3a\"><span class=\"ez-toc-section\" id=\"Die_Rueckfahrt_ueber_die_Shin-Meishin_war_ein_Genuss\"><\/span>Die R\u00fcckfahrt \u00fcber die Shin-Meishin war ein Genuss<span class=\"ez-toc-section-end\"><\/span><\/h3>\n<p>Es war unser erstes Mal bei der Porsche Parade, und ich denke, es ist besser, wenn wir das n\u00e4chste Mal ohne Kinder als Paar teilnehmen. Mit Kindern ist es doch etwas anstrengend.  <\/p>\n<p>Positiv war, dass die R\u00fcckfahrt \u00fcber die Shin-Meishin-Autobahn fast leer war (teilweise gesperrt?), sodass wir ab der Stelle, an der die Sperrung endete, v\u00f6llig allein auf der dreispurigen Autobahn fahren konnten \u2013 ein einmaliges Erlebnis.  <\/p>\n<p>R\u00fcckblickend war es eine abenteuerliche Reise, aber mit sch\u00f6nen Erinnerungen: der Regen h\u00f6rte auf, wir hatten Sonnenschein, das Fahrgef\u00fchl im Taycan war gro\u00dfartig, und es wurde ein tolles Familienerlebnis. Im Juni steht bereits unser n\u00e4chstes Auto-Event an, und ich hoffe, wir k\u00f6nnen wieder als Familie Spa\u00df haben.<\/p>\n","protected":false},"excerpt":{"rendered":"2025 im Mai haben wir endlich an der Porsche Parade teilgenommen. Die Porsche Parade ist eine alle zwei Jahre stattfindende Veranstaltung, die vom Porsche Club Japan f\u00fcr Mitglieder organisiert wird. Porsche-Besitzer aus ganz Japan versammeln sich mit ihren Fahrzeugen, um auf der Rennstrecke zu fahren und an einer Parade teilzunehmen \u2013 ein Event, um das Porsche Fahrerlebnis in vollen Z\u00fcgen zu genie\u00dfen. Normalerweise findet die Parade im Hochsommer im Juli statt, was mit kleinen Kindern...","protected":false},"author":0,"featured_media":40462,"comment_status":"open","ping_status":"closed","sticky":false,"template":"","format":"standard","meta":{"footnotes":"","_locale":"de_DE","_original_post":"https:\/\/www.panamera-life.com\/?p=40024"},"categories":[2],"tags":[241],"yoast_head":"<title>Familienausflug zum Porsche Parade 2025 auf dem Suzuka Circuit! - \u30dd\u30eb\u30b7\u30a7\u304c\u308f\u304c\u5bb6\u306b\u3084\u3063\u3066\u304d\u305f - \u30aa\u30fc\u30ca\u30fc\u30ba\u30d6\u30ed\u30b0<\/title>\n<meta name=\"description\" content=\"Im Mai 2025 erlebte unsere Familie die Porsche Parade mit Taycan-Fahrten, einem Vergn\u00fcgungspark-Ticket-Trick und spannenden Rennstrecken- sowie Paradefahrten.\" \/>\n<meta name=\"robots\" content=\"index, follow, max-snippet:-1, max-image-preview:large, max-video-preview:-1\" \/>\n<link rel=\"canonical\" href=\"https:\/\/www.panamera-life.com\/de\/entry\/porsche_suzuka2025\/\" \/>\n<meta property=\"og:locale\" content=\"de_DE\" \/>\n<meta property=\"og:type\" content=\"article\" \/>\n<meta property=\"og:title\" content=\"Familienausflug zum Porsche Parade 2025 auf dem Suzuka Circuit! - \u30dd\u30eb\u30b7\u30a7\u304c\u308f\u304c\u5bb6\u306b\u3084\u3063\u3066\u304d\u305f - \u30aa\u30fc\u30ca\u30fc\u30ba\u30d6\u30ed\u30b0\" \/>\n<meta property=\"og:description\" content=\"Im Mai 2025 erlebte unsere Familie die Porsche Parade mit Taycan-Fahrten, einem Vergn\u00fcgungspark-Ticket-Trick und spannenden Rennstrecken- sowie Paradefahrten.\" \/>\n<meta property=\"og:url\" content=\"https:\/\/www.panamera-life.com\/de\/entry\/porsche_suzuka2025\/\" \/>\n<meta property=\"og:site_name\" content=\"\u30dd\u30eb\u30b7\u30a7\u304c\u308f\u304c\u5bb6\u306b\u3084\u3063\u3066\u304d\u305f - \u30aa\u30fc\u30ca\u30fc\u30ba\u30d6\u30ed\u30b0\" \/>\n<meta property=\"article:publisher\" content=\"https:\/\/www.facebook.com\/panameralife\/\" \/>\n<meta property=\"article:published_time\" content=\"2025-06-03T21:00:09+00:00\" \/>\n<meta property=\"article:modified_time\" content=\"2025-06-03T12:06:15+00:00\" \/>\n<meta property=\"og:image\" content=\"https:\/\/www.panamera-life.com\/wp-content\/uploads\/2025\/06\/IMG_0199-1280x960.jpg\" \/>\n\t<meta property=\"og:image:width\" content=\"1280\" \/>\n\t<meta property=\"og:image:height\" content=\"960\" \/>\n\t<meta property=\"og:image:type\" content=\"image\/jpeg\" \/>\n<meta name=\"twitter:label1\" content=\"Gesch\u00e4tzte Lesezeit\" \/>\n\t<meta name=\"twitter:data1\" content=\"4\u00a0Minuten\" \/>","yoast_head_json":{"title":"Familienausflug zum Porsche Parade 2025 auf dem Suzuka Circuit! - \u30dd\u30eb\u30b7\u30a7\u304c\u308f\u304c\u5bb6\u306b\u3084\u3063\u3066\u304d\u305f - \u30aa\u30fc\u30ca\u30fc\u30ba\u30d6\u30ed\u30b0","description":"Im Mai 2025 erlebte unsere Familie die Porsche Parade mit Taycan-Fahrten, einem Vergn\u00fcgungspark-Ticket-Trick und spannenden Rennstrecken- sowie Paradefahrten.","robots":{"index":"index","follow":"follow","max-snippet":"max-snippet:-1","max-image-preview":"max-image-preview:large","max-video-preview":"max-video-preview:-1"},"canonical":"https:\/\/www.panamera-life.com\/de\/entry\/porsche_suzuka2025\/","og_locale":"de_DE","og_type":"article","og_title":"Familienausflug zum Porsche Parade 2025 auf dem Suzuka Circuit! - \u30dd\u30eb\u30b7\u30a7\u304c\u308f\u304c\u5bb6\u306b\u3084\u3063\u3066\u304d\u305f - \u30aa\u30fc\u30ca\u30fc\u30ba\u30d6\u30ed\u30b0","og_description":"Im Mai 2025 erlebte unsere Familie die Porsche Parade mit Taycan-Fahrten, einem Vergn\u00fcgungspark-Ticket-Trick und spannenden Rennstrecken- sowie Paradefahrten.","og_url":"https:\/\/www.panamera-life.com\/de\/entry\/porsche_suzuka2025\/","og_site_name":"\u30dd\u30eb\u30b7\u30a7\u304c\u308f\u304c\u5bb6\u306b\u3084\u3063\u3066\u304d\u305f - \u30aa\u30fc\u30ca\u30fc\u30ba\u30d6\u30ed\u30b0","article_publisher":"https:\/\/www.facebook.com\/panameralife\/","article_published_time":"2025-06-03T21:00:09+00:00","article_modified_time":"2025-06-03T12:06:15+00:00","og_image":[{"width":1280,"height":960,"url":"https:\/\/www.panamera-life.com\/wp-content\/uploads\/2025\/06\/IMG_0199-1280x960.jpg","type":"image\/jpeg"}],"twitter_misc":{"Gesch\u00e4tzte Lesezeit":"4\u00a0Minuten"},"schema":{"@context":"https:\/\/schema.org","@graph":[{"@type":"Article","@id":"https:\/\/www.panamera-life.com\/de\/entry\/porsche_suzuka2025\/#article","isPartOf":{"@id":"https:\/\/www.panamera-life.com\/de\/entry\/porsche_suzuka2025\/"},"author":{"name":"","@id":""},"headline":"Familienausflug zum Porsche Parade 2025 auf dem Suzuka Circuit!","datePublished":"2025-06-03T21:00:09+00:00","dateModified":"2025-06-03T12:06:15+00:00","mainEntityOfPage":{"@id":"https:\/\/www.panamera-life.com\/de\/entry\/porsche_suzuka2025\/"},"wordCount":886,"commentCount":0,"publisher":{"@id":"https:\/\/www.panamera-life.com\/#organization"},"image":{"@id":"https:\/\/www.panamera-life.com\/de\/entry\/porsche_suzuka2025\/#primaryimage"},"thumbnailUrl":"https:\/\/www.panamera-life.com\/wp-content\/uploads\/2025\/06\/IMG_0199.jpg","keywords":["Circuit"],"articleSection":["Unser Auto\u2011Leben"],"inLanguage":"de","potentialAction":[{"@type":"CommentAction","name":"Comment","target":["https:\/\/www.panamera-life.com\/de\/entry\/porsche_suzuka2025\/#respond"]}]},{"@type":"WebPage","@id":"https:\/\/www.panamera-life.com\/de\/entry\/porsche_suzuka2025\/","url":"https:\/\/www.panamera-life.com\/de\/entry\/porsche_suzuka2025\/","name":"Familienausflug zum Porsche Parade 2025 auf dem Suzuka Circuit! - \u30dd\u30eb\u30b7\u30a7\u304c\u308f\u304c\u5bb6\u306b\u3084\u3063\u3066\u304d\u305f - \u30aa\u30fc\u30ca\u30fc\u30ba\u30d6\u30ed\u30b0","isPartOf":{"@id":"https:\/\/www.panamera-life.com\/#website"},"primaryImageOfPage":{"@id":"https:\/\/www.panamera-life.com\/de\/entry\/porsche_suzuka2025\/#primaryimage"},"image":{"@id":"https:\/\/www.panamera-life.com\/de\/entry\/porsche_suzuka2025\/#primaryimage"},"thumbnailUrl":"https:\/\/www.panamera-life.com\/wp-content\/uploads\/2025\/06\/IMG_0199.jpg","datePublished":"2025-06-03T21:00:09+00:00","dateModified":"2025-06-03T12:06:15+00:00","description":"Im Mai 2025 erlebte unsere Familie die Porsche Parade mit Taycan-Fahrten, einem Vergn\u00fcgungspark-Ticket-Trick und spannenden Rennstrecken- sowie Paradefahrten.","breadcrumb":{"@id":"https:\/\/www.panamera-life.com\/de\/entry\/porsche_suzuka2025\/#breadcrumb"},"inLanguage":"de","potentialAction":[{"@type":"ReadAction","target":["https:\/\/www.panamera-life.com\/de\/entry\/porsche_suzuka2025\/"]}]},{"@type":"ImageObject","inLanguage":"de","@id":"https:\/\/www.panamera-life.com\/de\/entry\/porsche_suzuka2025\/#primaryimage","url":"https:\/\/www.panamera-life.com\/wp-content\/uploads\/2025\/06\/IMG_0199.jpg","contentUrl":"https:\/\/www.panamera-life.com\/wp-content\/uploads\/2025\/06\/IMG_0199.jpg","width":4032,"height":3024,"caption":"\u30dd\u30eb\u30b7\u30a7\u30d1\u30ec\u30fc\u30c9 | \u8eca, \u4eba, \u89b3\u89a7\u8eca, \u99d0\u8eca\u5834, \u30b5\u30fc\u30ad\u30c3\u30c8, \u30b5\u30fc\u30ad\u30c3\u30c8, \u99d0\u8eca\u5834, \u30a4\u30d9\u30f3\u30c8, PORSCHE, 911, 718, Cayman, Boxster, Taycan, Macan, Cayenne, Panamera, 992, 991, 997, 981, 982"},{"@type":"BreadcrumbList","@id":"https:\/\/www.panamera-life.com\/de\/entry\/porsche_suzuka2025\/#breadcrumb","itemListElement":[{"@type":"ListItem","position":1,"name":"\u30db\u30fc\u30e0","item":"https:\/\/www.panamera-life.com\/"},{"@type":"ListItem","position":2,"name":"Familienausflug zum Porsche Parade 2025 auf dem Suzuka Circuit!"}]},{"@type":"WebSite","@id":"https:\/\/www.panamera-life.com\/#website","url":"https:\/\/www.panamera-life.com\/","name":"\u30dd\u30eb\u30b7\u30a7\u304c\u308f\u304c\u5bb6\u306b\u3084\u3063\u3066\u304d\u305f - \u30aa\u30fc\u30ca\u30fc\u30ba\u30d6\u30ed\u30b0","description":"\u30dd\u30eb\u30b7\u30a7\u306b\u9b45\u4e86\u3055\u308c\u305f\u59bb\u304c\u66f8\u304f\u30dd\u30eb\u30b7\u30a7\u30d6\u30ed\u30b0\u3067\u3059\u3002\u6240\u6709\u3059\u308b\u30dd\u30eb\u30b7\u30a7 911\u30ab\u30ec\u30e9\uff08964\uff09\u3001911GT3\u3001\u30dc\u30af\u30b9\u30bf\u30fc\u3001\u30d1\u30ca\u30e1\u30fc\u30e9\u306e\u30ec\u30d3\u30e5\u30fc\u3084\u7dad\u6301\u8cbb\u3001\u30c4\u30fc\u30ea\u30f3\u30b0\u8a18\u306a\u3069\u3002\u30cb\u30e5\u30fc\u30b9\u8a18\u4e8b\u3067\u306f\u5206\u304b\u3089\u306a\u3044\u751f\u306e\u30dd\u30eb\u30b7\u30a7\u30aa\u30fc\u30ca\u30fc\u306e\u58f0\u3092\u5b9a\u671f\u914d\u4fe1\u3059\u308b\u30d6\u30ed\u30b0\u3067\u3059\u3002","publisher":{"@id":"https:\/\/www.panamera-life.com\/#organization"},"potentialAction":[{"@type":"SearchAction","target":{"@type":"EntryPoint","urlTemplate":"https:\/\/www.panamera-life.com\/?s={search_term_string}"},"query-input":{"@type":"PropertyValueSpecification","valueRequired":true,"valueName":"search_term_string"}}],"inLanguage":"de"},{"@type":"Organization","@id":"https:\/\/www.panamera-life.com\/#organization","name":"\u30dd\u30eb\u30b7\u30a7\u304c\u308f\u304c\u5bb6\u306b\u3084\u3063\u3066\u304d\u305f","url":"https:\/\/www.panamera-life.com\/","logo":{"@type":"ImageObject","inLanguage":"de","@id":"https:\/\/www.panamera-life.com\/#\/schema\/logo\/image\/","url":"https:\/\/www.panamera-life.com\/wp-content\/uploads\/2021\/05\/unnamed.jpg","contentUrl":"https:\/\/www.panamera-life.com\/wp-content\/uploads\/2021\/05\/unnamed.jpg","width":512,"height":512,"caption":"\u30dd\u30eb\u30b7\u30a7\u304c\u308f\u304c\u5bb6\u306b\u3084\u3063\u3066\u304d\u305f"},"image":{"@id":"https:\/\/www.panamera-life.com\/#\/schema\/logo\/image\/"},"sameAs":["https:\/\/www.facebook.com\/panameralife\/","https:\/\/x.com\/Mina_Panamera","https:\/\/www.instagram.com\/mina_porsche\/","https:\/\/www.youtube.com\/channel\/UCoyAW0ifcnk05Iryf7-bkhg"]}]}},"_links":{"self":[{"href":"https:\/\/www.panamera-life.com\/wp-json\/wp\/v2\/posts\/40643"}],"collection":[{"href":"https:\/\/www.panamera-life.com\/wp-json\/wp\/v2\/posts"}],"about":[{"href":"https:\/\/www.panamera-life.com\/wp-json\/wp\/v2\/types\/post"}],"replies":[{"embeddable":true,"href":"https:\/\/www.panamera-life.com\/wp-json\/wp\/v2\/comments?post=40643"}],"version-history":[{"count":0,"href":"https:\/\/www.panamera-life.com\/wp-json\/wp\/v2\/posts\/40643\/revisions"}],"wp:featuredmedia":[{"embeddable":true,"href":"https:\/\/www.panamera-life.com\/wp-json\/wp\/v2\/media\/40462"}],"wp:attachment":[{"href":"https:\/\/www.panamera-life.com\/wp-json\/wp\/v2\/media?parent=40643"}],"wp:term":[{"taxonomy":"category","embeddable":true,"href":"https:\/\/www.panamera-life.com\/wp-json\/wp\/v2\/categories?post=40643"},{"taxonomy":"post_tag","embeddable":true,"href":"https:\/\/www.panamera-life.com\/wp-json\/wp\/v2\/tags?post=40643"}],"curies":[{"name":"wp","href":"https:\/\/api.w.org\/{rel}","templated":true}]}}