{"id":41097,"date":"2025-06-07T08:00:41","date_gmt":"2025-06-06T23:00:41","guid":{"rendered":"https:\/\/www.panamera-life.com\/?p=41097"},"modified":"2025-06-06T23:25:19","modified_gmt":"2025-06-06T14:25:19","slug":"%e3%82%bf%e3%82%a4%e3%82%ab%e3%83%b3%e3%82%bf%e3%83%bc%e3%83%9cgt%e3%81%8c%e5%a4%89%e3%81%88%e3%81%a6%e3%81%97%e3%81%be%e3%81%a3%e3%81%9f%e7%a7%81%e3%81%ae%e3%82%af%e3%83%ab%e3%83%9e%e3%81%b8%e3%81%ae","status":"publish","type":"post","link":"https:\/\/www.panamera-life.com\/de\/entry\/%e3%82%bf%e3%82%a4%e3%82%ab%e3%83%b3%e3%82%bf%e3%83%bc%e3%83%9cgt%e3%81%8c%e5%a4%89%e3%81%88%e3%81%a6%e3%81%97%e3%81%be%e3%81%a3%e3%81%9f%e7%a7%81%e3%81%ae%e3%82%af%e3%83%ab%e3%83%9e%e3%81%b8%e3%81%ae\/","title":{"rendered":"Wie der Taycan Turbo GT meine Sicht auf Autos ver\u00e4nderte \u2013 Meine Leidenschaft f\u00fcr den 911 und neue Ma\u00dfst\u00e4be"},"content":{"rendered":"<div id=\"ez-toc-container\" class=\"ez-toc-v2_0_74 counter-hierarchy ez-toc-counter ez-toc-grey ez-toc-container-direction\">\n<div class=\"ez-toc-title-container\">\n<p class=\"ez-toc-title\" style=\"cursor:inherit\">\u30b3\u30f3\u30c6\u30f3\u30c4<\/p>\n<span class=\"ez-toc-title-toggle\"><\/span><\/div>\n<nav><ul class='ez-toc-list ez-toc-list-level-1 ' ><li class='ez-toc-page-1 ez-toc-heading-level-3'><a class=\"ez-toc-link ez-toc-heading-1\" href=\"https:\/\/www.panamera-life.com\/de\/entry\/%e3%82%bf%e3%82%a4%e3%82%ab%e3%83%b3%e3%82%bf%e3%83%bc%e3%83%9cgt%e3%81%8c%e5%a4%89%e3%81%88%e3%81%a6%e3%81%97%e3%81%be%e3%81%a3%e3%81%9f%e7%a7%81%e3%81%ae%e3%82%af%e3%83%ab%e3%83%9e%e3%81%b8%e3%81%ae\/#Der_Taycan_Turbo_GT_%E2%80%93_eine_Klasse_fuer_sich\" >Der Taycan Turbo GT \u2013 eine Klasse f\u00fcr sich<\/a><\/li><li class='ez-toc-page-1 ez-toc-heading-level-3'><a class=\"ez-toc-link ez-toc-heading-2\" href=\"https:\/\/www.panamera-life.com\/de\/entry\/%e3%82%bf%e3%82%a4%e3%82%ab%e3%83%b3%e3%82%bf%e3%83%bc%e3%83%9cgt%e3%81%8c%e5%a4%89%e3%81%88%e3%81%a6%e3%81%97%e3%81%be%e3%81%a3%e3%81%9f%e7%a7%81%e3%81%ae%e3%82%af%e3%83%ab%e3%83%9e%e3%81%b8%e3%81%ae\/#Bekannte_berichten_von_einer_%E2%80%9EVeraenderung_der_Werte%E2%80%9C\" >Bekannte berichten von einer \u201eVer\u00e4nderung der Werte\u201c<\/a><\/li><li class='ez-toc-page-1 ez-toc-heading-level-3'><a class=\"ez-toc-link ez-toc-heading-3\" href=\"https:\/\/www.panamera-life.com\/de\/entry\/%e3%82%bf%e3%82%a4%e3%82%ab%e3%83%b3%e3%82%bf%e3%83%bc%e3%83%9cgt%e3%81%8c%e5%a4%89%e3%81%88%e3%81%a6%e3%81%97%e3%81%be%e3%81%a3%e3%81%9f%e7%a7%81%e3%81%ae%e3%82%af%e3%83%ab%e3%83%9e%e3%81%b8%e3%81%ae\/#Der_Moment_in_dem_sich_meine_Liebe_zum_911_wandelte\" >Der Moment, in dem sich meine Liebe zum 911 wandelte<\/a><\/li><li class='ez-toc-page-1 ez-toc-heading-level-3'><a class=\"ez-toc-link ez-toc-heading-4\" href=\"https:\/\/www.panamera-life.com\/de\/entry\/%e3%82%bf%e3%82%a4%e3%82%ab%e3%83%b3%e3%82%bf%e3%83%bc%e3%83%9cgt%e3%81%8c%e5%a4%89%e3%81%88%e3%81%a6%e3%81%97%e3%81%be%e3%81%a3%e3%81%9f%e7%a7%81%e3%81%ae%e3%82%af%e3%83%ab%e3%83%9e%e3%81%b8%e3%81%ae\/#Der_niedrige_Schwerpunkt_als_Schluessel_zur_ueberragenden_Fahrdynamik\" >Der niedrige Schwerpunkt als Schl\u00fcssel zur \u00fcberragenden Fahrdynamik<\/a><\/li><li class='ez-toc-page-1 ez-toc-heading-level-3'><a class=\"ez-toc-link ez-toc-heading-5\" href=\"https:\/\/www.panamera-life.com\/de\/entry\/%e3%82%bf%e3%82%a4%e3%82%ab%e3%83%b3%e3%82%bf%e3%83%bc%e3%83%9cgt%e3%81%8c%e5%a4%89%e3%81%88%e3%81%a6%e3%81%97%e3%81%be%e3%81%a3%e3%81%9f%e7%a7%81%e3%81%ae%e3%82%af%e3%83%ab%e3%83%9e%e3%81%b8%e3%81%ae\/#Neue_Massstaebe_bei_der_Autowahl_und_Erwartungen_an_die_Zukunft\" >Neue Ma\u00dfst\u00e4be bei der Autowahl und Erwartungen an die Zukunft<\/a><\/li><\/ul><\/nav><\/div>\n\n<h3 class=\"style3a\"><span class=\"ez-toc-section\" id=\"Der_Taycan_Turbo_GT_%E2%80%93_eine_Klasse_fuer_sich\"><\/span>Der Taycan Turbo GT \u2013 eine Klasse f\u00fcr sich<span class=\"ez-toc-section-end\"><\/span><\/h3>\n<p>Seit der Taycan Turbo GT mit dem Weissach-Paket in meinen H\u00e4nden ist, hat sich meine Einstellung zum Auto grundlegend gewandelt. Ich bin bereits verschiedene Taycan-Modelle gefahren, doch der Turbo GT ist buchst\u00e4blich <strong>ein anderes Kaliber<\/strong>. Wenn man es mit dem 911 vergleicht, entspricht der Unterschied etwa dem zwischen <strong>einem Carrera und einem GT3<\/strong>. Vielleicht sogar noch gr\u00f6\u00dfer.<\/p>\n<p>Was macht dieses Auto so besonders?<\/p>\n<p>Es ist die Kombination aus herausragender Fahrdynamik und gleichzeitig hohem Komfort \u2013 zwei eigentlich gegens\u00e4tzliche Eigenschaften, die hier bis zum \u00c4u\u00dfersten vereint sind. Fr\u00fcher habe ich den Panamera Turbo als \u201eeine perfekte Balance aus Sportlichkeit und Komfort\u201c gelobt, doch der Turbo GT \u00fcbertrifft das bei Weitem. Er dominiert herk\u00f6mmliche 911er in Sachen Fahrleistung und \u00fcbertrifft gleichzeitig Panamera und Cayenne in puncto Komfort. Ein derart extremes Leistungsniveau in einem einzigen Fahrzeug habe ich sonst nirgendwo erlebt.<\/p>\n<h3 class=\"style3a\"><span class=\"ez-toc-section\" id=\"Bekannte_berichten_von_einer_%E2%80%9EVeraenderung_der_Werte%E2%80%9C\"><\/span>Bekannte berichten von einer \u201eVer\u00e4nderung der Werte\u201c<span class=\"ez-toc-section-end\"><\/span><\/h3>\n<p><img loading=\"lazy\" decoding=\"async\" class=\"alignnone size-large wp-image-41085\" src=\"https:\/\/www.panamera-life.com\/wp-content\/uploads\/2025\/06\/DSC06091-1280x853.jpeg\" alt=\"Fahrt mit dem Taycan Turbo GT Weissach-Paket\" width=\"1280\" height=\"853\" \/><\/p>\n<p>Viele Bekannte durften den Taycan Turbo GT fahren, und ihre Reaktionen sind nahezu identisch.<\/p>\n<p><strong>\u201eDer Komfort ist unglaublich\u201c, \u201eDas ver\u00e4ndert die eigene Wertvorstellung\u201c<\/strong> sind S\u00e4tze, die immer wieder fallen. Ein 911-Besitzer, der k\u00fcrzlich mitfuhr, entschied sofort: \u201eDas wird mein n\u00e4chstes Auto.\u201c<\/p>\n<p>Besonders eindrucksvoll waren seine Worte auf X: <strong>\u201eIm Vergleich zum Carrera ist der Turbo GT in Beschleunigung, Fahrwerk und Komfort \u00fcberlegen. Gibt es im Alltag ein Auto, das den Turbo GT schlagen kann? Selbst der n\u00e4chste Turbo S wird es schwer haben.\u201c<\/strong> Dem stimme ich voll und ganz zu. Mit konventionellem Antrieb ist der 911 kaum noch konkurrenzf\u00e4hig. <strong>Der einzige Weg zum Sieg ist wohl die Elektrifizierung des 911<\/strong>, so gro\u00df ist der Unterschied.<\/p>\n<h3 class=\"style3a\"><span class=\"ez-toc-section\" id=\"Der_Moment_in_dem_sich_meine_Liebe_zum_911_wandelte\"><\/span>Der Moment, in dem sich meine Liebe zum 911 wandelte<span class=\"ez-toc-section-end\"><\/span><\/h3>\n<p>Nachdem ich den Turbo GT erlebt habe, verblasst die Faszination f\u00fcr den 911 als das ultimative Sportwagen-Ikone zunehmend.<\/p>\n<p>Nat\u00fcrlich erkenne ich die einzigartigen Qualit\u00e4ten des 911 an. Seine gr\u00f6\u00dfte St\u00e4rke war immer, ein Hochleistungssportwagen zu sein, der sich zugleich im Alltag problemlos fahren l\u00e4sst. Porsche\u2019s Philosophie \u201eRace on Sunday, drive on Monday\u201c verk\u00f6rpert der 911 wie kein anderes Modell.<\/p>\n<p>Doch der Taycan Turbo GT <strong>setzt dieses Konzept auf einem noch h\u00f6heren Niveau um<\/strong>. Er \u00fcbertrifft den 911 sowohl auf der Rennstrecke am Wochenende als auch im t\u00e4glichen Pendelverkehr. Dadurch schwindet mein Verlangen nach einem aktuellen 911. Nur noch klassische luftgek\u00fchlte 911er wecken echtes Interesse. F\u00fcr mich gibt es nur noch zwei Extreme: klassische Porsche oder den Taycan Turbo GT.<\/p>\n<p><img loading=\"lazy\" decoding=\"async\" class=\"alignnone size-large wp-image-41076\" src=\"https:\/\/www.panamera-life.com\/wp-content\/uploads\/2025\/06\/DSC06115-1280x853.jpeg\" alt=\"Taycan Turbo GT Weissach-Paket\" width=\"1280\" height=\"853\" \/><\/p>\n<h3 class=\"style3a\"><span class=\"ez-toc-section\" id=\"Der_niedrige_Schwerpunkt_als_Schluessel_zur_ueberragenden_Fahrdynamik\"><\/span>Der niedrige Schwerpunkt als Schl\u00fcssel zur \u00fcberragenden Fahrdynamik<span class=\"ez-toc-section-end\"><\/span><\/h3>\n<p>Der Schwerpunkt des Taycan soll sogar noch niedriger liegen als der des GT3 \u2013 ein Eindruck, den man besonders in der letzten Schikane der Suzuka-Rennstrecke sp\u00fcrt. Im Vergleich zu Boxster oder 911 f\u00e4hrt sich der Turbo GT deutlich pr\u00e4ziser und stabiler durch die Kurven. Diese physikalische \u00dcberlegenheit ist mit einem Verbrennungsmotor nicht zu schlagen.<\/p>\n<p><img loading=\"lazy\" decoding=\"async\" class=\"alignnone size-large wp-image-41094\" src=\"https:\/\/www.panamera-life.com\/wp-content\/uploads\/2025\/06\/IMG_4939-1280x960.jpg\" alt=\"Taycan Turbo GT Weissach-Paket\" width=\"1280\" height=\"960\" \/><\/p>\n<p>Angesichts dieser Realit\u00e4t bin ich \u00fcberzeugt, dass der Weg zu noch leistungsf\u00e4higeren 911 oder 718 nur \u00fcber die Elektrifizierung f\u00fchrt. Egal wie sehr Motor und Fahrwerk optimiert werden, gegen die physikalischen Vorteile eines niedrigen Schwerpunkts kommt man nicht an. Ich hoffe sogar, dass Porsche bald den Schritt zum EV wagt und ultimative \u201eSuper-911\u201c oder \u201eSuper-718\u201c Modelle entwickelt.<\/p>\n<h3 class=\"style3a\"><span class=\"ez-toc-section\" id=\"Neue_Massstaebe_bei_der_Autowahl_und_Erwartungen_an_die_Zukunft\"><\/span>Neue Ma\u00dfst\u00e4be bei der Autowahl und Erwartungen an die Zukunft<span class=\"ez-toc-section-end\"><\/span><\/h3>\n<p><img loading=\"lazy\" decoding=\"async\" class=\"alignnone size-large wp-image-36127\" src=\"https:\/\/www.panamera-life.com\/wp-content\/uploads\/2025\/04\/GlBALKnXoAAjwbc-1280x960.jpeg\" alt=\"Taycan Turbo GT Weissach-Paket\" width=\"1280\" height=\"960\" \/><\/p>\n<p>Autos, die leistungstechnisch zwischen klassischen Porsche und dem Turbo GT liegen, wirken durch das Erscheinen des Turbo GT pl\u00f6tzlich unbefriedigend. Zwar werden sie Jahr f\u00fcr Jahr besser, doch der Turbo GT hat eine so hohe Messlatte gesetzt, dass ich denke: \u201eDann lieber ein \u00e4lteres Modell\u201c oder \u201eEs muss nicht so schnell sein.\u201c<\/p>\n<p>Entweder ein leichter, weniger leistungsstarker Wagen wie ein Mazda Roadster, ein klassischer Porsche oder eben der Turbo GT \u2013 das sind die einzigen Optionen, die mich noch begeistern.<\/p>\n<p>Das ist keine Kritik am 911. Im Gegenteil: Als Porsche-Enthusiast bin ich <strong>vollkommen fasziniert von der teuflischen Anziehungskraft des Turbo GT<\/strong>. Vor dem Fahren dieses Autos h\u00e4tte ich mir eine solche Ver\u00e4nderung meiner Werte nicht vorstellen k\u00f6nnen. Vielleicht werde ich eine Weile von keinem anderen Auto mehr so beeindruckt sein. So sehr hat der Taycan Turbo GT meine Sicht auf Autos grundlegend ver\u00e4ndert.<\/p>\n","protected":false},"excerpt":{"rendered":"Der Taycan Turbo GT \u2013 eine Klasse f\u00fcr sich Seit der Taycan Turbo GT mit dem Weissach-Paket in meinen H\u00e4nden ist, hat sich meine Einstellung zum Auto grundlegend gewandelt. Ich bin bereits verschiedene Taycan-Modelle gefahren, doch der Turbo GT ist buchst\u00e4blich ein anderes Kaliber. Wenn man es mit dem 911 vergleicht, entspricht der Unterschied etwa dem zwischen einem Carrera und einem GT3. Vielleicht sogar noch gr\u00f6\u00dfer. Was macht dieses Auto so besonders? Es ist die...","protected":false},"author":0,"featured_media":41080,"comment_status":"open","ping_status":"closed","sticky":false,"template":"","format":"standard","meta":{"footnotes":"","_locale":"de_DE","_original_post":"https:\/\/www.panamera-life.com\/?p=41093"},"categories":[271,62],"tags":[183,185,352,378],"yoast_head":"<title>Wie der Taycan Turbo GT meine Sicht auf Autos ver\u00e4nderte \u2013 Meine Leidenschaft f\u00fcr den 911 und neue Ma\u00dfst\u00e4be - \u30dd\u30eb\u30b7\u30a7\u304c\u308f\u304c\u5bb6\u306b\u3084\u3063\u3066\u304d\u305f - \u30aa\u30fc\u30ca\u30fc\u30ba\u30d6\u30ed\u30b0<\/title>\n<meta name=\"description\" content=\"Wie der Taycan Turbo GT meine Sicht auf Porsche Besitz und Fahrerlebnis revolutionierte \u2013 unvergleichliche Performance und Komfort auf neuem Niveau.\" \/>\n<meta name=\"robots\" content=\"index, follow, max-snippet:-1, max-image-preview:large, max-video-preview:-1\" \/>\n<link rel=\"canonical\" href=\"https:\/\/www.panamera-life.com\/de\/entry\/\u30bf\u30a4\u30ab\u30f3\u30bf\u30fc\u30dcgt\u304c\u5909\u3048\u3066\u3057\u307e\u3063\u305f\u79c1\u306e\u30af\u30eb\u30de\u3078\u306e\/\" \/>\n<meta property=\"og:locale\" content=\"de_DE\" \/>\n<meta property=\"og:type\" content=\"article\" \/>\n<meta property=\"og:title\" content=\"Wie der Taycan Turbo GT meine Sicht auf Autos ver\u00e4nderte \u2013 Meine Leidenschaft f\u00fcr den 911 und neue Ma\u00dfst\u00e4be - \u30dd\u30eb\u30b7\u30a7\u304c\u308f\u304c\u5bb6\u306b\u3084\u3063\u3066\u304d\u305f - \u30aa\u30fc\u30ca\u30fc\u30ba\u30d6\u30ed\u30b0\" \/>\n<meta property=\"og:description\" content=\"Wie der Taycan Turbo GT meine Sicht auf Porsche Besitz und Fahrerlebnis revolutionierte \u2013 unvergleichliche Performance und Komfort auf neuem Niveau.\" \/>\n<meta property=\"og:url\" content=\"https:\/\/www.panamera-life.com\/de\/entry\/\u30bf\u30a4\u30ab\u30f3\u30bf\u30fc\u30dcgt\u304c\u5909\u3048\u3066\u3057\u307e\u3063\u305f\u79c1\u306e\u30af\u30eb\u30de\u3078\u306e\/\" \/>\n<meta property=\"og:site_name\" content=\"\u30dd\u30eb\u30b7\u30a7\u304c\u308f\u304c\u5bb6\u306b\u3084\u3063\u3066\u304d\u305f - \u30aa\u30fc\u30ca\u30fc\u30ba\u30d6\u30ed\u30b0\" \/>\n<meta property=\"article:publisher\" content=\"https:\/\/www.facebook.com\/panameralife\/\" \/>\n<meta property=\"article:published_time\" content=\"2025-06-06T23:00:41+00:00\" \/>\n<meta property=\"article:modified_time\" content=\"2025-06-06T14:25:19+00:00\" \/>\n<meta property=\"og:image\" content=\"https:\/\/www.panamera-life.com\/wp-content\/uploads\/2025\/06\/DSC04559-1280x853.jpeg\" \/>\n\t<meta property=\"og:image:width\" content=\"1280\" \/>\n\t<meta property=\"og:image:height\" content=\"853\" \/>\n\t<meta property=\"og:image:type\" content=\"image\/jpeg\" \/>\n<meta name=\"twitter:label1\" content=\"Gesch\u00e4tzte Lesezeit\" \/>\n\t<meta name=\"twitter:data1\" content=\"3\u00a0Minuten\" \/>","yoast_head_json":{"title":"Wie der Taycan Turbo GT meine Sicht auf Autos ver\u00e4nderte \u2013 Meine Leidenschaft f\u00fcr den 911 und neue Ma\u00dfst\u00e4be - \u30dd\u30eb\u30b7\u30a7\u304c\u308f\u304c\u5bb6\u306b\u3084\u3063\u3066\u304d\u305f - \u30aa\u30fc\u30ca\u30fc\u30ba\u30d6\u30ed\u30b0","description":"Wie der Taycan Turbo GT meine Sicht auf Porsche Besitz und Fahrerlebnis revolutionierte \u2013 unvergleichliche Performance und Komfort auf neuem Niveau.","robots":{"index":"index","follow":"follow","max-snippet":"max-snippet:-1","max-image-preview":"max-image-preview:large","max-video-preview":"max-video-preview:-1"},"canonical":"https:\/\/www.panamera-life.com\/de\/entry\/\u30bf\u30a4\u30ab\u30f3\u30bf\u30fc\u30dcgt\u304c\u5909\u3048\u3066\u3057\u307e\u3063\u305f\u79c1\u306e\u30af\u30eb\u30de\u3078\u306e\/","og_locale":"de_DE","og_type":"article","og_title":"Wie der Taycan Turbo GT meine Sicht auf Autos ver\u00e4nderte \u2013 Meine Leidenschaft f\u00fcr den 911 und neue Ma\u00dfst\u00e4be - \u30dd\u30eb\u30b7\u30a7\u304c\u308f\u304c\u5bb6\u306b\u3084\u3063\u3066\u304d\u305f - \u30aa\u30fc\u30ca\u30fc\u30ba\u30d6\u30ed\u30b0","og_description":"Wie der Taycan Turbo GT meine Sicht auf Porsche Besitz und Fahrerlebnis revolutionierte \u2013 unvergleichliche Performance und Komfort auf neuem Niveau.","og_url":"https:\/\/www.panamera-life.com\/de\/entry\/\u30bf\u30a4\u30ab\u30f3\u30bf\u30fc\u30dcgt\u304c\u5909\u3048\u3066\u3057\u307e\u3063\u305f\u79c1\u306e\u30af\u30eb\u30de\u3078\u306e\/","og_site_name":"\u30dd\u30eb\u30b7\u30a7\u304c\u308f\u304c\u5bb6\u306b\u3084\u3063\u3066\u304d\u305f - \u30aa\u30fc\u30ca\u30fc\u30ba\u30d6\u30ed\u30b0","article_publisher":"https:\/\/www.facebook.com\/panameralife\/","article_published_time":"2025-06-06T23:00:41+00:00","article_modified_time":"2025-06-06T14:25:19+00:00","og_image":[{"width":1280,"height":853,"url":"https:\/\/www.panamera-life.com\/wp-content\/uploads\/2025\/06\/DSC04559-1280x853.jpeg","type":"image\/jpeg"}],"twitter_misc":{"Gesch\u00e4tzte Lesezeit":"3\u00a0Minuten"},"schema":{"@context":"https:\/\/schema.org","@graph":[{"@type":"Article","@id":"https:\/\/www.panamera-life.com\/de\/entry\/%e3%82%bf%e3%82%a4%e3%82%ab%e3%83%b3%e3%82%bf%e3%83%bc%e3%83%9cgt%e3%81%8c%e5%a4%89%e3%81%88%e3%81%a6%e3%81%97%e3%81%be%e3%81%a3%e3%81%9f%e7%a7%81%e3%81%ae%e3%82%af%e3%83%ab%e3%83%9e%e3%81%b8%e3%81%ae\/#article","isPartOf":{"@id":"https:\/\/www.panamera-life.com\/de\/entry\/%e3%82%bf%e3%82%a4%e3%82%ab%e3%83%b3%e3%82%bf%e3%83%bc%e3%83%9cgt%e3%81%8c%e5%a4%89%e3%81%88%e3%81%a6%e3%81%97%e3%81%be%e3%81%a3%e3%81%9f%e7%a7%81%e3%81%ae%e3%82%af%e3%83%ab%e3%83%9e%e3%81%b8%e3%81%ae\/"},"author":{"name":"","@id":""},"headline":"Wie der Taycan Turbo GT meine Sicht auf Autos ver\u00e4nderte \u2013 Meine Leidenschaft f\u00fcr den 911 und neue Ma\u00dfst\u00e4be","datePublished":"2025-06-06T23:00:41+00:00","dateModified":"2025-06-06T14:25:19+00:00","mainEntityOfPage":{"@id":"https:\/\/www.panamera-life.com\/de\/entry\/%e3%82%bf%e3%82%a4%e3%82%ab%e3%83%b3%e3%82%bf%e3%83%bc%e3%83%9cgt%e3%81%8c%e5%a4%89%e3%81%88%e3%81%a6%e3%81%97%e3%81%be%e3%81%a3%e3%81%9f%e7%a7%81%e3%81%ae%e3%82%af%e3%83%ab%e3%83%9e%e3%81%b8%e3%81%ae\/"},"wordCount":717,"commentCount":0,"publisher":{"@id":"https:\/\/www.panamera-life.com\/#organization"},"image":{"@id":"https:\/\/www.panamera-life.com\/de\/entry\/%e3%82%bf%e3%82%a4%e3%82%ab%e3%83%b3%e3%82%bf%e3%83%bc%e3%83%9cgt%e3%81%8c%e5%a4%89%e3%81%88%e3%81%a6%e3%81%97%e3%81%be%e3%81%a3%e3%81%9f%e7%a7%81%e3%81%ae%e3%82%af%e3%83%ab%e3%83%9e%e3%81%b8%e3%81%ae\/#primaryimage"},"thumbnailUrl":"https:\/\/www.panamera-life.com\/wp-content\/uploads\/2025\/06\/DSC04559.jpeg","keywords":["Porsche 911","Porsche Taycan","EV","PORSCHE"],"articleSection":["Faszination Porsche","Porsche Taycan"],"inLanguage":"de","potentialAction":[{"@type":"CommentAction","name":"Comment","target":["https:\/\/www.panamera-life.com\/de\/entry\/%e3%82%bf%e3%82%a4%e3%82%ab%e3%83%b3%e3%82%bf%e3%83%bc%e3%83%9cgt%e3%81%8c%e5%a4%89%e3%81%88%e3%81%a6%e3%81%97%e3%81%be%e3%81%a3%e3%81%9f%e7%a7%81%e3%81%ae%e3%82%af%e3%83%ab%e3%83%9e%e3%81%b8%e3%81%ae\/#respond"]}]},{"@type":"WebPage","@id":"https:\/\/www.panamera-life.com\/de\/entry\/%e3%82%bf%e3%82%a4%e3%82%ab%e3%83%b3%e3%82%bf%e3%83%bc%e3%83%9cgt%e3%81%8c%e5%a4%89%e3%81%88%e3%81%a6%e3%81%97%e3%81%be%e3%81%a3%e3%81%9f%e7%a7%81%e3%81%ae%e3%82%af%e3%83%ab%e3%83%9e%e3%81%b8%e3%81%ae\/","url":"https:\/\/www.panamera-life.com\/de\/entry\/%e3%82%bf%e3%82%a4%e3%82%ab%e3%83%b3%e3%82%bf%e3%83%bc%e3%83%9cgt%e3%81%8c%e5%a4%89%e3%81%88%e3%81%a6%e3%81%97%e3%81%be%e3%81%a3%e3%81%9f%e7%a7%81%e3%81%ae%e3%82%af%e3%83%ab%e3%83%9e%e3%81%b8%e3%81%ae\/","name":"Wie der Taycan Turbo GT meine Sicht auf Autos ver\u00e4nderte \u2013 Meine Leidenschaft f\u00fcr den 911 und neue Ma\u00dfst\u00e4be - \u30dd\u30eb\u30b7\u30a7\u304c\u308f\u304c\u5bb6\u306b\u3084\u3063\u3066\u304d\u305f - \u30aa\u30fc\u30ca\u30fc\u30ba\u30d6\u30ed\u30b0","isPartOf":{"@id":"https:\/\/www.panamera-life.com\/#website"},"primaryImageOfPage":{"@id":"https:\/\/www.panamera-life.com\/de\/entry\/%e3%82%bf%e3%82%a4%e3%82%ab%e3%83%b3%e3%82%bf%e3%83%bc%e3%83%9cgt%e3%81%8c%e5%a4%89%e3%81%88%e3%81%a6%e3%81%97%e3%81%be%e3%81%a3%e3%81%9f%e7%a7%81%e3%81%ae%e3%82%af%e3%83%ab%e3%83%9e%e3%81%b8%e3%81%ae\/#primaryimage"},"image":{"@id":"https:\/\/www.panamera-life.com\/de\/entry\/%e3%82%bf%e3%82%a4%e3%82%ab%e3%83%b3%e3%82%bf%e3%83%bc%e3%83%9cgt%e3%81%8c%e5%a4%89%e3%81%88%e3%81%a6%e3%81%97%e3%81%be%e3%81%a3%e3%81%9f%e7%a7%81%e3%81%ae%e3%82%af%e3%83%ab%e3%83%9e%e3%81%b8%e3%81%ae\/#primaryimage"},"thumbnailUrl":"https:\/\/www.panamera-life.com\/wp-content\/uploads\/2025\/06\/DSC04559.jpeg","datePublished":"2025-06-06T23:00:41+00:00","dateModified":"2025-06-06T14:25:19+00:00","description":"Wie der Taycan Turbo GT meine Sicht auf Porsche Besitz und Fahrerlebnis revolutionierte \u2013 unvergleichliche Performance und Komfort auf neuem Niveau.","breadcrumb":{"@id":"https:\/\/www.panamera-life.com\/de\/entry\/%e3%82%bf%e3%82%a4%e3%82%ab%e3%83%b3%e3%82%bf%e3%83%bc%e3%83%9cgt%e3%81%8c%e5%a4%89%e3%81%88%e3%81%a6%e3%81%97%e3%81%be%e3%81%a3%e3%81%9f%e7%a7%81%e3%81%ae%e3%82%af%e3%83%ab%e3%83%9e%e3%81%b8%e3%81%ae\/#breadcrumb"},"inLanguage":"de","potentialAction":[{"@type":"ReadAction","target":["https:\/\/www.panamera-life.com\/de\/entry\/%e3%82%bf%e3%82%a4%e3%82%ab%e3%83%b3%e3%82%bf%e3%83%bc%e3%83%9cgt%e3%81%8c%e5%a4%89%e3%81%88%e3%81%a6%e3%81%97%e3%81%be%e3%81%a3%e3%81%9f%e7%a7%81%e3%81%ae%e3%82%af%e3%83%ab%e3%83%9e%e3%81%b8%e3%81%ae\/"]}]},{"@type":"ImageObject","inLanguage":"de","@id":"https:\/\/www.panamera-life.com\/de\/entry\/%e3%82%bf%e3%82%a4%e3%82%ab%e3%83%b3%e3%82%bf%e3%83%bc%e3%83%9cgt%e3%81%8c%e5%a4%89%e3%81%88%e3%81%a6%e3%81%97%e3%81%be%e3%81%a3%e3%81%9f%e7%a7%81%e3%81%ae%e3%82%af%e3%83%ab%e3%83%9e%e3%81%b8%e3%81%ae\/#primaryimage","url":"https:\/\/www.panamera-life.com\/wp-content\/uploads\/2025\/06\/DSC04559.jpeg","contentUrl":"https:\/\/www.panamera-life.com\/wp-content\/uploads\/2025\/06\/DSC04559.jpeg","width":3936,"height":2624,"caption":"\u30bf\u30a4\u30ab\u30f3\u30bf\u30fc\u30dcGT \u30f4\u30a1\u30a4\u30b6\u30c3\u30cf\u30d1\u30c3\u30b1\u30fc\u30b8 | \u8eca, \u5c71, \u9053\u8def, \u6728, \u7a7a, \u5c71\u9053, \u5c4b\u5916, \u30c9\u30e9\u30a4\u30d6, PORSCHE, Taycan"},{"@type":"BreadcrumbList","@id":"https:\/\/www.panamera-life.com\/de\/entry\/%e3%82%bf%e3%82%a4%e3%82%ab%e3%83%b3%e3%82%bf%e3%83%bc%e3%83%9cgt%e3%81%8c%e5%a4%89%e3%81%88%e3%81%a6%e3%81%97%e3%81%be%e3%81%a3%e3%81%9f%e7%a7%81%e3%81%ae%e3%82%af%e3%83%ab%e3%83%9e%e3%81%b8%e3%81%ae\/#breadcrumb","itemListElement":[{"@type":"ListItem","position":1,"name":"\u30db\u30fc\u30e0","item":"https:\/\/www.panamera-life.com\/"},{"@type":"ListItem","position":2,"name":"Wie der Taycan Turbo GT meine Sicht auf Autos ver\u00e4nderte \u2013 Meine Leidenschaft f\u00fcr den 911 und neue Ma\u00dfst\u00e4be"}]},{"@type":"WebSite","@id":"https:\/\/www.panamera-life.com\/#website","url":"https:\/\/www.panamera-life.com\/","name":"\u30dd\u30eb\u30b7\u30a7\u304c\u308f\u304c\u5bb6\u306b\u3084\u3063\u3066\u304d\u305f - \u30aa\u30fc\u30ca\u30fc\u30ba\u30d6\u30ed\u30b0","description":"\u30dd\u30eb\u30b7\u30a7\u306b\u9b45\u4e86\u3055\u308c\u305f\u59bb\u304c\u66f8\u304f\u30dd\u30eb\u30b7\u30a7\u30d6\u30ed\u30b0\u3067\u3059\u3002\u6240\u6709\u3059\u308b\u30dd\u30eb\u30b7\u30a7 911\u30ab\u30ec\u30e9\uff08964\uff09\u3001911GT3\u3001\u30dc\u30af\u30b9\u30bf\u30fc\u3001\u30d1\u30ca\u30e1\u30fc\u30e9\u306e\u30ec\u30d3\u30e5\u30fc\u3084\u7dad\u6301\u8cbb\u3001\u30c4\u30fc\u30ea\u30f3\u30b0\u8a18\u306a\u3069\u3002\u30cb\u30e5\u30fc\u30b9\u8a18\u4e8b\u3067\u306f\u5206\u304b\u3089\u306a\u3044\u751f\u306e\u30dd\u30eb\u30b7\u30a7\u30aa\u30fc\u30ca\u30fc\u306e\u58f0\u3092\u5b9a\u671f\u914d\u4fe1\u3059\u308b\u30d6\u30ed\u30b0\u3067\u3059\u3002","publisher":{"@id":"https:\/\/www.panamera-life.com\/#organization"},"potentialAction":[{"@type":"SearchAction","target":{"@type":"EntryPoint","urlTemplate":"https:\/\/www.panamera-life.com\/?s={search_term_string}"},"query-input":{"@type":"PropertyValueSpecification","valueRequired":true,"valueName":"search_term_string"}}],"inLanguage":"de"},{"@type":"Organization","@id":"https:\/\/www.panamera-life.com\/#organization","name":"\u30dd\u30eb\u30b7\u30a7\u304c\u308f\u304c\u5bb6\u306b\u3084\u3063\u3066\u304d\u305f","url":"https:\/\/www.panamera-life.com\/","logo":{"@type":"ImageObject","inLanguage":"de","@id":"https:\/\/www.panamera-life.com\/#\/schema\/logo\/image\/","url":"https:\/\/www.panamera-life.com\/wp-content\/uploads\/2021\/05\/unnamed.jpg","contentUrl":"https:\/\/www.panamera-life.com\/wp-content\/uploads\/2021\/05\/unnamed.jpg","width":512,"height":512,"caption":"\u30dd\u30eb\u30b7\u30a7\u304c\u308f\u304c\u5bb6\u306b\u3084\u3063\u3066\u304d\u305f"},"image":{"@id":"https:\/\/www.panamera-life.com\/#\/schema\/logo\/image\/"},"sameAs":["https:\/\/www.facebook.com\/panameralife\/","https:\/\/x.com\/Mina_Panamera","https:\/\/www.instagram.com\/mina_porsche\/","https:\/\/www.youtube.com\/channel\/UCoyAW0ifcnk05Iryf7-bkhg"]}]}},"_links":{"self":[{"href":"https:\/\/www.panamera-life.com\/wp-json\/wp\/v2\/posts\/41097"}],"collection":[{"href":"https:\/\/www.panamera-life.com\/wp-json\/wp\/v2\/posts"}],"about":[{"href":"https:\/\/www.panamera-life.com\/wp-json\/wp\/v2\/types\/post"}],"replies":[{"embeddable":true,"href":"https:\/\/www.panamera-life.com\/wp-json\/wp\/v2\/comments?post=41097"}],"version-history":[{"count":0,"href":"https:\/\/www.panamera-life.com\/wp-json\/wp\/v2\/posts\/41097\/revisions"}],"wp:featuredmedia":[{"embeddable":true,"href":"https:\/\/www.panamera-life.com\/wp-json\/wp\/v2\/media\/41080"}],"wp:attachment":[{"href":"https:\/\/www.panamera-life.com\/wp-json\/wp\/v2\/media?parent=41097"}],"wp:term":[{"taxonomy":"category","embeddable":true,"href":"https:\/\/www.panamera-life.com\/wp-json\/wp\/v2\/categories?post=41097"},{"taxonomy":"post_tag","embeddable":true,"href":"https:\/\/www.panamera-life.com\/wp-json\/wp\/v2\/tags?post=41097"}],"curies":[{"name":"wp","href":"https:\/\/api.w.org\/{rel}","templated":true}]}}