{"id":44638,"date":"2026-03-11T06:00:41","date_gmt":"2026-03-10T21:00:41","guid":{"rendered":"https:\/\/www.panamera-life.com\/?p=44638"},"modified":"2026-03-09T16:10:39","modified_gmt":"2026-03-09T07:10:39","slug":"magnus-sell","status":"publish","type":"post","link":"https:\/\/www.panamera-life.com\/de\/entry\/magnus-sell\/","title":{"rendered":"Magnus Walker versteigert 50 Jahre Porsche-Sammlung \u2013 Gedanken eines Besitzers von sieben Fahrzeugen"},"content":{"rendered":"<div id=\"ez-toc-container\" class=\"ez-toc-v2_0_74 counter-hierarchy ez-toc-counter ez-toc-grey ez-toc-container-direction\">\n<div class=\"ez-toc-title-container\">\n<p class=\"ez-toc-title\" style=\"cursor:inherit\">\u30b3\u30f3\u30c6\u30f3\u30c4<\/p>\n<span class=\"ez-toc-title-toggle\"><\/span><\/div>\n<nav><ul class='ez-toc-list ez-toc-list-level-1 ' ><li class='ez-toc-page-1 ez-toc-heading-level-3'><a class=\"ez-toc-link ez-toc-heading-1\" href=\"https:\/\/www.panamera-life.com\/de\/entry\/magnus-sell\/#%E2%80%9EUrban_Outlaw%E2%80%9C_gibt_alles_auf\" >\u201eUrban Outlaw\u201c gibt alles auf<\/a><\/li><li class='ez-toc-page-1 ez-toc-heading-level-3'><a class=\"ez-toc-link ez-toc-heading-2\" href=\"https:\/\/www.panamera-life.com\/de\/entry\/magnus-sell\/#%E2%80%9ESpass_wurde_zur_Last%E2%80%9C_%E2%80%93_eine_ehrliche_Selbsterkenntnis\" >\u201eSpa\u00df wurde zur Last\u201c \u2013 eine ehrliche Selbsterkenntnis<\/a><\/li><li class='ez-toc-page-1 ez-toc-heading-level-3'><a class=\"ez-toc-link ez-toc-heading-3\" href=\"https:\/\/www.panamera-life.com\/de\/entry\/magnus-sell\/#Meine_eigenen_Erfahrungen_mit_sieben_Fahrzeugen\" >Meine eigenen Erfahrungen mit sieben Fahrzeugen<\/a><\/li><li class='ez-toc-page-1 ez-toc-heading-level-3'><a class=\"ez-toc-link ez-toc-heading-4\" href=\"https:\/\/www.panamera-life.com\/de\/entry\/magnus-sell\/#Was_uns_die_%E2%80%9EHaeutungs%E2%80%9C-Philosophie_lehrt\" >Was uns die \u201eH\u00e4utungs\u201c-Philosophie lehrt<\/a><\/li><\/ul><\/nav><\/div>\n\n<h3 class=\"style3a\"><span class=\"ez-toc-section\" id=\"%E2%80%9EUrban_Outlaw%E2%80%9C_gibt_alles_auf\"><\/span>\u201eUrban Outlaw\u201c gibt alles auf<span class=\"ez-toc-section-end\"><\/span><\/h3>\n<p>Magnus Walker ist aus der Porsche-Szene in Los Angeles nicht wegzudenken.<br \/>\nMit seinem einzigartigen Stil und den ma\u00dfgeschneiderten Vintage-911-Modellen sowie seinem Spitznamen \u201eUrban Outlaw\u201c hat er sich einen besonderen Namen gemacht. Pers\u00f6nlich bewundere ich ihn als Porsche-Enthusiasten, und seine Videos sehe ich mir oft noch heute an.<\/p>\n<div class=\"ytube\"><iframe loading=\"lazy\" title=\"YouTube video player\" src=\"https:\/\/www.youtube.com\/embed\/xQcjM6cKxdU?si=Q4FrHSmTy5GxJpHs\" width=\"560\" height=\"315\" frameborder=\"0\" allowfullscreen=\"allowfullscreen\"><\/iframe><\/div>\n<p>Jetzt plant er, seine nahezu 50 Jahre aufgebaute Sammlung bei einer Auktion im M\u00e4rz 2026 zu verkaufen. In Zusammenarbeit mit RM Sotheby\u2019s findet die \u201eMagnus Walker: The Outlaw Collection\u201c vom 18. bis 25. M\u00e4rz statt, bei der<strong> 162 Lose mit 18 Fahrzeugen<\/strong> auf einmal versteigert werden. Darunter ist unter anderem ein 1976er 911 Carrera 2.7 MFI, von dem weltweit nur 113 St\u00fcck existieren \u2013 eine wahrhaft beeindruckende Auswahl.<\/p>\n<p>Walker beschreibt diese Entscheidung mit dem Begriff \u201eshedding skin (H\u00e4utung)\u201c. F\u00fcr mich geht es dabei nicht nur um einen Verkauf, sondern um ein symbolisches Schlie\u00dfen eines Lebenskapitels.<\/p>\n<h3 class=\"style3a\"><span class=\"ez-toc-section\" id=\"%E2%80%9ESpass_wurde_zur_Last%E2%80%9C_%E2%80%93_eine_ehrliche_Selbsterkenntnis\"><\/span>\u201eSpa\u00df wurde zur Last\u201c \u2013 eine ehrliche Selbsterkenntnis<span class=\"ez-toc-section-end\"><\/span><\/h3>\n<p>Der Satz, der mich am meisten ber\u00fchrt hat, stammt von Walker selbst:  <\/p>\n<p>\u201e<strong>Mein Hobby war au\u00dfer Kontrolle geraten und der Spa\u00df wandelte sich zur Last<\/strong>.\u201c Viele Sammler nennen als Gr\u00fcnde f\u00fcr den Verkauf finanzielle Engp\u00e4sse oder Platzmangel. Walker hingegen gesteht offen, dass die Leidenschaft so \u00fcberw\u00e4ltigend wurde, dass sie sich wie eine Pflicht anf\u00fchlte. Seine positive Sichtweise, diese Phase als \u201eH\u00e4utung\u201c zu sehen, finde ich sehr bewundernswert. Das Gef\u00fchl, dass Leidenschaft \u00fcberhandnimmt und man die Kontrolle verliert, kennen vermutlich viele Autoenthusiasten in unterschiedlichem Ma\u00dfe.<\/p>\n<div id=\"attachment_44395\" style=\"width: 1290px\" class=\"wp-caption alignnone\"><img loading=\"lazy\" decoding=\"async\" aria-describedby=\"caption-attachment-44395\" class=\"size-large wp-image-44395\" src=\"https:\/\/www.panamera-life.com\/wp-content\/uploads\/2026\/03\/21305569129_8707f9fa75_h-1280x848.jpg\" alt=\"\" width=\"1280\" height=\"848\" \/><p id=\"caption-attachment-44395\" class=\"wp-caption-text\">Foto von Steven Tyler PJs (Flickr)<\/p><\/div>\n<h3 class=\"style3a\"><span class=\"ez-toc-section\" id=\"Meine_eigenen_Erfahrungen_mit_sieben_Fahrzeugen\"><\/span>Meine eigenen Erfahrungen mit sieben Fahrzeugen<span class=\"ez-toc-section-end\"><\/span><\/h3>\n<p>Auch ich als Besitzer mehrerer Fahrzeuge kann das nachvollziehen.  <\/p>\n<p>Aktuell habe ich sieben Autos in meiner Garage. Porsche-Modelle sind der 718 Spyder RS, der Taycan Turbo GT, der 964 C2 und der 981 Boxster GTS. Au\u00dferdem besitze ich einen Mercedes SL400, einen Tesla Model 3 sowie den Taycan 4S Cross Turismo meiner Frau. Jedes einzelne sch\u00e4tze ich so sehr, dass ich keinen Anlass sehe, eines davon abzugeben. F\u00fcr entspannte Ausfahrten auf Bergstra\u00dfen greife ich zum 981 Boxster GTS oder dem 718 Spyder RS. M\u00f6chte ich gem\u00fctlich cruisen, kommen SL400 oder Model 3 zum Einsatz. F\u00fcr die Kombination aus GT3-Porsche-Handling und dem sanften Drehmoment eines EV ist der Taycan Turbo GT mein Favorit. Der 964 ist dank seiner Vielseitigkeit in jeder Situation ein zuverl\u00e4ssiger Genuss. <strong>Weil jeder Wagen klar definierte Aufgaben erf\u00fcllt, kommt ein Verkauf momentan nicht in Frage.<\/strong><\/p>\n<p><img loading=\"lazy\" decoding=\"async\" class=\"alignnone size-large wp-image-35288\" src=\"https:\/\/www.panamera-life.com\/wp-content\/uploads\/2025\/01\/GgGiJvebYAUASVd-1280x960.jpeg\" alt=\"Luftgek\u00fchlter Porsche 964\" width=\"1280\" height=\"960\" \/><\/p>\n<p>Dennoch verstehe ich Walker, wenn er von einem leichten Unwohlsein spricht.  <\/p>\n<p>Man hat immer nur einen K\u00f6rper \u2013 auch bei sieben Fahrzeugen kann man jeweils immer nur eins gleichzeitig fahren. Wenn die Anzahl der nicht gefahrenen Autos steigt, summiert sich eine unterschwellige Art von Stress. Das Gef\u00fchl, manchen Wagen nicht ausreichend gerecht zu werden, l\u00e4sst sich nicht verbergen. Manchmal erinnern mich Leser meines Blogs daran: \u201eF\u00e4hrst du den Wagen eigentlich noch?\u201c \u2013 und das l\u00f6st tats\u00e4chlich ein kleines Unbehagen aus.<\/p>\n<p>Ich bin kein Sammler, der seine Autos nur betrachtet \u2013 f\u00fcr mich macht es keinen Sinn, ein Autokennzeichen abzunehmen und den Wagen ungenutzt zu parken. Autos sind zum Fahren da.\u00a0Deshalb entwickelt sich mit der Anzahl der Fahrzeuge auch das sensible Gef\u00fchl, ein Auto nicht wirklich zu nutzen. Die Pflege, Wartung und das Organisieren von T\u00dcV-Terminen werden f\u00fcr mich weniger zu finanziellen Faktoren, sondern vielmehr zur zeitlichen Belastung.<\/p>\n<h3 class=\"style3a\"><span class=\"ez-toc-section\" id=\"Was_uns_die_%E2%80%9EHaeutungs%E2%80%9C-Philosophie_lehrt\"><\/span>Was uns die \u201eH\u00e4utungs\u201c-Philosophie lehrt<span class=\"ez-toc-section-end\"><\/span><\/h3>\n<p>Die Wahl des Wortes \u201eH\u00e4utung\u201c durch Walker l\u00e4sst f\u00fcr mich nichts von Bedauern erkennen.  <\/p>\n<p>Nach 50 Jahren voller Geschichte <strong>entschied er sich bewusst f\u00fcr den \u201en\u00e4chsten Lebensabschnitt\u201c<\/strong> und gibt seine Sammlung ab. Dabei geht es nicht um das Festhalten an Materialien, sondern vielmehr um eine Neuordnung seiner Priorit\u00e4ten im Umgang mit Autos. Es ist eine Haltung, die \u00fcber das blo\u00dfe Verkaufen von Dingen hinausgeht \u2013 es bedeutet, sich selber neu zu definieren.<\/p>\n<div id=\"attachment_44396\" style=\"width: 1290px\" class=\"wp-caption alignnone\"><img loading=\"lazy\" decoding=\"async\" aria-describedby=\"caption-attachment-44396\" class=\"size-large wp-image-44396\" src=\"https:\/\/www.panamera-life.com\/wp-content\/uploads\/2026\/03\/20737675183_86012df158_h-1280x848.jpg\" alt=\"\" width=\"1280\" height=\"848\" \/><p id=\"caption-attachment-44396\" class=\"wp-caption-text\">Foto von Steven Tyler PJs (Flickr)<\/p><\/div>\n<p>Ich selbst bin noch nicht an diesem Punkt und plane nicht, meine Fahrzeuganzahl zu reduzieren. Dennoch <strong>denke ich inzwischen bewusster \u00fcber meinen eigenen m\u00f6glichen \u201eH\u00e4utungszeitpunkt\u201c nach<\/strong>, wenn ich von Walkers Geschichte lese. Autos sind zum Fahren da.  <\/p>\n<p>Diese einfache Wahrheit zu bewahren, k\u00f6nnte der Schl\u00fcssel zu einem langen und erf\u00fcllten Porsche Fahrerlebnis sein.<\/p>\n","protected":false},"excerpt":{"rendered":"Magnus Walker\u304c50\u5e74\u5206\u306e\u30dd\u30eb\u30b7\u30a7\u30b3\u30ec\u30af\u30b7\u30e7\u30f3162\u30ed\u30c3\u30c8\u3092\u30aa\u30fc\u30af\u30b7\u30e7\u30f3\u306b\u51fa\u54c1\u3002\u300c\u697d\u3057\u3044\u306f\u305a\u304c\u91cd\u8377\u306b\u306a\u3063\u305f\u300d\u3068\u3044\u3046\u8a00\u8449\u306b\u30017\u53f0\u3092\u6240\u6709\u3059\u308b\u79c1\u304c\u611f\u3058\u308b\u540c\u3058\u3088\u3046\u306a\u3082\u3069\u304b\u3057\u3055\u3068\u306f\u3002","protected":false},"author":0,"featured_media":44398,"comment_status":"open","ping_status":"closed","sticky":false,"template":"","format":"standard","meta":{"footnotes":"","_locale":"de_DE","_original_post":"https:\/\/www.panamera-life.com\/?p=44391"},"categories":[30,24],"tags":[235,749],"yoast_head":"<title>Magnus Walker versteigert 50 Jahre Porsche-Sammlung \u2013 Gedanken eines Besitzers von sieben Fahrzeugen - \u30dd\u30eb\u30b7\u30a7\u304c\u308f\u304c\u5bb6\u306b\u3084\u3063\u3066\u304d\u305f - \u30aa\u30fc\u30ca\u30fc\u30ba\u30d6\u30ed\u30b0<\/title>\n<meta name=\"description\" content=\"Magnus Walker versteigert 50 Jahre Porsche-Sammlung. Ein Porsche-Besitzer mit sieben Autos reflektiert den Balanceakt zwischen Leidenschaft und Besitz.\" \/>\n<meta name=\"robots\" content=\"index, follow, max-snippet:-1, max-image-preview:large, max-video-preview:-1\" \/>\n<link rel=\"canonical\" href=\"https:\/\/www.panamera-life.com\/de\/entry\/magnus-sell\/\" \/>\n<meta property=\"og:locale\" content=\"de_DE\" \/>\n<meta property=\"og:type\" content=\"article\" \/>\n<meta property=\"og:title\" content=\"Magnus Walker versteigert 50 Jahre Porsche-Sammlung \u2013 Gedanken eines Besitzers von sieben Fahrzeugen - \u30dd\u30eb\u30b7\u30a7\u304c\u308f\u304c\u5bb6\u306b\u3084\u3063\u3066\u304d\u305f - \u30aa\u30fc\u30ca\u30fc\u30ba\u30d6\u30ed\u30b0\" \/>\n<meta property=\"og:description\" content=\"Magnus Walker versteigert 50 Jahre Porsche-Sammlung. Ein Porsche-Besitzer mit sieben Autos reflektiert den Balanceakt zwischen Leidenschaft und Besitz.\" \/>\n<meta property=\"og:url\" content=\"https:\/\/www.panamera-life.com\/de\/entry\/magnus-sell\/\" \/>\n<meta property=\"og:site_name\" content=\"\u30dd\u30eb\u30b7\u30a7\u304c\u308f\u304c\u5bb6\u306b\u3084\u3063\u3066\u304d\u305f - \u30aa\u30fc\u30ca\u30fc\u30ba\u30d6\u30ed\u30b0\" \/>\n<meta property=\"article:publisher\" content=\"https:\/\/www.facebook.com\/panameralife\/\" \/>\n<meta property=\"article:published_time\" content=\"2026-03-10T21:00:41+00:00\" \/>\n<meta property=\"article:modified_time\" content=\"2026-03-09T07:10:39+00:00\" \/>\n<meta property=\"og:image\" content=\"https:\/\/www.panamera-life.com\/wp-content\/uploads\/2026\/03\/21429491082_6ffbfca22d_h.jpg\" \/>\n\t<meta property=\"og:image:width\" content=\"1600\" \/>\n\t<meta property=\"og:image:height\" content=\"1060\" \/>\n\t<meta property=\"og:image:type\" content=\"image\/jpeg\" \/>\n<meta name=\"twitter:label1\" content=\"Gesch\u00e4tzte Lesezeit\" \/>\n\t<meta name=\"twitter:data1\" content=\"4\u00a0Minuten\" \/>","yoast_head_json":{"title":"Magnus Walker versteigert 50 Jahre Porsche-Sammlung \u2013 Gedanken eines Besitzers von sieben Fahrzeugen - \u30dd\u30eb\u30b7\u30a7\u304c\u308f\u304c\u5bb6\u306b\u3084\u3063\u3066\u304d\u305f - \u30aa\u30fc\u30ca\u30fc\u30ba\u30d6\u30ed\u30b0","description":"Magnus Walker versteigert 50 Jahre Porsche-Sammlung. Ein Porsche-Besitzer mit sieben Autos reflektiert den Balanceakt zwischen Leidenschaft und Besitz.","robots":{"index":"index","follow":"follow","max-snippet":"max-snippet:-1","max-image-preview":"max-image-preview:large","max-video-preview":"max-video-preview:-1"},"canonical":"https:\/\/www.panamera-life.com\/de\/entry\/magnus-sell\/","og_locale":"de_DE","og_type":"article","og_title":"Magnus Walker versteigert 50 Jahre Porsche-Sammlung \u2013 Gedanken eines Besitzers von sieben Fahrzeugen - \u30dd\u30eb\u30b7\u30a7\u304c\u308f\u304c\u5bb6\u306b\u3084\u3063\u3066\u304d\u305f - \u30aa\u30fc\u30ca\u30fc\u30ba\u30d6\u30ed\u30b0","og_description":"Magnus Walker versteigert 50 Jahre Porsche-Sammlung. Ein Porsche-Besitzer mit sieben Autos reflektiert den Balanceakt zwischen Leidenschaft und Besitz.","og_url":"https:\/\/www.panamera-life.com\/de\/entry\/magnus-sell\/","og_site_name":"\u30dd\u30eb\u30b7\u30a7\u304c\u308f\u304c\u5bb6\u306b\u3084\u3063\u3066\u304d\u305f - \u30aa\u30fc\u30ca\u30fc\u30ba\u30d6\u30ed\u30b0","article_publisher":"https:\/\/www.facebook.com\/panameralife\/","article_published_time":"2026-03-10T21:00:41+00:00","article_modified_time":"2026-03-09T07:10:39+00:00","og_image":[{"width":1600,"height":1060,"url":"https:\/\/www.panamera-life.com\/wp-content\/uploads\/2026\/03\/21429491082_6ffbfca22d_h.jpg","type":"image\/jpeg"}],"twitter_misc":{"Gesch\u00e4tzte Lesezeit":"4\u00a0Minuten"},"schema":{"@context":"https:\/\/schema.org","@graph":[{"@type":"Article","@id":"https:\/\/www.panamera-life.com\/de\/entry\/magnus-sell\/#article","isPartOf":{"@id":"https:\/\/www.panamera-life.com\/de\/entry\/magnus-sell\/"},"author":{"name":"","@id":""},"headline":"Magnus Walker versteigert 50 Jahre Porsche-Sammlung \u2013 Gedanken eines Besitzers von sieben Fahrzeugen","datePublished":"2026-03-10T21:00:41+00:00","dateModified":"2026-03-09T07:10:39+00:00","mainEntityOfPage":{"@id":"https:\/\/www.panamera-life.com\/de\/entry\/magnus-sell\/"},"wordCount":729,"commentCount":0,"publisher":{"@id":"https:\/\/www.panamera-life.com\/#organization"},"image":{"@id":"https:\/\/www.panamera-life.com\/de\/entry\/magnus-sell\/#primaryimage"},"thumbnailUrl":"https:\/\/www.panamera-life.com\/wp-content\/uploads\/2026\/03\/21429491082_6ffbfca22d_h.jpg","keywords":["Porsche-News","\u30de\u30b0\u30ca\u30b9\u30fb\u30a6\u30a9\u30fc\u30ab\u30fc"],"articleSection":["Porsche 911","Porsche\u2011News"],"inLanguage":"de","potentialAction":[{"@type":"CommentAction","name":"Comment","target":["https:\/\/www.panamera-life.com\/de\/entry\/magnus-sell\/#respond"]}]},{"@type":"WebPage","@id":"https:\/\/www.panamera-life.com\/de\/entry\/magnus-sell\/","url":"https:\/\/www.panamera-life.com\/de\/entry\/magnus-sell\/","name":"Magnus Walker versteigert 50 Jahre Porsche-Sammlung \u2013 Gedanken eines Besitzers von sieben Fahrzeugen - \u30dd\u30eb\u30b7\u30a7\u304c\u308f\u304c\u5bb6\u306b\u3084\u3063\u3066\u304d\u305f - \u30aa\u30fc\u30ca\u30fc\u30ba\u30d6\u30ed\u30b0","isPartOf":{"@id":"https:\/\/www.panamera-life.com\/#website"},"primaryImageOfPage":{"@id":"https:\/\/www.panamera-life.com\/de\/entry\/magnus-sell\/#primaryimage"},"image":{"@id":"https:\/\/www.panamera-life.com\/de\/entry\/magnus-sell\/#primaryimage"},"thumbnailUrl":"https:\/\/www.panamera-life.com\/wp-content\/uploads\/2026\/03\/21429491082_6ffbfca22d_h.jpg","datePublished":"2026-03-10T21:00:41+00:00","dateModified":"2026-03-09T07:10:39+00:00","description":"Magnus Walker versteigert 50 Jahre Porsche-Sammlung. Ein Porsche-Besitzer mit sieben Autos reflektiert den Balanceakt zwischen Leidenschaft und Besitz.","breadcrumb":{"@id":"https:\/\/www.panamera-life.com\/de\/entry\/magnus-sell\/#breadcrumb"},"inLanguage":"de","potentialAction":[{"@type":"ReadAction","target":["https:\/\/www.panamera-life.com\/de\/entry\/magnus-sell\/"]}]},{"@type":"ImageObject","inLanguage":"de","@id":"https:\/\/www.panamera-life.com\/de\/entry\/magnus-sell\/#primaryimage","url":"https:\/\/www.panamera-life.com\/wp-content\/uploads\/2026\/03\/21429491082_6ffbfca22d_h.jpg","contentUrl":"https:\/\/www.panamera-life.com\/wp-content\/uploads\/2026\/03\/21429491082_6ffbfca22d_h.jpg","width":1600,"height":1060,"caption":"Photo by Steven Tyler PJs (Flickr)"},{"@type":"BreadcrumbList","@id":"https:\/\/www.panamera-life.com\/de\/entry\/magnus-sell\/#breadcrumb","itemListElement":[{"@type":"ListItem","position":1,"name":"\u30db\u30fc\u30e0","item":"https:\/\/www.panamera-life.com\/"},{"@type":"ListItem","position":2,"name":"Magnus Walker versteigert 50 Jahre Porsche-Sammlung \u2013 Gedanken eines Besitzers von sieben Fahrzeugen"}]},{"@type":"WebSite","@id":"https:\/\/www.panamera-life.com\/#website","url":"https:\/\/www.panamera-life.com\/","name":"\u30dd\u30eb\u30b7\u30a7\u304c\u308f\u304c\u5bb6\u306b\u3084\u3063\u3066\u304d\u305f - \u30aa\u30fc\u30ca\u30fc\u30ba\u30d6\u30ed\u30b0","description":"\u30dd\u30eb\u30b7\u30a7\u306b\u9b45\u4e86\u3055\u308c\u305f\u59bb\u304c\u66f8\u304f\u30dd\u30eb\u30b7\u30a7\u30d6\u30ed\u30b0\u3067\u3059\u3002\u6240\u6709\u3059\u308b\u30dd\u30eb\u30b7\u30a7 911\u30ab\u30ec\u30e9\uff08964\uff09\u3001911GT3\u3001\u30dc\u30af\u30b9\u30bf\u30fc\u3001\u30d1\u30ca\u30e1\u30fc\u30e9\u306e\u30ec\u30d3\u30e5\u30fc\u3084\u7dad\u6301\u8cbb\u3001\u30c4\u30fc\u30ea\u30f3\u30b0\u8a18\u306a\u3069\u3002\u30cb\u30e5\u30fc\u30b9\u8a18\u4e8b\u3067\u306f\u5206\u304b\u3089\u306a\u3044\u751f\u306e\u30dd\u30eb\u30b7\u30a7\u30aa\u30fc\u30ca\u30fc\u306e\u58f0\u3092\u5b9a\u671f\u914d\u4fe1\u3059\u308b\u30d6\u30ed\u30b0\u3067\u3059\u3002","publisher":{"@id":"https:\/\/www.panamera-life.com\/#organization"},"potentialAction":[{"@type":"SearchAction","target":{"@type":"EntryPoint","urlTemplate":"https:\/\/www.panamera-life.com\/?s={search_term_string}"},"query-input":{"@type":"PropertyValueSpecification","valueRequired":true,"valueName":"search_term_string"}}],"inLanguage":"de"},{"@type":"Organization","@id":"https:\/\/www.panamera-life.com\/#organization","name":"\u30dd\u30eb\u30b7\u30a7\u304c\u308f\u304c\u5bb6\u306b\u3084\u3063\u3066\u304d\u305f","url":"https:\/\/www.panamera-life.com\/","logo":{"@type":"ImageObject","inLanguage":"de","@id":"https:\/\/www.panamera-life.com\/#\/schema\/logo\/image\/","url":"https:\/\/www.panamera-life.com\/wp-content\/uploads\/2021\/05\/unnamed.jpg","contentUrl":"https:\/\/www.panamera-life.com\/wp-content\/uploads\/2021\/05\/unnamed.jpg","width":512,"height":512,"caption":"\u30dd\u30eb\u30b7\u30a7\u304c\u308f\u304c\u5bb6\u306b\u3084\u3063\u3066\u304d\u305f"},"image":{"@id":"https:\/\/www.panamera-life.com\/#\/schema\/logo\/image\/"},"sameAs":["https:\/\/www.facebook.com\/panameralife\/","https:\/\/x.com\/Mina_Panamera","https:\/\/www.instagram.com\/mina_porsche\/","https:\/\/www.youtube.com\/channel\/UCoyAW0ifcnk05Iryf7-bkhg"]}]}},"_links":{"self":[{"href":"https:\/\/www.panamera-life.com\/wp-json\/wp\/v2\/posts\/44638"}],"collection":[{"href":"https:\/\/www.panamera-life.com\/wp-json\/wp\/v2\/posts"}],"about":[{"href":"https:\/\/www.panamera-life.com\/wp-json\/wp\/v2\/types\/post"}],"replies":[{"embeddable":true,"href":"https:\/\/www.panamera-life.com\/wp-json\/wp\/v2\/comments?post=44638"}],"version-history":[{"count":0,"href":"https:\/\/www.panamera-life.com\/wp-json\/wp\/v2\/posts\/44638\/revisions"}],"wp:featuredmedia":[{"embeddable":true,"href":"https:\/\/www.panamera-life.com\/wp-json\/wp\/v2\/media\/44398"}],"wp:attachment":[{"href":"https:\/\/www.panamera-life.com\/wp-json\/wp\/v2\/media?parent=44638"}],"wp:term":[{"taxonomy":"category","embeddable":true,"href":"https:\/\/www.panamera-life.com\/wp-json\/wp\/v2\/categories?post=44638"},{"taxonomy":"post_tag","embeddable":true,"href":"https:\/\/www.panamera-life.com\/wp-json\/wp\/v2\/tags?post=44638"}],"curies":[{"name":"wp","href":"https:\/\/api.w.org\/{rel}","templated":true}]}}