{"id":44645,"date":"2026-03-13T17:00:50","date_gmt":"2026-03-13T08:00:50","guid":{"rendered":"https:\/\/www.panamera-life.com\/?p=44645"},"modified":"2026-03-13T14:44:38","modified_gmt":"2026-03-13T05:44:38","slug":"taycan-panamera","status":"publish","type":"post","link":"https:\/\/www.panamera-life.com\/de\/entry\/taycan-panamera\/","title":{"rendered":"Werden Taycan und Panamera verschmolzen? Was f\u00fcr mich als Besitzer beider wichtiger ist als der Name"},"content":{"rendered":"<div id=\"ez-toc-container\" class=\"ez-toc-v2_0_74 counter-hierarchy ez-toc-counter ez-toc-grey ez-toc-container-direction\">\n<div class=\"ez-toc-title-container\">\n<p class=\"ez-toc-title\" style=\"cursor:inherit\">\u30b3\u30f3\u30c6\u30f3\u30c4<\/p>\n<span class=\"ez-toc-title-toggle\"><\/span><\/div>\n<nav><ul class='ez-toc-list ez-toc-list-level-1 ' ><li class='ez-toc-page-1 ez-toc-heading-level-3'><a class=\"ez-toc-link ez-toc-heading-1\" href=\"https:\/\/www.panamera-life.com\/de\/entry\/taycan-panamera\/#Diese_beiden_sind_sich_wirklich_sehr_aehnlich\" >Diese beiden sind sich wirklich sehr \u00e4hnlich<\/a><\/li><li class='ez-toc-page-1 ez-toc-heading-level-3'><a class=\"ez-toc-link ez-toc-heading-2\" href=\"https:\/\/www.panamera-life.com\/de\/entry\/taycan-panamera\/#Restrukturierungsplaene_unter_neuem_CEO_%E2%80%93_die_Hintergruende\" >Restrukturierungspl\u00e4ne unter neuem CEO \u2013 die Hintergr\u00fcnde<\/a><\/li><li class='ez-toc-page-1 ez-toc-heading-level-3'><a class=\"ez-toc-link ez-toc-heading-3\" href=\"https:\/\/www.panamera-life.com\/de\/entry\/taycan-panamera\/#Wichtiger_als_der_Name_Wie_Antriebsplattform_den_Fahrspass_grundlegend_praegt\" >Wichtiger als der Name: Wie Antriebsplattform den Fahrspa\u00df grundlegend pr\u00e4gt<\/a><\/li><li class='ez-toc-page-1 ez-toc-heading-level-3'><a class=\"ez-toc-link ez-toc-heading-4\" href=\"https:\/\/www.panamera-life.com\/de\/entry\/taycan-panamera\/#Wenn_eine_Fusion_kommt_Meine_Erwartungen_an_Porsche\" >Wenn eine Fusion kommt: Meine Erwartungen an Porsche<\/a><\/li><\/ul><\/nav><\/div>\n\n<h3 class=\"style3a\"><span class=\"ez-toc-section\" id=\"Diese_beiden_sind_sich_wirklich_sehr_aehnlich\"><\/span>Diese beiden sind sich wirklich sehr \u00e4hnlich<span class=\"ez-toc-section-end\"><\/span><\/h3>\n<p>Der Taycan Turbo GT und der Panamera Turbo 971: Aus der Sicht eines Besitzers beider Autos sind diese beiden Modelle tats\u00e4chlich sehr \u00e4hnlich.<\/p>\n<p>Gr\u00f6\u00dfe, Silhouette und Positionierung als Porsches Grand Touring Limousinen. Der Panamera ist etwas gr\u00f6\u00dfer, w\u00e4hrend der Taycan mit einem kompakteren, schlankeren Design punktet. Doch nebeneinander betrachtet wirken sie wie Geschwister mit der gleichen DNA. Beide erf\u00fcllen die Rolle \u201eschneller und komfortabler Porsche mit vier T\u00fcren\u201c. Schon l\u00e4nger hatte ich das Gef\u00fchl, dass sie irgendwann in irgendeiner Form zusammengef\u00fchrt werden k\u00f6nnten \u2013 nur dass dies so bald offiziell diskutiert wird, hatte ich nicht erwartet.<\/p>\n<div id=\"attachment_5484\" style=\"width: 810px\" class=\"wp-caption alignnone\"><img loading=\"lazy\" decoding=\"async\" aria-describedby=\"caption-attachment-5484\" class=\"size-large wp-image-5484\" src=\"https:\/\/www.panamera-life.com\/wp-content\/uploads\/2018\/10\/IMG_8321-800x601.jpg\" alt=\"Neuer Panamera Turbo\" width=\"800\" height=\"601\" \/><p id=\"caption-attachment-5484\" class=\"wp-caption-text\">Panamera Turbo (971)<\/p><\/div>\n<div id=\"attachment_32410\" style=\"width: 1290px\" class=\"wp-caption alignnone\"><img loading=\"lazy\" decoding=\"async\" aria-describedby=\"caption-attachment-32410\" class=\"wp-image-32410 size-large\" src=\"https:\/\/www.panamera-life.com\/wp-content\/uploads\/2024\/02\/GFIZPCdaUAA91lP-1280x854.jpeg\" alt=\"Porsche Taycan\" width=\"1280\" height=\"854\" \/><p id=\"caption-attachment-32410\" class=\"wp-caption-text\">Taycan 4S Cross Turismo<\/p><\/div>\n<h3 class=\"style3a\"><span class=\"ez-toc-section\" id=\"Restrukturierungsplaene_unter_neuem_CEO_%E2%80%93_die_Hintergruende\"><\/span>Restrukturierungspl\u00e4ne unter neuem CEO \u2013 die Hintergr\u00fcnde<span class=\"ez-toc-section-end\"><\/span><\/h3>\n<p>Hinter den aktuellen Berichten steht eine ernste finanzielle Situation bei Porsche.<\/p>\n<p>Der im letzten Jahr ernannte neue CEO, Michael Leiters (ehemals McLaren CEO), setzt eine Kostensenkungsstrategie um. Im Rahmen dessen wurde ein <strong>Vorschlag zur Zusammenlegung von Taycan und Panamera zu einer einzigen Modellreihe<\/strong> ins Gespr\u00e4ch gebracht. Aufgrund von Verz\u00f6gerungen bei der Plattformentwicklung musste der Konzern bereits <strong>18 Milliarden Euro Abschreibungen<\/strong> verbuchen, was die parallele Weiterentwicklung beider Limousinen finanziell stark belastet. Allerdings ist nicht geplant, die beiden Baureihen komplett zu einem Fahrzeug zu verschmelzen, sondern \u00e4hnlich wie bei Macan und Cayenne soll eine gemeinsame Modellreihe geschaffen werden, die unterschiedliche Plattformen f\u00fcr ICE\/PHEV und EV nutzt.<\/p>\n<p>Welcher Name erhalten bleibt, ist noch offen. Der Panamera besitzt jedoch eine l\u00e4ngere Markenhistorie. Im Jahr 2025 wurden etwa 1,7-mal mehr Panamera verkauft als Taycan, weshalb ich davon ausgehe, dass <strong>der Name Panamera vermutlich \u00fcberleben wird<\/strong>. Sollte das passieren, w\u00e4re der Taycan in beiden Bauphasen effektiv ein Ein-Generationen-Modell \u2013 ein Kapitel Porsche-Geschichte f\u00fcr sich.<\/p>\n<h3 class=\"style3a\"><span class=\"ez-toc-section\" id=\"Wichtiger_als_der_Name_Wie_Antriebsplattform_den_Fahrspass_grundlegend_praegt\"><\/span>Wichtiger als der Name: Wie Antriebsplattform den Fahrspa\u00df grundlegend pr\u00e4gt<span class=\"ez-toc-section-end\"><\/span><\/h3>\n<p>Meine Sorge gilt jedoch nicht vorrangig dem Namen.<\/p>\n<p>Taycan und Panamera unterscheiden sich n\u00e4mlich nicht nur durch den Antrieb (Elektro vs. Verbrenner), sondern vor allem durch ihre Plattformarchitektur. Der Taycan nutzt ein speziell f\u00fcr EVs entwickeltes Design mit dem Batteriesystem fl\u00e4chig im Fahrzeugboden, was zu einem <strong>au\u00dfergew\u00f6hnlich niedrigen Schwerpunkt<\/strong> f\u00fchrt. Im Vergleich zum Panamera Turbo 971 sp\u00fcrt man diesen Unterschied schon im normalen Stra\u00dfenverkehr sehr deutlich. Von der Agilit\u00e4t im Stadtverkehr mit Start &#038; Stopp, der enormen Stabilit\u00e4t auf der Autobahn bis hin zur unmittelbaren Beschleunigung im Bergland ohne Gangwechsel \u2013 <strong>mein Fahrgef\u00fchl als Besitzer beider Modelle best\u00e4tigt klar: auf der Stra\u00dfe ist die Bewegungsdynamik des Taycan \u00fcberlegen.<\/strong><\/p>\n<p>Auf gro\u00dfen Rennstrecken wie dem N\u00fcrburgring mag der Abstand kleiner werden. Doch im t\u00e4glichen Gebrauch auf Landstra\u00dfen und kurvigen Strecken zeigt der elektrische, tiefgelegte Fahrwerkstr\u00e4ger seine Vorteile klar. Es geht nicht um die lautstarke Motivation durch Motorenklang, sondern um ein unmittelbar scharfes und pr\u00e4zises Fahrgef\u00fchl. Der Panamera Turbo ist ebenfalls schnell und komfortabel, doch gemessen an der \u201eQualit\u00e4t des Fahrens\u201c stehen die beiden trotz derselben Fahrzeugkategorie auf <strong>v\u00f6llig unterschiedlichen Ebenen.<\/strong><\/p>\n<p><img loading=\"lazy\" decoding=\"async\" class=\"alignnone size-large wp-image-32550\" src=\"https:\/\/www.panamera-life.com\/wp-content\/uploads\/2024\/03\/IMG_4877-1280x854.jpeg\" alt=\"Porsche Taycan\" width=\"1280\" height=\"854\" \/><\/p>\n<h3 class=\"style3a\"><span class=\"ez-toc-section\" id=\"Wenn_eine_Fusion_kommt_Meine_Erwartungen_an_Porsche\"><\/span>Wenn eine Fusion kommt: Meine Erwartungen an Porsche<span class=\"ez-toc-section-end\"><\/span><\/h3>\n<p>Sollte der Taycan eine einzige Generation bleiben, k\u00f6nnte er in gewisser Weise ein historisches Fahrzeug darstellen.<\/p>\n<p>Obwohl es zwei Bauphasen gab, k\u00f6nnte das Modell in einigen Jahren als Rarit\u00e4t gehandelt werden \u2013 ein fortschrittlicher EV, dessen Name nicht auf den Nachfolger \u00fcbergeht. So eine Geschichte k\u00f6nnte sich entwickeln. Als Besitzer macht mich das sogar ein bisschen stolz.<\/p>\n<p>Was ich mir von einem fusionierten Modell w\u00fcnsche: Porsche sollte unbedingt beide Antriebsvarianten beibehalten \u2013 also Verbrenner und Elektro. Au\u00dferdem f\u00e4nde ich ein etwas kompakteres Format sehr willkommen, da sowohl Taycan als auch Panamera mitunter zu gro\u00df f\u00fcr viele japanische Stra\u00dfen sind. Und wenn ich ehrlich bin, muss Porsche nicht zwangsl\u00e4ufig an der vier T\u00fcren festhalten. Ein <strong>zweit\u00fcriges Luxus-Coup\u00e9<\/strong> als Option f\u00e4nde ich sehr Porsche-typisch und spannend. Unabh\u00e4ngig vom Namen w\u00fcnsche ich mir, dass Porsche seine Tradition fortsetzt: Autos zu bauen, die Fahrfreude und ausgekl\u00fcgelte Antriebstechnik perfekt verbinden. Das bleibt f\u00fcr mich die unverr\u00fcckbare Erwartung an Porsche.<\/p>\n","protected":false},"excerpt":{"rendered":"\u30bf\u30a4\u30ab\u30f3\u3068\u30d1\u30ca\u30e1\u30fc\u30e9\u306e\u7d71\u5408\u6848\u304c\u6d6e\u4e0a\u3002\u4e21\u65b9\u3092\u6240\u6709\u3057\u305f\u7acb\u5834\u304b\u3089\u3001\u540d\u524d\u3088\u308a\u91cd\u8981\u306a\u30d7\u30e9\u30c3\u30c8\u30d5\u30a9\u30fc\u30e0\u306e\u9055\u3044\u3068\u8d70\u308a\u306e\u5dee\u3001\u305d\u3057\u3066\u7d71\u5408\u5f8c\u306e\u30dd\u30eb\u30b7\u30a7\u3078\u306e\u671f\u5f85\u3092\u8a9e\u308b\u3002","protected":false},"author":0,"featured_media":10285,"comment_status":"open","ping_status":"closed","sticky":false,"template":"","format":"standard","meta":{"footnotes":"","_locale":"de_DE","_original_post":"https:\/\/www.panamera-life.com\/?p=44640"},"categories":[24],"tags":[185,235,238],"yoast_head":"<title>Werden Taycan und Panamera verschmolzen? Was f\u00fcr mich als Besitzer beider wichtiger ist als der Name - \u30dd\u30eb\u30b7\u30a7\u304c\u308f\u304c\u5bb6\u306b\u3084\u3063\u3066\u304d\u305f - \u30aa\u30fc\u30ca\u30fc\u30ba\u30d6\u30ed\u30b0<\/title>\n<meta name=\"description\" content=\"Taycan und Panamera: Was hinter der geplanten Modellfusion steckt und warum der Fahrspa\u00df wichtiger als der Name ist. Erleben Sie Porsche Besitz &amp; Fahrgef\u00fchl hautnah.\" \/>\n<meta name=\"robots\" content=\"index, follow, max-snippet:-1, max-image-preview:large, max-video-preview:-1\" \/>\n<link rel=\"canonical\" href=\"https:\/\/www.panamera-life.com\/de\/entry\/taycan-panamera\/\" \/>\n<meta property=\"og:locale\" content=\"de_DE\" \/>\n<meta property=\"og:type\" content=\"article\" \/>\n<meta property=\"og:title\" content=\"Werden Taycan und Panamera verschmolzen? Was f\u00fcr mich als Besitzer beider wichtiger ist als der Name - \u30dd\u30eb\u30b7\u30a7\u304c\u308f\u304c\u5bb6\u306b\u3084\u3063\u3066\u304d\u305f - \u30aa\u30fc\u30ca\u30fc\u30ba\u30d6\u30ed\u30b0\" \/>\n<meta property=\"og:description\" content=\"Taycan und Panamera: Was hinter der geplanten Modellfusion steckt und warum der Fahrspa\u00df wichtiger als der Name ist. Erleben Sie Porsche Besitz &amp; Fahrgef\u00fchl hautnah.\" \/>\n<meta property=\"og:url\" content=\"https:\/\/www.panamera-life.com\/de\/entry\/taycan-panamera\/\" \/>\n<meta property=\"og:site_name\" content=\"\u30dd\u30eb\u30b7\u30a7\u304c\u308f\u304c\u5bb6\u306b\u3084\u3063\u3066\u304d\u305f - \u30aa\u30fc\u30ca\u30fc\u30ba\u30d6\u30ed\u30b0\" \/>\n<meta property=\"article:publisher\" content=\"https:\/\/www.facebook.com\/panameralife\/\" \/>\n<meta property=\"article:published_time\" content=\"2026-03-13T08:00:50+00:00\" \/>\n<meta property=\"article:modified_time\" content=\"2026-03-13T05:44:38+00:00\" \/>\n<meta property=\"og:image\" content=\"https:\/\/www.panamera-life.com\/wp-content\/uploads\/2019\/04\/panamera-blog-misc.jpg\" \/>\n\t<meta property=\"og:image:width\" content=\"700\" \/>\n\t<meta property=\"og:image:height\" content=\"550\" \/>\n\t<meta property=\"og:image:type\" content=\"image\/jpeg\" \/>\n<meta name=\"twitter:label1\" content=\"Gesch\u00e4tzte Lesezeit\" \/>\n\t<meta name=\"twitter:data1\" content=\"3\u00a0Minuten\" \/>","yoast_head_json":{"title":"Werden Taycan und Panamera verschmolzen? Was f\u00fcr mich als Besitzer beider wichtiger ist als der Name - \u30dd\u30eb\u30b7\u30a7\u304c\u308f\u304c\u5bb6\u306b\u3084\u3063\u3066\u304d\u305f - \u30aa\u30fc\u30ca\u30fc\u30ba\u30d6\u30ed\u30b0","description":"Taycan und Panamera: Was hinter der geplanten Modellfusion steckt und warum der Fahrspa\u00df wichtiger als der Name ist. Erleben Sie Porsche Besitz & Fahrgef\u00fchl hautnah.","robots":{"index":"index","follow":"follow","max-snippet":"max-snippet:-1","max-image-preview":"max-image-preview:large","max-video-preview":"max-video-preview:-1"},"canonical":"https:\/\/www.panamera-life.com\/de\/entry\/taycan-panamera\/","og_locale":"de_DE","og_type":"article","og_title":"Werden Taycan und Panamera verschmolzen? Was f\u00fcr mich als Besitzer beider wichtiger ist als der Name - \u30dd\u30eb\u30b7\u30a7\u304c\u308f\u304c\u5bb6\u306b\u3084\u3063\u3066\u304d\u305f - \u30aa\u30fc\u30ca\u30fc\u30ba\u30d6\u30ed\u30b0","og_description":"Taycan und Panamera: Was hinter der geplanten Modellfusion steckt und warum der Fahrspa\u00df wichtiger als der Name ist. Erleben Sie Porsche Besitz & Fahrgef\u00fchl hautnah.","og_url":"https:\/\/www.panamera-life.com\/de\/entry\/taycan-panamera\/","og_site_name":"\u30dd\u30eb\u30b7\u30a7\u304c\u308f\u304c\u5bb6\u306b\u3084\u3063\u3066\u304d\u305f - \u30aa\u30fc\u30ca\u30fc\u30ba\u30d6\u30ed\u30b0","article_publisher":"https:\/\/www.facebook.com\/panameralife\/","article_published_time":"2026-03-13T08:00:50+00:00","article_modified_time":"2026-03-13T05:44:38+00:00","og_image":[{"width":700,"height":550,"url":"https:\/\/www.panamera-life.com\/wp-content\/uploads\/2019\/04\/panamera-blog-misc.jpg","type":"image\/jpeg"}],"twitter_misc":{"Gesch\u00e4tzte Lesezeit":"3\u00a0Minuten"},"schema":{"@context":"https:\/\/schema.org","@graph":[{"@type":"Article","@id":"https:\/\/www.panamera-life.com\/de\/entry\/taycan-panamera\/#article","isPartOf":{"@id":"https:\/\/www.panamera-life.com\/de\/entry\/taycan-panamera\/"},"author":{"name":"","@id":""},"headline":"Werden Taycan und Panamera verschmolzen? Was f\u00fcr mich als Besitzer beider wichtiger ist als der Name","datePublished":"2026-03-13T08:00:50+00:00","dateModified":"2026-03-13T05:44:38+00:00","mainEntityOfPage":{"@id":"https:\/\/www.panamera-life.com\/de\/entry\/taycan-panamera\/"},"wordCount":705,"commentCount":0,"publisher":{"@id":"https:\/\/www.panamera-life.com\/#organization"},"image":{"@id":"https:\/\/www.panamera-life.com\/de\/entry\/taycan-panamera\/#primaryimage"},"thumbnailUrl":"https:\/\/www.panamera-life.com\/wp-content\/uploads\/2019\/04\/panamera-blog-misc.jpg","keywords":["Porsche Taycan","Porsche-News","Porsche Panamera"],"articleSection":["Porsche\u2011News"],"inLanguage":"de","potentialAction":[{"@type":"CommentAction","name":"Comment","target":["https:\/\/www.panamera-life.com\/de\/entry\/taycan-panamera\/#respond"]}]},{"@type":"WebPage","@id":"https:\/\/www.panamera-life.com\/de\/entry\/taycan-panamera\/","url":"https:\/\/www.panamera-life.com\/de\/entry\/taycan-panamera\/","name":"Werden Taycan und Panamera verschmolzen? Was f\u00fcr mich als Besitzer beider wichtiger ist als der Name - \u30dd\u30eb\u30b7\u30a7\u304c\u308f\u304c\u5bb6\u306b\u3084\u3063\u3066\u304d\u305f - \u30aa\u30fc\u30ca\u30fc\u30ba\u30d6\u30ed\u30b0","isPartOf":{"@id":"https:\/\/www.panamera-life.com\/#website"},"primaryImageOfPage":{"@id":"https:\/\/www.panamera-life.com\/de\/entry\/taycan-panamera\/#primaryimage"},"image":{"@id":"https:\/\/www.panamera-life.com\/de\/entry\/taycan-panamera\/#primaryimage"},"thumbnailUrl":"https:\/\/www.panamera-life.com\/wp-content\/uploads\/2019\/04\/panamera-blog-misc.jpg","datePublished":"2026-03-13T08:00:50+00:00","dateModified":"2026-03-13T05:44:38+00:00","description":"Taycan und Panamera: Was hinter der geplanten Modellfusion steckt und warum der Fahrspa\u00df wichtiger als der Name ist. Erleben Sie Porsche Besitz & Fahrgef\u00fchl hautnah.","breadcrumb":{"@id":"https:\/\/www.panamera-life.com\/de\/entry\/taycan-panamera\/#breadcrumb"},"inLanguage":"de","potentialAction":[{"@type":"ReadAction","target":["https:\/\/www.panamera-life.com\/de\/entry\/taycan-panamera\/"]}]},{"@type":"ImageObject","inLanguage":"de","@id":"https:\/\/www.panamera-life.com\/de\/entry\/taycan-panamera\/#primaryimage","url":"https:\/\/www.panamera-life.com\/wp-content\/uploads\/2019\/04\/panamera-blog-misc.jpg","contentUrl":"https:\/\/www.panamera-life.com\/wp-content\/uploads\/2019\/04\/panamera-blog-misc.jpg","width":700,"height":550,"caption":"\u8eca, \u5c71, \u6728, \u30d5\u30a7\u30f3\u30b9, \u99d0\u8eca\u5834, \u5c4b\u5916, PORSCHE, Panamera"},{"@type":"BreadcrumbList","@id":"https:\/\/www.panamera-life.com\/de\/entry\/taycan-panamera\/#breadcrumb","itemListElement":[{"@type":"ListItem","position":1,"name":"\u30db\u30fc\u30e0","item":"https:\/\/www.panamera-life.com\/"},{"@type":"ListItem","position":2,"name":"Werden Taycan und Panamera verschmolzen? Was f\u00fcr mich als Besitzer beider wichtiger ist als der Name"}]},{"@type":"WebSite","@id":"https:\/\/www.panamera-life.com\/#website","url":"https:\/\/www.panamera-life.com\/","name":"\u30dd\u30eb\u30b7\u30a7\u304c\u308f\u304c\u5bb6\u306b\u3084\u3063\u3066\u304d\u305f - \u30aa\u30fc\u30ca\u30fc\u30ba\u30d6\u30ed\u30b0","description":"\u30dd\u30eb\u30b7\u30a7\u306b\u9b45\u4e86\u3055\u308c\u305f\u59bb\u304c\u66f8\u304f\u30dd\u30eb\u30b7\u30a7\u30d6\u30ed\u30b0\u3067\u3059\u3002\u6240\u6709\u3059\u308b\u30dd\u30eb\u30b7\u30a7 911\u30ab\u30ec\u30e9\uff08964\uff09\u3001911GT3\u3001\u30dc\u30af\u30b9\u30bf\u30fc\u3001\u30d1\u30ca\u30e1\u30fc\u30e9\u306e\u30ec\u30d3\u30e5\u30fc\u3084\u7dad\u6301\u8cbb\u3001\u30c4\u30fc\u30ea\u30f3\u30b0\u8a18\u306a\u3069\u3002\u30cb\u30e5\u30fc\u30b9\u8a18\u4e8b\u3067\u306f\u5206\u304b\u3089\u306a\u3044\u751f\u306e\u30dd\u30eb\u30b7\u30a7\u30aa\u30fc\u30ca\u30fc\u306e\u58f0\u3092\u5b9a\u671f\u914d\u4fe1\u3059\u308b\u30d6\u30ed\u30b0\u3067\u3059\u3002","publisher":{"@id":"https:\/\/www.panamera-life.com\/#organization"},"potentialAction":[{"@type":"SearchAction","target":{"@type":"EntryPoint","urlTemplate":"https:\/\/www.panamera-life.com\/?s={search_term_string}"},"query-input":{"@type":"PropertyValueSpecification","valueRequired":true,"valueName":"search_term_string"}}],"inLanguage":"de"},{"@type":"Organization","@id":"https:\/\/www.panamera-life.com\/#organization","name":"\u30dd\u30eb\u30b7\u30a7\u304c\u308f\u304c\u5bb6\u306b\u3084\u3063\u3066\u304d\u305f","url":"https:\/\/www.panamera-life.com\/","logo":{"@type":"ImageObject","inLanguage":"de","@id":"https:\/\/www.panamera-life.com\/#\/schema\/logo\/image\/","url":"https:\/\/www.panamera-life.com\/wp-content\/uploads\/2021\/05\/unnamed.jpg","contentUrl":"https:\/\/www.panamera-life.com\/wp-content\/uploads\/2021\/05\/unnamed.jpg","width":512,"height":512,"caption":"\u30dd\u30eb\u30b7\u30a7\u304c\u308f\u304c\u5bb6\u306b\u3084\u3063\u3066\u304d\u305f"},"image":{"@id":"https:\/\/www.panamera-life.com\/#\/schema\/logo\/image\/"},"sameAs":["https:\/\/www.facebook.com\/panameralife\/","https:\/\/x.com\/Mina_Panamera","https:\/\/www.instagram.com\/mina_porsche\/","https:\/\/www.youtube.com\/channel\/UCoyAW0ifcnk05Iryf7-bkhg"]}]}},"_links":{"self":[{"href":"https:\/\/www.panamera-life.com\/wp-json\/wp\/v2\/posts\/44645"}],"collection":[{"href":"https:\/\/www.panamera-life.com\/wp-json\/wp\/v2\/posts"}],"about":[{"href":"https:\/\/www.panamera-life.com\/wp-json\/wp\/v2\/types\/post"}],"replies":[{"embeddable":true,"href":"https:\/\/www.panamera-life.com\/wp-json\/wp\/v2\/comments?post=44645"}],"version-history":[{"count":0,"href":"https:\/\/www.panamera-life.com\/wp-json\/wp\/v2\/posts\/44645\/revisions"}],"wp:featuredmedia":[{"embeddable":true,"href":"https:\/\/www.panamera-life.com\/wp-json\/wp\/v2\/media\/10285"}],"wp:attachment":[{"href":"https:\/\/www.panamera-life.com\/wp-json\/wp\/v2\/media?parent=44645"}],"wp:term":[{"taxonomy":"category","embeddable":true,"href":"https:\/\/www.panamera-life.com\/wp-json\/wp\/v2\/categories?post=44645"},{"taxonomy":"post_tag","embeddable":true,"href":"https:\/\/www.panamera-life.com\/wp-json\/wp\/v2\/tags?post=44645"}],"curies":[{"name":"wp","href":"https:\/\/api.w.org\/{rel}","templated":true}]}}