{"id":44653,"date":"2026-03-17T17:00:46","date_gmt":"2026-03-17T08:00:46","guid":{"rendered":"https:\/\/www.panamera-life.com\/?p=44653"},"modified":"2026-03-16T23:24:36","modified_gmt":"2026-03-16T14:24:36","slug":"718-ev-ice-3","status":"publish","type":"post","link":"https:\/\/www.panamera-life.com\/de\/entry\/718-ev-ice-3\/","title":{"rendered":"Die n\u00e4chste Generation des 718: Porsche setzt auf Elektro- und Verbrennungsmotoren"},"content":{"rendered":"<div id=\"ez-toc-container\" class=\"ez-toc-v2_0_74 counter-hierarchy ez-toc-counter ez-toc-grey ez-toc-container-direction\">\n<div class=\"ez-toc-title-container\">\n<p class=\"ez-toc-title\" style=\"cursor:inherit\">\u30b3\u30f3\u30c6\u30f3\u30c4<\/p>\n<span class=\"ez-toc-title-toggle\"><\/span><\/div>\n<nav><ul class='ez-toc-list ez-toc-list-level-1 ' ><li class='ez-toc-page-1 ez-toc-heading-level-3'><a class=\"ez-toc-link ez-toc-heading-1\" href=\"https:\/\/www.panamera-life.com\/de\/entry\/718-ev-ice-3\/#Der_elektrische_718_ist_nicht_tot_%E2%80%93_und_der_Verbrenner_kehrt_zurueck\" >Der elektrische 718 ist nicht tot \u2013 und der Verbrenner kehrt zur\u00fcck<\/a><\/li><li class='ez-toc-page-1 ez-toc-heading-level-3'><a class=\"ez-toc-link ez-toc-heading-2\" href=\"https:\/\/www.panamera-life.com\/de\/entry\/718-ev-ice-3\/#Die_Herausforderung_Euro_7_Uebertrifft_der_neue_Motor_den_legendaeren_Sound_des_981_und_718\" >Die Herausforderung Euro 7: \u00dcbertrifft der neue Motor den legend\u00e4ren Sound des 981 und 718?<\/a><\/li><li class='ez-toc-page-1 ez-toc-heading-level-3'><a class=\"ez-toc-link ez-toc-heading-3\" href=\"https:\/\/www.panamera-life.com\/de\/entry\/718-ev-ice-3\/#Warum_der_Verbleib_bei_EV_ein_richtiger_Schritt_ist\" >Warum der Verbleib bei EV ein richtiger Schritt ist<\/a><\/li><li class='ez-toc-page-1 ez-toc-heading-level-3'><a class=\"ez-toc-link ez-toc-heading-4\" href=\"https:\/\/www.panamera-life.com\/de\/entry\/718-ev-ice-3\/#Das_Potenzial_eines_kompakten_EV-Sportwagens\" >Das Potenzial eines kompakten EV-Sportwagens<\/a><\/li><\/ul><\/nav><\/div>\n\n<h3 class=\"style3a\"><span class=\"ez-toc-section\" id=\"Der_elektrische_718_ist_nicht_tot_%E2%80%93_und_der_Verbrenner_kehrt_zurueck\"><\/span>Der elektrische 718 ist nicht tot \u2013 und der Verbrenner kehrt zur\u00fcck<span class=\"ez-toc-section-end\"><\/span><\/h3>\n<p>In letzter Zeit kursierten Ger\u00fcchte, dass der elektrische 718 eingestellt werden soll. Porsche hat diese Spekulationen jedoch offiziell dementiert.<\/p>\n<p>Die f\u00fcr Elektrofahrzeuge entwickelte PPE Sport-Plattform wird per Reverse Engineering so angepasst, dass auch ein Mittelmotor mit Verbrennungsmotor m\u00f6glich ist. Die vollelektrische Variante soll bereits im n\u00e4chsten Jahr deb\u00fctieren, w\u00e4hrend ein RS-Modell mit Benziner um 2030 erwartet wird. <strong>Das bedeutet: Die n\u00e4chste Generation des 718 wird sowohl elektrisch als auch mit Verbrennungsmotor erh\u00e4ltlich sein.<\/strong> Diese Entwicklung macht den 718 zu einem symboltr\u00e4chtigen Modell im sich wandelnden EV-Strategieplan von Porsche.<\/p>\n<p>Einem Insider zufolge gilt f\u00fcr den Verbrenner als Bedingung, dem elektrischen Modell in \u201edynamischen Fahreigenschaften ebenb\u00fcrtig\u201c zu sein. Gegen den extrem niedrigen Schwerpunkt der EV-Basis wird es eine Herausforderung sein, diesen mit einem Mittelmotor zu erreichen. Dass Porsche diese Anforderung annimmt, zeugt von gro\u00dfem Vertrauen in seine technische Kompetenz.<\/p>\n<p><img loading=\"lazy\" decoding=\"async\" class=\"alignnone size-large wp-image-12166\" src=\"https:\/\/www.panamera-life.com\/wp-content\/uploads\/2019\/06\/742268_718_cayman_gt4_2019_porsche_ag-800x451.jpg\" alt=\"\" width=\"800\" height=\"451\" \/><\/p>\n<h3 class=\"style3a\"><span class=\"ez-toc-section\" id=\"Die_Herausforderung_Euro_7_Uebertrifft_der_neue_Motor_den_legendaeren_Sound_des_981_und_718\"><\/span>Die Herausforderung Euro 7: \u00dcbertrifft der neue Motor den legend\u00e4ren Sound des 981 und 718?<span class=\"ez-toc-section-end\"><\/span><\/h3>\n<p>Auf den ersten Blick klingt die R\u00fcckkehr des Benziners erfreulich, doch ehrlich gesagt \u00fcberwiegt die Sorge.<\/p>\n<p>Ich besitze selbst einen 718 Spyder RS und einen 981 Boxster GTS. Der Spyder RS verf\u00fcgt \u00fcber den 4,0-Liter-Flat-6-Saugmotor aus dem GT3, der bis zum Drehzahlbegrenzer bei 9.000 U\/min ein unvergleichlich hohes und messerscharfes Br\u00fcllen erzeugt. Der 981 Boxster GTS mit 6-Gang-Schaltgetriebe bietet den letzten atmosph\u00e4rischen Motor der Carrera-Reihe \u2013 die saugende Ansaugsymphonie und das mit zunehmender Drehzahl dichter werdende Auspuffsounderlebnis sind unvergleichlich. <strong>Ich bezweifle ehrlich, dass ein Motor, der unter den extrem strengen Euro-7-Abgas- und Ger\u00e4uschvorschriften entwickelt wird, diese Emotionalit\u00e4t und Klangf\u00fclle erreichen kann.<\/strong><\/p>\n<p>Mit strengeren Vorschriften wachsen die Katalysatoren, die Abgasf\u00fchrung wird komplexer, und die L\u00e4rmbegrenzung wirkt direkt auf den Motorsound. Sicher werden die Porsche-Ingenieure ihr Bestes geben, doch unter den physikalischen Restriktionen ist es h\u00f6chst schwierig, die einzigartige Saugmotor-Charakteristik, bei der \u201eDrehzahl gleich Spa\u00df\u201c bedeutet, auf gleichem Niveau zu reproduzieren. Deshalb hat Porsche wohl auch entschieden, sich nicht ausschlie\u00dflich auf den Benzinmotor zu verlassen.<\/p>\n<p><img loading=\"lazy\" decoding=\"async\" class=\"alignnone size-large wp-image-17401\" src=\"https:\/\/www.panamera-life.com\/wp-content\/uploads\/2020\/03\/IMG_7183-1280x853.jpg\" alt=\"\" width=\"1280\" height=\"853\" \/><\/p>\n<h3 class=\"style3a\"><span class=\"ez-toc-section\" id=\"Warum_der_Verbleib_bei_EV_ein_richtiger_Schritt_ist\"><\/span>Warum der Verbleib bei EV ein richtiger Schritt ist<span class=\"ez-toc-section-end\"><\/span><\/h3>\n<p>Ich pers\u00f6nlich unterst\u00fctze die Entscheidung von Porsche, das elektrische Modell weiterzuf\u00fchren.<\/p>\n<p>Mag der Anteil der EVs kurzfristig schwanken, langfristig werden sie gegen\u00fcber Benzinern stark zunehmen. Das liegt nicht daran, dass \u201eEV per se gut\u201c w\u00e4re, sondern weil <strong>die Zukunft des autonomen Fahrens damit verkn\u00fcpft ist.<\/strong> Selbstverst\u00e4ndlich ist autonomes Fahren theoretisch auch mit Verbrennungsmotor m\u00f6glich, jedoch hat der Verbrenner Verz\u00f6gerungen beim Ansprechverhalten und das Problem des Leerlaufs. W\u00fcrde man auf einem solchen Motor autonom fahren aufbauen, w\u00e4ren <strong>hohe Kosten und komplexe Steuerungen unvermeidbar.<\/strong> Der Elektromotor dagegen regelt die Leistung in Millisekunden und ist damit weitaus idealer f\u00fcr die Integration automatisierter Systeme.<\/p>\n<p>Zudem sorgt die Elektromobilit\u00e4t f\u00fcr einen raschen Fortschritt bei Ladeinfrastruktur und Batterietechnologie. Auch wenn es momentan noch Herausforderungen gibt, ist diese Entwicklung unumkehrbar. Deshalb war die \u00dcberlegung, den elektrischen 718 zu streichen, eine kurzsichtige Fehlentscheidung. Dass Porsche hier innegehalten hat, halte ich f\u00fcr absolut richtig.<\/p>\n<p><img loading=\"lazy\" decoding=\"async\" class=\"size-large wp-image-2864\" src=\"https:\/\/www.panamera-life.com\/wp-content\/uploads\/2018\/07\/IMG_0033-800x533.jpg\" alt=\"\u30dd\u30eb\u30b7\u30a7 981\u30dc\u30af\u30b9\u30bf\u30fcGTS\u306e\u6a2a\" width=\"800\" height=\"533\" \/><\/p>\n<h3 class=\"style3a\"><span class=\"ez-toc-section\" id=\"Das_Potenzial_eines_kompakten_EV-Sportwagens\"><\/span>Das Potenzial eines kompakten EV-Sportwagens<span class=\"ez-toc-section-end\"><\/span><\/h3>\n<p>Pers\u00f6nlich habe ich gro\u00dfe Erwartungen an den elektrischen 718.<\/p>\n<p>Als Fahrer des Taycan Turbo GT wei\u00df ich um den Vorteil der EV-Plattform mit ihrem niedrigen Schwerpunkt und dem sofort verf\u00fcgbaren Drehmoment. Was w\u00e4re erst m\u00f6glich, wenn man diese Agilit\u00e4t in das kleinere, leichtere 718-Chassis packt? Die Kombination aus kompakter Karosserie, tiefem Batterieboden und schaltfreien Reaktionen k\u00f6nnte <strong>im sportlichen Stra\u00dfenbetrieb den aktuellen Modellen sogar \u00fcberlegen sein.<\/strong> Ich freue mich darauf, das selbst zu erleben.<\/p>\n<p>Nat\u00fcrlich kann kein EV den unvergleichlichen Klang und das Gef\u00fchl des 718 Spyder RS oder des 981 Boxster GTS nachbilden \u2013 das wird auch ehrlich anerkannt. Doch das Fahrvergn\u00fcgen besteht nicht nur aus Sound: die Sch\u00e4rfe der Bewegung, die R\u00fcckmeldung des Lenkrads und die kraftvolle, sanfte Reaktion beim Gasgeben aus der Kurve \u2013 all das kann ein EV-Sportwagen auf h\u00f6chstem Niveau bieten.<\/p>\n<p>Die Zukunft mit beiden Varianten, Benziner und Elektro-718, finde ich ausgesprochen spannend und freue mich auf die kommenden Jahre.<\/p>\n","protected":false},"excerpt":{"rendered":"\u6b21\u4e16\u4ee3718\u306fEV\u3082\u30ac\u30bd\u30ea\u30f3\u3082\u51fa\u3059\u4e8c\u5200\u6d41\u30e2\u30c7\u30eb\u306b\u3002\u3060\u304c\u30e6\u30fc\u30ed7\u306e\u898f\u5236\u4e0b\u3067718\u30b9\u30d1\u30a4\u30c0\u30fcRS\u306e\u5486\u54ee\u3092\u8d85\u3048\u3089\u308c\u308b\u306e\u304b\u3002\u4e21\u65b9\u3092\u6240\u6709\u3059\u308b\u7acb\u5834\u304b\u3089\u3001EV\u3092\u7d9a\u3051\u308b\u610f\u5473\u3068\u96fb\u52d5718\u3078\u306e\u671f\u5f85\u3092\u8a9e\u308b\u3002","protected":false},"author":0,"featured_media":44271,"comment_status":"open","ping_status":"closed","sticky":false,"template":"","format":"standard","meta":{"footnotes":"","_locale":"de_DE","_original_post":"https:\/\/www.panamera-life.com\/?p=44641"},"categories":[24],"tags":[184,186,219,235,352,408],"yoast_head":"<title>Die n\u00e4chste Generation des 718: Porsche setzt auf Elektro- und Verbrennungsmotoren - \u30dd\u30eb\u30b7\u30a7\u304c\u308f\u304c\u5bb6\u306b\u3084\u3063\u3066\u304d\u305f - \u30aa\u30fc\u30ca\u30fc\u30ba\u30d6\u30ed\u30b0<\/title>\n<meta name=\"description\" content=\"Die n\u00e4chste Generation des Porsche 718 kommt mit Elektro- und Verbrennungsmotor. Erfahren Sie alles \u00fcber Porsche Besitz, Kauf und das unvergleichliche Fahrerlebnis.\" \/>\n<meta name=\"robots\" content=\"index, follow, max-snippet:-1, max-image-preview:large, max-video-preview:-1\" \/>\n<link rel=\"canonical\" href=\"https:\/\/www.panamera-life.com\/de\/entry\/718-ev-ice-3\/\" \/>\n<meta property=\"og:locale\" content=\"de_DE\" \/>\n<meta property=\"og:type\" content=\"article\" \/>\n<meta property=\"og:title\" content=\"Die n\u00e4chste Generation des 718: Porsche setzt auf Elektro- und Verbrennungsmotoren - \u30dd\u30eb\u30b7\u30a7\u304c\u308f\u304c\u5bb6\u306b\u3084\u3063\u3066\u304d\u305f - \u30aa\u30fc\u30ca\u30fc\u30ba\u30d6\u30ed\u30b0\" \/>\n<meta property=\"og:description\" content=\"Die n\u00e4chste Generation des Porsche 718 kommt mit Elektro- und Verbrennungsmotor. Erfahren Sie alles \u00fcber Porsche Besitz, Kauf und das unvergleichliche Fahrerlebnis.\" \/>\n<meta property=\"og:url\" content=\"https:\/\/www.panamera-life.com\/de\/entry\/718-ev-ice-3\/\" \/>\n<meta property=\"og:site_name\" content=\"\u30dd\u30eb\u30b7\u30a7\u304c\u308f\u304c\u5bb6\u306b\u3084\u3063\u3066\u304d\u305f - \u30aa\u30fc\u30ca\u30fc\u30ba\u30d6\u30ed\u30b0\" \/>\n<meta property=\"article:publisher\" content=\"https:\/\/www.facebook.com\/panameralife\/\" \/>\n<meta property=\"article:published_time\" content=\"2026-03-17T08:00:46+00:00\" \/>\n<meta property=\"article:modified_time\" content=\"2026-03-16T14:24:36+00:00\" \/>\n<meta property=\"og:image\" content=\"https:\/\/www.panamera-life.com\/wp-content\/uploads\/2026\/02\/dji_fly_20251230_084208_0035_1767053887487_photo-1280x960.jpeg\" \/>\n\t<meta property=\"og:image:width\" content=\"1280\" \/>\n\t<meta property=\"og:image:height\" content=\"960\" \/>\n\t<meta property=\"og:image:type\" content=\"image\/jpeg\" \/>\n<meta name=\"twitter:label1\" content=\"Gesch\u00e4tzte Lesezeit\" \/>\n\t<meta name=\"twitter:data1\" content=\"3\u00a0Minuten\" \/>","yoast_head_json":{"title":"Die n\u00e4chste Generation des 718: Porsche setzt auf Elektro- und Verbrennungsmotoren - \u30dd\u30eb\u30b7\u30a7\u304c\u308f\u304c\u5bb6\u306b\u3084\u3063\u3066\u304d\u305f - \u30aa\u30fc\u30ca\u30fc\u30ba\u30d6\u30ed\u30b0","description":"Die n\u00e4chste Generation des Porsche 718 kommt mit Elektro- und Verbrennungsmotor. Erfahren Sie alles \u00fcber Porsche Besitz, Kauf und das unvergleichliche Fahrerlebnis.","robots":{"index":"index","follow":"follow","max-snippet":"max-snippet:-1","max-image-preview":"max-image-preview:large","max-video-preview":"max-video-preview:-1"},"canonical":"https:\/\/www.panamera-life.com\/de\/entry\/718-ev-ice-3\/","og_locale":"de_DE","og_type":"article","og_title":"Die n\u00e4chste Generation des 718: Porsche setzt auf Elektro- und Verbrennungsmotoren - \u30dd\u30eb\u30b7\u30a7\u304c\u308f\u304c\u5bb6\u306b\u3084\u3063\u3066\u304d\u305f - \u30aa\u30fc\u30ca\u30fc\u30ba\u30d6\u30ed\u30b0","og_description":"Die n\u00e4chste Generation des Porsche 718 kommt mit Elektro- und Verbrennungsmotor. Erfahren Sie alles \u00fcber Porsche Besitz, Kauf und das unvergleichliche Fahrerlebnis.","og_url":"https:\/\/www.panamera-life.com\/de\/entry\/718-ev-ice-3\/","og_site_name":"\u30dd\u30eb\u30b7\u30a7\u304c\u308f\u304c\u5bb6\u306b\u3084\u3063\u3066\u304d\u305f - \u30aa\u30fc\u30ca\u30fc\u30ba\u30d6\u30ed\u30b0","article_publisher":"https:\/\/www.facebook.com\/panameralife\/","article_published_time":"2026-03-17T08:00:46+00:00","article_modified_time":"2026-03-16T14:24:36+00:00","og_image":[{"width":1280,"height":960,"url":"https:\/\/www.panamera-life.com\/wp-content\/uploads\/2026\/02\/dji_fly_20251230_084208_0035_1767053887487_photo-1280x960.jpeg","type":"image\/jpeg"}],"twitter_misc":{"Gesch\u00e4tzte Lesezeit":"3\u00a0Minuten"},"schema":{"@context":"https:\/\/schema.org","@graph":[{"@type":"Article","@id":"https:\/\/www.panamera-life.com\/de\/entry\/718-ev-ice-3\/#article","isPartOf":{"@id":"https:\/\/www.panamera-life.com\/de\/entry\/718-ev-ice-3\/"},"author":{"name":"","@id":""},"headline":"Die n\u00e4chste Generation des 718: Porsche setzt auf Elektro- und Verbrennungsmotoren","datePublished":"2026-03-17T08:00:46+00:00","dateModified":"2026-03-16T14:24:36+00:00","mainEntityOfPage":{"@id":"https:\/\/www.panamera-life.com\/de\/entry\/718-ev-ice-3\/"},"wordCount":689,"commentCount":0,"publisher":{"@id":"https:\/\/www.panamera-life.com\/#organization"},"image":{"@id":"https:\/\/www.panamera-life.com\/de\/entry\/718-ev-ice-3\/#primaryimage"},"thumbnailUrl":"https:\/\/www.panamera-life.com\/wp-content\/uploads\/2026\/02\/dji_fly_20251230_084208_0035_1767053887487_photo.jpeg","keywords":["Porsche Boxster","Porsche Cayman","718","Porsche-News","EV","718EV"],"articleSection":["Porsche\u2011News"],"inLanguage":"de","potentialAction":[{"@type":"CommentAction","name":"Comment","target":["https:\/\/www.panamera-life.com\/de\/entry\/718-ev-ice-3\/#respond"]}]},{"@type":"WebPage","@id":"https:\/\/www.panamera-life.com\/de\/entry\/718-ev-ice-3\/","url":"https:\/\/www.panamera-life.com\/de\/entry\/718-ev-ice-3\/","name":"Die n\u00e4chste Generation des 718: Porsche setzt auf Elektro- und Verbrennungsmotoren - \u30dd\u30eb\u30b7\u30a7\u304c\u308f\u304c\u5bb6\u306b\u3084\u3063\u3066\u304d\u305f - \u30aa\u30fc\u30ca\u30fc\u30ba\u30d6\u30ed\u30b0","isPartOf":{"@id":"https:\/\/www.panamera-life.com\/#website"},"primaryImageOfPage":{"@id":"https:\/\/www.panamera-life.com\/de\/entry\/718-ev-ice-3\/#primaryimage"},"image":{"@id":"https:\/\/www.panamera-life.com\/de\/entry\/718-ev-ice-3\/#primaryimage"},"thumbnailUrl":"https:\/\/www.panamera-life.com\/wp-content\/uploads\/2026\/02\/dji_fly_20251230_084208_0035_1767053887487_photo.jpeg","datePublished":"2026-03-17T08:00:46+00:00","dateModified":"2026-03-16T14:24:36+00:00","description":"Die n\u00e4chste Generation des Porsche 718 kommt mit Elektro- und Verbrennungsmotor. Erfahren Sie alles \u00fcber Porsche Besitz, Kauf und das unvergleichliche Fahrerlebnis.","breadcrumb":{"@id":"https:\/\/www.panamera-life.com\/de\/entry\/718-ev-ice-3\/#breadcrumb"},"inLanguage":"de","potentialAction":[{"@type":"ReadAction","target":["https:\/\/www.panamera-life.com\/de\/entry\/718-ev-ice-3\/"]}]},{"@type":"ImageObject","inLanguage":"de","@id":"https:\/\/www.panamera-life.com\/de\/entry\/718-ev-ice-3\/#primaryimage","url":"https:\/\/www.panamera-life.com\/wp-content\/uploads\/2026\/02\/dji_fly_20251230_084208_0035_1767053887487_photo.jpeg","contentUrl":"https:\/\/www.panamera-life.com\/wp-content\/uploads\/2026\/02\/dji_fly_20251230_084208_0035_1767053887487_photo.jpeg","width":7628,"height":5721,"caption":"default"},{"@type":"BreadcrumbList","@id":"https:\/\/www.panamera-life.com\/de\/entry\/718-ev-ice-3\/#breadcrumb","itemListElement":[{"@type":"ListItem","position":1,"name":"\u30db\u30fc\u30e0","item":"https:\/\/www.panamera-life.com\/"},{"@type":"ListItem","position":2,"name":"Die n\u00e4chste Generation des 718: Porsche setzt auf Elektro- und Verbrennungsmotoren"}]},{"@type":"WebSite","@id":"https:\/\/www.panamera-life.com\/#website","url":"https:\/\/www.panamera-life.com\/","name":"\u30dd\u30eb\u30b7\u30a7\u304c\u308f\u304c\u5bb6\u306b\u3084\u3063\u3066\u304d\u305f - \u30aa\u30fc\u30ca\u30fc\u30ba\u30d6\u30ed\u30b0","description":"\u30dd\u30eb\u30b7\u30a7\u306b\u9b45\u4e86\u3055\u308c\u305f\u59bb\u304c\u66f8\u304f\u30dd\u30eb\u30b7\u30a7\u30d6\u30ed\u30b0\u3067\u3059\u3002\u6240\u6709\u3059\u308b\u30dd\u30eb\u30b7\u30a7 911\u30ab\u30ec\u30e9\uff08964\uff09\u3001911GT3\u3001\u30dc\u30af\u30b9\u30bf\u30fc\u3001\u30d1\u30ca\u30e1\u30fc\u30e9\u306e\u30ec\u30d3\u30e5\u30fc\u3084\u7dad\u6301\u8cbb\u3001\u30c4\u30fc\u30ea\u30f3\u30b0\u8a18\u306a\u3069\u3002\u30cb\u30e5\u30fc\u30b9\u8a18\u4e8b\u3067\u306f\u5206\u304b\u3089\u306a\u3044\u751f\u306e\u30dd\u30eb\u30b7\u30a7\u30aa\u30fc\u30ca\u30fc\u306e\u58f0\u3092\u5b9a\u671f\u914d\u4fe1\u3059\u308b\u30d6\u30ed\u30b0\u3067\u3059\u3002","publisher":{"@id":"https:\/\/www.panamera-life.com\/#organization"},"potentialAction":[{"@type":"SearchAction","target":{"@type":"EntryPoint","urlTemplate":"https:\/\/www.panamera-life.com\/?s={search_term_string}"},"query-input":{"@type":"PropertyValueSpecification","valueRequired":true,"valueName":"search_term_string"}}],"inLanguage":"de"},{"@type":"Organization","@id":"https:\/\/www.panamera-life.com\/#organization","name":"\u30dd\u30eb\u30b7\u30a7\u304c\u308f\u304c\u5bb6\u306b\u3084\u3063\u3066\u304d\u305f","url":"https:\/\/www.panamera-life.com\/","logo":{"@type":"ImageObject","inLanguage":"de","@id":"https:\/\/www.panamera-life.com\/#\/schema\/logo\/image\/","url":"https:\/\/www.panamera-life.com\/wp-content\/uploads\/2021\/05\/unnamed.jpg","contentUrl":"https:\/\/www.panamera-life.com\/wp-content\/uploads\/2021\/05\/unnamed.jpg","width":512,"height":512,"caption":"\u30dd\u30eb\u30b7\u30a7\u304c\u308f\u304c\u5bb6\u306b\u3084\u3063\u3066\u304d\u305f"},"image":{"@id":"https:\/\/www.panamera-life.com\/#\/schema\/logo\/image\/"},"sameAs":["https:\/\/www.facebook.com\/panameralife\/","https:\/\/x.com\/Mina_Panamera","https:\/\/www.instagram.com\/mina_porsche\/","https:\/\/www.youtube.com\/channel\/UCoyAW0ifcnk05Iryf7-bkhg"]}]}},"_links":{"self":[{"href":"https:\/\/www.panamera-life.com\/wp-json\/wp\/v2\/posts\/44653"}],"collection":[{"href":"https:\/\/www.panamera-life.com\/wp-json\/wp\/v2\/posts"}],"about":[{"href":"https:\/\/www.panamera-life.com\/wp-json\/wp\/v2\/types\/post"}],"replies":[{"embeddable":true,"href":"https:\/\/www.panamera-life.com\/wp-json\/wp\/v2\/comments?post=44653"}],"version-history":[{"count":0,"href":"https:\/\/www.panamera-life.com\/wp-json\/wp\/v2\/posts\/44653\/revisions"}],"wp:featuredmedia":[{"embeddable":true,"href":"https:\/\/www.panamera-life.com\/wp-json\/wp\/v2\/media\/44271"}],"wp:attachment":[{"href":"https:\/\/www.panamera-life.com\/wp-json\/wp\/v2\/media?parent=44653"}],"wp:term":[{"taxonomy":"category","embeddable":true,"href":"https:\/\/www.panamera-life.com\/wp-json\/wp\/v2\/categories?post=44653"},{"taxonomy":"post_tag","embeddable":true,"href":"https:\/\/www.panamera-life.com\/wp-json\/wp\/v2\/tags?post=44653"}],"curies":[{"name":"wp","href":"https:\/\/api.w.org\/{rel}","templated":true}]}}