{"id":45390,"date":"2026-09-06T22:55:06","date_gmt":"2026-09-06T13:55:06","guid":{"rendered":"https:\/\/www.panamera-life.com\/?p=45390"},"modified":"2026-09-06T22:55:06","modified_gmt":"2026-09-06T13:55:06","slug":"live-122","status":"publish","type":"post","link":"https:\/\/www.panamera-life.com\/de\/entry\/live-122\/","title":{"rendered":"\u3010\u30e9\u30a4\u30d6\u914d\u4fe1\u307e\u3068\u3081\u3011Vol.122\uff1aWie handhabt man die Porsche Kaskoversicherung?"},"content":{"rendered":"<hr \/>\n<p>Dies ist der zusammenfassende Artikel zur Live-Radio\u00fcbertragung \u201eWillkommen zu Hause, PORSCHE\u201c.<br \/>\nPerfekt als Begleitung auf dem Arbeits- oder Schulweg oder w\u00e4hrend der Fahrt in Ihrem Porsche.<br \/>\nWenn Ihnen der Inhalt gef\u00e4llt, <strong>geben Sie uns bitte ein Like und abonnieren Sie den Kanal!<\/strong>  <\/p>\n<div class=\"ytube\"><iframe loading=\"lazy\" title=\"YouTube video player\" src=\"https:\/\/www.youtube.com\/embed\/Yz_zPxU7wok?si=szyooyjjVT2TgULy\" width=\"560\" height=\"315\" frameborder=\"0\" allowfullscreen=\"allowfullscreen\"><\/iframe><\/div>\n<div id=\"ez-toc-container\" class=\"ez-toc-v2_0_74 counter-hierarchy ez-toc-counter ez-toc-grey ez-toc-container-direction\">\n<div class=\"ez-toc-title-container\">\n<p class=\"ez-toc-title\" style=\"cursor:inherit\">\u30b3\u30f3\u30c6\u30f3\u30c4<\/p>\n<span class=\"ez-toc-title-toggle\"><\/span><\/div>\n<nav><ul class='ez-toc-list ez-toc-list-level-1 ' ><li class='ez-toc-page-1 ez-toc-heading-level-3'><a class=\"ez-toc-link ez-toc-heading-1\" href=\"https:\/\/www.panamera-life.com\/de\/entry\/live-122\/#Hauptthemen_und_Inhalte\" >Hauptthemen und Inhalte<\/a><ul class='ez-toc-list-level-4' ><li class='ez-toc-heading-level-4'><a class=\"ez-toc-link ez-toc-heading-2\" href=\"https:\/\/www.panamera-life.com\/de\/entry\/live-122\/#964_Warum_entweicht_das_Klimagas_wieder_1_27\" >964: Warum entweicht das Klimagas wieder? [1:27]<\/a><\/li><li class='ez-toc-page-1 ez-toc-heading-level-4'><a class=\"ez-toc-link ez-toc-heading-3\" href=\"https:\/\/www.panamera-life.com\/de\/entry\/live-122\/#Fahrbericht_eines_9911_mit_H_R-Federn_10_31\" >Fahrbericht eines 991.1 mit H&amp;R-Federn [10:31]<\/a><\/li><li class='ez-toc-page-1 ez-toc-heading-level-4'><a class=\"ez-toc-link ez-toc-heading-4\" href=\"https:\/\/www.panamera-life.com\/de\/entry\/live-122\/#Starkregen_Erdbeben_und_das_Befahren_von_ueberschwemmten_Strassen_13_52\" >Starkregen, Erdbeben und das Befahren von \u00fcberschwemmten Stra\u00dfen [13:52]<\/a><\/li><li class='ez-toc-page-1 ez-toc-heading-level-4'><a class=\"ez-toc-link ez-toc-heading-5\" href=\"https:\/\/www.panamera-life.com\/de\/entry\/live-122\/#Wie_handhabt_man_die_Porsche_Kaskoversicherung_18_43\" >Wie handhabt man die Porsche Kaskoversicherung? [18:43]<\/a><\/li><li class='ez-toc-page-1 ez-toc-heading-level-4'><a class=\"ez-toc-link ez-toc-heading-6\" href=\"https:\/\/www.panamera-life.com\/de\/entry\/live-122\/#Hohe_Tesla-Versicherungspraemien_und_neuer_Standort_in_Grand_Front_Osaka_25_32\" >Hohe Tesla-Versicherungspr\u00e4mien und neuer Standort in Grand Front Osaka [25:32]<\/a><\/li><li class='ez-toc-page-1 ez-toc-heading-level-4'><a class=\"ez-toc-link ez-toc-heading-7\" href=\"https:\/\/www.panamera-life.com\/de\/entry\/live-122\/#Konfigurationsberatung_fuer_den_Taycan_Cross_Turismo_33_52\" >Konfigurationsberatung f\u00fcr den Taycan Cross Turismo [33:52]<\/a><\/li><li class='ez-toc-page-1 ez-toc-heading-level-4'><a class=\"ez-toc-link ez-toc-heading-8\" href=\"https:\/\/www.panamera-life.com\/de\/entry\/live-122\/#Einzelne_Fahrt_im_Turbo_GT_veraendert_den_Eindruck_50_15\" >Einzelne Fahrt im Turbo GT ver\u00e4ndert den Eindruck [50:15]<\/a><\/li><li class='ez-toc-page-1 ez-toc-heading-level-4'><a class=\"ez-toc-link ez-toc-heading-9\" href=\"https:\/\/www.panamera-life.com\/de\/entry\/live-122\/#Geruechte_um_Produktionsstopp_des_Taycan_und_den_9922_Turbo_55_56\" >Ger\u00fcchte um Produktionsstopp des Taycan und den 992.2 Turbo [55:56]<\/a><\/li><li class='ez-toc-page-1 ez-toc-heading-level-4'><a class=\"ez-toc-link ez-toc-heading-10\" href=\"https:\/\/www.panamera-life.com\/de\/entry\/live-122\/#Heute_Morgen_am_Rokko_%E2%80%93_Haben_Sie_mich_gesehen_56_55\" >Heute Morgen am Rokk\u014d \u2013 Haben Sie mich gesehen? [56:55]<\/a><\/li><\/ul><\/li><\/ul><\/nav><\/div>\n\n<h3 class=\"style3a\"><span class=\"ez-toc-section\" id=\"Hauptthemen_und_Inhalte\"><\/span>Hauptthemen und Inhalte<span class=\"ez-toc-section-end\"><\/span><\/h3>\n<h4 class=\"style4b\"><span class=\"ez-toc-section\" id=\"964_Warum_entweicht_das_Klimagas_wieder_1_27\"><\/span>964: Warum entweicht das Klimagas wieder? [<a href=\"https:\/\/www.youtube.com\/watch?v=Yz_zPxU7wok&amp;t=87s\" target=\"_blank\" rel=\"noopener\">1:27<\/a>]<span class=\"ez-toc-section-end\"><\/span><\/h4>\n<ul>\n<li>Bei gro\u00dfer Hitze stellte sich heraus, dass die Klimaanlage im 964 quasi nur noch Luft bl\u00e4st.<\/li>\n<li>Wie oft das Klimagas entweicht und warum sich trotz Austauschs des Verdampfers und der Leitungen nichts \u00e4ndert.<\/li>\n<li>Unterschiede im verwendeten Gas je nach Baujahr des 964 und weshalb die Klimaanlage jedes Jahr zur gleichen Zeit ausf\u00e4llt.<\/li>\n<\/ul>\n<h4 class=\"style4b\"><span class=\"ez-toc-section\" id=\"Fahrbericht_eines_9911_mit_H_R-Federn_10_31\"><\/span>Fahrbericht eines 991.1 mit H&amp;R-Federn [<a href=\"https:\/\/www.youtube.com\/watch?v=Yz_zPxU7wok&amp;t=631s\" target=\"_blank\" rel=\"noopener\">10:31<\/a>]<span class=\"ez-toc-section-end\"><\/span><\/h4>\n<ul>\n<li>Kommentar eines Zuschauers \u00fcber Aftermarket-Fahrwerksteile f\u00fcr Porsche: KW, Bilstein, JRZ sind die ersten Namen, die einem einfallen.<\/li>\n<li>Im Vergleich ein Fahrerlebnis eines 991.1 mit H&amp;R-Federn \u2013 eine meiner eigenen Porsche mit ab Werk standardm\u00e4\u00dfiger Federung.<\/li>\n<li>Eine Tieferlegung ver\u00e4ndert nicht nur die Optik, sondern auch das Fahrgef\u00fchl dramatisch.<\/li>\n<\/ul>\n<h4 class=\"style4b\"><span class=\"ez-toc-section\" id=\"Starkregen_Erdbeben_und_das_Befahren_von_ueberschwemmten_Strassen_13_52\"><\/span>Starkregen, Erdbeben und das Befahren von \u00fcberschwemmten Stra\u00dfen [<a href=\"https:\/\/www.youtube.com\/watch?v=Yz_zPxU7wok&amp;t=832s\" target=\"_blank\" rel=\"noopener\">13:52<\/a>]<span class=\"ez-toc-section-end\"><\/span><\/h4>\n<ul>\n<li>Berichte zu Sch\u00e4den nach Starkregen und Erdbeben, einschlie\u00dflich Updates vom Verwalter meines Lagerraums in Chiba.<\/li>\n<li>Gedanken zum riskanten Befahren von \u00fcberfluteten Stra\u00dfen mit hohem Tempo.<\/li>\n<li>Warum sich die Gefahr beim Passieren \u00fcberschwemmter Bereiche f\u00fcr Verbrenner gegen\u00fcber Elektroautos unterscheiden kann.<\/li>\n<\/ul>\n<h4 class=\"style4b\"><span class=\"ez-toc-section\" id=\"Wie_handhabt_man_die_Porsche_Kaskoversicherung_18_43\"><\/span>Wie handhabt man die Porsche Kaskoversicherung? [<a href=\"https:\/\/www.youtube.com\/watch?v=Yz_zPxU7wok&amp;t=1123s\" target=\"_blank\" rel=\"noopener\">18:43<\/a>]<span class=\"ez-toc-section-end\"><\/span><\/h4>\n<ul>\n<li>Frage: Wie regeln Mehrfachbesitzer von Porsche den Versicherungsschutz? F\u00fcr selten genutzte Fahrzeuge gibt es unterschiedliche Absicherungsformen.<\/li>\n<li>Wie weit reicht der Zusatzschutz bei Erdbeben und Vulkanausbruch \u2013 und ob sich dieser f\u00fcr den Wert eines Porsche wirklich lohnt.<\/li>\n<li>Tipps, die Selbstbeteiligung zu erh\u00f6hen, um die Versicherungspr\u00e4mien zu senken \u2013 auch andere Zuschauer haben \u00e4hnliche Strategien.<\/li>\n<\/ul>\n<h4 class=\"style4b\"><span class=\"ez-toc-section\" id=\"Hohe_Tesla-Versicherungspraemien_und_neuer_Standort_in_Grand_Front_Osaka_25_32\"><\/span>Hohe Tesla-Versicherungspr\u00e4mien und neuer Standort in Grand Front Osaka [<a href=\"https:\/\/www.youtube.com\/watch?v=Yz_zPxU7wok&amp;t=1532s\" target=\"_blank\" rel=\"noopener\">25:32<\/a>]<span class=\"ez-toc-section-end\"><\/span><\/h4>\n<ul>\n<li>Vergleich der Versicherungsstufen und Pr\u00e4mien zwischen Porsche 987 Spider und Tesla.<\/li>\n<li>M\u00f6gliche Ursachen f\u00fcr viele Felgensch\u00e4den bei Tesla-Fahrern durch Reifenquerschnitt und Reparaturkosten.<\/li>\n<li>Emotionale Reaktion auf den neuen Tesla-Standort im ehemaligen Mercedes-me-Geb\u00e4ude und dessen Einfluss auf die Importwagenlandschaft.<\/li>\n<\/ul>\n<h4 class=\"style4b\"><span class=\"ez-toc-section\" id=\"Konfigurationsberatung_fuer_den_Taycan_Cross_Turismo_33_52\"><\/span>Konfigurationsberatung f\u00fcr den Taycan Cross Turismo [<a href=\"https:\/\/www.youtube.com\/watch?v=Yz_zPxU7wok&amp;t=2032s\" target=\"_blank\" rel=\"noopener\">33:52<\/a>]<span class=\"ez-toc-section-end\"><\/span><\/h4>\n<ul>\n<li>Live-Beratung bei der Wahl des Taycan Cross Turismo \u2013 angefangen bei der gew\u00fcnschten E-Schaltung.<\/li>\n<li>Schnelle Eingrenzung von Karosserieform und Ausstattung, Schwierigkeiten bei der Farbwahl \u00fcbertrumpfen das bereits vorhandene Modell. Ein goldenes Rad steht fest.<\/li>\n<li>Zuschauer schlagen kontinuierlich neue Farben vor \u2013 bei einer speziellen PTS-Lackierung kocht das Chat-Fenster vor Begeisterung \u00fcber.<\/li>\n<\/ul>\n<h4 class=\"style4b\"><span class=\"ez-toc-section\" id=\"Einzelne_Fahrt_im_Turbo_GT_veraendert_den_Eindruck_50_15\"><\/span>Einzelne Fahrt im Turbo GT ver\u00e4ndert den Eindruck [<a href=\"https:\/\/www.youtube.com\/watch?v=Yz_zPxU7wok&amp;t=3015s\" target=\"_blank\" rel=\"noopener\">50:15<\/a>]<span class=\"ez-toc-section-end\"><\/span><\/h4>\n<ul>\n<li>Fahrbericht: Mina fuhr alleine in Okayama den Taycan Turbo GT und bewertet ihn nun ganz anders als zuvor.<\/li>\n<li>Warum sich der Eindruck \u00e4nderte: unterschiedliche Fahrsituationen und ver\u00e4nderte pers\u00f6nliche Vorlieben.<\/li>\n<li>Die aktive Fahrwerkskontrolle vermittelt ein neues Fahrgef\u00fchl, zu dem man \u2013 wenn man sich daran gew\u00f6hnt hat \u2013 nicht mehr zur\u00fcckkehrt.<\/li>\n<\/ul>\n<h4 class=\"style4b\"><span class=\"ez-toc-section\" id=\"Geruechte_um_Produktionsstopp_des_Taycan_und_den_9922_Turbo_55_56\"><\/span>Ger\u00fcchte um Produktionsstopp des Taycan und den 992.2 Turbo [<a href=\"https:\/\/www.youtube.com\/watch?v=Yz_zPxU7wok&amp;t=3356s\" target=\"_blank\" rel=\"noopener\">55:56<\/a>]<span class=\"ez-toc-section-end\"><\/span><\/h4>\n<ul>\n<li>Wie Porsche auf Ger\u00fcchte \u00fcber einen Produktionsstopp des Taycan reagiert.<\/li>\n<li>Warum der 992.2 Turbo in der Basisversion noch nicht erschienen ist und ob er als T-Hybrid oder Benziner ver\u00f6ffentlicht wird.<\/li>\n<li>Ein Blick auf m\u00f6gliche zuk\u00fcnftige Auspuffkl\u00e4nge im Kontext neuer Umweltauflagen.<\/li>\n<\/ul>\n<h4 class=\"style4b\"><span class=\"ez-toc-section\" id=\"Heute_Morgen_am_Rokko_%E2%80%93_Haben_Sie_mich_gesehen_56_55\"><\/span>Heute Morgen am Rokk\u014d \u2013 Haben Sie mich gesehen? [<a href=\"https:\/\/www.youtube.com\/watch?v=Yz_zPxU7wok&amp;t=3415s\" target=\"_blank\" rel=\"noopener\">56:55<\/a>]<span class=\"ez-toc-section-end\"><\/span><\/h4>\n<ul>\n<li>Zuschauerkommentar w\u00e4hrend der Sendung: Sichtung am Morgen des Tages.<\/li>\n<li>Ein paar Runden im 987 Spider am Morgen, ohne Halt an der Aussichtsplattform und warum.<\/li>\n<li>Unerwartete Eindr\u00fccke aus der Perspektive des Hintermanns.<\/li>\n<\/ul>\n","protected":false},"excerpt":{"rendered":"\u300c\u30dd\u30eb\u30b7\u30a7\u304c\u308f\u304c\u5bb6\u306b\u3084\u3063\u3066\u304d\u305f\u300d\u30e9\u30a4\u30d6\u914d\u4fe1Vol.122\u306e\u307e\u3068\u3081\u3002\u8907\u6570\u53f0\u3092\u6301\u3064\u30dd\u30eb\u30b7\u30a7\u4e57\u308a\u306e\u8eca\u4e21\u4fdd\u967a\u306e\u5165\u308a\u65b9\u3001964\u306e\u30a8\u30a2\u30b3\u30f3\u30ac\u30b9\u88dc\u5145\u3001\u30bf\u30a4\u30ab\u30f3 \u30af\u30ed\u30b9\u30c4\u30fc\u30ea\u30b9\u30e2\u306e\u30b3\u30f3\u30d5\u30a3\u30b0\u76f8\u8ac7\u307e\u3067\u3002","protected":false},"author":0,"featured_media":45253,"comment_status":"open","ping_status":"closed","sticky":false,"template":"","format":"standard","meta":{"footnotes":"","_locale":"de_DE","_original_post":"https:\/\/www.panamera-life.com\/?p=45386"},"categories":[353,269,62],"tags":[185,222,296,356,358,425],"yoast_head":"<title>\u3010\u30e9\u30a4\u30d6\u914d\u4fe1\u307e\u3068\u3081\u3011Vol.122\uff1aWie handhabt man die Porsche Kaskoversicherung? - \u30dd\u30eb\u30b7\u30a7\u304c\u308f\u304c\u5bb6\u306b\u3084\u3063\u3066\u304d\u305f - \u30aa\u30fc\u30ca\u30fc\u30ba\u30d6\u30ed\u30b0<\/title>\n<meta name=\"description\" content=\"Erfahren Sie, wie Porsche Besitzer ihre Kaskoversicherung regeln und profitieren Sie von Tipps zum Porsche Fahrerlebnis und sicheren Umgang mit Fahrzeugversicherungen.\" \/>\n<meta name=\"robots\" content=\"index, follow, max-snippet:-1, max-image-preview:large, max-video-preview:-1\" \/>\n<link rel=\"canonical\" href=\"https:\/\/www.panamera-life.com\/de\/entry\/live-122\/\" \/>\n<meta property=\"og:locale\" content=\"de_DE\" \/>\n<meta property=\"og:type\" content=\"article\" \/>\n<meta property=\"og:title\" content=\"\u3010\u30e9\u30a4\u30d6\u914d\u4fe1\u307e\u3068\u3081\u3011Vol.122\uff1aWie handhabt man die Porsche Kaskoversicherung? - \u30dd\u30eb\u30b7\u30a7\u304c\u308f\u304c\u5bb6\u306b\u3084\u3063\u3066\u304d\u305f - \u30aa\u30fc\u30ca\u30fc\u30ba\u30d6\u30ed\u30b0\" \/>\n<meta property=\"og:description\" content=\"Erfahren Sie, wie Porsche Besitzer ihre Kaskoversicherung regeln und profitieren Sie von Tipps zum Porsche Fahrerlebnis und sicheren Umgang mit Fahrzeugversicherungen.\" \/>\n<meta property=\"og:url\" content=\"https:\/\/www.panamera-life.com\/de\/entry\/live-122\/\" \/>\n<meta property=\"og:site_name\" content=\"\u30dd\u30eb\u30b7\u30a7\u304c\u308f\u304c\u5bb6\u306b\u3084\u3063\u3066\u304d\u305f - \u30aa\u30fc\u30ca\u30fc\u30ba\u30d6\u30ed\u30b0\" \/>\n<meta property=\"article:publisher\" content=\"https:\/\/www.facebook.com\/panameralife\/\" \/>\n<meta property=\"article:published_time\" content=\"2026-09-06T13:55:06+00:00\" \/>\n<meta property=\"og:image\" content=\"https:\/\/www.panamera-life.com\/wp-content\/uploads\/2026\/08\/IMG_2923.jpeg\" \/>\n\t<meta property=\"og:image:width\" content=\"3910\" \/>\n\t<meta property=\"og:image:height\" content=\"2932\" \/>\n\t<meta property=\"og:image:type\" content=\"image\/jpeg\" \/>\n<meta name=\"twitter:label1\" content=\"Gesch\u00e4tzte Lesezeit\" \/>\n\t<meta name=\"twitter:data1\" content=\"3\u00a0Minuten\" \/>","yoast_head_json":{"title":"\u3010\u30e9\u30a4\u30d6\u914d\u4fe1\u307e\u3068\u3081\u3011Vol.122\uff1aWie handhabt man die Porsche Kaskoversicherung? - \u30dd\u30eb\u30b7\u30a7\u304c\u308f\u304c\u5bb6\u306b\u3084\u3063\u3066\u304d\u305f - \u30aa\u30fc\u30ca\u30fc\u30ba\u30d6\u30ed\u30b0","description":"Erfahren Sie, wie Porsche Besitzer ihre Kaskoversicherung regeln und profitieren Sie von Tipps zum Porsche Fahrerlebnis und sicheren Umgang mit Fahrzeugversicherungen.","robots":{"index":"index","follow":"follow","max-snippet":"max-snippet:-1","max-image-preview":"max-image-preview:large","max-video-preview":"max-video-preview:-1"},"canonical":"https:\/\/www.panamera-life.com\/de\/entry\/live-122\/","og_locale":"de_DE","og_type":"article","og_title":"\u3010\u30e9\u30a4\u30d6\u914d\u4fe1\u307e\u3068\u3081\u3011Vol.122\uff1aWie handhabt man die Porsche Kaskoversicherung? - \u30dd\u30eb\u30b7\u30a7\u304c\u308f\u304c\u5bb6\u306b\u3084\u3063\u3066\u304d\u305f - \u30aa\u30fc\u30ca\u30fc\u30ba\u30d6\u30ed\u30b0","og_description":"Erfahren Sie, wie Porsche Besitzer ihre Kaskoversicherung regeln und profitieren Sie von Tipps zum Porsche Fahrerlebnis und sicheren Umgang mit Fahrzeugversicherungen.","og_url":"https:\/\/www.panamera-life.com\/de\/entry\/live-122\/","og_site_name":"\u30dd\u30eb\u30b7\u30a7\u304c\u308f\u304c\u5bb6\u306b\u3084\u3063\u3066\u304d\u305f - \u30aa\u30fc\u30ca\u30fc\u30ba\u30d6\u30ed\u30b0","article_publisher":"https:\/\/www.facebook.com\/panameralife\/","article_published_time":"2026-09-06T13:55:06+00:00","og_image":[{"width":3910,"height":2932,"url":"https:\/\/www.panamera-life.com\/wp-content\/uploads\/2026\/08\/IMG_2923.jpeg","type":"image\/jpeg"}],"twitter_misc":{"Gesch\u00e4tzte Lesezeit":"3\u00a0Minuten"},"schema":{"@context":"https:\/\/schema.org","@graph":[{"@type":"Article","@id":"https:\/\/www.panamera-life.com\/de\/entry\/live-122\/#article","isPartOf":{"@id":"https:\/\/www.panamera-life.com\/de\/entry\/live-122\/"},"author":{"name":"","@id":""},"headline":"\u3010\u30e9\u30a4\u30d6\u914d\u4fe1\u307e\u3068\u3081\u3011Vol.122\uff1aWie handhabt man die Porsche Kaskoversicherung?","datePublished":"2026-09-06T13:55:06+00:00","dateModified":"2026-09-06T13:55:06+00:00","mainEntityOfPage":{"@id":"https:\/\/www.panamera-life.com\/de\/entry\/live-122\/"},"wordCount":549,"commentCount":0,"publisher":{"@id":"https:\/\/www.panamera-life.com\/#organization"},"image":{"@id":"https:\/\/www.panamera-life.com\/de\/entry\/live-122\/#primaryimage"},"thumbnailUrl":"https:\/\/www.panamera-life.com\/wp-content\/uploads\/2026\/08\/IMG_2923.jpeg","keywords":["Porsche Taycan","964","Kfz-Versicherung","Tesla","Cross Turismo","Turbo GT"],"articleSection":["Livestream","Porsche\u2011Unterhaltskosten","Porsche Taycan"],"inLanguage":"de","potentialAction":[{"@type":"CommentAction","name":"Comment","target":["https:\/\/www.panamera-life.com\/de\/entry\/live-122\/#respond"]}]},{"@type":"WebPage","@id":"https:\/\/www.panamera-life.com\/de\/entry\/live-122\/","url":"https:\/\/www.panamera-life.com\/de\/entry\/live-122\/","name":"\u3010\u30e9\u30a4\u30d6\u914d\u4fe1\u307e\u3068\u3081\u3011Vol.122\uff1aWie handhabt man die Porsche Kaskoversicherung? - \u30dd\u30eb\u30b7\u30a7\u304c\u308f\u304c\u5bb6\u306b\u3084\u3063\u3066\u304d\u305f - \u30aa\u30fc\u30ca\u30fc\u30ba\u30d6\u30ed\u30b0","isPartOf":{"@id":"https:\/\/www.panamera-life.com\/#website"},"primaryImageOfPage":{"@id":"https:\/\/www.panamera-life.com\/de\/entry\/live-122\/#primaryimage"},"image":{"@id":"https:\/\/www.panamera-life.com\/de\/entry\/live-122\/#primaryimage"},"thumbnailUrl":"https:\/\/www.panamera-life.com\/wp-content\/uploads\/2026\/08\/IMG_2923.jpeg","datePublished":"2026-09-06T13:55:06+00:00","dateModified":"2026-09-06T13:55:06+00:00","description":"Erfahren Sie, wie Porsche Besitzer ihre Kaskoversicherung regeln und profitieren Sie von Tipps zum Porsche Fahrerlebnis und sicheren Umgang mit Fahrzeugversicherungen.","breadcrumb":{"@id":"https:\/\/www.panamera-life.com\/de\/entry\/live-122\/#breadcrumb"},"inLanguage":"de","potentialAction":[{"@type":"ReadAction","target":["https:\/\/www.panamera-life.com\/de\/entry\/live-122\/"]}]},{"@type":"ImageObject","inLanguage":"de","@id":"https:\/\/www.panamera-life.com\/de\/entry\/live-122\/#primaryimage","url":"https:\/\/www.panamera-life.com\/wp-content\/uploads\/2026\/08\/IMG_2923.jpeg","contentUrl":"https:\/\/www.panamera-life.com\/wp-content\/uploads\/2026\/08\/IMG_2923.jpeg","width":3910,"height":2932,"caption":"\u30a8\u30f3\u30d6\u30ec\u30e0, \u8eca, PORSCHE"},{"@type":"BreadcrumbList","@id":"https:\/\/www.panamera-life.com\/de\/entry\/live-122\/#breadcrumb","itemListElement":[{"@type":"ListItem","position":1,"name":"\u30db\u30fc\u30e0","item":"https:\/\/www.panamera-life.com\/"},{"@type":"ListItem","position":2,"name":"\u3010\u30e9\u30a4\u30d6\u914d\u4fe1\u307e\u3068\u3081\u3011Vol.122\uff1aWie handhabt man die Porsche Kaskoversicherung?"}]},{"@type":"WebSite","@id":"https:\/\/www.panamera-life.com\/#website","url":"https:\/\/www.panamera-life.com\/","name":"\u30dd\u30eb\u30b7\u30a7\u304c\u308f\u304c\u5bb6\u306b\u3084\u3063\u3066\u304d\u305f - \u30aa\u30fc\u30ca\u30fc\u30ba\u30d6\u30ed\u30b0","description":"\u30dd\u30eb\u30b7\u30a7\u306b\u9b45\u4e86\u3055\u308c\u305f\u59bb\u304c\u66f8\u304f\u30dd\u30eb\u30b7\u30a7\u30d6\u30ed\u30b0\u3067\u3059\u3002\u6240\u6709\u3059\u308b\u30dd\u30eb\u30b7\u30a7 911\u30ab\u30ec\u30e9\uff08964\uff09\u3001911GT3\u3001\u30dc\u30af\u30b9\u30bf\u30fc\u3001\u30d1\u30ca\u30e1\u30fc\u30e9\u306e\u30ec\u30d3\u30e5\u30fc\u3084\u7dad\u6301\u8cbb\u3001\u30c4\u30fc\u30ea\u30f3\u30b0\u8a18\u306a\u3069\u3002\u30cb\u30e5\u30fc\u30b9\u8a18\u4e8b\u3067\u306f\u5206\u304b\u3089\u306a\u3044\u751f\u306e\u30dd\u30eb\u30b7\u30a7\u30aa\u30fc\u30ca\u30fc\u306e\u58f0\u3092\u5b9a\u671f\u914d\u4fe1\u3059\u308b\u30d6\u30ed\u30b0\u3067\u3059\u3002","publisher":{"@id":"https:\/\/www.panamera-life.com\/#organization"},"potentialAction":[{"@type":"SearchAction","target":{"@type":"EntryPoint","urlTemplate":"https:\/\/www.panamera-life.com\/?s={search_term_string}"},"query-input":{"@type":"PropertyValueSpecification","valueRequired":true,"valueName":"search_term_string"}}],"inLanguage":"de"},{"@type":"Organization","@id":"https:\/\/www.panamera-life.com\/#organization","name":"\u30dd\u30eb\u30b7\u30a7\u304c\u308f\u304c\u5bb6\u306b\u3084\u3063\u3066\u304d\u305f","url":"https:\/\/www.panamera-life.com\/","logo":{"@type":"ImageObject","inLanguage":"de","@id":"https:\/\/www.panamera-life.com\/#\/schema\/logo\/image\/","url":"https:\/\/www.panamera-life.com\/wp-content\/uploads\/2021\/05\/unnamed.jpg","contentUrl":"https:\/\/www.panamera-life.com\/wp-content\/uploads\/2021\/05\/unnamed.jpg","width":512,"height":512,"caption":"\u30dd\u30eb\u30b7\u30a7\u304c\u308f\u304c\u5bb6\u306b\u3084\u3063\u3066\u304d\u305f"},"image":{"@id":"https:\/\/www.panamera-life.com\/#\/schema\/logo\/image\/"},"sameAs":["https:\/\/www.facebook.com\/panameralife\/","https:\/\/x.com\/Mina_Panamera","https:\/\/www.instagram.com\/mina_porsche\/","https:\/\/www.youtube.com\/channel\/UCoyAW0ifcnk05Iryf7-bkhg"]}]}},"_links":{"self":[{"href":"https:\/\/www.panamera-life.com\/wp-json\/wp\/v2\/posts\/45390"}],"collection":[{"href":"https:\/\/www.panamera-life.com\/wp-json\/wp\/v2\/posts"}],"about":[{"href":"https:\/\/www.panamera-life.com\/wp-json\/wp\/v2\/types\/post"}],"replies":[{"embeddable":true,"href":"https:\/\/www.panamera-life.com\/wp-json\/wp\/v2\/comments?post=45390"}],"version-history":[{"count":0,"href":"https:\/\/www.panamera-life.com\/wp-json\/wp\/v2\/posts\/45390\/revisions"}],"wp:featuredmedia":[{"embeddable":true,"href":"https:\/\/www.panamera-life.com\/wp-json\/wp\/v2\/media\/45253"}],"wp:attachment":[{"href":"https:\/\/www.panamera-life.com\/wp-json\/wp\/v2\/media?parent=45390"}],"wp:term":[{"taxonomy":"category","embeddable":true,"href":"https:\/\/www.panamera-life.com\/wp-json\/wp\/v2\/categories?post=45390"},{"taxonomy":"post_tag","embeddable":true,"href":"https:\/\/www.panamera-life.com\/wp-json\/wp\/v2\/tags?post=45390"}],"curies":[{"name":"wp","href":"https:\/\/api.w.org\/{rel}","templated":true}]}}